{"id":2608,"date":"2016-10-20T20:18:19","date_gmt":"2016-10-20T20:18:19","guid":{"rendered":"http:\/\/noticiasradioreflejos.com.ar\/noticias\/?p=2608"},"modified":"2016-10-20T20:18:19","modified_gmt":"2016-10-20T20:18:19","slug":"convenio-entre-tornquist-y-puan-para-mantenimiento-de-caminos","status":"publish","type":"post","link":"https:\/\/www.noticiasradioreflejos.com.ar\/2021\/convenio-entre-tornquist-y-puan-para-mantenimiento-de-caminos\/","title":{"rendered":"Convenio entre Tornquist y Pu\u00e1n para mantenimiento de caminos"},"content":{"rendered":"<p>El intendente municipal, Sergio Bordoni, firm\u00f3, junto al jefe comunal de P\u00faan, Facundo Castelli; un convenio de colaboraci\u00f3n mutua con el objetivo de realizar trabajos de mantenimiento, conservaci\u00f3n y reparaci\u00f3n en forma conjunta de los caminos rurales en los cuales existe un inter\u00e9s com\u00fan.<br \/>\nLa duraci\u00f3n de dicho contrato es de un a\u00f1o y se renovar\u00e1 autom\u00e1tica.<\/p>\n","protected":false},"excerpt":{"rendered":"<p>El intendente municipal, Sergio Bordoni, firm\u00f3, junto al jefe comunal de P\u00faan, Facundo Castelli; un convenio de colaboraci\u00f3n mutua con el objetivo de realizar trabajos de mantenimiento, conservaci\u00f3n y reparaci\u00f3n en forma conjunta de los caminos rurales en los cuales existe un inter\u00e9s com\u00fan. La duraci\u00f3n de dicho contrato es de un a\u00f1o y se [&hellip;]<\/p>\n","protected":false},"author":3,"featured_media":0,"comment_status":"closed","ping_status":"open","sticky":false,"template":"","format":"standard","meta":{"footnotes":""},"categories":[28],"tags":[],"class_list":["post-2608","post","type-post","status-publish","format-standard","hentry","category-municipales"],"yoast_head":"<!-- This site is optimized with the Yoast SEO plugin v25.9 - https:\/\/yoast.com\/wordpress\/plugins\/seo\/ -->\n<title>Convenio entre Tornquist y Pu\u00e1n para mantenimiento de caminos - Noticias Radio Reflejos<\/title>\n<meta name=\"robots\" content=\"index, follow, max-snippet:-1, max-image-preview:large, max-video-preview:-1\" \/>\n<link rel=\"canonical\" href=\"https:\/\/www.noticiasradioreflejos.com.ar\/2021\/convenio-entre-tornquist-y-puan-para-mantenimiento-de-caminos\/\" \/>\n<meta property=\"og:locale\" content=\"es_ES\" \/>\n<meta property=\"og:type\" content=\"article\" \/>\n<meta property=\"og:title\" content=\"Convenio entre Tornquist y Pu\u00e1n para mantenimiento de caminos - Noticias Radio Reflejos\" \/>\n<meta property=\"og:description\" content=\"El intendente municipal, Sergio Bordoni, firm\u00f3, junto al jefe comunal de P\u00faan, Facundo Castelli; un convenio de colaboraci\u00f3n mutua con el objetivo de realizar trabajos de mantenimiento, conservaci\u00f3n y reparaci\u00f3n en forma conjunta de los caminos rurales en los cuales existe un inter\u00e9s com\u00fan. La duraci\u00f3n de dicho contrato es de un a\u00f1o y se [&hellip;]\" \/>\n<meta property=\"og:url\" content=\"https:\/\/www.noticiasradioreflejos.com.ar\/2021\/convenio-entre-tornquist-y-puan-para-mantenimiento-de-caminos\/\" \/>\n<meta property=\"og:site_name\" content=\"Noticias Radio Reflejos\" \/>\n<meta property=\"article:published_time\" content=\"2016-10-20T20:18:19+00:00\" \/>\n<meta property=\"og:image\" content=\"https:\/\/www.noticiasradioreflejos.com.ar\/2021\/wp-content\/uploads\/2021\/07\/logosol300x200.png\" \/>\n\t<meta property=\"og:image:width\" content=\"300\" \/>\n\t<meta property=\"og:image:height\" content=\"200\" \/>\n\t<meta property=\"og:image:type\" content=\"image\/png\" \/>\n<meta name=\"author\" content=\"Arnaldo Botto\" \/>\n<meta name=\"twitter:card\" content=\"summary_large_image\" \/>\n<script type=\"application\/ld+json\" class=\"yoast-schema-graph\">{\"@context\":\"https:\/\/schema.org\",\"@graph\":[{\"@type\":\"WebPage\",\"@id\":\"https:\/\/www.noticiasradioreflejos.com.ar\/2021\/convenio-entre-tornquist-y-puan-para-mantenimiento-de-caminos\/\",\"url\":\"https:\/\/www.noticiasradioreflejos.com.ar\/2021\/convenio-entre-tornquist-y-puan-para-mantenimiento-de-caminos\/\",\"name\":\"Convenio entre Tornquist y Pu\u00e1n para mantenimiento de caminos - Noticias Radio Reflejos\",\"isPartOf\":{\"@id\":\"https:\/\/www.noticiasradioreflejos.com.ar\/2021\/#website\"},\"datePublished\":\"2016-10-20T20:18:19+00:00\",\"author\":{\"@id\":\"https:\/\/www.noticiasradioreflejos.com.ar\/2021\/#\/schema\/person\/ad82545263dcc5ec0996818884fd5fb1\"},\"breadcrumb\":{\"@id\":\"https:\/\/www.noticiasradioreflejos.com.ar\/2021\/convenio-entre-tornquist-y-puan-para-mantenimiento-de-caminos\/#breadcrumb\"},\"inLanguage\":\"es\",\"potentialAction\":[{\"@type\":\"ReadAction\",\"target\":[\"https:\/\/www.noticiasradioreflejos.com.ar\/2021\/convenio-entre-tornquist-y-puan-para-mantenimiento-de-caminos\/\"]}]},{\"@type\":\"BreadcrumbList\",\"@id\":\"https:\/\/www.noticiasradioreflejos.com.ar\/2021\/convenio-entre-tornquist-y-puan-para-mantenimiento-de-caminos\/#breadcrumb\",\"itemListElement\":[{\"@type\":\"ListItem\",\"position\":1,\"name\":\"Portada\",\"item\":\"https:\/\/www.noticiasradioreflejos.com.ar\/2021\/\"},{\"@type\":\"ListItem\",\"position\":2,\"name\":\"Convenio entre Tornquist y Pu\u00e1n para mantenimiento de caminos\"}]},{\"@type\":\"WebSite\",\"@id\":\"https:\/\/www.noticiasradioreflejos.com.ar\/2021\/#website\",\"url\":\"https:\/\/www.noticiasradioreflejos.com.ar\/2021\/\",\"name\":\"Noticias Radio Reflejos\",\"description\":\"Las noticias de mi comarca\",\"potentialAction\":[{\"@type\":\"SearchAction\",\"target\":{\"@type\":\"EntryPoint\",\"urlTemplate\":\"https:\/\/www.noticiasradioreflejos.com.ar\/2021\/?s={search_term_string}\"},\"query-input\":{\"@type\":\"PropertyValueSpecification\",\"valueRequired\":true,\"valueName\":\"search_term_string\"}}],\"inLanguage\":\"es\"},{\"@type\":\"Person\",\"@id\":\"https:\/\/www.noticiasradioreflejos.com.ar\/2021\/#\/schema\/person\/ad82545263dcc5ec0996818884fd5fb1\",\"name\":\"Arnaldo Botto\",\"image\":{\"@type\":\"ImageObject\",\"inLanguage\":\"es\",\"@id\":\"https:\/\/www.noticiasradioreflejos.com.ar\/2021\/#\/schema\/person\/image\/\",\"url\":\"https:\/\/secure.gravatar.com\/avatar\/55cb5e37c1efa326397366e6974cb338056df65cb50e7d64d1cf314e87504837?s=96&d=mm&r=g\",\"contentUrl\":\"https:\/\/secure.gravatar.com\/avatar\/55cb5e37c1efa326397366e6974cb338056df65cb50e7d64d1cf314e87504837?s=96&d=mm&r=g\",\"caption\":\"Arnaldo Botto\"},\"url\":\"https:\/\/www.noticiasradioreflejos.com.ar\/2021\/author\/arnaldo\/\"}]}<\/script>\n<!-- \/ Yoast SEO plugin. -->","yoast_head_json":{"title":"Convenio entre Tornquist y Pu\u00e1n para mantenimiento de caminos - Noticias Radio Reflejos","robots":{"index":"index","follow":"follow","max-snippet":"max-snippet:-1","max-image-preview":"max-image-preview:large","max-video-preview":"max-video-preview:-1"},"canonical":"https:\/\/www.noticiasradioreflejos.com.ar\/2021\/convenio-entre-tornquist-y-puan-para-mantenimiento-de-caminos\/","og_locale":"es_ES","og_type":"article","og_title":"Convenio entre Tornquist y Pu\u00e1n para mantenimiento de caminos - Noticias Radio Reflejos","og_description":"El intendente municipal, Sergio Bordoni, firm\u00f3, junto al jefe comunal de P\u00faan, Facundo Castelli; un convenio de colaboraci\u00f3n mutua con el objetivo de realizar trabajos de mantenimiento, conservaci\u00f3n y reparaci\u00f3n en forma conjunta de los caminos rurales en los cuales existe un inter\u00e9s com\u00fan. La duraci\u00f3n de dicho contrato es de un a\u00f1o y se [&hellip;]","og_url":"https:\/\/www.noticiasradioreflejos.com.ar\/2021\/convenio-entre-tornquist-y-puan-para-mantenimiento-de-caminos\/","og_site_name":"Noticias Radio Reflejos","article_published_time":"2016-10-20T20:18:19+00:00","og_image":[{"width":300,"height":200,"url":"https:\/\/www.noticiasradioreflejos.com.ar\/2021\/wp-content\/uploads\/2021\/07\/logosol300x200.png","type":"image\/png"}],"author":"Arnaldo Botto","twitter_card":"summary_large_image","schema":{"@context":"https:\/\/schema.org","@graph":[{"@type":"WebPage","@id":"https:\/\/www.noticiasradioreflejos.com.ar\/2021\/convenio-entre-tornquist-y-puan-para-mantenimiento-de-caminos\/","url":"https:\/\/www.noticiasradioreflejos.com.ar\/2021\/convenio-entre-tornquist-y-puan-para-mantenimiento-de-caminos\/","name":"Convenio entre Tornquist y Pu\u00e1n para mantenimiento de caminos - Noticias Radio Reflejos","isPartOf":{"@id":"https:\/\/www.noticiasradioreflejos.com.ar\/2021\/#website"},"datePublished":"2016-10-20T20:18:19+00:00","author":{"@id":"https:\/\/www.noticiasradioreflejos.com.ar\/2021\/#\/schema\/person\/ad82545263dcc5ec0996818884fd5fb1"},"breadcrumb":{"@id":"https:\/\/www.noticiasradioreflejos.com.ar\/2021\/convenio-entre-tornquist-y-puan-para-mantenimiento-de-caminos\/#breadcrumb"},"inLanguage":"es","potentialAction":[{"@type":"ReadAction","target":["https:\/\/www.noticiasradioreflejos.com.ar\/2021\/convenio-entre-tornquist-y-puan-para-mantenimiento-de-caminos\/"]}]},{"@type":"BreadcrumbList","@id":"https:\/\/www.noticiasradioreflejos.com.ar\/2021\/convenio-entre-tornquist-y-puan-para-mantenimiento-de-caminos\/#breadcrumb","itemListElement":[{"@type":"ListItem","position":1,"name":"Portada","item":"https:\/\/www.noticiasradioreflejos.com.ar\/2021\/"},{"@type":"ListItem","position":2,"name":"Convenio entre Tornquist y Pu\u00e1n para mantenimiento de caminos"}]},{"@type":"WebSite","@id":"https:\/\/www.noticiasradioreflejos.com.ar\/2021\/#website","url":"https:\/\/www.noticiasradioreflejos.com.ar\/2021\/","name":"Noticias Radio Reflejos","description":"Las noticias de mi comarca","potentialAction":[{"@type":"SearchAction","target":{"@type":"EntryPoint","urlTemplate":"https:\/\/www.noticiasradioreflejos.com.ar\/2021\/?s={search_term_string}"},"query-input":{"@type":"PropertyValueSpecification","valueRequired":true,"valueName":"search_term_string"}}],"inLanguage":"es"},{"@type":"Person","@id":"https:\/\/www.noticiasradioreflejos.com.ar\/2021\/#\/schema\/person\/ad82545263dcc5ec0996818884fd5fb1","name":"Arnaldo Botto","image":{"@type":"ImageObject","inLanguage":"es","@id":"https:\/\/www.noticiasradioreflejos.com.ar\/2021\/#\/schema\/person\/image\/","url":"https:\/\/secure.gravatar.com\/avatar\/55cb5e37c1efa326397366e6974cb338056df65cb50e7d64d1cf314e87504837?s=96&d=mm&r=g","contentUrl":"https:\/\/secure.gravatar.com\/avatar\/55cb5e37c1efa326397366e6974cb338056df65cb50e7d64d1cf314e87504837?s=96&d=mm&r=g","caption":"Arnaldo Botto"},"url":"https:\/\/www.noticiasradioreflejos.com.ar\/2021\/author\/arnaldo\/"}]}},"_links":{"self":[{"href":"https:\/\/www.noticiasradioreflejos.com.ar\/2021\/wp-json\/wp\/v2\/posts\/2608","targetHints":{"allow":["GET"]}}],"collection":[{"href":"https:\/\/www.noticiasradioreflejos.com.ar\/2021\/wp-json\/wp\/v2\/posts"}],"about":[{"href":"https:\/\/www.noticiasradioreflejos.com.ar\/2021\/wp-json\/wp\/v2\/types\/post"}],"author":[{"embeddable":true,"href":"https:\/\/www.noticiasradioreflejos.com.ar\/2021\/wp-json\/wp\/v2\/users\/3"}],"replies":[{"embeddable":true,"href":"https:\/\/www.noticiasradioreflejos.com.ar\/2021\/wp-json\/wp\/v2\/comments?post=2608"}],"version-history":[{"count":0,"href":"https:\/\/www.noticiasradioreflejos.com.ar\/2021\/wp-json\/wp\/v2\/posts\/2608\/revisions"}],"wp:attachment":[{"href":"https:\/\/www.noticiasradioreflejos.com.ar\/2021\/wp-json\/wp\/v2\/media?parent=2608"}],"wp:term":[{"taxonomy":"category","embeddable":true,"href":"https:\/\/www.noticiasradioreflejos.com.ar\/2021\/wp-json\/wp\/v2\/categories?post=2608"},{"taxonomy":"post_tag","embeddable":true,"href":"https:\/\/www.noticiasradioreflejos.com.ar\/2021\/wp-json\/wp\/v2\/tags?post=2608"}],"curies":[{"name":"wp","href":"https:\/\/api.w.org\/{rel}","templated":true}]}}