{"id":2594,"date":"2016-10-20T12:01:17","date_gmt":"2016-10-20T12:01:17","guid":{"rendered":"http:\/\/noticiasradioreflejos.com.ar\/noticias\/?p=2594"},"modified":"2016-10-20T12:01:17","modified_gmt":"2016-10-20T12:01:17","slug":"tornquist-se-sumo-a-la-manifestacion-ni-una-menos","status":"publish","type":"post","link":"https:\/\/www.noticiasradioreflejos.com.ar\/2021\/tornquist-se-sumo-a-la-manifestacion-ni-una-menos\/","title":{"rendered":"Tornquist se sum\u00f3 a la manifestaci\u00f3n \u201cNi una menos\u201d"},"content":{"rendered":"<p>En la fr\u00eda tarde de este mi\u00e9rcoles, tal como estaba previsto, se realiz\u00f3 una concentraci\u00f3n en el Monumento de la Mujer de la Plaza \u201cErnesto Tornquist\u201d de nuestra ciudad en el marco de la convocatoria nacional de \u201cNi Una Menos\u201d, que unific\u00f3 a la Argentina en el clamor \u201cbasta de femicidios\u201d, centrada en el repudio al asesinato de la joven Luc\u00eda P\u00e9rez, de 16 a\u00f1os.<br \/>\nPara el cierre, la actriz Julieta Braun interpret\u00f3 el mon\u00f3logo \u201cCelina vuelve a casa\u201d en el teatro municipal \u201cRodolfo Funke\u201d.<br \/>\nEl grupo de mujeres la mayor\u00eda vestidas de negro, acompa\u00f1adas por algunos hombres que tambi\u00e9n se hicieron presentes, se concentraron en el lugar citado y varias de las presentes se refirieron a la convocatoria como Noeli Kloster, Silvia Pessolani, Martina Minujin, Noelia Baier, Valentina Nyez, Mabel Paz, Marcela Ustua entre otras.<!--more--><br \/>\nEntre los presentes se encontraba el Intendente Municipal Sergio Bordoni, el Presidente del HCD Gustavo Moroncini y el concejal Guillermo Loffler.<br \/>\nUn detalle se vivi\u00f3 con la vecina Teresa Tumini que envi\u00f3 una nota manuscrita con una rosa que dec\u00eda \u201c Por razones de salud no puedo estar con ustedes pero mi coraz\u00f3n esta ah\u00ed\u201d Teresa.<br \/>\nEn la Capital Federal, primero hubo un paro de mujeres entre las 13 y las 14 en los \u00e1mbitos laborales y luego una concentraci\u00f3n a las 17 en el Obelisco y en plazas de todo el pa\u00eds. Otra consigna era vestirse de negro.<br \/>\nLa movilizaci\u00f3n que se gest\u00f3 espont\u00e1neamente hace s\u00f3lo una semana, a partir del horrendo asesinato de la adolescente Luc\u00eda P\u00e9rez, de 16 a\u00f1os, en Mar del Plata, tuvo amplia adhesi\u00f3n de de empleadas de organismos p\u00fablicos, de empresas privadas, polic\u00edas, mujeres que realizan tareas de limpieza en oficinas c\u00e9ntricas, periodistas de medios con sus redacciones en la zona -entre ellos, T\u00e9lam- acompa\u00f1adas en el ruidazo con las bocinas de colectivos y automovilistas.<br \/>\nSeg\u00fan informaron, en lo que va del a\u00f1o hubo 226 femicidios, de los cuales 19 se cometieron en solamente en octubre. Uno cada 21 horas es la estad\u00edstica.<br \/>\nVer mas Fotos de Noticias Tornquist<\/p>\n","protected":false},"excerpt":{"rendered":"<p>En la fr\u00eda tarde de este mi\u00e9rcoles, tal como estaba previsto, se realiz\u00f3 una concentraci\u00f3n en el Monumento de la Mujer de la Plaza \u201cErnesto Tornquist\u201d de nuestra ciudad en el marco de la convocatoria nacional de \u201cNi Una Menos\u201d, que unific\u00f3 a la Argentina en el clamor \u201cbasta de femicidios\u201d, centrada en el repudio [&hellip;]<\/p>\n","protected":false},"author":3,"featured_media":0,"comment_status":"closed","ping_status":"open","sticky":false,"template":"","format":"standard","meta":{"footnotes":""},"categories":[26],"tags":[],"class_list":["post-2594","post","type-post","status-publish","format-standard","hentry","category-sociedad"],"yoast_head":"<!-- This site is optimized with the Yoast SEO plugin v25.9 - https:\/\/yoast.com\/wordpress\/plugins\/seo\/ -->\n<title>Tornquist se sum\u00f3 a la manifestaci\u00f3n \u201cNi una menos\u201d - Noticias Radio Reflejos<\/title>\n<meta name=\"robots\" content=\"index, follow, max-snippet:-1, max-image-preview:large, max-video-preview:-1\" \/>\n<link rel=\"canonical\" href=\"https:\/\/www.noticiasradioreflejos.com.ar\/2021\/tornquist-se-sumo-a-la-manifestacion-ni-una-menos\/\" \/>\n<meta property=\"og:locale\" content=\"es_ES\" \/>\n<meta property=\"og:type\" content=\"article\" \/>\n<meta property=\"og:title\" content=\"Tornquist se sum\u00f3 a la manifestaci\u00f3n \u201cNi una menos\u201d - Noticias Radio Reflejos\" \/>\n<meta property=\"og:description\" content=\"En la fr\u00eda tarde de este mi\u00e9rcoles, tal como estaba previsto, se realiz\u00f3 una concentraci\u00f3n en el Monumento de la Mujer de la Plaza \u201cErnesto Tornquist\u201d de nuestra ciudad en el marco de la convocatoria nacional de \u201cNi Una Menos\u201d, que unific\u00f3 a la Argentina en el clamor \u201cbasta de femicidios\u201d, centrada en el repudio [&hellip;]\" \/>\n<meta property=\"og:url\" content=\"https:\/\/www.noticiasradioreflejos.com.ar\/2021\/tornquist-se-sumo-a-la-manifestacion-ni-una-menos\/\" \/>\n<meta property=\"og:site_name\" content=\"Noticias Radio Reflejos\" \/>\n<meta property=\"article:published_time\" content=\"2016-10-20T12:01:17+00:00\" \/>\n<meta property=\"og:image\" content=\"https:\/\/www.noticiasradioreflejos.com.ar\/2021\/wp-content\/uploads\/2021\/07\/logosol300x200.png\" \/>\n\t<meta property=\"og:image:width\" content=\"300\" \/>\n\t<meta property=\"og:image:height\" content=\"200\" \/>\n\t<meta property=\"og:image:type\" content=\"image\/png\" \/>\n<meta name=\"author\" content=\"Arnaldo Botto\" \/>\n<meta name=\"twitter:card\" content=\"summary_large_image\" \/>\n<script type=\"application\/ld+json\" class=\"yoast-schema-graph\">{\"@context\":\"https:\/\/schema.org\",\"@graph\":[{\"@type\":\"WebPage\",\"@id\":\"https:\/\/www.noticiasradioreflejos.com.ar\/2021\/tornquist-se-sumo-a-la-manifestacion-ni-una-menos\/\",\"url\":\"https:\/\/www.noticiasradioreflejos.com.ar\/2021\/tornquist-se-sumo-a-la-manifestacion-ni-una-menos\/\",\"name\":\"Tornquist se sum\u00f3 a la manifestaci\u00f3n \u201cNi una menos\u201d - Noticias Radio Reflejos\",\"isPartOf\":{\"@id\":\"https:\/\/www.noticiasradioreflejos.com.ar\/2021\/#website\"},\"datePublished\":\"2016-10-20T12:01:17+00:00\",\"author\":{\"@id\":\"https:\/\/www.noticiasradioreflejos.com.ar\/2021\/#\/schema\/person\/ad82545263dcc5ec0996818884fd5fb1\"},\"breadcrumb\":{\"@id\":\"https:\/\/www.noticiasradioreflejos.com.ar\/2021\/tornquist-se-sumo-a-la-manifestacion-ni-una-menos\/#breadcrumb\"},\"inLanguage\":\"es\",\"potentialAction\":[{\"@type\":\"ReadAction\",\"target\":[\"https:\/\/www.noticiasradioreflejos.com.ar\/2021\/tornquist-se-sumo-a-la-manifestacion-ni-una-menos\/\"]}]},{\"@type\":\"BreadcrumbList\",\"@id\":\"https:\/\/www.noticiasradioreflejos.com.ar\/2021\/tornquist-se-sumo-a-la-manifestacion-ni-una-menos\/#breadcrumb\",\"itemListElement\":[{\"@type\":\"ListItem\",\"position\":1,\"name\":\"Portada\",\"item\":\"https:\/\/www.noticiasradioreflejos.com.ar\/2021\/\"},{\"@type\":\"ListItem\",\"position\":2,\"name\":\"Tornquist se sum\u00f3 a la manifestaci\u00f3n \u201cNi una menos\u201d\"}]},{\"@type\":\"WebSite\",\"@id\":\"https:\/\/www.noticiasradioreflejos.com.ar\/2021\/#website\",\"url\":\"https:\/\/www.noticiasradioreflejos.com.ar\/2021\/\",\"name\":\"Noticias Radio Reflejos\",\"description\":\"Las noticias de mi comarca\",\"potentialAction\":[{\"@type\":\"SearchAction\",\"target\":{\"@type\":\"EntryPoint\",\"urlTemplate\":\"https:\/\/www.noticiasradioreflejos.com.ar\/2021\/?s={search_term_string}\"},\"query-input\":{\"@type\":\"PropertyValueSpecification\",\"valueRequired\":true,\"valueName\":\"search_term_string\"}}],\"inLanguage\":\"es\"},{\"@type\":\"Person\",\"@id\":\"https:\/\/www.noticiasradioreflejos.com.ar\/2021\/#\/schema\/person\/ad82545263dcc5ec0996818884fd5fb1\",\"name\":\"Arnaldo Botto\",\"image\":{\"@type\":\"ImageObject\",\"inLanguage\":\"es\",\"@id\":\"https:\/\/www.noticiasradioreflejos.com.ar\/2021\/#\/schema\/person\/image\/\",\"url\":\"https:\/\/secure.gravatar.com\/avatar\/55cb5e37c1efa326397366e6974cb338056df65cb50e7d64d1cf314e87504837?s=96&d=mm&r=g\",\"contentUrl\":\"https:\/\/secure.gravatar.com\/avatar\/55cb5e37c1efa326397366e6974cb338056df65cb50e7d64d1cf314e87504837?s=96&d=mm&r=g\",\"caption\":\"Arnaldo Botto\"},\"url\":\"https:\/\/www.noticiasradioreflejos.com.ar\/2021\/author\/arnaldo\/\"}]}<\/script>\n<!-- \/ Yoast SEO plugin. -->","yoast_head_json":{"title":"Tornquist se sum\u00f3 a la manifestaci\u00f3n \u201cNi una menos\u201d - Noticias Radio Reflejos","robots":{"index":"index","follow":"follow","max-snippet":"max-snippet:-1","max-image-preview":"max-image-preview:large","max-video-preview":"max-video-preview:-1"},"canonical":"https:\/\/www.noticiasradioreflejos.com.ar\/2021\/tornquist-se-sumo-a-la-manifestacion-ni-una-menos\/","og_locale":"es_ES","og_type":"article","og_title":"Tornquist se sum\u00f3 a la manifestaci\u00f3n \u201cNi una menos\u201d - Noticias Radio Reflejos","og_description":"En la fr\u00eda tarde de este mi\u00e9rcoles, tal como estaba previsto, se realiz\u00f3 una concentraci\u00f3n en el Monumento de la Mujer de la Plaza \u201cErnesto Tornquist\u201d de nuestra ciudad en el marco de la convocatoria nacional de \u201cNi Una Menos\u201d, que unific\u00f3 a la Argentina en el clamor \u201cbasta de femicidios\u201d, centrada en el repudio [&hellip;]","og_url":"https:\/\/www.noticiasradioreflejos.com.ar\/2021\/tornquist-se-sumo-a-la-manifestacion-ni-una-menos\/","og_site_name":"Noticias Radio Reflejos","article_published_time":"2016-10-20T12:01:17+00:00","og_image":[{"width":300,"height":200,"url":"https:\/\/www.noticiasradioreflejos.com.ar\/2021\/wp-content\/uploads\/2021\/07\/logosol300x200.png","type":"image\/png"}],"author":"Arnaldo Botto","twitter_card":"summary_large_image","schema":{"@context":"https:\/\/schema.org","@graph":[{"@type":"WebPage","@id":"https:\/\/www.noticiasradioreflejos.com.ar\/2021\/tornquist-se-sumo-a-la-manifestacion-ni-una-menos\/","url":"https:\/\/www.noticiasradioreflejos.com.ar\/2021\/tornquist-se-sumo-a-la-manifestacion-ni-una-menos\/","name":"Tornquist se sum\u00f3 a la manifestaci\u00f3n \u201cNi una menos\u201d - Noticias Radio Reflejos","isPartOf":{"@id":"https:\/\/www.noticiasradioreflejos.com.ar\/2021\/#website"},"datePublished":"2016-10-20T12:01:17+00:00","author":{"@id":"https:\/\/www.noticiasradioreflejos.com.ar\/2021\/#\/schema\/person\/ad82545263dcc5ec0996818884fd5fb1"},"breadcrumb":{"@id":"https:\/\/www.noticiasradioreflejos.com.ar\/2021\/tornquist-se-sumo-a-la-manifestacion-ni-una-menos\/#breadcrumb"},"inLanguage":"es","potentialAction":[{"@type":"ReadAction","target":["https:\/\/www.noticiasradioreflejos.com.ar\/2021\/tornquist-se-sumo-a-la-manifestacion-ni-una-menos\/"]}]},{"@type":"BreadcrumbList","@id":"https:\/\/www.noticiasradioreflejos.com.ar\/2021\/tornquist-se-sumo-a-la-manifestacion-ni-una-menos\/#breadcrumb","itemListElement":[{"@type":"ListItem","position":1,"name":"Portada","item":"https:\/\/www.noticiasradioreflejos.com.ar\/2021\/"},{"@type":"ListItem","position":2,"name":"Tornquist se sum\u00f3 a la manifestaci\u00f3n \u201cNi una menos\u201d"}]},{"@type":"WebSite","@id":"https:\/\/www.noticiasradioreflejos.com.ar\/2021\/#website","url":"https:\/\/www.noticiasradioreflejos.com.ar\/2021\/","name":"Noticias Radio Reflejos","description":"Las noticias de mi comarca","potentialAction":[{"@type":"SearchAction","target":{"@type":"EntryPoint","urlTemplate":"https:\/\/www.noticiasradioreflejos.com.ar\/2021\/?s={search_term_string}"},"query-input":{"@type":"PropertyValueSpecification","valueRequired":true,"valueName":"search_term_string"}}],"inLanguage":"es"},{"@type":"Person","@id":"https:\/\/www.noticiasradioreflejos.com.ar\/2021\/#\/schema\/person\/ad82545263dcc5ec0996818884fd5fb1","name":"Arnaldo Botto","image":{"@type":"ImageObject","inLanguage":"es","@id":"https:\/\/www.noticiasradioreflejos.com.ar\/2021\/#\/schema\/person\/image\/","url":"https:\/\/secure.gravatar.com\/avatar\/55cb5e37c1efa326397366e6974cb338056df65cb50e7d64d1cf314e87504837?s=96&d=mm&r=g","contentUrl":"https:\/\/secure.gravatar.com\/avatar\/55cb5e37c1efa326397366e6974cb338056df65cb50e7d64d1cf314e87504837?s=96&d=mm&r=g","caption":"Arnaldo Botto"},"url":"https:\/\/www.noticiasradioreflejos.com.ar\/2021\/author\/arnaldo\/"}]}},"_links":{"self":[{"href":"https:\/\/www.noticiasradioreflejos.com.ar\/2021\/wp-json\/wp\/v2\/posts\/2594","targetHints":{"allow":["GET"]}}],"collection":[{"href":"https:\/\/www.noticiasradioreflejos.com.ar\/2021\/wp-json\/wp\/v2\/posts"}],"about":[{"href":"https:\/\/www.noticiasradioreflejos.com.ar\/2021\/wp-json\/wp\/v2\/types\/post"}],"author":[{"embeddable":true,"href":"https:\/\/www.noticiasradioreflejos.com.ar\/2021\/wp-json\/wp\/v2\/users\/3"}],"replies":[{"embeddable":true,"href":"https:\/\/www.noticiasradioreflejos.com.ar\/2021\/wp-json\/wp\/v2\/comments?post=2594"}],"version-history":[{"count":0,"href":"https:\/\/www.noticiasradioreflejos.com.ar\/2021\/wp-json\/wp\/v2\/posts\/2594\/revisions"}],"wp:attachment":[{"href":"https:\/\/www.noticiasradioreflejos.com.ar\/2021\/wp-json\/wp\/v2\/media?parent=2594"}],"wp:term":[{"taxonomy":"category","embeddable":true,"href":"https:\/\/www.noticiasradioreflejos.com.ar\/2021\/wp-json\/wp\/v2\/categories?post=2594"},{"taxonomy":"post_tag","embeddable":true,"href":"https:\/\/www.noticiasradioreflejos.com.ar\/2021\/wp-json\/wp\/v2\/tags?post=2594"}],"curies":[{"name":"wp","href":"https:\/\/api.w.org\/{rel}","templated":true}]}}