{"id":2568,"date":"2016-10-20T00:08:28","date_gmt":"2016-10-20T00:08:28","guid":{"rendered":"http:\/\/noticiasradioreflejos.com.ar\/noticias\/?p=2568"},"modified":"2016-10-20T00:08:28","modified_gmt":"2016-10-20T00:08:28","slug":"cena-aniversario-en-chasico","status":"publish","type":"post","link":"https:\/\/www.noticiasradioreflejos.com.ar\/2021\/cena-aniversario-en-chasico\/","title":{"rendered":"Cena aniversario en Chasic\u00f3"},"content":{"rendered":"<p><a title=\"018\" href=\"http:\/\/farm6.staticflickr.com\/5446\/30401614656_ea662eb2b6.jpg\" rel=\"\"><img loading=\"lazy\" decoding=\"async\" class=\"alignleft\" style=\"float: left;\" title=\"018\" src=\"http:\/\/farm6.staticflickr.com\/5446\/30401614656_ea662eb2b6.jpg\" alt=\"018\" width=\"500\" height=\"333\" \/><\/a>El s\u00e1bado 15 se llev\u00f3 a cabo la cena y baile aniversario, organizada por el grupo Pro Bomberos Voluntarios de Chasic\u00f3 en instalaciones del Club Gral. San Martin quien brindo sin costos sus instalaciones. Como es sabido el cuerpo de voluntarios est\u00e1 en formaci\u00f3n en instancias de capacitaci\u00f3n y es deseo de esta nueva instituci\u00f3n tomar como tradici\u00f3n organizar los festejos de la localidad.<!--more--><br \/>\nDicho evento vio reflejado el apoyo de la comunidad y la zona por la gran concurrencia de gente que tuvo. Conto con el apoyo y la colaboraci\u00f3n de auspiciantes tanto de la zona rural como comercios de la comunidad, as\u00ed tambi\u00e9n desde el Ejecutivo Municipal. La carne fue donada por el Municipio, el Secretario de Gobierno Ezequiel Gabella y el Delegado Municipal Ariel Menna. Tambi\u00e9n se hizo presente el Secretario de Acci\u00f3n Social Fabio Gonz\u00e1lez quien brindo un show gratuito. Tambi\u00e9n se agradece la colaboraci\u00f3n de: Del Valle Eduardo, Panader\u00eda Alende, Agrupaci\u00f3n de Baile \u00abA mover el esqueleto\u00bb, Daniel y Walter, Arcor y Distriben, Imprenta Zinger, Agrupacion de la Cueva, Sanchez Otoisaga, Iv\u00e1n Melegari, Carlos Sep\u00falveda, Ganaderos del Centro, a las tres instituciones educativas, a los asadores Diego, Pablo y Carlitos y a los chicos que hicieron de mozos; a Daniel Venanzi y Maltilda Menna.<br \/>\n<a title=\"001\" href=\"http:\/\/farm6.staticflickr.com\/5324\/29806377893_f9d349fd01_c.jpg\" rel=\"\"><img loading=\"lazy\" decoding=\"async\" class=\"aligncenter\" title=\"001\" src=\"http:\/\/farm6.staticflickr.com\/5324\/29806377893_f9d349fd01_c.jpg\" alt=\"001\" width=\"800\" height=\"534\" \/><\/a><br \/>\n<a title=\"006\" href=\"http:\/\/farm6.staticflickr.com\/5704\/29807345704_cfd7897a67_c.jpg\" rel=\"\"><img loading=\"lazy\" decoding=\"async\" class=\"aligncenter\" title=\"006\" src=\"http:\/\/farm6.staticflickr.com\/5704\/29807345704_cfd7897a67_c.jpg\" alt=\"006\" width=\"800\" height=\"534\" \/><\/a><br \/>\n<a title=\"012\" href=\"http:\/\/farm9.staticflickr.com\/8676\/30321761022_683bfcd615_c.jpg\" rel=\"\"><img loading=\"lazy\" decoding=\"async\" class=\"aligncenter\" title=\"012\" src=\"http:\/\/farm9.staticflickr.com\/8676\/30321761022_683bfcd615_c.jpg\" alt=\"012\" width=\"800\" height=\"534\" \/><\/a><br \/>\n<a title=\"014\" href=\"http:\/\/farm6.staticflickr.com\/5784\/29807281674_a491703399_c.jpg\" rel=\"\"><img loading=\"lazy\" decoding=\"async\" class=\"aligncenter\" title=\"014\" src=\"http:\/\/farm6.staticflickr.com\/5784\/29807281674_a491703399_c.jpg\" alt=\"014\" width=\"800\" height=\"534\" \/><\/a><br \/>\n<a title=\"017\" href=\"http:\/\/farm6.staticflickr.com\/5820\/30438415955_bd6fa70436_c.jpg\" rel=\"\"><img loading=\"lazy\" decoding=\"async\" class=\"aligncenter\" title=\"017\" src=\"http:\/\/farm6.staticflickr.com\/5820\/30438415955_bd6fa70436_c.jpg\" alt=\"017\" width=\"800\" height=\"534\" \/><\/a><br \/>\n&nbsp;<br \/>\n<a title=\"031\" href=\"http:\/\/farm9.staticflickr.com\/8275\/29806179733_cf32867aaf_c.jpg\" rel=\"\"><img loading=\"lazy\" decoding=\"async\" class=\"aligncenter\" title=\"031\" src=\"http:\/\/farm9.staticflickr.com\/8275\/29806179733_cf32867aaf_c.jpg\" alt=\"031\" width=\"800\" height=\"534\" \/><\/a><\/p>\n","protected":false},"excerpt":{"rendered":"<p>El s\u00e1bado 15 se llev\u00f3 a cabo la cena y baile aniversario, organizada por el grupo Pro Bomberos Voluntarios de Chasic\u00f3 en instalaciones del Club Gral. San Martin quien brindo sin costos sus instalaciones. Como es sabido el cuerpo de voluntarios est\u00e1 en formaci\u00f3n en instancias de capacitaci\u00f3n y es deseo de esta nueva instituci\u00f3n [&hellip;]<\/p>\n","protected":false},"author":3,"featured_media":0,"comment_status":"closed","ping_status":"open","sticky":false,"template":"","format":"standard","meta":{"footnotes":""},"categories":[26],"tags":[],"class_list":["post-2568","post","type-post","status-publish","format-standard","hentry","category-sociedad"],"yoast_head":"<!-- This site is optimized with the Yoast SEO plugin v25.9 - https:\/\/yoast.com\/wordpress\/plugins\/seo\/ -->\n<title>Cena aniversario en Chasic\u00f3 - Noticias Radio Reflejos<\/title>\n<meta name=\"robots\" content=\"index, follow, max-snippet:-1, max-image-preview:large, max-video-preview:-1\" \/>\n<link rel=\"canonical\" href=\"https:\/\/www.noticiasradioreflejos.com.ar\/2021\/cena-aniversario-en-chasico\/\" \/>\n<meta property=\"og:locale\" content=\"es_ES\" \/>\n<meta property=\"og:type\" content=\"article\" \/>\n<meta property=\"og:title\" content=\"Cena aniversario en Chasic\u00f3 - Noticias Radio Reflejos\" \/>\n<meta property=\"og:description\" content=\"El s\u00e1bado 15 se llev\u00f3 a cabo la cena y baile aniversario, organizada por el grupo Pro Bomberos Voluntarios de Chasic\u00f3 en instalaciones del Club Gral. San Martin quien brindo sin costos sus instalaciones. Como es sabido el cuerpo de voluntarios est\u00e1 en formaci\u00f3n en instancias de capacitaci\u00f3n y es deseo de esta nueva instituci\u00f3n [&hellip;]\" \/>\n<meta property=\"og:url\" content=\"https:\/\/www.noticiasradioreflejos.com.ar\/2021\/cena-aniversario-en-chasico\/\" \/>\n<meta property=\"og:site_name\" content=\"Noticias Radio Reflejos\" \/>\n<meta property=\"article:published_time\" content=\"2016-10-20T00:08:28+00:00\" \/>\n<meta property=\"og:image\" content=\"http:\/\/farm6.staticflickr.com\/5446\/30401614656_ea662eb2b6.jpg\" \/>\n<meta name=\"author\" content=\"Arnaldo Botto\" \/>\n<meta name=\"twitter:card\" content=\"summary_large_image\" \/>\n<script type=\"application\/ld+json\" class=\"yoast-schema-graph\">{\"@context\":\"https:\/\/schema.org\",\"@graph\":[{\"@type\":\"WebPage\",\"@id\":\"https:\/\/www.noticiasradioreflejos.com.ar\/2021\/cena-aniversario-en-chasico\/\",\"url\":\"https:\/\/www.noticiasradioreflejos.com.ar\/2021\/cena-aniversario-en-chasico\/\",\"name\":\"Cena aniversario en Chasic\u00f3 - Noticias Radio Reflejos\",\"isPartOf\":{\"@id\":\"https:\/\/www.noticiasradioreflejos.com.ar\/2021\/#website\"},\"primaryImageOfPage\":{\"@id\":\"https:\/\/www.noticiasradioreflejos.com.ar\/2021\/cena-aniversario-en-chasico\/#primaryimage\"},\"image\":{\"@id\":\"https:\/\/www.noticiasradioreflejos.com.ar\/2021\/cena-aniversario-en-chasico\/#primaryimage\"},\"thumbnailUrl\":\"http:\/\/farm6.staticflickr.com\/5446\/30401614656_ea662eb2b6.jpg\",\"datePublished\":\"2016-10-20T00:08:28+00:00\",\"author\":{\"@id\":\"https:\/\/www.noticiasradioreflejos.com.ar\/2021\/#\/schema\/person\/ad82545263dcc5ec0996818884fd5fb1\"},\"breadcrumb\":{\"@id\":\"https:\/\/www.noticiasradioreflejos.com.ar\/2021\/cena-aniversario-en-chasico\/#breadcrumb\"},\"inLanguage\":\"es\",\"potentialAction\":[{\"@type\":\"ReadAction\",\"target\":[\"https:\/\/www.noticiasradioreflejos.com.ar\/2021\/cena-aniversario-en-chasico\/\"]}]},{\"@type\":\"ImageObject\",\"inLanguage\":\"es\",\"@id\":\"https:\/\/www.noticiasradioreflejos.com.ar\/2021\/cena-aniversario-en-chasico\/#primaryimage\",\"url\":\"http:\/\/farm6.staticflickr.com\/5446\/30401614656_ea662eb2b6.jpg\",\"contentUrl\":\"http:\/\/farm6.staticflickr.com\/5446\/30401614656_ea662eb2b6.jpg\"},{\"@type\":\"BreadcrumbList\",\"@id\":\"https:\/\/www.noticiasradioreflejos.com.ar\/2021\/cena-aniversario-en-chasico\/#breadcrumb\",\"itemListElement\":[{\"@type\":\"ListItem\",\"position\":1,\"name\":\"Portada\",\"item\":\"https:\/\/www.noticiasradioreflejos.com.ar\/2021\/\"},{\"@type\":\"ListItem\",\"position\":2,\"name\":\"Cena aniversario en Chasic\u00f3\"}]},{\"@type\":\"WebSite\",\"@id\":\"https:\/\/www.noticiasradioreflejos.com.ar\/2021\/#website\",\"url\":\"https:\/\/www.noticiasradioreflejos.com.ar\/2021\/\",\"name\":\"Noticias Radio Reflejos\",\"description\":\"Las noticias de mi comarca\",\"potentialAction\":[{\"@type\":\"SearchAction\",\"target\":{\"@type\":\"EntryPoint\",\"urlTemplate\":\"https:\/\/www.noticiasradioreflejos.com.ar\/2021\/?s={search_term_string}\"},\"query-input\":{\"@type\":\"PropertyValueSpecification\",\"valueRequired\":true,\"valueName\":\"search_term_string\"}}],\"inLanguage\":\"es\"},{\"@type\":\"Person\",\"@id\":\"https:\/\/www.noticiasradioreflejos.com.ar\/2021\/#\/schema\/person\/ad82545263dcc5ec0996818884fd5fb1\",\"name\":\"Arnaldo Botto\",\"image\":{\"@type\":\"ImageObject\",\"inLanguage\":\"es\",\"@id\":\"https:\/\/www.noticiasradioreflejos.com.ar\/2021\/#\/schema\/person\/image\/\",\"url\":\"https:\/\/secure.gravatar.com\/avatar\/55cb5e37c1efa326397366e6974cb338056df65cb50e7d64d1cf314e87504837?s=96&d=mm&r=g\",\"contentUrl\":\"https:\/\/secure.gravatar.com\/avatar\/55cb5e37c1efa326397366e6974cb338056df65cb50e7d64d1cf314e87504837?s=96&d=mm&r=g\",\"caption\":\"Arnaldo Botto\"},\"url\":\"https:\/\/www.noticiasradioreflejos.com.ar\/2021\/author\/arnaldo\/\"}]}<\/script>\n<!-- \/ Yoast SEO plugin. -->","yoast_head_json":{"title":"Cena aniversario en Chasic\u00f3 - Noticias Radio Reflejos","robots":{"index":"index","follow":"follow","max-snippet":"max-snippet:-1","max-image-preview":"max-image-preview:large","max-video-preview":"max-video-preview:-1"},"canonical":"https:\/\/www.noticiasradioreflejos.com.ar\/2021\/cena-aniversario-en-chasico\/","og_locale":"es_ES","og_type":"article","og_title":"Cena aniversario en Chasic\u00f3 - Noticias Radio Reflejos","og_description":"El s\u00e1bado 15 se llev\u00f3 a cabo la cena y baile aniversario, organizada por el grupo Pro Bomberos Voluntarios de Chasic\u00f3 en instalaciones del Club Gral. San Martin quien brindo sin costos sus instalaciones. Como es sabido el cuerpo de voluntarios est\u00e1 en formaci\u00f3n en instancias de capacitaci\u00f3n y es deseo de esta nueva instituci\u00f3n [&hellip;]","og_url":"https:\/\/www.noticiasradioreflejos.com.ar\/2021\/cena-aniversario-en-chasico\/","og_site_name":"Noticias Radio Reflejos","article_published_time":"2016-10-20T00:08:28+00:00","og_image":[{"url":"http:\/\/farm6.staticflickr.com\/5446\/30401614656_ea662eb2b6.jpg","type":"","width":"","height":""}],"author":"Arnaldo Botto","twitter_card":"summary_large_image","schema":{"@context":"https:\/\/schema.org","@graph":[{"@type":"WebPage","@id":"https:\/\/www.noticiasradioreflejos.com.ar\/2021\/cena-aniversario-en-chasico\/","url":"https:\/\/www.noticiasradioreflejos.com.ar\/2021\/cena-aniversario-en-chasico\/","name":"Cena aniversario en Chasic\u00f3 - Noticias Radio Reflejos","isPartOf":{"@id":"https:\/\/www.noticiasradioreflejos.com.ar\/2021\/#website"},"primaryImageOfPage":{"@id":"https:\/\/www.noticiasradioreflejos.com.ar\/2021\/cena-aniversario-en-chasico\/#primaryimage"},"image":{"@id":"https:\/\/www.noticiasradioreflejos.com.ar\/2021\/cena-aniversario-en-chasico\/#primaryimage"},"thumbnailUrl":"http:\/\/farm6.staticflickr.com\/5446\/30401614656_ea662eb2b6.jpg","datePublished":"2016-10-20T00:08:28+00:00","author":{"@id":"https:\/\/www.noticiasradioreflejos.com.ar\/2021\/#\/schema\/person\/ad82545263dcc5ec0996818884fd5fb1"},"breadcrumb":{"@id":"https:\/\/www.noticiasradioreflejos.com.ar\/2021\/cena-aniversario-en-chasico\/#breadcrumb"},"inLanguage":"es","potentialAction":[{"@type":"ReadAction","target":["https:\/\/www.noticiasradioreflejos.com.ar\/2021\/cena-aniversario-en-chasico\/"]}]},{"@type":"ImageObject","inLanguage":"es","@id":"https:\/\/www.noticiasradioreflejos.com.ar\/2021\/cena-aniversario-en-chasico\/#primaryimage","url":"http:\/\/farm6.staticflickr.com\/5446\/30401614656_ea662eb2b6.jpg","contentUrl":"http:\/\/farm6.staticflickr.com\/5446\/30401614656_ea662eb2b6.jpg"},{"@type":"BreadcrumbList","@id":"https:\/\/www.noticiasradioreflejos.com.ar\/2021\/cena-aniversario-en-chasico\/#breadcrumb","itemListElement":[{"@type":"ListItem","position":1,"name":"Portada","item":"https:\/\/www.noticiasradioreflejos.com.ar\/2021\/"},{"@type":"ListItem","position":2,"name":"Cena aniversario en Chasic\u00f3"}]},{"@type":"WebSite","@id":"https:\/\/www.noticiasradioreflejos.com.ar\/2021\/#website","url":"https:\/\/www.noticiasradioreflejos.com.ar\/2021\/","name":"Noticias Radio Reflejos","description":"Las noticias de mi comarca","potentialAction":[{"@type":"SearchAction","target":{"@type":"EntryPoint","urlTemplate":"https:\/\/www.noticiasradioreflejos.com.ar\/2021\/?s={search_term_string}"},"query-input":{"@type":"PropertyValueSpecification","valueRequired":true,"valueName":"search_term_string"}}],"inLanguage":"es"},{"@type":"Person","@id":"https:\/\/www.noticiasradioreflejos.com.ar\/2021\/#\/schema\/person\/ad82545263dcc5ec0996818884fd5fb1","name":"Arnaldo Botto","image":{"@type":"ImageObject","inLanguage":"es","@id":"https:\/\/www.noticiasradioreflejos.com.ar\/2021\/#\/schema\/person\/image\/","url":"https:\/\/secure.gravatar.com\/avatar\/55cb5e37c1efa326397366e6974cb338056df65cb50e7d64d1cf314e87504837?s=96&d=mm&r=g","contentUrl":"https:\/\/secure.gravatar.com\/avatar\/55cb5e37c1efa326397366e6974cb338056df65cb50e7d64d1cf314e87504837?s=96&d=mm&r=g","caption":"Arnaldo Botto"},"url":"https:\/\/www.noticiasradioreflejos.com.ar\/2021\/author\/arnaldo\/"}]}},"_links":{"self":[{"href":"https:\/\/www.noticiasradioreflejos.com.ar\/2021\/wp-json\/wp\/v2\/posts\/2568","targetHints":{"allow":["GET"]}}],"collection":[{"href":"https:\/\/www.noticiasradioreflejos.com.ar\/2021\/wp-json\/wp\/v2\/posts"}],"about":[{"href":"https:\/\/www.noticiasradioreflejos.com.ar\/2021\/wp-json\/wp\/v2\/types\/post"}],"author":[{"embeddable":true,"href":"https:\/\/www.noticiasradioreflejos.com.ar\/2021\/wp-json\/wp\/v2\/users\/3"}],"replies":[{"embeddable":true,"href":"https:\/\/www.noticiasradioreflejos.com.ar\/2021\/wp-json\/wp\/v2\/comments?post=2568"}],"version-history":[{"count":0,"href":"https:\/\/www.noticiasradioreflejos.com.ar\/2021\/wp-json\/wp\/v2\/posts\/2568\/revisions"}],"wp:attachment":[{"href":"https:\/\/www.noticiasradioreflejos.com.ar\/2021\/wp-json\/wp\/v2\/media?parent=2568"}],"wp:term":[{"taxonomy":"category","embeddable":true,"href":"https:\/\/www.noticiasradioreflejos.com.ar\/2021\/wp-json\/wp\/v2\/categories?post=2568"},{"taxonomy":"post_tag","embeddable":true,"href":"https:\/\/www.noticiasradioreflejos.com.ar\/2021\/wp-json\/wp\/v2\/tags?post=2568"}],"curies":[{"name":"wp","href":"https:\/\/api.w.org\/{rel}","templated":true}]}}