{"id":2563,"date":"2016-10-19T23:43:39","date_gmt":"2016-10-19T23:43:39","guid":{"rendered":"http:\/\/noticiasradioreflejos.com.ar\/noticias\/?p=2563"},"modified":"2016-10-19T23:43:39","modified_gmt":"2016-10-19T23:43:39","slug":"contra-la-cultura-del-patriarcado-de-cambiemos-y-el-frente-renovador","status":"publish","type":"post","link":"https:\/\/www.noticiasradioreflejos.com.ar\/2021\/contra-la-cultura-del-patriarcado-de-cambiemos-y-el-frente-renovador\/","title":{"rendered":"Contra la cultura del patriarcado de Cambiemos y el Frente Renovador"},"content":{"rendered":"<div>En el marco de NiUnaMenos y #VivasNosQueremos, con una enorme convocatoria y movilizaci\u00f3n por parte de la sociedad en contra de la violencia machista, el gobierno de Cambiemos con la complicidad del Frente Renovador avanza en la eliminaci\u00f3n de la \u00fanica unidad especializada del pa\u00eds en la investigaci\u00f3n de femicidios.<\/div>\n<p><!--more--><\/p>\n<div><\/div>\n<div>El proyecto macrista que modifica el Ministerio P\u00fablico Fiscal busca atacar dos objetivos al mimo tiempo. Por un lado, eliminar la Unidad Fiscal Especializada de Violencia contra las Mujeres (UFEM) y, por otro, limitar las facultades y atribuciones de la Procuradora Gils Carb\u00f3.<\/div>\n<div><\/div>\n<div>Mientras el massismo se saca fotos festejando la Ley de Paridad en la Representaci\u00f3n pol\u00edtica en la Provincia de Buenos Aires, por detr\u00e1s teje alianzas con el macrismo para destruir un espacio fundamental en la lucha contra la impunidad y los femicidios.<\/div>\n<div><\/div>\n<div>Ni a Cambiemos ni al Frente Renovador les importa la pelea y el cuidado de las mujeres y hacen una especulaci\u00f3n pol\u00edtica con la vida de miles de compa\u00f1eras. Hoy nos encontramos en un escenario muy complejo porque quienes est\u00e1n a cargo del gobierno no representan los intereses ni las luchas de las mujeres. Es m\u00e1s, junto al co-gobienro del Frente Renovador, el macrismo avanza deliberadamente contra todos los espacios y todas las conquistas que fortalecieron a las mujeres en los \u00faltimos 12 a\u00f1os.<\/div>\n<div><\/div>\n<div>La violencia contra las mujeres se naturaliza y se pregona desde las pol\u00edticas y proyectos oficiales hasta la palabra de ciertos periodistas, o caricatura de periodistas, que nos les tiembla la voz para denigrar a la mujer, para reproducir la violencia y para hacerle espacio a que un var\u00f3n crea que cualquiera de nosotras es un objeto que le pertenece y con el que puede hacer lo que quiera, incluso matarnos.<\/div>\n<div><\/div>\n<div>Hoy marchamos contra la cultura del patriarcado pero para que haya verdaderamente #NiUnaMenos es necesario el compromiso de todos\/as y la presencia de un Estado que asuma sus responsabilidades en generar procesos de igualdad y justicia. Aunque esto \u00faltimo estamos seguros que no va a suceder con el avance del macrismo y la complicidad del Frente Renovador. Pero no vamos a bajar los brazos porque si de algo sabemos las mujeres es de luchar una y otra vez.<\/div>\n<p>Por M\u00f3nica Macha: Contra la cultura del patriarcado de Cambiemos y el Frente Renovador<\/p>\n","protected":false},"excerpt":{"rendered":"<p>En el marco de NiUnaMenos y #VivasNosQueremos, con una enorme convocatoria y movilizaci\u00f3n por parte de la sociedad en contra de la violencia machista, el gobierno de Cambiemos con la complicidad del Frente Renovador avanza en la eliminaci\u00f3n de la \u00fanica unidad especializada del pa\u00eds en la investigaci\u00f3n de femicidios.<\/p>\n","protected":false},"author":3,"featured_media":0,"comment_status":"closed","ping_status":"open","sticky":false,"template":"","format":"standard","meta":{"footnotes":""},"categories":[24],"tags":[],"class_list":["post-2563","post","type-post","status-publish","format-standard","hentry","category-politica"],"yoast_head":"<!-- This site is optimized with the Yoast SEO plugin v25.9 - https:\/\/yoast.com\/wordpress\/plugins\/seo\/ -->\n<title>Contra la cultura del patriarcado de Cambiemos y el Frente Renovador - Noticias Radio Reflejos<\/title>\n<meta name=\"robots\" content=\"index, follow, max-snippet:-1, max-image-preview:large, max-video-preview:-1\" \/>\n<link rel=\"canonical\" href=\"https:\/\/www.noticiasradioreflejos.com.ar\/2021\/contra-la-cultura-del-patriarcado-de-cambiemos-y-el-frente-renovador\/\" \/>\n<meta property=\"og:locale\" content=\"es_ES\" \/>\n<meta property=\"og:type\" content=\"article\" \/>\n<meta property=\"og:title\" content=\"Contra la cultura del patriarcado de Cambiemos y el Frente Renovador - Noticias Radio Reflejos\" \/>\n<meta property=\"og:description\" content=\"En el marco de NiUnaMenos y #VivasNosQueremos, con una enorme convocatoria y movilizaci\u00f3n por parte de la sociedad en contra de la violencia machista, el gobierno de Cambiemos con la complicidad del Frente Renovador avanza en la eliminaci\u00f3n de la \u00fanica unidad especializada del pa\u00eds en la investigaci\u00f3n de femicidios.\" \/>\n<meta property=\"og:url\" content=\"https:\/\/www.noticiasradioreflejos.com.ar\/2021\/contra-la-cultura-del-patriarcado-de-cambiemos-y-el-frente-renovador\/\" \/>\n<meta property=\"og:site_name\" content=\"Noticias Radio Reflejos\" \/>\n<meta property=\"article:published_time\" content=\"2016-10-19T23:43:39+00:00\" \/>\n<meta property=\"og:image\" content=\"https:\/\/www.noticiasradioreflejos.com.ar\/2021\/wp-content\/uploads\/2021\/07\/logosol300x200.png\" \/>\n\t<meta property=\"og:image:width\" content=\"300\" \/>\n\t<meta property=\"og:image:height\" content=\"200\" \/>\n\t<meta property=\"og:image:type\" content=\"image\/png\" \/>\n<meta name=\"author\" content=\"Arnaldo Botto\" \/>\n<meta name=\"twitter:card\" content=\"summary_large_image\" \/>\n<script type=\"application\/ld+json\" class=\"yoast-schema-graph\">{\"@context\":\"https:\/\/schema.org\",\"@graph\":[{\"@type\":\"WebPage\",\"@id\":\"https:\/\/www.noticiasradioreflejos.com.ar\/2021\/contra-la-cultura-del-patriarcado-de-cambiemos-y-el-frente-renovador\/\",\"url\":\"https:\/\/www.noticiasradioreflejos.com.ar\/2021\/contra-la-cultura-del-patriarcado-de-cambiemos-y-el-frente-renovador\/\",\"name\":\"Contra la cultura del patriarcado de Cambiemos y el Frente Renovador - Noticias Radio Reflejos\",\"isPartOf\":{\"@id\":\"https:\/\/www.noticiasradioreflejos.com.ar\/2021\/#website\"},\"datePublished\":\"2016-10-19T23:43:39+00:00\",\"author\":{\"@id\":\"https:\/\/www.noticiasradioreflejos.com.ar\/2021\/#\/schema\/person\/ad82545263dcc5ec0996818884fd5fb1\"},\"breadcrumb\":{\"@id\":\"https:\/\/www.noticiasradioreflejos.com.ar\/2021\/contra-la-cultura-del-patriarcado-de-cambiemos-y-el-frente-renovador\/#breadcrumb\"},\"inLanguage\":\"es\",\"potentialAction\":[{\"@type\":\"ReadAction\",\"target\":[\"https:\/\/www.noticiasradioreflejos.com.ar\/2021\/contra-la-cultura-del-patriarcado-de-cambiemos-y-el-frente-renovador\/\"]}]},{\"@type\":\"BreadcrumbList\",\"@id\":\"https:\/\/www.noticiasradioreflejos.com.ar\/2021\/contra-la-cultura-del-patriarcado-de-cambiemos-y-el-frente-renovador\/#breadcrumb\",\"itemListElement\":[{\"@type\":\"ListItem\",\"position\":1,\"name\":\"Portada\",\"item\":\"https:\/\/www.noticiasradioreflejos.com.ar\/2021\/\"},{\"@type\":\"ListItem\",\"position\":2,\"name\":\"Contra la cultura del patriarcado de Cambiemos y el Frente Renovador\"}]},{\"@type\":\"WebSite\",\"@id\":\"https:\/\/www.noticiasradioreflejos.com.ar\/2021\/#website\",\"url\":\"https:\/\/www.noticiasradioreflejos.com.ar\/2021\/\",\"name\":\"Noticias Radio Reflejos\",\"description\":\"Las noticias de mi comarca\",\"potentialAction\":[{\"@type\":\"SearchAction\",\"target\":{\"@type\":\"EntryPoint\",\"urlTemplate\":\"https:\/\/www.noticiasradioreflejos.com.ar\/2021\/?s={search_term_string}\"},\"query-input\":{\"@type\":\"PropertyValueSpecification\",\"valueRequired\":true,\"valueName\":\"search_term_string\"}}],\"inLanguage\":\"es\"},{\"@type\":\"Person\",\"@id\":\"https:\/\/www.noticiasradioreflejos.com.ar\/2021\/#\/schema\/person\/ad82545263dcc5ec0996818884fd5fb1\",\"name\":\"Arnaldo Botto\",\"image\":{\"@type\":\"ImageObject\",\"inLanguage\":\"es\",\"@id\":\"https:\/\/www.noticiasradioreflejos.com.ar\/2021\/#\/schema\/person\/image\/\",\"url\":\"https:\/\/secure.gravatar.com\/avatar\/55cb5e37c1efa326397366e6974cb338056df65cb50e7d64d1cf314e87504837?s=96&d=mm&r=g\",\"contentUrl\":\"https:\/\/secure.gravatar.com\/avatar\/55cb5e37c1efa326397366e6974cb338056df65cb50e7d64d1cf314e87504837?s=96&d=mm&r=g\",\"caption\":\"Arnaldo Botto\"},\"url\":\"https:\/\/www.noticiasradioreflejos.com.ar\/2021\/author\/arnaldo\/\"}]}<\/script>\n<!-- \/ Yoast SEO plugin. -->","yoast_head_json":{"title":"Contra la cultura del patriarcado de Cambiemos y el Frente Renovador - Noticias Radio Reflejos","robots":{"index":"index","follow":"follow","max-snippet":"max-snippet:-1","max-image-preview":"max-image-preview:large","max-video-preview":"max-video-preview:-1"},"canonical":"https:\/\/www.noticiasradioreflejos.com.ar\/2021\/contra-la-cultura-del-patriarcado-de-cambiemos-y-el-frente-renovador\/","og_locale":"es_ES","og_type":"article","og_title":"Contra la cultura del patriarcado de Cambiemos y el Frente Renovador - Noticias Radio Reflejos","og_description":"En el marco de NiUnaMenos y #VivasNosQueremos, con una enorme convocatoria y movilizaci\u00f3n por parte de la sociedad en contra de la violencia machista, el gobierno de Cambiemos con la complicidad del Frente Renovador avanza en la eliminaci\u00f3n de la \u00fanica unidad especializada del pa\u00eds en la investigaci\u00f3n de femicidios.","og_url":"https:\/\/www.noticiasradioreflejos.com.ar\/2021\/contra-la-cultura-del-patriarcado-de-cambiemos-y-el-frente-renovador\/","og_site_name":"Noticias Radio Reflejos","article_published_time":"2016-10-19T23:43:39+00:00","og_image":[{"width":300,"height":200,"url":"https:\/\/www.noticiasradioreflejos.com.ar\/2021\/wp-content\/uploads\/2021\/07\/logosol300x200.png","type":"image\/png"}],"author":"Arnaldo Botto","twitter_card":"summary_large_image","schema":{"@context":"https:\/\/schema.org","@graph":[{"@type":"WebPage","@id":"https:\/\/www.noticiasradioreflejos.com.ar\/2021\/contra-la-cultura-del-patriarcado-de-cambiemos-y-el-frente-renovador\/","url":"https:\/\/www.noticiasradioreflejos.com.ar\/2021\/contra-la-cultura-del-patriarcado-de-cambiemos-y-el-frente-renovador\/","name":"Contra la cultura del patriarcado de Cambiemos y el Frente Renovador - Noticias Radio Reflejos","isPartOf":{"@id":"https:\/\/www.noticiasradioreflejos.com.ar\/2021\/#website"},"datePublished":"2016-10-19T23:43:39+00:00","author":{"@id":"https:\/\/www.noticiasradioreflejos.com.ar\/2021\/#\/schema\/person\/ad82545263dcc5ec0996818884fd5fb1"},"breadcrumb":{"@id":"https:\/\/www.noticiasradioreflejos.com.ar\/2021\/contra-la-cultura-del-patriarcado-de-cambiemos-y-el-frente-renovador\/#breadcrumb"},"inLanguage":"es","potentialAction":[{"@type":"ReadAction","target":["https:\/\/www.noticiasradioreflejos.com.ar\/2021\/contra-la-cultura-del-patriarcado-de-cambiemos-y-el-frente-renovador\/"]}]},{"@type":"BreadcrumbList","@id":"https:\/\/www.noticiasradioreflejos.com.ar\/2021\/contra-la-cultura-del-patriarcado-de-cambiemos-y-el-frente-renovador\/#breadcrumb","itemListElement":[{"@type":"ListItem","position":1,"name":"Portada","item":"https:\/\/www.noticiasradioreflejos.com.ar\/2021\/"},{"@type":"ListItem","position":2,"name":"Contra la cultura del patriarcado de Cambiemos y el Frente Renovador"}]},{"@type":"WebSite","@id":"https:\/\/www.noticiasradioreflejos.com.ar\/2021\/#website","url":"https:\/\/www.noticiasradioreflejos.com.ar\/2021\/","name":"Noticias Radio Reflejos","description":"Las noticias de mi comarca","potentialAction":[{"@type":"SearchAction","target":{"@type":"EntryPoint","urlTemplate":"https:\/\/www.noticiasradioreflejos.com.ar\/2021\/?s={search_term_string}"},"query-input":{"@type":"PropertyValueSpecification","valueRequired":true,"valueName":"search_term_string"}}],"inLanguage":"es"},{"@type":"Person","@id":"https:\/\/www.noticiasradioreflejos.com.ar\/2021\/#\/schema\/person\/ad82545263dcc5ec0996818884fd5fb1","name":"Arnaldo Botto","image":{"@type":"ImageObject","inLanguage":"es","@id":"https:\/\/www.noticiasradioreflejos.com.ar\/2021\/#\/schema\/person\/image\/","url":"https:\/\/secure.gravatar.com\/avatar\/55cb5e37c1efa326397366e6974cb338056df65cb50e7d64d1cf314e87504837?s=96&d=mm&r=g","contentUrl":"https:\/\/secure.gravatar.com\/avatar\/55cb5e37c1efa326397366e6974cb338056df65cb50e7d64d1cf314e87504837?s=96&d=mm&r=g","caption":"Arnaldo Botto"},"url":"https:\/\/www.noticiasradioreflejos.com.ar\/2021\/author\/arnaldo\/"}]}},"_links":{"self":[{"href":"https:\/\/www.noticiasradioreflejos.com.ar\/2021\/wp-json\/wp\/v2\/posts\/2563","targetHints":{"allow":["GET"]}}],"collection":[{"href":"https:\/\/www.noticiasradioreflejos.com.ar\/2021\/wp-json\/wp\/v2\/posts"}],"about":[{"href":"https:\/\/www.noticiasradioreflejos.com.ar\/2021\/wp-json\/wp\/v2\/types\/post"}],"author":[{"embeddable":true,"href":"https:\/\/www.noticiasradioreflejos.com.ar\/2021\/wp-json\/wp\/v2\/users\/3"}],"replies":[{"embeddable":true,"href":"https:\/\/www.noticiasradioreflejos.com.ar\/2021\/wp-json\/wp\/v2\/comments?post=2563"}],"version-history":[{"count":0,"href":"https:\/\/www.noticiasradioreflejos.com.ar\/2021\/wp-json\/wp\/v2\/posts\/2563\/revisions"}],"wp:attachment":[{"href":"https:\/\/www.noticiasradioreflejos.com.ar\/2021\/wp-json\/wp\/v2\/media?parent=2563"}],"wp:term":[{"taxonomy":"category","embeddable":true,"href":"https:\/\/www.noticiasradioreflejos.com.ar\/2021\/wp-json\/wp\/v2\/categories?post=2563"},{"taxonomy":"post_tag","embeddable":true,"href":"https:\/\/www.noticiasradioreflejos.com.ar\/2021\/wp-json\/wp\/v2\/tags?post=2563"}],"curies":[{"name":"wp","href":"https:\/\/api.w.org\/{rel}","templated":true}]}}