{"id":2554,"date":"2016-10-19T20:21:41","date_gmt":"2016-10-19T20:21:41","guid":{"rendered":"http:\/\/noticiasradioreflejos.com.ar\/noticias\/?p=2554"},"modified":"2016-10-19T20:21:41","modified_gmt":"2016-10-19T20:21:41","slug":"el-baby-futbol-de-automoto-continua-a-todo-ritmo","status":"publish","type":"post","link":"https:\/\/www.noticiasradioreflejos.com.ar\/2021\/el-baby-futbol-de-automoto-continua-a-todo-ritmo\/","title":{"rendered":"El Baby F\u00fatbol de Automoto contin\u00faa a todo ritmo."},"content":{"rendered":"<p><img loading=\"lazy\" decoding=\"async\" class=\"alignleft size-full wp-image-2556\" src=\"http:\/\/noticiasradioreflejos.com.ar\/noticias\/wp-content\/uploads\/2016\/10\/DSC_0132-1.jpg\" alt=\"DSC_0132-1\" width=\"960\" height=\"640\" \/>La categor\u00eda 2005-2006 cumpli\u00f3 su pen\u00faltima jornada de la cuarta edici\u00f3n del torneo de Baby F\u00fatbol que organiza el Automoto Club Deportivo y que se viene disputando en el Polideportivo \u201cMario Gandini\u201d, con la participaci\u00f3n de chicos en edad de Escuelita.<br \/>\nLos resultados, formaciones y goles de la jornada, se detallan a continuaci\u00f3n:<br \/>\nPartido N\u00ba 1<!--more--><br \/>\nGIMNASIO ALTURA (6): Ger\u00f3nimo Kugler, Rafael Molinero, Juan Wallace, Tom\u00e1s Graff, Vladimir Ibarra, Franco Labat y Lautaro Mazarini. DT: Juan Carlos Brugnieri.<br \/>\nGoles: Juan Wallace (2), Ger\u00f3nimo Kugler 3 y Franco Labat.<br \/>\nCICLES RODRIGUEZ (2): Luis Barrios, Lautaro Ferreira, El\u00edas Acu\u00f1a, Joaqu\u00edn Cisterna, Bautista Fretes, Santiago Fretes, Valent\u00edn Alric, Santi Binagui y Tom\u00e1s Obando. DT: Cristian Ferreira.<br \/>\nGoles: Valent\u00edn Alric (2).<br \/>\nPartido N\u00ba 2<br \/>\nAGUA ENVASADA SIERRAS DEL SOL (1): Mateo Bolletta, Juan Francisco C\u00f3nsoli, Ignacio Gonz\u00e1lez Aburto, Tom\u00e1s Aldecoa, Lautaro Sandoval, Dilan Roliezer y Axel Solano. DT: Maxi Gonz\u00e1lez Aburto.<br \/>\nGol: Lautaro Sandoval.<br \/>\nTRANSPORTE MARIO GANDINI (4): Tom\u00e1s Fuhr, Benjam\u00edn Schaffer, Juan \u00c1ngel Mu\u00f1oz, Genaro Gandini, Lucas Heckel, Sebasti\u00e1n Dobal, Francisco Buitrago, Ciro Vittori y Marcos Puca. DT: Nico Marzialetti\/Ignacio Gonda.<br \/>\nGoles: Tomas Fuhr, Benjam\u00edn Schaffer (2) y Genaro Gandini.<br \/>\nPartido N\u00ba 3<br \/>\nCONSTRUCCIONES DAVID (4): Tomas Oro\u00f1o, Agust\u00edn Villarreal, Mariano Fern\u00e1ndez, Emiliano Rubio, Guido David y Jerem\u00edas Solano. DT: Daniel David.<br \/>\nGoles: Tomas Oro\u00f1o (2), Guido David y Agust\u00edn Villarreal.<br \/>\nCICLES RODRIGUEZ (9): Luis Barrios, Lautaro Ferreira, El\u00edas Acu\u00f1a, Joaqu\u00edn Cisterna, Bautista Fretes, Santiago Fretes, Valent\u00edn Alric y Santi Binagui, Tom\u00e1s Obando. DT: Cristian Ferreira.<br \/>\nGoles: Valent\u00edn Alric (5), Lautaro Ferreira (2), El\u00edas Acu\u00f1a y Bautista Fretes.<br \/>\nPartido N\u00ba 4<br \/>\nTRANSPORTE MARIO GANDINI (2): Tom\u00e1s Fuhr, Benjam\u00edn Schaffer, Juan \u00c1ngel Mu\u00f1oz, Genaro Gandini, Lucas Heckel, Sebasti\u00e1n Dobal, Francisco Buitrago, Ciro Vittori y Marcos Puca. DT: Nico Marzialetti\/Ignacio Gonda.<br \/>\nGoles: Benjam\u00edn Schaffer y Tom\u00e1s Fuhr.<br \/>\nGIMNASIO ALTURA (9): Ger\u00f3nimo Kugler, Rafael Molinero, Juan Wallace, Tom\u00e1s Graff, Vladimir Ibarra, Franco Labat y Lautaro Mazarini. DT: Juan Carlos Brugnieri.<br \/>\nGoles: Franco Labat (2), Lautaro Mazarini, Rafael Molinero y Ger\u00f3nimo Kugler (5).<br \/>\nPartido N\u00ba 5<br \/>\nCONSTRUCCIONES DAVID (3): Tom\u00e1s Oro\u00f1o, Agust\u00edn Villarreal, Mariano Fern\u00e1ndez, Emiliano Rubio, Guido David y Jerem\u00edas Solano. DT: Daniel David.<br \/>\nGoles: Tom\u00e1s Oro\u00f1o (3).<br \/>\nAGUA ENVASADA SIERRA DEL SOL (11): Mateo Bolletta, Juan Francisco C\u00f3nsoli, Ignacio Gonz\u00e1lez Aburto, Tom\u00e1s Aldecoa, Lautaro Sandoval, Dilan Roliezer y Axel Solano. DT: Maxi Gonz\u00e1lez Aburto.<br \/>\nGoles: Lautaro Sandobal (2), Dilan Roliezer (4), Mateo Bolletta, Ignacio Gonz\u00e1lez Aburto y Tom\u00e1s Aldecoa (3).<br \/>\nPR\u00d3XIMA FECHA<br \/>\nSe disputar\u00e1 este viernes (21 del corriente), con los siguientes partidos pertenecientes a la categor\u00eda 2007-08:<br \/>\n19.35 horas: Almac\u00e9n Teo-La Vieja Esquina.<br \/>\n20.20 horas: Mercadito Las Mar\u00edas-Rotiser\u00eda La Maruca.<br \/>\n21 horas: Almac\u00e9n Teo-Rotiser\u00eda La Maruca.<br \/>\n21.45 horas: La Vieja Esquina-Mercadito Las Mar\u00edas.<\/p>\n","protected":false},"excerpt":{"rendered":"<p>La categor\u00eda 2005-2006 cumpli\u00f3 su pen\u00faltima jornada de la cuarta edici\u00f3n del torneo de Baby F\u00fatbol que organiza el Automoto Club Deportivo y que se viene disputando en el Polideportivo \u201cMario Gandini\u201d, con la participaci\u00f3n de chicos en edad de Escuelita. Los resultados, formaciones y goles de la jornada, se detallan a continuaci\u00f3n: Partido N\u00ba [&hellip;]<\/p>\n","protected":false},"author":3,"featured_media":0,"comment_status":"closed","ping_status":"open","sticky":false,"template":"","format":"standard","meta":{"footnotes":""},"categories":[27],"tags":[],"class_list":["post-2554","post","type-post","status-publish","format-standard","hentry","category-deportes"],"yoast_head":"<!-- This site is optimized with the Yoast SEO plugin v25.9 - https:\/\/yoast.com\/wordpress\/plugins\/seo\/ -->\n<title>El Baby F\u00fatbol de Automoto contin\u00faa a todo ritmo. - Noticias Radio Reflejos<\/title>\n<meta name=\"robots\" content=\"index, follow, max-snippet:-1, max-image-preview:large, max-video-preview:-1\" \/>\n<link rel=\"canonical\" href=\"https:\/\/www.noticiasradioreflejos.com.ar\/2021\/el-baby-futbol-de-automoto-continua-a-todo-ritmo\/\" \/>\n<meta property=\"og:locale\" content=\"es_ES\" \/>\n<meta property=\"og:type\" content=\"article\" \/>\n<meta property=\"og:title\" content=\"El Baby F\u00fatbol de Automoto contin\u00faa a todo ritmo. - Noticias Radio Reflejos\" \/>\n<meta property=\"og:description\" content=\"La categor\u00eda 2005-2006 cumpli\u00f3 su pen\u00faltima jornada de la cuarta edici\u00f3n del torneo de Baby F\u00fatbol que organiza el Automoto Club Deportivo y que se viene disputando en el Polideportivo \u201cMario Gandini\u201d, con la participaci\u00f3n de chicos en edad de Escuelita. Los resultados, formaciones y goles de la jornada, se detallan a continuaci\u00f3n: Partido N\u00ba [&hellip;]\" \/>\n<meta property=\"og:url\" content=\"https:\/\/www.noticiasradioreflejos.com.ar\/2021\/el-baby-futbol-de-automoto-continua-a-todo-ritmo\/\" \/>\n<meta property=\"og:site_name\" content=\"Noticias Radio Reflejos\" \/>\n<meta property=\"article:published_time\" content=\"2016-10-19T20:21:41+00:00\" \/>\n<meta property=\"og:image\" content=\"https:\/\/www.noticiasradioreflejos.com.ar\/2021\/wp-content\/uploads\/2021\/07\/logosol300x200.png\" \/>\n\t<meta property=\"og:image:width\" content=\"300\" \/>\n\t<meta property=\"og:image:height\" content=\"200\" \/>\n\t<meta property=\"og:image:type\" content=\"image\/png\" \/>\n<meta name=\"author\" content=\"Arnaldo Botto\" \/>\n<meta name=\"twitter:card\" content=\"summary_large_image\" \/>\n<script type=\"application\/ld+json\" class=\"yoast-schema-graph\">{\"@context\":\"https:\/\/schema.org\",\"@graph\":[{\"@type\":\"WebPage\",\"@id\":\"https:\/\/www.noticiasradioreflejos.com.ar\/2021\/el-baby-futbol-de-automoto-continua-a-todo-ritmo\/\",\"url\":\"https:\/\/www.noticiasradioreflejos.com.ar\/2021\/el-baby-futbol-de-automoto-continua-a-todo-ritmo\/\",\"name\":\"El Baby F\u00fatbol de Automoto contin\u00faa a todo ritmo. - Noticias Radio Reflejos\",\"isPartOf\":{\"@id\":\"https:\/\/www.noticiasradioreflejos.com.ar\/2021\/#website\"},\"primaryImageOfPage\":{\"@id\":\"https:\/\/www.noticiasradioreflejos.com.ar\/2021\/el-baby-futbol-de-automoto-continua-a-todo-ritmo\/#primaryimage\"},\"image\":{\"@id\":\"https:\/\/www.noticiasradioreflejos.com.ar\/2021\/el-baby-futbol-de-automoto-continua-a-todo-ritmo\/#primaryimage\"},\"thumbnailUrl\":\"http:\/\/noticiasradioreflejos.com.ar\/noticias\/wp-content\/uploads\/2016\/10\/DSC_0132-1.jpg\",\"datePublished\":\"2016-10-19T20:21:41+00:00\",\"author\":{\"@id\":\"https:\/\/www.noticiasradioreflejos.com.ar\/2021\/#\/schema\/person\/ad82545263dcc5ec0996818884fd5fb1\"},\"breadcrumb\":{\"@id\":\"https:\/\/www.noticiasradioreflejos.com.ar\/2021\/el-baby-futbol-de-automoto-continua-a-todo-ritmo\/#breadcrumb\"},\"inLanguage\":\"es\",\"potentialAction\":[{\"@type\":\"ReadAction\",\"target\":[\"https:\/\/www.noticiasradioreflejos.com.ar\/2021\/el-baby-futbol-de-automoto-continua-a-todo-ritmo\/\"]}]},{\"@type\":\"ImageObject\",\"inLanguage\":\"es\",\"@id\":\"https:\/\/www.noticiasradioreflejos.com.ar\/2021\/el-baby-futbol-de-automoto-continua-a-todo-ritmo\/#primaryimage\",\"url\":\"http:\/\/noticiasradioreflejos.com.ar\/noticias\/wp-content\/uploads\/2016\/10\/DSC_0132-1.jpg\",\"contentUrl\":\"http:\/\/noticiasradioreflejos.com.ar\/noticias\/wp-content\/uploads\/2016\/10\/DSC_0132-1.jpg\"},{\"@type\":\"BreadcrumbList\",\"@id\":\"https:\/\/www.noticiasradioreflejos.com.ar\/2021\/el-baby-futbol-de-automoto-continua-a-todo-ritmo\/#breadcrumb\",\"itemListElement\":[{\"@type\":\"ListItem\",\"position\":1,\"name\":\"Portada\",\"item\":\"https:\/\/www.noticiasradioreflejos.com.ar\/2021\/\"},{\"@type\":\"ListItem\",\"position\":2,\"name\":\"El Baby F\u00fatbol de Automoto contin\u00faa a todo ritmo.\"}]},{\"@type\":\"WebSite\",\"@id\":\"https:\/\/www.noticiasradioreflejos.com.ar\/2021\/#website\",\"url\":\"https:\/\/www.noticiasradioreflejos.com.ar\/2021\/\",\"name\":\"Noticias Radio Reflejos\",\"description\":\"Las noticias de mi comarca\",\"potentialAction\":[{\"@type\":\"SearchAction\",\"target\":{\"@type\":\"EntryPoint\",\"urlTemplate\":\"https:\/\/www.noticiasradioreflejos.com.ar\/2021\/?s={search_term_string}\"},\"query-input\":{\"@type\":\"PropertyValueSpecification\",\"valueRequired\":true,\"valueName\":\"search_term_string\"}}],\"inLanguage\":\"es\"},{\"@type\":\"Person\",\"@id\":\"https:\/\/www.noticiasradioreflejos.com.ar\/2021\/#\/schema\/person\/ad82545263dcc5ec0996818884fd5fb1\",\"name\":\"Arnaldo Botto\",\"image\":{\"@type\":\"ImageObject\",\"inLanguage\":\"es\",\"@id\":\"https:\/\/www.noticiasradioreflejos.com.ar\/2021\/#\/schema\/person\/image\/\",\"url\":\"https:\/\/secure.gravatar.com\/avatar\/55cb5e37c1efa326397366e6974cb338056df65cb50e7d64d1cf314e87504837?s=96&d=mm&r=g\",\"contentUrl\":\"https:\/\/secure.gravatar.com\/avatar\/55cb5e37c1efa326397366e6974cb338056df65cb50e7d64d1cf314e87504837?s=96&d=mm&r=g\",\"caption\":\"Arnaldo Botto\"},\"url\":\"https:\/\/www.noticiasradioreflejos.com.ar\/2021\/author\/arnaldo\/\"}]}<\/script>\n<!-- \/ Yoast SEO plugin. -->","yoast_head_json":{"title":"El Baby F\u00fatbol de Automoto contin\u00faa a todo ritmo. - Noticias Radio Reflejos","robots":{"index":"index","follow":"follow","max-snippet":"max-snippet:-1","max-image-preview":"max-image-preview:large","max-video-preview":"max-video-preview:-1"},"canonical":"https:\/\/www.noticiasradioreflejos.com.ar\/2021\/el-baby-futbol-de-automoto-continua-a-todo-ritmo\/","og_locale":"es_ES","og_type":"article","og_title":"El Baby F\u00fatbol de Automoto contin\u00faa a todo ritmo. - Noticias Radio Reflejos","og_description":"La categor\u00eda 2005-2006 cumpli\u00f3 su pen\u00faltima jornada de la cuarta edici\u00f3n del torneo de Baby F\u00fatbol que organiza el Automoto Club Deportivo y que se viene disputando en el Polideportivo \u201cMario Gandini\u201d, con la participaci\u00f3n de chicos en edad de Escuelita. Los resultados, formaciones y goles de la jornada, se detallan a continuaci\u00f3n: Partido N\u00ba [&hellip;]","og_url":"https:\/\/www.noticiasradioreflejos.com.ar\/2021\/el-baby-futbol-de-automoto-continua-a-todo-ritmo\/","og_site_name":"Noticias Radio Reflejos","article_published_time":"2016-10-19T20:21:41+00:00","og_image":[{"width":300,"height":200,"url":"https:\/\/www.noticiasradioreflejos.com.ar\/2021\/wp-content\/uploads\/2021\/07\/logosol300x200.png","type":"image\/png"}],"author":"Arnaldo Botto","twitter_card":"summary_large_image","schema":{"@context":"https:\/\/schema.org","@graph":[{"@type":"WebPage","@id":"https:\/\/www.noticiasradioreflejos.com.ar\/2021\/el-baby-futbol-de-automoto-continua-a-todo-ritmo\/","url":"https:\/\/www.noticiasradioreflejos.com.ar\/2021\/el-baby-futbol-de-automoto-continua-a-todo-ritmo\/","name":"El Baby F\u00fatbol de Automoto contin\u00faa a todo ritmo. - Noticias Radio Reflejos","isPartOf":{"@id":"https:\/\/www.noticiasradioreflejos.com.ar\/2021\/#website"},"primaryImageOfPage":{"@id":"https:\/\/www.noticiasradioreflejos.com.ar\/2021\/el-baby-futbol-de-automoto-continua-a-todo-ritmo\/#primaryimage"},"image":{"@id":"https:\/\/www.noticiasradioreflejos.com.ar\/2021\/el-baby-futbol-de-automoto-continua-a-todo-ritmo\/#primaryimage"},"thumbnailUrl":"http:\/\/noticiasradioreflejos.com.ar\/noticias\/wp-content\/uploads\/2016\/10\/DSC_0132-1.jpg","datePublished":"2016-10-19T20:21:41+00:00","author":{"@id":"https:\/\/www.noticiasradioreflejos.com.ar\/2021\/#\/schema\/person\/ad82545263dcc5ec0996818884fd5fb1"},"breadcrumb":{"@id":"https:\/\/www.noticiasradioreflejos.com.ar\/2021\/el-baby-futbol-de-automoto-continua-a-todo-ritmo\/#breadcrumb"},"inLanguage":"es","potentialAction":[{"@type":"ReadAction","target":["https:\/\/www.noticiasradioreflejos.com.ar\/2021\/el-baby-futbol-de-automoto-continua-a-todo-ritmo\/"]}]},{"@type":"ImageObject","inLanguage":"es","@id":"https:\/\/www.noticiasradioreflejos.com.ar\/2021\/el-baby-futbol-de-automoto-continua-a-todo-ritmo\/#primaryimage","url":"http:\/\/noticiasradioreflejos.com.ar\/noticias\/wp-content\/uploads\/2016\/10\/DSC_0132-1.jpg","contentUrl":"http:\/\/noticiasradioreflejos.com.ar\/noticias\/wp-content\/uploads\/2016\/10\/DSC_0132-1.jpg"},{"@type":"BreadcrumbList","@id":"https:\/\/www.noticiasradioreflejos.com.ar\/2021\/el-baby-futbol-de-automoto-continua-a-todo-ritmo\/#breadcrumb","itemListElement":[{"@type":"ListItem","position":1,"name":"Portada","item":"https:\/\/www.noticiasradioreflejos.com.ar\/2021\/"},{"@type":"ListItem","position":2,"name":"El Baby F\u00fatbol de Automoto contin\u00faa a todo ritmo."}]},{"@type":"WebSite","@id":"https:\/\/www.noticiasradioreflejos.com.ar\/2021\/#website","url":"https:\/\/www.noticiasradioreflejos.com.ar\/2021\/","name":"Noticias Radio Reflejos","description":"Las noticias de mi comarca","potentialAction":[{"@type":"SearchAction","target":{"@type":"EntryPoint","urlTemplate":"https:\/\/www.noticiasradioreflejos.com.ar\/2021\/?s={search_term_string}"},"query-input":{"@type":"PropertyValueSpecification","valueRequired":true,"valueName":"search_term_string"}}],"inLanguage":"es"},{"@type":"Person","@id":"https:\/\/www.noticiasradioreflejos.com.ar\/2021\/#\/schema\/person\/ad82545263dcc5ec0996818884fd5fb1","name":"Arnaldo Botto","image":{"@type":"ImageObject","inLanguage":"es","@id":"https:\/\/www.noticiasradioreflejos.com.ar\/2021\/#\/schema\/person\/image\/","url":"https:\/\/secure.gravatar.com\/avatar\/55cb5e37c1efa326397366e6974cb338056df65cb50e7d64d1cf314e87504837?s=96&d=mm&r=g","contentUrl":"https:\/\/secure.gravatar.com\/avatar\/55cb5e37c1efa326397366e6974cb338056df65cb50e7d64d1cf314e87504837?s=96&d=mm&r=g","caption":"Arnaldo Botto"},"url":"https:\/\/www.noticiasradioreflejos.com.ar\/2021\/author\/arnaldo\/"}]}},"_links":{"self":[{"href":"https:\/\/www.noticiasradioreflejos.com.ar\/2021\/wp-json\/wp\/v2\/posts\/2554","targetHints":{"allow":["GET"]}}],"collection":[{"href":"https:\/\/www.noticiasradioreflejos.com.ar\/2021\/wp-json\/wp\/v2\/posts"}],"about":[{"href":"https:\/\/www.noticiasradioreflejos.com.ar\/2021\/wp-json\/wp\/v2\/types\/post"}],"author":[{"embeddable":true,"href":"https:\/\/www.noticiasradioreflejos.com.ar\/2021\/wp-json\/wp\/v2\/users\/3"}],"replies":[{"embeddable":true,"href":"https:\/\/www.noticiasradioreflejos.com.ar\/2021\/wp-json\/wp\/v2\/comments?post=2554"}],"version-history":[{"count":0,"href":"https:\/\/www.noticiasradioreflejos.com.ar\/2021\/wp-json\/wp\/v2\/posts\/2554\/revisions"}],"wp:attachment":[{"href":"https:\/\/www.noticiasradioreflejos.com.ar\/2021\/wp-json\/wp\/v2\/media?parent=2554"}],"wp:term":[{"taxonomy":"category","embeddable":true,"href":"https:\/\/www.noticiasradioreflejos.com.ar\/2021\/wp-json\/wp\/v2\/categories?post=2554"},{"taxonomy":"post_tag","embeddable":true,"href":"https:\/\/www.noticiasradioreflejos.com.ar\/2021\/wp-json\/wp\/v2\/tags?post=2554"}],"curies":[{"name":"wp","href":"https:\/\/api.w.org\/{rel}","templated":true}]}}