{"id":2546,"date":"2016-10-19T15:50:15","date_gmt":"2016-10-19T15:50:15","guid":{"rendered":"http:\/\/noticiasradioreflejos.com.ar\/noticias\/?p=2546"},"modified":"2016-10-19T15:50:15","modified_gmt":"2016-10-19T15:50:15","slug":"bordoni-firmo-convenio-con-la-nacion-para-comprar-maquinaria","status":"publish","type":"post","link":"https:\/\/www.noticiasradioreflejos.com.ar\/2021\/bordoni-firmo-convenio-con-la-nacion-para-comprar-maquinaria\/","title":{"rendered":"Bordoni firm\u00f3 convenio con la Naci\u00f3n para comprar maquinaria"},"content":{"rendered":"<p>El intendente municipal, Sergio Bordoni firm\u00f3 en el d\u00eda de ayer un convenio de Mejoras de Atenci\u00f3n al Ciudadano en el Ministerio del Interior de la Naci\u00f3n, junto al Subsecretario de Gesti\u00f3n Municipal, Lucas Delfino, el Director de Relaciones Interministeriales, Manuel Chavarr\u00eda.<br \/>\nEl objetivo de dicho convenio es generar la capacidad del municipio de abastecerse de maquinarias de suma necesidad para el distrito, para que cada uno de los vecinos de las localidades, encuentren orden y limpieza en las mismas.<!--more--><br \/>\nEl jefe comunal se mostr\u00f3 muy entusiasmado por continuar estrechando v\u00ednculos con la Naci\u00f3n, que benefician directamente a los servicios brindados a los vecinos de cada una de las localidades de nuestro distrito. Tambi\u00e9n resalt\u00f3 que es importante trabajar mancomunadamente con el gobierno provincial y nacional, ya que de esta manera devendr\u00e1 en mejoras para nuestra comunidad.<br \/>\nPor su parte el Subsecretario Delfino coment\u00f3 \u201cNuestra prioridad es generar dialogo y escuchar a los Intendentes que son los que conocen de cerca lo que pasa en el barrio. Sabemos de d\u00f3nde venimos, donde estamos y a d\u00f3nde queremos ir, apostamos a una Argentina que se basa en Pol\u00edticas Publicas moldeadas a la necesidad de cada zona. En esta semana tenemos tres firmas m\u00e1s de este tipo de convenio, y nos enorgullece poner nuestro granito de arena para afianzar la relaci\u00f3n municipio-vecino, para trabajar todos juntos de manera satisfactoria\u201d<\/p>\n","protected":false},"excerpt":{"rendered":"<p>El intendente municipal, Sergio Bordoni firm\u00f3 en el d\u00eda de ayer un convenio de Mejoras de Atenci\u00f3n al Ciudadano en el Ministerio del Interior de la Naci\u00f3n, junto al Subsecretario de Gesti\u00f3n Municipal, Lucas Delfino, el Director de Relaciones Interministeriales, Manuel Chavarr\u00eda. El objetivo de dicho convenio es generar la capacidad del municipio de abastecerse [&hellip;]<\/p>\n","protected":false},"author":3,"featured_media":0,"comment_status":"closed","ping_status":"open","sticky":false,"template":"","format":"standard","meta":{"footnotes":""},"categories":[28],"tags":[],"class_list":["post-2546","post","type-post","status-publish","format-standard","hentry","category-municipales"],"yoast_head":"<!-- This site is optimized with the Yoast SEO plugin v25.9 - https:\/\/yoast.com\/wordpress\/plugins\/seo\/ -->\n<title>Bordoni firm\u00f3 convenio con la Naci\u00f3n para comprar maquinaria - Noticias Radio Reflejos<\/title>\n<meta name=\"robots\" content=\"index, follow, max-snippet:-1, max-image-preview:large, max-video-preview:-1\" \/>\n<link rel=\"canonical\" href=\"https:\/\/www.noticiasradioreflejos.com.ar\/2021\/bordoni-firmo-convenio-con-la-nacion-para-comprar-maquinaria\/\" \/>\n<meta property=\"og:locale\" content=\"es_ES\" \/>\n<meta property=\"og:type\" content=\"article\" \/>\n<meta property=\"og:title\" content=\"Bordoni firm\u00f3 convenio con la Naci\u00f3n para comprar maquinaria - Noticias Radio Reflejos\" \/>\n<meta property=\"og:description\" content=\"El intendente municipal, Sergio Bordoni firm\u00f3 en el d\u00eda de ayer un convenio de Mejoras de Atenci\u00f3n al Ciudadano en el Ministerio del Interior de la Naci\u00f3n, junto al Subsecretario de Gesti\u00f3n Municipal, Lucas Delfino, el Director de Relaciones Interministeriales, Manuel Chavarr\u00eda. El objetivo de dicho convenio es generar la capacidad del municipio de abastecerse [&hellip;]\" \/>\n<meta property=\"og:url\" content=\"https:\/\/www.noticiasradioreflejos.com.ar\/2021\/bordoni-firmo-convenio-con-la-nacion-para-comprar-maquinaria\/\" \/>\n<meta property=\"og:site_name\" content=\"Noticias Radio Reflejos\" \/>\n<meta property=\"article:published_time\" content=\"2016-10-19T15:50:15+00:00\" \/>\n<meta property=\"og:image\" content=\"https:\/\/www.noticiasradioreflejos.com.ar\/2021\/wp-content\/uploads\/2021\/07\/logosol300x200.png\" \/>\n\t<meta property=\"og:image:width\" content=\"300\" \/>\n\t<meta property=\"og:image:height\" content=\"200\" \/>\n\t<meta property=\"og:image:type\" content=\"image\/png\" \/>\n<meta name=\"author\" content=\"Arnaldo Botto\" \/>\n<meta name=\"twitter:card\" content=\"summary_large_image\" \/>\n<script type=\"application\/ld+json\" class=\"yoast-schema-graph\">{\"@context\":\"https:\/\/schema.org\",\"@graph\":[{\"@type\":\"WebPage\",\"@id\":\"https:\/\/www.noticiasradioreflejos.com.ar\/2021\/bordoni-firmo-convenio-con-la-nacion-para-comprar-maquinaria\/\",\"url\":\"https:\/\/www.noticiasradioreflejos.com.ar\/2021\/bordoni-firmo-convenio-con-la-nacion-para-comprar-maquinaria\/\",\"name\":\"Bordoni firm\u00f3 convenio con la Naci\u00f3n para comprar maquinaria - Noticias Radio Reflejos\",\"isPartOf\":{\"@id\":\"https:\/\/www.noticiasradioreflejos.com.ar\/2021\/#website\"},\"datePublished\":\"2016-10-19T15:50:15+00:00\",\"author\":{\"@id\":\"https:\/\/www.noticiasradioreflejos.com.ar\/2021\/#\/schema\/person\/ad82545263dcc5ec0996818884fd5fb1\"},\"breadcrumb\":{\"@id\":\"https:\/\/www.noticiasradioreflejos.com.ar\/2021\/bordoni-firmo-convenio-con-la-nacion-para-comprar-maquinaria\/#breadcrumb\"},\"inLanguage\":\"es\",\"potentialAction\":[{\"@type\":\"ReadAction\",\"target\":[\"https:\/\/www.noticiasradioreflejos.com.ar\/2021\/bordoni-firmo-convenio-con-la-nacion-para-comprar-maquinaria\/\"]}]},{\"@type\":\"BreadcrumbList\",\"@id\":\"https:\/\/www.noticiasradioreflejos.com.ar\/2021\/bordoni-firmo-convenio-con-la-nacion-para-comprar-maquinaria\/#breadcrumb\",\"itemListElement\":[{\"@type\":\"ListItem\",\"position\":1,\"name\":\"Portada\",\"item\":\"https:\/\/www.noticiasradioreflejos.com.ar\/2021\/\"},{\"@type\":\"ListItem\",\"position\":2,\"name\":\"Bordoni firm\u00f3 convenio con la Naci\u00f3n para comprar maquinaria\"}]},{\"@type\":\"WebSite\",\"@id\":\"https:\/\/www.noticiasradioreflejos.com.ar\/2021\/#website\",\"url\":\"https:\/\/www.noticiasradioreflejos.com.ar\/2021\/\",\"name\":\"Noticias Radio Reflejos\",\"description\":\"Las noticias de mi comarca\",\"potentialAction\":[{\"@type\":\"SearchAction\",\"target\":{\"@type\":\"EntryPoint\",\"urlTemplate\":\"https:\/\/www.noticiasradioreflejos.com.ar\/2021\/?s={search_term_string}\"},\"query-input\":{\"@type\":\"PropertyValueSpecification\",\"valueRequired\":true,\"valueName\":\"search_term_string\"}}],\"inLanguage\":\"es\"},{\"@type\":\"Person\",\"@id\":\"https:\/\/www.noticiasradioreflejos.com.ar\/2021\/#\/schema\/person\/ad82545263dcc5ec0996818884fd5fb1\",\"name\":\"Arnaldo Botto\",\"image\":{\"@type\":\"ImageObject\",\"inLanguage\":\"es\",\"@id\":\"https:\/\/www.noticiasradioreflejos.com.ar\/2021\/#\/schema\/person\/image\/\",\"url\":\"https:\/\/secure.gravatar.com\/avatar\/55cb5e37c1efa326397366e6974cb338056df65cb50e7d64d1cf314e87504837?s=96&d=mm&r=g\",\"contentUrl\":\"https:\/\/secure.gravatar.com\/avatar\/55cb5e37c1efa326397366e6974cb338056df65cb50e7d64d1cf314e87504837?s=96&d=mm&r=g\",\"caption\":\"Arnaldo Botto\"},\"url\":\"https:\/\/www.noticiasradioreflejos.com.ar\/2021\/author\/arnaldo\/\"}]}<\/script>\n<!-- \/ Yoast SEO plugin. -->","yoast_head_json":{"title":"Bordoni firm\u00f3 convenio con la Naci\u00f3n para comprar maquinaria - Noticias Radio Reflejos","robots":{"index":"index","follow":"follow","max-snippet":"max-snippet:-1","max-image-preview":"max-image-preview:large","max-video-preview":"max-video-preview:-1"},"canonical":"https:\/\/www.noticiasradioreflejos.com.ar\/2021\/bordoni-firmo-convenio-con-la-nacion-para-comprar-maquinaria\/","og_locale":"es_ES","og_type":"article","og_title":"Bordoni firm\u00f3 convenio con la Naci\u00f3n para comprar maquinaria - Noticias Radio Reflejos","og_description":"El intendente municipal, Sergio Bordoni firm\u00f3 en el d\u00eda de ayer un convenio de Mejoras de Atenci\u00f3n al Ciudadano en el Ministerio del Interior de la Naci\u00f3n, junto al Subsecretario de Gesti\u00f3n Municipal, Lucas Delfino, el Director de Relaciones Interministeriales, Manuel Chavarr\u00eda. El objetivo de dicho convenio es generar la capacidad del municipio de abastecerse [&hellip;]","og_url":"https:\/\/www.noticiasradioreflejos.com.ar\/2021\/bordoni-firmo-convenio-con-la-nacion-para-comprar-maquinaria\/","og_site_name":"Noticias Radio Reflejos","article_published_time":"2016-10-19T15:50:15+00:00","og_image":[{"width":300,"height":200,"url":"https:\/\/www.noticiasradioreflejos.com.ar\/2021\/wp-content\/uploads\/2021\/07\/logosol300x200.png","type":"image\/png"}],"author":"Arnaldo Botto","twitter_card":"summary_large_image","schema":{"@context":"https:\/\/schema.org","@graph":[{"@type":"WebPage","@id":"https:\/\/www.noticiasradioreflejos.com.ar\/2021\/bordoni-firmo-convenio-con-la-nacion-para-comprar-maquinaria\/","url":"https:\/\/www.noticiasradioreflejos.com.ar\/2021\/bordoni-firmo-convenio-con-la-nacion-para-comprar-maquinaria\/","name":"Bordoni firm\u00f3 convenio con la Naci\u00f3n para comprar maquinaria - Noticias Radio Reflejos","isPartOf":{"@id":"https:\/\/www.noticiasradioreflejos.com.ar\/2021\/#website"},"datePublished":"2016-10-19T15:50:15+00:00","author":{"@id":"https:\/\/www.noticiasradioreflejos.com.ar\/2021\/#\/schema\/person\/ad82545263dcc5ec0996818884fd5fb1"},"breadcrumb":{"@id":"https:\/\/www.noticiasradioreflejos.com.ar\/2021\/bordoni-firmo-convenio-con-la-nacion-para-comprar-maquinaria\/#breadcrumb"},"inLanguage":"es","potentialAction":[{"@type":"ReadAction","target":["https:\/\/www.noticiasradioreflejos.com.ar\/2021\/bordoni-firmo-convenio-con-la-nacion-para-comprar-maquinaria\/"]}]},{"@type":"BreadcrumbList","@id":"https:\/\/www.noticiasradioreflejos.com.ar\/2021\/bordoni-firmo-convenio-con-la-nacion-para-comprar-maquinaria\/#breadcrumb","itemListElement":[{"@type":"ListItem","position":1,"name":"Portada","item":"https:\/\/www.noticiasradioreflejos.com.ar\/2021\/"},{"@type":"ListItem","position":2,"name":"Bordoni firm\u00f3 convenio con la Naci\u00f3n para comprar maquinaria"}]},{"@type":"WebSite","@id":"https:\/\/www.noticiasradioreflejos.com.ar\/2021\/#website","url":"https:\/\/www.noticiasradioreflejos.com.ar\/2021\/","name":"Noticias Radio Reflejos","description":"Las noticias de mi comarca","potentialAction":[{"@type":"SearchAction","target":{"@type":"EntryPoint","urlTemplate":"https:\/\/www.noticiasradioreflejos.com.ar\/2021\/?s={search_term_string}"},"query-input":{"@type":"PropertyValueSpecification","valueRequired":true,"valueName":"search_term_string"}}],"inLanguage":"es"},{"@type":"Person","@id":"https:\/\/www.noticiasradioreflejos.com.ar\/2021\/#\/schema\/person\/ad82545263dcc5ec0996818884fd5fb1","name":"Arnaldo Botto","image":{"@type":"ImageObject","inLanguage":"es","@id":"https:\/\/www.noticiasradioreflejos.com.ar\/2021\/#\/schema\/person\/image\/","url":"https:\/\/secure.gravatar.com\/avatar\/55cb5e37c1efa326397366e6974cb338056df65cb50e7d64d1cf314e87504837?s=96&d=mm&r=g","contentUrl":"https:\/\/secure.gravatar.com\/avatar\/55cb5e37c1efa326397366e6974cb338056df65cb50e7d64d1cf314e87504837?s=96&d=mm&r=g","caption":"Arnaldo Botto"},"url":"https:\/\/www.noticiasradioreflejos.com.ar\/2021\/author\/arnaldo\/"}]}},"_links":{"self":[{"href":"https:\/\/www.noticiasradioreflejos.com.ar\/2021\/wp-json\/wp\/v2\/posts\/2546","targetHints":{"allow":["GET"]}}],"collection":[{"href":"https:\/\/www.noticiasradioreflejos.com.ar\/2021\/wp-json\/wp\/v2\/posts"}],"about":[{"href":"https:\/\/www.noticiasradioreflejos.com.ar\/2021\/wp-json\/wp\/v2\/types\/post"}],"author":[{"embeddable":true,"href":"https:\/\/www.noticiasradioreflejos.com.ar\/2021\/wp-json\/wp\/v2\/users\/3"}],"replies":[{"embeddable":true,"href":"https:\/\/www.noticiasradioreflejos.com.ar\/2021\/wp-json\/wp\/v2\/comments?post=2546"}],"version-history":[{"count":0,"href":"https:\/\/www.noticiasradioreflejos.com.ar\/2021\/wp-json\/wp\/v2\/posts\/2546\/revisions"}],"wp:attachment":[{"href":"https:\/\/www.noticiasradioreflejos.com.ar\/2021\/wp-json\/wp\/v2\/media?parent=2546"}],"wp:term":[{"taxonomy":"category","embeddable":true,"href":"https:\/\/www.noticiasradioreflejos.com.ar\/2021\/wp-json\/wp\/v2\/categories?post=2546"},{"taxonomy":"post_tag","embeddable":true,"href":"https:\/\/www.noticiasradioreflejos.com.ar\/2021\/wp-json\/wp\/v2\/tags?post=2546"}],"curies":[{"name":"wp","href":"https:\/\/api.w.org\/{rel}","templated":true}]}}