{"id":2541,"date":"2016-10-19T15:07:42","date_gmt":"2016-10-19T15:07:42","guid":{"rendered":"http:\/\/noticiasradioreflejos.com.ar\/noticias\/?p=2541"},"modified":"2016-10-19T15:07:42","modified_gmt":"2016-10-19T15:07:42","slug":"tornquist-sin-obras-de-la-provincia-para-el-2017","status":"publish","type":"post","link":"https:\/\/www.noticiasradioreflejos.com.ar\/2021\/tornquist-sin-obras-de-la-provincia-para-el-2017\/","title":{"rendered":"TORNQUIST: Sin obras de la Provincia para el 2017"},"content":{"rendered":"<p><strong>Nota de Opini\u00f3n de Carlos Dana:<\/strong><br \/>\nMucho se ha hablado en estos \u00faltimos d\u00edas sobre las obras y las mejoras que se llevar\u00e1n a cabo durante el 2017 en la Provincia de Buenos Aires, cuyo extenso listado ha llegado a la Legislatura Provincial con la presentaci\u00f3n de la Ley de Presupuesto enviado por la gobernadora Vidal.<br \/>\nHace pocos d\u00edas, incluso, los diarios locales utilizaron sus espacios para ponderar los logros que se quer\u00edan alcanzar, mencionando que se hab\u00edan tomado en cuenta \u201clas necesidades reales de los bonaerenses\u201d y que se ha priorizado la inversi\u00f3n p\u00fablica promoviendo el desarrollo y la inclusi\u00f3n social.<br \/>\nNo obstante y lamentablemente, parece que nuestro Distrito no adolece de necesidades reales ya que Tornquist no tiene asignada ninguna obra provincial para el a\u00f1o venidero o, por lo menos, eso es lo que se desprende del listado de obras enviado a la legislatura bonaerense por Vidal en el marco del presupuesto para el 2017 el cual asciende a 522 mil millones de pesos.<br \/>\nEn ese monto se incluyen 826 obras p\u00fablicas, de las cuales 442 son nuevas, por un total de 13.042 millones de pesos. <!--more-->Por ejemplos, en obras de agua potable, saneamiento y control de inundaciones se proyectan 215 por un total de 9.389 millones de pesos. En obras de infraestructura productiva (transporte y energ\u00eda, entre otras), se estima un total de 28 obras con una inversi\u00f3n de 1.578 millones de pesos. Y de esos montos, no surgen ni siquiera una sola obra para el Distrito de Tornquist.<br \/>\nNos preguntamos entonces: \u00bfNo se van a construir las viviendas sociales prometidas para el Distrito? \u00bfQu\u00e9 pasa con las falencias de los edificios de Direcci\u00f3n de Escuelas, las ampliaciones y remodelaciones de las dependencias de Polic\u00eda; los basurales a cielo abierto de Sierra de la Ventana y la ciudad cabecera; la Terminal de Omnibus en Sierra de la Ventana, los accesos, la limpieza de los aireadores de la planta de ABSA; la limpieza de los cauces de r\u00edos y arroyos que atraviesan nuestra geograf\u00eda; la tan necesaria obra de ampliaci\u00f3n de la sub estaci\u00f3n de energ\u00eda para Sierra de la Ventana, entre otras demandas que llevan a\u00f1os siendo presentadas.? Todas obras prometidas y necesarias, pero en los proyectos 2017 de la Provincia, no est\u00e1n contempladas.<br \/>\nVariadas han sido las promesas de campa\u00f1a del, hoy, Sr. Intendente pero, al parecer, algunos Distritos debemos seguir esperando para un verdadero cambio.<br \/>\nLic. Carlos M. Dana<br \/>\nFrente Renovador Tornquist<\/p>\n","protected":false},"excerpt":{"rendered":"<p>Nota de Opini\u00f3n de Carlos Dana: Mucho se ha hablado en estos \u00faltimos d\u00edas sobre las obras y las mejoras que se llevar\u00e1n a cabo durante el 2017 en la Provincia de Buenos Aires, cuyo extenso listado ha llegado a la Legislatura Provincial con la presentaci\u00f3n de la Ley de Presupuesto enviado por la gobernadora [&hellip;]<\/p>\n","protected":false},"author":3,"featured_media":0,"comment_status":"closed","ping_status":"open","sticky":false,"template":"","format":"standard","meta":{"footnotes":""},"categories":[24],"tags":[],"class_list":["post-2541","post","type-post","status-publish","format-standard","hentry","category-politica"],"yoast_head":"<!-- This site is optimized with the Yoast SEO plugin v25.9 - https:\/\/yoast.com\/wordpress\/plugins\/seo\/ -->\n<title>TORNQUIST: Sin obras de la Provincia para el 2017 - Noticias Radio Reflejos<\/title>\n<meta name=\"robots\" content=\"index, follow, max-snippet:-1, max-image-preview:large, max-video-preview:-1\" \/>\n<link rel=\"canonical\" href=\"https:\/\/www.noticiasradioreflejos.com.ar\/2021\/tornquist-sin-obras-de-la-provincia-para-el-2017\/\" \/>\n<meta property=\"og:locale\" content=\"es_ES\" \/>\n<meta property=\"og:type\" content=\"article\" \/>\n<meta property=\"og:title\" content=\"TORNQUIST: Sin obras de la Provincia para el 2017 - Noticias Radio Reflejos\" \/>\n<meta property=\"og:description\" content=\"Nota de Opini\u00f3n de Carlos Dana: Mucho se ha hablado en estos \u00faltimos d\u00edas sobre las obras y las mejoras que se llevar\u00e1n a cabo durante el 2017 en la Provincia de Buenos Aires, cuyo extenso listado ha llegado a la Legislatura Provincial con la presentaci\u00f3n de la Ley de Presupuesto enviado por la gobernadora [&hellip;]\" \/>\n<meta property=\"og:url\" content=\"https:\/\/www.noticiasradioreflejos.com.ar\/2021\/tornquist-sin-obras-de-la-provincia-para-el-2017\/\" \/>\n<meta property=\"og:site_name\" content=\"Noticias Radio Reflejos\" \/>\n<meta property=\"article:published_time\" content=\"2016-10-19T15:07:42+00:00\" \/>\n<meta property=\"og:image\" content=\"https:\/\/www.noticiasradioreflejos.com.ar\/2021\/wp-content\/uploads\/2021\/07\/logosol300x200.png\" \/>\n\t<meta property=\"og:image:width\" content=\"300\" \/>\n\t<meta property=\"og:image:height\" content=\"200\" \/>\n\t<meta property=\"og:image:type\" content=\"image\/png\" \/>\n<meta name=\"author\" content=\"Arnaldo Botto\" \/>\n<meta name=\"twitter:card\" content=\"summary_large_image\" \/>\n<script type=\"application\/ld+json\" class=\"yoast-schema-graph\">{\"@context\":\"https:\/\/schema.org\",\"@graph\":[{\"@type\":\"WebPage\",\"@id\":\"https:\/\/www.noticiasradioreflejos.com.ar\/2021\/tornquist-sin-obras-de-la-provincia-para-el-2017\/\",\"url\":\"https:\/\/www.noticiasradioreflejos.com.ar\/2021\/tornquist-sin-obras-de-la-provincia-para-el-2017\/\",\"name\":\"TORNQUIST: Sin obras de la Provincia para el 2017 - Noticias Radio Reflejos\",\"isPartOf\":{\"@id\":\"https:\/\/www.noticiasradioreflejos.com.ar\/2021\/#website\"},\"datePublished\":\"2016-10-19T15:07:42+00:00\",\"author\":{\"@id\":\"https:\/\/www.noticiasradioreflejos.com.ar\/2021\/#\/schema\/person\/ad82545263dcc5ec0996818884fd5fb1\"},\"breadcrumb\":{\"@id\":\"https:\/\/www.noticiasradioreflejos.com.ar\/2021\/tornquist-sin-obras-de-la-provincia-para-el-2017\/#breadcrumb\"},\"inLanguage\":\"es\",\"potentialAction\":[{\"@type\":\"ReadAction\",\"target\":[\"https:\/\/www.noticiasradioreflejos.com.ar\/2021\/tornquist-sin-obras-de-la-provincia-para-el-2017\/\"]}]},{\"@type\":\"BreadcrumbList\",\"@id\":\"https:\/\/www.noticiasradioreflejos.com.ar\/2021\/tornquist-sin-obras-de-la-provincia-para-el-2017\/#breadcrumb\",\"itemListElement\":[{\"@type\":\"ListItem\",\"position\":1,\"name\":\"Portada\",\"item\":\"https:\/\/www.noticiasradioreflejos.com.ar\/2021\/\"},{\"@type\":\"ListItem\",\"position\":2,\"name\":\"TORNQUIST: Sin obras de la Provincia para el 2017\"}]},{\"@type\":\"WebSite\",\"@id\":\"https:\/\/www.noticiasradioreflejos.com.ar\/2021\/#website\",\"url\":\"https:\/\/www.noticiasradioreflejos.com.ar\/2021\/\",\"name\":\"Noticias Radio Reflejos\",\"description\":\"Las noticias de mi comarca\",\"potentialAction\":[{\"@type\":\"SearchAction\",\"target\":{\"@type\":\"EntryPoint\",\"urlTemplate\":\"https:\/\/www.noticiasradioreflejos.com.ar\/2021\/?s={search_term_string}\"},\"query-input\":{\"@type\":\"PropertyValueSpecification\",\"valueRequired\":true,\"valueName\":\"search_term_string\"}}],\"inLanguage\":\"es\"},{\"@type\":\"Person\",\"@id\":\"https:\/\/www.noticiasradioreflejos.com.ar\/2021\/#\/schema\/person\/ad82545263dcc5ec0996818884fd5fb1\",\"name\":\"Arnaldo Botto\",\"image\":{\"@type\":\"ImageObject\",\"inLanguage\":\"es\",\"@id\":\"https:\/\/www.noticiasradioreflejos.com.ar\/2021\/#\/schema\/person\/image\/\",\"url\":\"https:\/\/secure.gravatar.com\/avatar\/55cb5e37c1efa326397366e6974cb338056df65cb50e7d64d1cf314e87504837?s=96&d=mm&r=g\",\"contentUrl\":\"https:\/\/secure.gravatar.com\/avatar\/55cb5e37c1efa326397366e6974cb338056df65cb50e7d64d1cf314e87504837?s=96&d=mm&r=g\",\"caption\":\"Arnaldo Botto\"},\"url\":\"https:\/\/www.noticiasradioreflejos.com.ar\/2021\/author\/arnaldo\/\"}]}<\/script>\n<!-- \/ Yoast SEO plugin. -->","yoast_head_json":{"title":"TORNQUIST: Sin obras de la Provincia para el 2017 - Noticias Radio Reflejos","robots":{"index":"index","follow":"follow","max-snippet":"max-snippet:-1","max-image-preview":"max-image-preview:large","max-video-preview":"max-video-preview:-1"},"canonical":"https:\/\/www.noticiasradioreflejos.com.ar\/2021\/tornquist-sin-obras-de-la-provincia-para-el-2017\/","og_locale":"es_ES","og_type":"article","og_title":"TORNQUIST: Sin obras de la Provincia para el 2017 - Noticias Radio Reflejos","og_description":"Nota de Opini\u00f3n de Carlos Dana: Mucho se ha hablado en estos \u00faltimos d\u00edas sobre las obras y las mejoras que se llevar\u00e1n a cabo durante el 2017 en la Provincia de Buenos Aires, cuyo extenso listado ha llegado a la Legislatura Provincial con la presentaci\u00f3n de la Ley de Presupuesto enviado por la gobernadora [&hellip;]","og_url":"https:\/\/www.noticiasradioreflejos.com.ar\/2021\/tornquist-sin-obras-de-la-provincia-para-el-2017\/","og_site_name":"Noticias Radio Reflejos","article_published_time":"2016-10-19T15:07:42+00:00","og_image":[{"width":300,"height":200,"url":"https:\/\/www.noticiasradioreflejos.com.ar\/2021\/wp-content\/uploads\/2021\/07\/logosol300x200.png","type":"image\/png"}],"author":"Arnaldo Botto","twitter_card":"summary_large_image","schema":{"@context":"https:\/\/schema.org","@graph":[{"@type":"WebPage","@id":"https:\/\/www.noticiasradioreflejos.com.ar\/2021\/tornquist-sin-obras-de-la-provincia-para-el-2017\/","url":"https:\/\/www.noticiasradioreflejos.com.ar\/2021\/tornquist-sin-obras-de-la-provincia-para-el-2017\/","name":"TORNQUIST: Sin obras de la Provincia para el 2017 - Noticias Radio Reflejos","isPartOf":{"@id":"https:\/\/www.noticiasradioreflejos.com.ar\/2021\/#website"},"datePublished":"2016-10-19T15:07:42+00:00","author":{"@id":"https:\/\/www.noticiasradioreflejos.com.ar\/2021\/#\/schema\/person\/ad82545263dcc5ec0996818884fd5fb1"},"breadcrumb":{"@id":"https:\/\/www.noticiasradioreflejos.com.ar\/2021\/tornquist-sin-obras-de-la-provincia-para-el-2017\/#breadcrumb"},"inLanguage":"es","potentialAction":[{"@type":"ReadAction","target":["https:\/\/www.noticiasradioreflejos.com.ar\/2021\/tornquist-sin-obras-de-la-provincia-para-el-2017\/"]}]},{"@type":"BreadcrumbList","@id":"https:\/\/www.noticiasradioreflejos.com.ar\/2021\/tornquist-sin-obras-de-la-provincia-para-el-2017\/#breadcrumb","itemListElement":[{"@type":"ListItem","position":1,"name":"Portada","item":"https:\/\/www.noticiasradioreflejos.com.ar\/2021\/"},{"@type":"ListItem","position":2,"name":"TORNQUIST: Sin obras de la Provincia para el 2017"}]},{"@type":"WebSite","@id":"https:\/\/www.noticiasradioreflejos.com.ar\/2021\/#website","url":"https:\/\/www.noticiasradioreflejos.com.ar\/2021\/","name":"Noticias Radio Reflejos","description":"Las noticias de mi comarca","potentialAction":[{"@type":"SearchAction","target":{"@type":"EntryPoint","urlTemplate":"https:\/\/www.noticiasradioreflejos.com.ar\/2021\/?s={search_term_string}"},"query-input":{"@type":"PropertyValueSpecification","valueRequired":true,"valueName":"search_term_string"}}],"inLanguage":"es"},{"@type":"Person","@id":"https:\/\/www.noticiasradioreflejos.com.ar\/2021\/#\/schema\/person\/ad82545263dcc5ec0996818884fd5fb1","name":"Arnaldo Botto","image":{"@type":"ImageObject","inLanguage":"es","@id":"https:\/\/www.noticiasradioreflejos.com.ar\/2021\/#\/schema\/person\/image\/","url":"https:\/\/secure.gravatar.com\/avatar\/55cb5e37c1efa326397366e6974cb338056df65cb50e7d64d1cf314e87504837?s=96&d=mm&r=g","contentUrl":"https:\/\/secure.gravatar.com\/avatar\/55cb5e37c1efa326397366e6974cb338056df65cb50e7d64d1cf314e87504837?s=96&d=mm&r=g","caption":"Arnaldo Botto"},"url":"https:\/\/www.noticiasradioreflejos.com.ar\/2021\/author\/arnaldo\/"}]}},"_links":{"self":[{"href":"https:\/\/www.noticiasradioreflejos.com.ar\/2021\/wp-json\/wp\/v2\/posts\/2541","targetHints":{"allow":["GET"]}}],"collection":[{"href":"https:\/\/www.noticiasradioreflejos.com.ar\/2021\/wp-json\/wp\/v2\/posts"}],"about":[{"href":"https:\/\/www.noticiasradioreflejos.com.ar\/2021\/wp-json\/wp\/v2\/types\/post"}],"author":[{"embeddable":true,"href":"https:\/\/www.noticiasradioreflejos.com.ar\/2021\/wp-json\/wp\/v2\/users\/3"}],"replies":[{"embeddable":true,"href":"https:\/\/www.noticiasradioreflejos.com.ar\/2021\/wp-json\/wp\/v2\/comments?post=2541"}],"version-history":[{"count":0,"href":"https:\/\/www.noticiasradioreflejos.com.ar\/2021\/wp-json\/wp\/v2\/posts\/2541\/revisions"}],"wp:attachment":[{"href":"https:\/\/www.noticiasradioreflejos.com.ar\/2021\/wp-json\/wp\/v2\/media?parent=2541"}],"wp:term":[{"taxonomy":"category","embeddable":true,"href":"https:\/\/www.noticiasradioreflejos.com.ar\/2021\/wp-json\/wp\/v2\/categories?post=2541"},{"taxonomy":"post_tag","embeddable":true,"href":"https:\/\/www.noticiasradioreflejos.com.ar\/2021\/wp-json\/wp\/v2\/tags?post=2541"}],"curies":[{"name":"wp","href":"https:\/\/api.w.org\/{rel}","templated":true}]}}