{"id":2537,"date":"2016-10-19T14:36:45","date_gmt":"2016-10-19T14:36:45","guid":{"rendered":"http:\/\/noticiasradioreflejos.com.ar\/noticias\/?p=2537"},"modified":"2016-10-19T14:36:45","modified_gmt":"2016-10-19T14:36:45","slug":"barrileteada-y-picnic-celebrando-el-95-aniversario-del-club-porteno","status":"publish","type":"post","link":"https:\/\/www.noticiasradioreflejos.com.ar\/2021\/barrileteada-y-picnic-celebrando-el-95-aniversario-del-club-porteno\/","title":{"rendered":"Barrileteada y Picnic celebrando el 95\u00b0 Aniversario del Club Porte\u00f1o"},"content":{"rendered":"<p>En comunicaci\u00f3n telef\u00f3nica, Lidia Ram\u00f3n Real; secretaria del Club Porte\u00f1o de Saldungaray nos informa sobre las actividades programadas para celebrar el 95\u00b0 aniversario de la instituci\u00f3n serrana.<br \/>\nDurante la nota describe como llevan adelante los trabajos de remodelaci\u00f3n de sus instalaciones, donde se encuentran ampliando el sal\u00f3n de fiestas.<br \/>\n\u00abSe est\u00e1 ampliando y remodelando el sal\u00f3n de fiestas del club para lo que se resta lugar al gimnasio\u00bb adelantando que el lugar contar\u00e1 con nuevas bater\u00edas de ba\u00f1os y sanitarios para discapacitados.<br \/>\n\u00abSe presume que para enero o febrero estar\u00e1 terminado\u00bb asegura Lidia al tiempo que destaca el apoyo del municipio de Tornquist en la asignaci\u00f3n de fondos para concretar la obra.<br \/>\nFinalmente nos describe como se desarrollar\u00e1n las actividades programadas para este domingo 23 de octubre donde celebrar\u00e1n el 95\u00b0 aniversario del club.<br \/>\nEl programa arranca a las 10,30 hs con una barrileteada que tendr\u00e1 4 categor\u00edas y premiar\u00e1 a los mejores de cada una; a las 13 hs comenzar\u00e1 un Picnic, \u00abAl estilo del que se organizaba en la Isla Castex\u00bb, con carne al asador, choripanes y una cantina con bebidas, pan y muchos productos mas.<br \/>\nM\u00fasica bailable con \u00abFabi\u00e1n y su grupo\u00bb amenizaran junto al show de Silvina una tarde de pleno festejo en las instalaciones del Club Porte\u00f1o.<br \/>\n<iframe loading=\"lazy\" src=\"https:\/\/w.soundcloud.com\/player\/?url=https%3A\/\/api.soundcloud.com\/tracks\/288985329&amp;color=ff5500&amp;auto_play=false&amp;hide_related=false&amp;show_comments=true&amp;show_user=true&amp;show_reposts=false\" width=\"100%\" height=\"166\" frameborder=\"no\" scrolling=\"no\"><\/iframe><\/p>\n","protected":false},"excerpt":{"rendered":"<p>En comunicaci\u00f3n telef\u00f3nica, Lidia Ram\u00f3n Real; secretaria del Club Porte\u00f1o de Saldungaray nos informa sobre las actividades programadas para celebrar el 95\u00b0 aniversario de la instituci\u00f3n serrana. Durante la nota describe como llevan adelante los trabajos de remodelaci\u00f3n de sus instalaciones, donde se encuentran ampliando el sal\u00f3n de fiestas. \u00abSe est\u00e1 ampliando y remodelando el [&hellip;]<\/p>\n","protected":false},"author":3,"featured_media":0,"comment_status":"closed","ping_status":"open","sticky":false,"template":"","format":"standard","meta":{"footnotes":""},"categories":[26],"tags":[],"class_list":["post-2537","post","type-post","status-publish","format-standard","hentry","category-sociedad"],"yoast_head":"<!-- This site is optimized with the Yoast SEO plugin v25.9 - https:\/\/yoast.com\/wordpress\/plugins\/seo\/ -->\n<title>Barrileteada y Picnic celebrando el 95\u00b0 Aniversario del Club Porte\u00f1o - Noticias Radio Reflejos<\/title>\n<meta name=\"robots\" content=\"index, follow, max-snippet:-1, max-image-preview:large, max-video-preview:-1\" \/>\n<link rel=\"canonical\" href=\"https:\/\/www.noticiasradioreflejos.com.ar\/2021\/barrileteada-y-picnic-celebrando-el-95-aniversario-del-club-porteno\/\" \/>\n<meta property=\"og:locale\" content=\"es_ES\" \/>\n<meta property=\"og:type\" content=\"article\" \/>\n<meta property=\"og:title\" content=\"Barrileteada y Picnic celebrando el 95\u00b0 Aniversario del Club Porte\u00f1o - Noticias Radio Reflejos\" \/>\n<meta property=\"og:description\" content=\"En comunicaci\u00f3n telef\u00f3nica, Lidia Ram\u00f3n Real; secretaria del Club Porte\u00f1o de Saldungaray nos informa sobre las actividades programadas para celebrar el 95\u00b0 aniversario de la instituci\u00f3n serrana. Durante la nota describe como llevan adelante los trabajos de remodelaci\u00f3n de sus instalaciones, donde se encuentran ampliando el sal\u00f3n de fiestas. \u00abSe est\u00e1 ampliando y remodelando el [&hellip;]\" \/>\n<meta property=\"og:url\" content=\"https:\/\/www.noticiasradioreflejos.com.ar\/2021\/barrileteada-y-picnic-celebrando-el-95-aniversario-del-club-porteno\/\" \/>\n<meta property=\"og:site_name\" content=\"Noticias Radio Reflejos\" \/>\n<meta property=\"article:published_time\" content=\"2016-10-19T14:36:45+00:00\" \/>\n<meta property=\"og:image\" content=\"https:\/\/www.noticiasradioreflejos.com.ar\/2021\/wp-content\/uploads\/2021\/07\/logosol300x200.png\" \/>\n\t<meta property=\"og:image:width\" content=\"300\" \/>\n\t<meta property=\"og:image:height\" content=\"200\" \/>\n\t<meta property=\"og:image:type\" content=\"image\/png\" \/>\n<meta name=\"author\" content=\"Arnaldo Botto\" \/>\n<meta name=\"twitter:card\" content=\"summary_large_image\" \/>\n<script type=\"application\/ld+json\" class=\"yoast-schema-graph\">{\"@context\":\"https:\/\/schema.org\",\"@graph\":[{\"@type\":\"WebPage\",\"@id\":\"https:\/\/www.noticiasradioreflejos.com.ar\/2021\/barrileteada-y-picnic-celebrando-el-95-aniversario-del-club-porteno\/\",\"url\":\"https:\/\/www.noticiasradioreflejos.com.ar\/2021\/barrileteada-y-picnic-celebrando-el-95-aniversario-del-club-porteno\/\",\"name\":\"Barrileteada y Picnic celebrando el 95\u00b0 Aniversario del Club Porte\u00f1o - Noticias Radio Reflejos\",\"isPartOf\":{\"@id\":\"https:\/\/www.noticiasradioreflejos.com.ar\/2021\/#website\"},\"datePublished\":\"2016-10-19T14:36:45+00:00\",\"author\":{\"@id\":\"https:\/\/www.noticiasradioreflejos.com.ar\/2021\/#\/schema\/person\/ad82545263dcc5ec0996818884fd5fb1\"},\"breadcrumb\":{\"@id\":\"https:\/\/www.noticiasradioreflejos.com.ar\/2021\/barrileteada-y-picnic-celebrando-el-95-aniversario-del-club-porteno\/#breadcrumb\"},\"inLanguage\":\"es\",\"potentialAction\":[{\"@type\":\"ReadAction\",\"target\":[\"https:\/\/www.noticiasradioreflejos.com.ar\/2021\/barrileteada-y-picnic-celebrando-el-95-aniversario-del-club-porteno\/\"]}]},{\"@type\":\"BreadcrumbList\",\"@id\":\"https:\/\/www.noticiasradioreflejos.com.ar\/2021\/barrileteada-y-picnic-celebrando-el-95-aniversario-del-club-porteno\/#breadcrumb\",\"itemListElement\":[{\"@type\":\"ListItem\",\"position\":1,\"name\":\"Portada\",\"item\":\"https:\/\/www.noticiasradioreflejos.com.ar\/2021\/\"},{\"@type\":\"ListItem\",\"position\":2,\"name\":\"Barrileteada y Picnic celebrando el 95\u00b0 Aniversario del Club Porte\u00f1o\"}]},{\"@type\":\"WebSite\",\"@id\":\"https:\/\/www.noticiasradioreflejos.com.ar\/2021\/#website\",\"url\":\"https:\/\/www.noticiasradioreflejos.com.ar\/2021\/\",\"name\":\"Noticias Radio Reflejos\",\"description\":\"Las noticias de mi comarca\",\"potentialAction\":[{\"@type\":\"SearchAction\",\"target\":{\"@type\":\"EntryPoint\",\"urlTemplate\":\"https:\/\/www.noticiasradioreflejos.com.ar\/2021\/?s={search_term_string}\"},\"query-input\":{\"@type\":\"PropertyValueSpecification\",\"valueRequired\":true,\"valueName\":\"search_term_string\"}}],\"inLanguage\":\"es\"},{\"@type\":\"Person\",\"@id\":\"https:\/\/www.noticiasradioreflejos.com.ar\/2021\/#\/schema\/person\/ad82545263dcc5ec0996818884fd5fb1\",\"name\":\"Arnaldo Botto\",\"image\":{\"@type\":\"ImageObject\",\"inLanguage\":\"es\",\"@id\":\"https:\/\/www.noticiasradioreflejos.com.ar\/2021\/#\/schema\/person\/image\/\",\"url\":\"https:\/\/secure.gravatar.com\/avatar\/55cb5e37c1efa326397366e6974cb338056df65cb50e7d64d1cf314e87504837?s=96&d=mm&r=g\",\"contentUrl\":\"https:\/\/secure.gravatar.com\/avatar\/55cb5e37c1efa326397366e6974cb338056df65cb50e7d64d1cf314e87504837?s=96&d=mm&r=g\",\"caption\":\"Arnaldo Botto\"},\"url\":\"https:\/\/www.noticiasradioreflejos.com.ar\/2021\/author\/arnaldo\/\"}]}<\/script>\n<!-- \/ Yoast SEO plugin. -->","yoast_head_json":{"title":"Barrileteada y Picnic celebrando el 95\u00b0 Aniversario del Club Porte\u00f1o - Noticias Radio Reflejos","robots":{"index":"index","follow":"follow","max-snippet":"max-snippet:-1","max-image-preview":"max-image-preview:large","max-video-preview":"max-video-preview:-1"},"canonical":"https:\/\/www.noticiasradioreflejos.com.ar\/2021\/barrileteada-y-picnic-celebrando-el-95-aniversario-del-club-porteno\/","og_locale":"es_ES","og_type":"article","og_title":"Barrileteada y Picnic celebrando el 95\u00b0 Aniversario del Club Porte\u00f1o - Noticias Radio Reflejos","og_description":"En comunicaci\u00f3n telef\u00f3nica, Lidia Ram\u00f3n Real; secretaria del Club Porte\u00f1o de Saldungaray nos informa sobre las actividades programadas para celebrar el 95\u00b0 aniversario de la instituci\u00f3n serrana. Durante la nota describe como llevan adelante los trabajos de remodelaci\u00f3n de sus instalaciones, donde se encuentran ampliando el sal\u00f3n de fiestas. \u00abSe est\u00e1 ampliando y remodelando el [&hellip;]","og_url":"https:\/\/www.noticiasradioreflejos.com.ar\/2021\/barrileteada-y-picnic-celebrando-el-95-aniversario-del-club-porteno\/","og_site_name":"Noticias Radio Reflejos","article_published_time":"2016-10-19T14:36:45+00:00","og_image":[{"width":300,"height":200,"url":"https:\/\/www.noticiasradioreflejos.com.ar\/2021\/wp-content\/uploads\/2021\/07\/logosol300x200.png","type":"image\/png"}],"author":"Arnaldo Botto","twitter_card":"summary_large_image","schema":{"@context":"https:\/\/schema.org","@graph":[{"@type":"WebPage","@id":"https:\/\/www.noticiasradioreflejos.com.ar\/2021\/barrileteada-y-picnic-celebrando-el-95-aniversario-del-club-porteno\/","url":"https:\/\/www.noticiasradioreflejos.com.ar\/2021\/barrileteada-y-picnic-celebrando-el-95-aniversario-del-club-porteno\/","name":"Barrileteada y Picnic celebrando el 95\u00b0 Aniversario del Club Porte\u00f1o - Noticias Radio Reflejos","isPartOf":{"@id":"https:\/\/www.noticiasradioreflejos.com.ar\/2021\/#website"},"datePublished":"2016-10-19T14:36:45+00:00","author":{"@id":"https:\/\/www.noticiasradioreflejos.com.ar\/2021\/#\/schema\/person\/ad82545263dcc5ec0996818884fd5fb1"},"breadcrumb":{"@id":"https:\/\/www.noticiasradioreflejos.com.ar\/2021\/barrileteada-y-picnic-celebrando-el-95-aniversario-del-club-porteno\/#breadcrumb"},"inLanguage":"es","potentialAction":[{"@type":"ReadAction","target":["https:\/\/www.noticiasradioreflejos.com.ar\/2021\/barrileteada-y-picnic-celebrando-el-95-aniversario-del-club-porteno\/"]}]},{"@type":"BreadcrumbList","@id":"https:\/\/www.noticiasradioreflejos.com.ar\/2021\/barrileteada-y-picnic-celebrando-el-95-aniversario-del-club-porteno\/#breadcrumb","itemListElement":[{"@type":"ListItem","position":1,"name":"Portada","item":"https:\/\/www.noticiasradioreflejos.com.ar\/2021\/"},{"@type":"ListItem","position":2,"name":"Barrileteada y Picnic celebrando el 95\u00b0 Aniversario del Club Porte\u00f1o"}]},{"@type":"WebSite","@id":"https:\/\/www.noticiasradioreflejos.com.ar\/2021\/#website","url":"https:\/\/www.noticiasradioreflejos.com.ar\/2021\/","name":"Noticias Radio Reflejos","description":"Las noticias de mi comarca","potentialAction":[{"@type":"SearchAction","target":{"@type":"EntryPoint","urlTemplate":"https:\/\/www.noticiasradioreflejos.com.ar\/2021\/?s={search_term_string}"},"query-input":{"@type":"PropertyValueSpecification","valueRequired":true,"valueName":"search_term_string"}}],"inLanguage":"es"},{"@type":"Person","@id":"https:\/\/www.noticiasradioreflejos.com.ar\/2021\/#\/schema\/person\/ad82545263dcc5ec0996818884fd5fb1","name":"Arnaldo Botto","image":{"@type":"ImageObject","inLanguage":"es","@id":"https:\/\/www.noticiasradioreflejos.com.ar\/2021\/#\/schema\/person\/image\/","url":"https:\/\/secure.gravatar.com\/avatar\/55cb5e37c1efa326397366e6974cb338056df65cb50e7d64d1cf314e87504837?s=96&d=mm&r=g","contentUrl":"https:\/\/secure.gravatar.com\/avatar\/55cb5e37c1efa326397366e6974cb338056df65cb50e7d64d1cf314e87504837?s=96&d=mm&r=g","caption":"Arnaldo Botto"},"url":"https:\/\/www.noticiasradioreflejos.com.ar\/2021\/author\/arnaldo\/"}]}},"_links":{"self":[{"href":"https:\/\/www.noticiasradioreflejos.com.ar\/2021\/wp-json\/wp\/v2\/posts\/2537","targetHints":{"allow":["GET"]}}],"collection":[{"href":"https:\/\/www.noticiasradioreflejos.com.ar\/2021\/wp-json\/wp\/v2\/posts"}],"about":[{"href":"https:\/\/www.noticiasradioreflejos.com.ar\/2021\/wp-json\/wp\/v2\/types\/post"}],"author":[{"embeddable":true,"href":"https:\/\/www.noticiasradioreflejos.com.ar\/2021\/wp-json\/wp\/v2\/users\/3"}],"replies":[{"embeddable":true,"href":"https:\/\/www.noticiasradioreflejos.com.ar\/2021\/wp-json\/wp\/v2\/comments?post=2537"}],"version-history":[{"count":0,"href":"https:\/\/www.noticiasradioreflejos.com.ar\/2021\/wp-json\/wp\/v2\/posts\/2537\/revisions"}],"wp:attachment":[{"href":"https:\/\/www.noticiasradioreflejos.com.ar\/2021\/wp-json\/wp\/v2\/media?parent=2537"}],"wp:term":[{"taxonomy":"category","embeddable":true,"href":"https:\/\/www.noticiasradioreflejos.com.ar\/2021\/wp-json\/wp\/v2\/categories?post=2537"},{"taxonomy":"post_tag","embeddable":true,"href":"https:\/\/www.noticiasradioreflejos.com.ar\/2021\/wp-json\/wp\/v2\/tags?post=2537"}],"curies":[{"name":"wp","href":"https:\/\/api.w.org\/{rel}","templated":true}]}}