{"id":2529,"date":"2016-10-19T12:01:11","date_gmt":"2016-10-19T12:01:11","guid":{"rendered":"http:\/\/noticiasradioreflejos.com.ar\/noticias\/?p=2529"},"modified":"2016-10-19T12:01:11","modified_gmt":"2016-10-19T12:01:11","slug":"sesiona-este-miercoles-el-concejo-deliberante","status":"publish","type":"post","link":"https:\/\/www.noticiasradioreflejos.com.ar\/2021\/sesiona-este-miercoles-el-concejo-deliberante\/","title":{"rendered":"Sesiona este mi\u00e9rcoles el Concejo Deliberante"},"content":{"rendered":"<p>Este mi\u00e9rcoles 19 de octubre sesionar\u00e1 el Honorable Concejo Deliberante de Tornquist a partir de las 19 hs. en el recinto del palacio municipal donde tratar\u00e1n el siguiente:<br \/>\n<strong>Orden del D\u00eda<\/strong><br \/>\n1.- Aprobaci\u00f3n de las Actas N\u00ba 994\/16 y 995\/16.<br \/>\n2.- Comunicaciones Oficiales:\u00a0<!--more--><br \/>\n#Expte. N\u00ba 314\/16: &#8211; D.E. \u2013 Convalida la firma del Contrato de Locaci\u00f3n celebrado entre la Sra. Mar\u00eda Dolores Molina de Nuccelli y la Municipalidad de Tornquist.<br \/>\n#Expte. N\u00ba 6265\/10: &#8211; N.P. \u2013 Vecinos de calle Rivadavia y Lamela: Solicitan se arbitren los medios necesarios para solucionar inconvenientes en relaci\u00f3n a un dep\u00f3sito de chatarra, criadero de chanchos y quema de cables de cobre.&#8212;&#8212;&#8212;<br \/>\n#Expte. N\u00ba 6864\/16: &#8211; Bloque F.P.V. \u2013 Proyecto de Ordenanza: Establece para el Distrito que los grandes generadores de RSU, implementen un plan de gesti\u00f3n diferenciada de los mismos.&#8212;&#8212;&#8212;&#8212;&#8212;&#8212;&#8212;&#8212;&#8212;&#8212;&#8212;&#8212;&#8212;&#8212;&#8212;&#8212;&#8212;&#8212;&#8212;&#8211;<br \/>\n#Expte. N\u00ba 6869\/16: &#8211; Bloque F.P.C. y S. y Cambiemos Bs. As. \u2013 Proyecto de Ordenanza: Asignar con el nombre Arturo Umberto Illia a la colectora paralela al acceso a Tornquist por la Ruta 33.&#8212;&#8212;&#8212;&#8212;&#8212;&#8212;&#8212;&#8212;&#8212;&#8212;&#8212;&#8212;&#8212;&#8212;&#8212;&#8212;&#8212;&#8212;-<br \/>\n3.-Dict\u00e1menes De Las Comisiones: &#8212;&#8212;&#8212;&#8212;&#8212;&#8212;&#8212;&#8212;&#8212;&#8212;&#8212;&#8212;&#8212;&#8212;&#8212;&#8212;&#8212;&#8212;&#8211;<br \/>\n#Expte. N\u00ba 010\/08: &#8211; N.P. \u2013 Muscillo y Llanos: Solicitan regularizar situaci\u00f3n s\/adquisici\u00f3n lote municipal (Cuerpo I al IV).&#8212;&#8212;&#8212;&#8212;&#8212;&#8212;&#8212;&#8212;&#8212;&#8212;&#8212;&#8212;&#8212;&#8212;&#8212;&#8212;<br \/>\n#Expte. N\u00ba 267\/16: &#8211; D.E. \u2013 Proyecto de Ordenanza Preparatoria: Contribuciones por Mejoras y Valorizaci\u00f3n.&#8212;&#8212;&#8212;&#8212;&#8212;-<br \/>\n#Expte. N\u00ba 5924\/06: &#8211; N.P.- Asociaci\u00f3n de Fomento de Chasic\u00f3: Solicitan trabajos de reparaci\u00f3n, reasfaltado y cord\u00f3n cuneta.&#8212;&#8212;&#8212;&#8212;&#8212;&#8212;&#8212;&#8212;&#8212;&#8212;&#8212;&#8212;-<br \/>\n#Expte. N\u00ba 6241\/10: &#8211; N.P \u2013 Natalia D\u00b4Olivo: Solicitud mejoras en camino que se dirige a secci\u00f3n quintas paralelo a v\u00edas del ferrocarril.&#8212;&#8212;&#8212;&#8212;&#8212;&#8212;&#8212;&#8212;&#8212;&#8212;&#8211;<br \/>\n#Expte. N\u00ba 6282\/10: &#8211; N.P. &#8211; Vecinos de las Mz. 12, 23, 34 y 35: Ref. a la factibilidad de ampliaci\u00f3n de la red de gas natural.&#8212;&#8212;&#8212;&#8212;&#8212;&#8212;&#8212;&#8212;&#8212;&#8212;&#8212;&#8212;&#8212;-<br \/>\n#Expte. N\u00ba 6340\/11: &#8211; &#8211; Bloque U.C.R. \u2013 Minuta de Comunicaci\u00f3n: Solicita al D.E. la factibilidad de construcci\u00f3n de una d\u00e1rsena de giro y acceso sobre la Ruta Pcial. 76 en la entrada de Villa Ventana.&#8212;&#8212;&#8212;&#8212;&#8212;&#8212;&#8212;&#8212;&#8212;&#8212;&#8212;&#8212;&#8212;&#8212;<br \/>\n#Expte. N\u00ba 6797\/16: &#8211; Bloques F.P.C. y S., Cambiemos Bs. As. y F.R \u2013 Minuta de Comunicaci\u00f3n: Solicita al Sr. Intendente que arbitre los medios para la radicaci\u00f3n de un cementerio en la localidad de Chasic\u00f3.&#8212;&#8212;&#8212;&#8212;&#8212;&#8212;&#8212;&#8212;&#8212;&#8212;&#8211;<br \/>\n#Expte. N\u00ba 6801\/16: &#8211; Bloque F.P.V. \u2013 Minuta de Comunicaci\u00f3n: Solicita reforzar medidas de seguridad en la curva de acceso a Saldungaray por la Ruta Pcial. N\u00ba 72.&#8212;&#8212;&#8212;&#8212;&#8212;&#8212;&#8212;&#8212;&#8212;&#8212;&#8212;&#8212;&#8212;&#8212;&#8212;&#8212;&#8212;&#8212;&#8212;&#8212;&#8212;&#8212;&#8212;&#8212;&#8212;&#8212;&#8212;&#8211;<br \/>\n#Expte. N\u00ba 6804\/16: &#8211; Bloque F.P.C. y S. y Cambiemos Bs. As. \u2013 Proyecto de Ordenanza: Reglamentaci\u00f3n para residir con fines de estudio exclusivamente en las casas de estudiantes universitarios.&#8212;&#8212;&#8212;&#8212;&#8212;&#8212;&#8212;&#8212;&#8212;&#8212;&#8212;&#8212;&#8212;&#8212;&#8212;&#8211;<br \/>\n#Expte. N\u00ba 6807\/16: &#8211; N.P. \u2013 Carlos Gallego: Solicita se homenajee al Sr. Oscar Kaltembach.&#8212;&#8212;&#8212;&#8212;&#8212;&#8212;&#8212;&#8212;&#8212;&#8212;-<br \/>\n#Expte. N\u00ba 6812\/16: &#8211; Bloque F.P.V. \u2013 Proyecto de Ordenanza: Adquirir trajes de seguridad para otorgarse en comodato a Bomberos Voluntarios del Distrito.&#8211;<br \/>\n#Expte. N\u00ba 6830\/16: &#8211; Bloque F.P.C. y S. y Cambiemos Bs. As. \u2013 Minuta de Comunicaci\u00f3n: Ref. estado en que se encuentra la Ruta Nacional N\u00ba 33.&#8212;&#8212;&#8212;-<br \/>\n#Expte. N\u00ba 6840\/16: &#8211; Bloques F.P.C. y S. y Cambiemos Bs. As. \u2013 Minuta de Comunicaci\u00f3n: Ref. planta de tratamientos de l\u00edquidos cloacales.&#8212;&#8212;&#8212;&#8212;&#8212;&#8212;&#8211;<br \/>\n#Expte. N\u00ba 6847\/16: &#8211; Bloque F.P.V. \u2013 Pedido de Informe: Ref. situaci\u00f3n legal en la que se encuentra el predio perteneciente al Ex Club Hotel de Villa Ventana.&#8212;&#8212;&#8212;&#8212;&#8212;&#8212;&#8212;&#8212;&#8212;&#8212;&#8212;&#8212;&#8212;&#8212;&#8212;&#8212;&#8212;&#8212;&#8212;&#8212;&#8212;&#8212;&#8212;&#8212;&#8211;<br \/>\n#Expte. N\u00ba 6863\/16: &#8211; Bloques F.P.C. y S. y Cambiemos Bs. As. \u2013 Proyecto de Ordenanza: Ref. creaci\u00f3n en el \u00e1mbito del H.C.D. la Sesi\u00f3n Informativa del Secretario de Gobierno.&#8212;&#8212;&#8212;&#8212;&#8212;&#8212;&#8212;&#8212;&#8212;&#8212;&#8212;&#8212;&#8212;&#8212;&#8212;&#8212;&#8212;&#8212;&#8212;&#8212;&#8212;&#8212;<br \/>\n#Expte. N\u00ba 6866\/16: &#8211; N.P. \u2013 Vecinas del Distrito: Solicitan adhesi\u00f3n y aprobaci\u00f3n del Proyecto de Ley de Paridad Electoral presentado en la Legislatura de la Provincia de Buenos Aires.&#8212;&#8212;&#8212;&#8212;&#8212;&#8212;&#8212;&#8212;&#8212;&#8212;&#8212;&#8212;&#8212;&#8212;&#8212;&#8212;<br \/>\n#Expte. N\u00ba 6867\/16: &#8211; N.P. \u2013 Alejandro Aiello: Solicita aprobaci\u00f3n aumento en la tarifa de transporte de l\u00ednea urbana Saldungaray-Tornquist.&#8212;&#8212;&#8212;&#8212;&#8212;&#8212;&#8212;&#8212;<br \/>\n#Expte. N\u00ba 6868\/16: &#8211; Bloque F.P.C. y S. y Cambiemos Bs. As. \u2013 Proyecto de Ordenanza: Nomina al sector de la \u201cPlaza Arturo Umberto Illia\u201d, ubicado frente a la Mz. 7 de la localidad de Chasic\u00f3, como \u201cPlazoleta de los Trabajadores\u201d.&#8212;&#8212;&#8211;<br \/>\n#Expte. N\u00ba 6878\/16: &#8211; Bloque F.P.V. \u2013 Pedido de Informe: Solicita al Intendente Municipal informe sobre lo sucedido el d\u00eda 25\/09\/16 en la cantina del Balneario Parque Norte.&#8212;&#8212;&#8212;&#8212;&#8212;&#8212;&#8212;&#8212;&#8212;&#8212;&#8212;&#8212;&#8212;&#8212;&#8212;&#8212;&#8212;&#8212;&#8212;&#8212;&#8212;&#8212;&#8212;&#8212;<br \/>\n#Expte. N\u00ba 6880\/16: &#8211; Bloque P.J. \u2013 Proyecto De Resoluci\u00f3n: Solicita medidas de prevenci\u00f3n necesarias en el deck ubicado en la ladera del Cerro Ventana sobre la Ruta Provincial N\u00ba 76.&#8212;&#8212;&#8212;&#8212;&#8212;&#8212;&#8212;&#8212;&#8212;&#8212;&#8212;&#8212;&#8212;&#8212;&#8212;&#8212;&#8212;&#8212;&#8212;&#8212;<br \/>\n#Expte. N\u00ba 6881\/16: &#8211; Bloques F.P.C. y S., Cambiemos Bs. As. y Corriente Renovadora \u2013 Proyecto de Ordenanza: Ref. creaci\u00f3n del Registro Municipal de Cultos.&#8212;&#8212;&#8212;&#8212;&#8212;&#8212;&#8212;&#8212;&#8212;&#8212;&#8212;&#8212;&#8212;&#8212;&#8212;&#8212;&#8212;&#8212;&#8212;&#8212;&#8212;&#8212;&#8212;&#8212;&#8212;&#8212;&#8212;&#8212;&#8212;&#8211;<br \/>\n#Expte. N\u00ba 6882\/16: &#8211; N.P. \u2013 Asociaci\u00f3n de Fomento B\u00ba Parque Golf: Ref. Complejo Balc\u00f3n del Golf\u201d \u2013 Construcci\u00f3n de caba\u00f1as.&#8212;&#8212;&#8212;&#8212;&#8212;&#8212;&#8212;&#8212;&#8212;&#8212;&#8212;-<br \/>\n#Expte. N\u00ba 6883\/16: &#8211; N.P. CAMCOTISAS \u2013 Solicita la concreci\u00f3n de las veredas en la localidad de Sierra de la Ventana.&#8212;-<br \/>\n#Expte. N\u00ba 6884\/16: &#8211; N.P. \u2013 C\u00e1mara de Comercio, Industria y Turismo \u201cErnesto Tornquist\u201d: Solicita se declare de Inter\u00e9s Municipal la Tradicional Cabalgata Sierras de Tornquist.&#8212;&#8212;&#8212;&#8212;&#8212;&#8212;&#8212;&#8212;&#8212;&#8212;&#8212;&#8212;&#8212;&#8212;&#8212;&#8212;&#8212;&#8212;&#8212;&#8212;&#8212;-<br \/>\n4.- Proyectos Presentados.&#8212;&#8212;&#8212;&#8212;&#8212;&#8212;&#8212;&#8212;&#8212;&#8212;&#8212;&#8212;&#8212;&#8212;&#8212;&#8212;&#8212;&#8212;&#8212;&#8212;&#8212;&#8212;&#8212;&#8212;-<br \/>\n5.- Asuntos Particulares. &#8212;&#8212;&#8212;&#8212;&#8212;&#8212;&#8212;&#8212;&#8212;&#8212;&#8212;&#8212;&#8212;&#8212;&#8212;&#8212;&#8212;&#8212;&#8212;&#8212;&#8212;&#8212;&#8212;&#8211;<br \/>\nDIA DE LA SESION: 19 de octubre de 2016.-<br \/>\nHORA DE COMIENZO: 19:00 Hs.<br \/>\nM. Valentina Nyez Gustavo Moroncini<br \/>\nSecretaria Presidente<br \/>\nH.C.D. H.C.D.<\/p>\n","protected":false},"excerpt":{"rendered":"<p>Este mi\u00e9rcoles 19 de octubre sesionar\u00e1 el Honorable Concejo Deliberante de Tornquist a partir de las 19 hs. en el recinto del palacio municipal donde tratar\u00e1n el siguiente: Orden del D\u00eda 1.- Aprobaci\u00f3n de las Actas N\u00ba 994\/16 y 995\/16. 2.- Comunicaciones Oficiales:\u00a0<\/p>\n","protected":false},"author":3,"featured_media":0,"comment_status":"closed","ping_status":"open","sticky":false,"template":"","format":"standard","meta":{"footnotes":""},"categories":[28],"tags":[],"class_list":["post-2529","post","type-post","status-publish","format-standard","hentry","category-municipales"],"yoast_head":"<!-- This site is optimized with the Yoast SEO plugin v25.9 - https:\/\/yoast.com\/wordpress\/plugins\/seo\/ -->\n<title>Sesiona este mi\u00e9rcoles el Concejo Deliberante - Noticias Radio Reflejos<\/title>\n<meta name=\"robots\" content=\"index, follow, max-snippet:-1, max-image-preview:large, max-video-preview:-1\" \/>\n<link rel=\"canonical\" href=\"https:\/\/www.noticiasradioreflejos.com.ar\/2021\/sesiona-este-miercoles-el-concejo-deliberante\/\" \/>\n<meta property=\"og:locale\" content=\"es_ES\" \/>\n<meta property=\"og:type\" content=\"article\" \/>\n<meta property=\"og:title\" content=\"Sesiona este mi\u00e9rcoles el Concejo Deliberante - Noticias Radio Reflejos\" \/>\n<meta property=\"og:description\" content=\"Este mi\u00e9rcoles 19 de octubre sesionar\u00e1 el Honorable Concejo Deliberante de Tornquist a partir de las 19 hs. en el recinto del palacio municipal donde tratar\u00e1n el siguiente: Orden del D\u00eda 1.- Aprobaci\u00f3n de las Actas N\u00ba 994\/16 y 995\/16. 2.- Comunicaciones Oficiales:\u00a0\" \/>\n<meta property=\"og:url\" content=\"https:\/\/www.noticiasradioreflejos.com.ar\/2021\/sesiona-este-miercoles-el-concejo-deliberante\/\" \/>\n<meta property=\"og:site_name\" content=\"Noticias Radio Reflejos\" \/>\n<meta property=\"article:published_time\" content=\"2016-10-19T12:01:11+00:00\" \/>\n<meta property=\"og:image\" content=\"https:\/\/www.noticiasradioreflejos.com.ar\/2021\/wp-content\/uploads\/2021\/07\/logosol300x200.png\" \/>\n\t<meta property=\"og:image:width\" content=\"300\" \/>\n\t<meta property=\"og:image:height\" content=\"200\" \/>\n\t<meta property=\"og:image:type\" content=\"image\/png\" \/>\n<meta name=\"author\" content=\"Arnaldo Botto\" \/>\n<meta name=\"twitter:card\" content=\"summary_large_image\" \/>\n<script type=\"application\/ld+json\" class=\"yoast-schema-graph\">{\"@context\":\"https:\/\/schema.org\",\"@graph\":[{\"@type\":\"WebPage\",\"@id\":\"https:\/\/www.noticiasradioreflejos.com.ar\/2021\/sesiona-este-miercoles-el-concejo-deliberante\/\",\"url\":\"https:\/\/www.noticiasradioreflejos.com.ar\/2021\/sesiona-este-miercoles-el-concejo-deliberante\/\",\"name\":\"Sesiona este mi\u00e9rcoles el Concejo Deliberante - Noticias Radio Reflejos\",\"isPartOf\":{\"@id\":\"https:\/\/www.noticiasradioreflejos.com.ar\/2021\/#website\"},\"datePublished\":\"2016-10-19T12:01:11+00:00\",\"author\":{\"@id\":\"https:\/\/www.noticiasradioreflejos.com.ar\/2021\/#\/schema\/person\/ad82545263dcc5ec0996818884fd5fb1\"},\"breadcrumb\":{\"@id\":\"https:\/\/www.noticiasradioreflejos.com.ar\/2021\/sesiona-este-miercoles-el-concejo-deliberante\/#breadcrumb\"},\"inLanguage\":\"es\",\"potentialAction\":[{\"@type\":\"ReadAction\",\"target\":[\"https:\/\/www.noticiasradioreflejos.com.ar\/2021\/sesiona-este-miercoles-el-concejo-deliberante\/\"]}]},{\"@type\":\"BreadcrumbList\",\"@id\":\"https:\/\/www.noticiasradioreflejos.com.ar\/2021\/sesiona-este-miercoles-el-concejo-deliberante\/#breadcrumb\",\"itemListElement\":[{\"@type\":\"ListItem\",\"position\":1,\"name\":\"Portada\",\"item\":\"https:\/\/www.noticiasradioreflejos.com.ar\/2021\/\"},{\"@type\":\"ListItem\",\"position\":2,\"name\":\"Sesiona este mi\u00e9rcoles el Concejo Deliberante\"}]},{\"@type\":\"WebSite\",\"@id\":\"https:\/\/www.noticiasradioreflejos.com.ar\/2021\/#website\",\"url\":\"https:\/\/www.noticiasradioreflejos.com.ar\/2021\/\",\"name\":\"Noticias Radio Reflejos\",\"description\":\"Las noticias de mi comarca\",\"potentialAction\":[{\"@type\":\"SearchAction\",\"target\":{\"@type\":\"EntryPoint\",\"urlTemplate\":\"https:\/\/www.noticiasradioreflejos.com.ar\/2021\/?s={search_term_string}\"},\"query-input\":{\"@type\":\"PropertyValueSpecification\",\"valueRequired\":true,\"valueName\":\"search_term_string\"}}],\"inLanguage\":\"es\"},{\"@type\":\"Person\",\"@id\":\"https:\/\/www.noticiasradioreflejos.com.ar\/2021\/#\/schema\/person\/ad82545263dcc5ec0996818884fd5fb1\",\"name\":\"Arnaldo Botto\",\"image\":{\"@type\":\"ImageObject\",\"inLanguage\":\"es\",\"@id\":\"https:\/\/www.noticiasradioreflejos.com.ar\/2021\/#\/schema\/person\/image\/\",\"url\":\"https:\/\/secure.gravatar.com\/avatar\/55cb5e37c1efa326397366e6974cb338056df65cb50e7d64d1cf314e87504837?s=96&d=mm&r=g\",\"contentUrl\":\"https:\/\/secure.gravatar.com\/avatar\/55cb5e37c1efa326397366e6974cb338056df65cb50e7d64d1cf314e87504837?s=96&d=mm&r=g\",\"caption\":\"Arnaldo Botto\"},\"url\":\"https:\/\/www.noticiasradioreflejos.com.ar\/2021\/author\/arnaldo\/\"}]}<\/script>\n<!-- \/ Yoast SEO plugin. -->","yoast_head_json":{"title":"Sesiona este mi\u00e9rcoles el Concejo Deliberante - Noticias Radio Reflejos","robots":{"index":"index","follow":"follow","max-snippet":"max-snippet:-1","max-image-preview":"max-image-preview:large","max-video-preview":"max-video-preview:-1"},"canonical":"https:\/\/www.noticiasradioreflejos.com.ar\/2021\/sesiona-este-miercoles-el-concejo-deliberante\/","og_locale":"es_ES","og_type":"article","og_title":"Sesiona este mi\u00e9rcoles el Concejo Deliberante - Noticias Radio Reflejos","og_description":"Este mi\u00e9rcoles 19 de octubre sesionar\u00e1 el Honorable Concejo Deliberante de Tornquist a partir de las 19 hs. en el recinto del palacio municipal donde tratar\u00e1n el siguiente: Orden del D\u00eda 1.- Aprobaci\u00f3n de las Actas N\u00ba 994\/16 y 995\/16. 2.- Comunicaciones Oficiales:\u00a0","og_url":"https:\/\/www.noticiasradioreflejos.com.ar\/2021\/sesiona-este-miercoles-el-concejo-deliberante\/","og_site_name":"Noticias Radio Reflejos","article_published_time":"2016-10-19T12:01:11+00:00","og_image":[{"width":300,"height":200,"url":"https:\/\/www.noticiasradioreflejos.com.ar\/2021\/wp-content\/uploads\/2021\/07\/logosol300x200.png","type":"image\/png"}],"author":"Arnaldo Botto","twitter_card":"summary_large_image","schema":{"@context":"https:\/\/schema.org","@graph":[{"@type":"WebPage","@id":"https:\/\/www.noticiasradioreflejos.com.ar\/2021\/sesiona-este-miercoles-el-concejo-deliberante\/","url":"https:\/\/www.noticiasradioreflejos.com.ar\/2021\/sesiona-este-miercoles-el-concejo-deliberante\/","name":"Sesiona este mi\u00e9rcoles el Concejo Deliberante - Noticias Radio Reflejos","isPartOf":{"@id":"https:\/\/www.noticiasradioreflejos.com.ar\/2021\/#website"},"datePublished":"2016-10-19T12:01:11+00:00","author":{"@id":"https:\/\/www.noticiasradioreflejos.com.ar\/2021\/#\/schema\/person\/ad82545263dcc5ec0996818884fd5fb1"},"breadcrumb":{"@id":"https:\/\/www.noticiasradioreflejos.com.ar\/2021\/sesiona-este-miercoles-el-concejo-deliberante\/#breadcrumb"},"inLanguage":"es","potentialAction":[{"@type":"ReadAction","target":["https:\/\/www.noticiasradioreflejos.com.ar\/2021\/sesiona-este-miercoles-el-concejo-deliberante\/"]}]},{"@type":"BreadcrumbList","@id":"https:\/\/www.noticiasradioreflejos.com.ar\/2021\/sesiona-este-miercoles-el-concejo-deliberante\/#breadcrumb","itemListElement":[{"@type":"ListItem","position":1,"name":"Portada","item":"https:\/\/www.noticiasradioreflejos.com.ar\/2021\/"},{"@type":"ListItem","position":2,"name":"Sesiona este mi\u00e9rcoles el Concejo Deliberante"}]},{"@type":"WebSite","@id":"https:\/\/www.noticiasradioreflejos.com.ar\/2021\/#website","url":"https:\/\/www.noticiasradioreflejos.com.ar\/2021\/","name":"Noticias Radio Reflejos","description":"Las noticias de mi comarca","potentialAction":[{"@type":"SearchAction","target":{"@type":"EntryPoint","urlTemplate":"https:\/\/www.noticiasradioreflejos.com.ar\/2021\/?s={search_term_string}"},"query-input":{"@type":"PropertyValueSpecification","valueRequired":true,"valueName":"search_term_string"}}],"inLanguage":"es"},{"@type":"Person","@id":"https:\/\/www.noticiasradioreflejos.com.ar\/2021\/#\/schema\/person\/ad82545263dcc5ec0996818884fd5fb1","name":"Arnaldo Botto","image":{"@type":"ImageObject","inLanguage":"es","@id":"https:\/\/www.noticiasradioreflejos.com.ar\/2021\/#\/schema\/person\/image\/","url":"https:\/\/secure.gravatar.com\/avatar\/55cb5e37c1efa326397366e6974cb338056df65cb50e7d64d1cf314e87504837?s=96&d=mm&r=g","contentUrl":"https:\/\/secure.gravatar.com\/avatar\/55cb5e37c1efa326397366e6974cb338056df65cb50e7d64d1cf314e87504837?s=96&d=mm&r=g","caption":"Arnaldo Botto"},"url":"https:\/\/www.noticiasradioreflejos.com.ar\/2021\/author\/arnaldo\/"}]}},"_links":{"self":[{"href":"https:\/\/www.noticiasradioreflejos.com.ar\/2021\/wp-json\/wp\/v2\/posts\/2529","targetHints":{"allow":["GET"]}}],"collection":[{"href":"https:\/\/www.noticiasradioreflejos.com.ar\/2021\/wp-json\/wp\/v2\/posts"}],"about":[{"href":"https:\/\/www.noticiasradioreflejos.com.ar\/2021\/wp-json\/wp\/v2\/types\/post"}],"author":[{"embeddable":true,"href":"https:\/\/www.noticiasradioreflejos.com.ar\/2021\/wp-json\/wp\/v2\/users\/3"}],"replies":[{"embeddable":true,"href":"https:\/\/www.noticiasradioreflejos.com.ar\/2021\/wp-json\/wp\/v2\/comments?post=2529"}],"version-history":[{"count":0,"href":"https:\/\/www.noticiasradioreflejos.com.ar\/2021\/wp-json\/wp\/v2\/posts\/2529\/revisions"}],"wp:attachment":[{"href":"https:\/\/www.noticiasradioreflejos.com.ar\/2021\/wp-json\/wp\/v2\/media?parent=2529"}],"wp:term":[{"taxonomy":"category","embeddable":true,"href":"https:\/\/www.noticiasradioreflejos.com.ar\/2021\/wp-json\/wp\/v2\/categories?post=2529"},{"taxonomy":"post_tag","embeddable":true,"href":"https:\/\/www.noticiasradioreflejos.com.ar\/2021\/wp-json\/wp\/v2\/tags?post=2529"}],"curies":[{"name":"wp","href":"https:\/\/api.w.org\/{rel}","templated":true}]}}