{"id":2516,"date":"2016-10-19T03:26:06","date_gmt":"2016-10-19T03:26:06","guid":{"rendered":"http:\/\/noticiasradioreflejos.com.ar\/noticias\/?p=2516"},"modified":"2016-10-19T03:26:06","modified_gmt":"2016-10-19T03:26:06","slug":"avances-sobre-la-aplicacion-de-la-ley-de-habitat-en-el-distrito","status":"publish","type":"post","link":"https:\/\/www.noticiasradioreflejos.com.ar\/2021\/avances-sobre-la-aplicacion-de-la-ley-de-habitat-en-el-distrito\/","title":{"rendered":"Avances sobre la aplicaci\u00f3n de la Ley de H\u00e1bitat en el distrito"},"content":{"rendered":"<p>Este lunes, en el Honorable Concejo Deliberante, se realiz\u00f3 una reuni\u00f3n en la que se discuti\u00f3 la aplicaci\u00f3n de la\u00a0<a href=\"http:\/\/www.gob.gba.gov.ar\/legislacion\/legislacion\/l-14449.html\" target=\"_blank\" data-saferedirecturl=\"https:\/\/www.google.com\/url?hl=es&amp;q=http:\/\/www.gob.gba.gov.ar\/legislacion\/legislacion\/l-14449.html&amp;source=gmail&amp;ust=1476929889603000&amp;usg=AFQjCNHkEV0AARY-jcVUwyYVawx5h1F3DQ\" rel=\"noopener\">Ley de Acceso Justo al H\u00e1bitat<\/a>\u00a0en nuestro distrito.<!--more--><br \/>\nDel encuentro participaron el asesor del municipio, \u00a0<strong>Arquitecto Jos\u00e9 Mar\u00eda Zingoni,<\/strong>\u00a0funcionarios municipales, concejales, representantes de las c\u00e1maras de comercio del distrito y vecinos.<br \/>\nParticularmente se trat\u00f3 el art\u00edculo 50 de dicha legislaci\u00f3n, que debe ser aplicado por cada municipio mediante una Ordenanza y dice lo siguiente:<br \/>\n\u201cART\u00cdCULO 50:\u00a0Contribuci\u00f3n obligatoria sobre la valorizaci\u00f3n inmobiliaria. Los Municipios establecer\u00e1n por una Ordenanza de car\u00e1cter general una contribuci\u00f3n obligatoria no inferior al diez por ciento (10%) de la valorizaci\u00f3n inmobiliaria generada por los hechos enunciados en el art\u00edculo 46 de la presente Ley (loteo), con ajuste a los criterios de exigibilidad y pago establecidos precedentemente (\u2026)\u201d.<br \/>\nAnte ello, el Departamento Ejecutivo present\u00f3 un proyecto de ordenanza en el que propon\u00eda una contribuci\u00f3n obligatoria de entre el 20 y el 30%, propuesta abordada durante la reuni\u00f3n de este martes y que gener\u00f3 claras diferencias y un fuerte debate entre los presentes.<br \/>\nLuego, algunos de los actores del mismo expresaron las impresiones que les dej\u00f3 el encuentro:<br \/>\n<strong>Jos\u00e9 Mar\u00eda Zingoni \u2013 Asesor del municipio<\/strong><br \/>\n\u201cFue una reuni\u00f3n altamente positiva, destaco el nivel de di\u00e1logo que hubo, fant\u00e1stico poder tener estas experiencias. Nos mostramos como los que somos, abiertos al di\u00e1logo\u201d.<br \/>\n\u201cEs una ley que fue promulgada en 2012, de a poco se la fue aplicando y nosotros hemos querido reforzarla con una ordenanza. Busca acotar la especulaci\u00f3n sobre el suelo, lo hace desde una manera aplicando una participaci\u00f3n al Estado por parte de quien usa una mayor norma urbana. Por ejemplo, si alguien hoy tiene un terreno en el que puede construir 2000 metros pero pide una excepci\u00f3n para hacerlo por m\u00e1s, hay un porcentaje de ese m\u00e1s que tiene que aportar a un fondo de desarrollo urbano que el municipio puede usar para las localidades que no tienen esas altas valorizaciones de mercado. Es una ley que lejos de afectar el bolsillo de cualquier vecino, reduce esa especulaci\u00f3n que en algunos casos se da en las localidades\u201d.<br \/>\n\u201cCuando los precios del suelo suben mucho, es muy dif\u00edcil encontrar un novio para que construya. Entonces lo que buscan estos mecanismos es acotar ese precio del suelo que va creciendo, lo que interesa es una ciudad en la que el vecino pueda comprar un terreno en el que se pueda construir\u201d.<br \/>\n\u201cHab\u00edamos planteado un 20% de plusval\u00eda. Es un dinero que \u00a0va a un fondo para invertir en la ciudad, nosotros entend\u00edamos que en determinadas situaciones ese porcentaje no afectaba la buena rentabilidad de un negocio y permit\u00eda disponer de un fondo para invertir en las zonas que menos inversiones tienen. Reducir el porcentaje es reducir ese fondo, el municipio va a poder hacer menos\u201d.<br \/>\n<strong>Gonzalo Iparraguirre \u2013 Secretario de Desarrollo<\/strong><br \/>\n\u201cEstas reuniones son m\u00e1s que importantes, estamos convencidos que debemos darle lugar al debate\u201d.<br \/>\n\u201cLa contribuci\u00f3n por valorizaci\u00f3n se aplica cuando algo adquiere un valor nuevo que no lo tiene, por lo tanto estamos previendo normatizar acciones de desarrollo urbano con vistas a que nosotros tengamos mayor capacidad de financiaci\u00f3n de obras\u201d.<br \/>\n\u201cTuvimos una primera reuni\u00f3n con todos los concejales, se explic\u00f3 esto tal cual se explic\u00f3 hoy y no hab\u00edan quedado mayores dudas. Despu\u00e9s en reuniones posteriores entre concejales y vecinos fue que propusieron armar esta discusi\u00f3n\u201d.<br \/>\n\u201cNuestra idea inicial fue que a trav\u00e9s de los concejales se d\u00e9 una primera instancia de comunicaci\u00f3n si bien la ley est\u00e1 para aplicarse\u201d.<br \/>\n\u201cEl C\u00f3digo de Planeamiento Urbano de 2002 dice que cada cinco a\u00f1os debe haber una comisi\u00f3n revisora que lo actualice y hace 14 que no pasa eso y nosotros ya lo empezamos a revisar y proponemos que para fin de a\u00f1o tengamos propuestas las modificaciones. De aqu\u00ed a fin de a\u00f1o vamos a tener jornadas abiertas para que se discutan los puntos gruesos y en enero se enviar\u00e1n dichas modificaciones a Provincia\u201d.<br \/>\n\u201cA las excepciones a la regla hay que darles un aval t\u00e9cnico que venga desde Provincia, no solo quedarse con el local\u201d.<br \/>\n<strong>Mar\u00eda Graciela Musso \u2013 Concejal del Partido Justicialista<\/strong><br \/>\n\u201cUno recoge la inquietud de las personas que se encontraban en el lugar y esa es la funci\u00f3n del concejal. Por no interiorizarnos demasiado en el proyecto de ordenanza, la hubi\u00e9ramos aprobado con un 20 y 30% de contribuci\u00f3n por mejoras, pero a partir de esta reuni\u00f3n se pudo llegar a un com\u00fan acuerdo entre los inversores, los due\u00f1os de las tierras y lo que le compete al municipio\u201d.<br \/>\nTeniendo en cuenta que cada sector del distrito es diferente, \u201cameritaba esta reuni\u00f3n en la que no solo los concejales escuch\u00e1ramos al se\u00f1or Zingoni, sino tambi\u00e9n la gente involucrada directamente en el tema. El objetivo era que la gente entendiera bien de qu\u00e9 se trataba porque la informaci\u00f3n no hab\u00eda fluido claramente\u201d.<br \/>\n<strong>Micaela Costa \u2013 C\u00e1mara de Comercio de Sierra de la Ventana<\/strong><br \/>\n\u201cMe parece muy importante poder discutirlo, en democracia debemos hacer uso de todas estas herramientas que tenemos para poder fortalecer las instituciones y de hecho est\u00e1 en el esp\u00edritu de esta ley que todos los ciudadanos y las instituciones intermedias participen del debate de la implementaci\u00f3n y dejar establecido qu\u00e9 porcentaje se paga en las nuevas inversiones inmobiliarias\u201d.<br \/>\n\u201cEstuvimos el fin de semana leyendo toda ley, que es muy amplia y habla del reparto equitativo de las tierras, de que todos los ciudadanos puedan tener una vivienda digna y que el Estado pueda garantizarla. Este tema era una regulaci\u00f3n que le compet\u00eda a cada municipio y desde la c\u00e1mara consideramos que tiene que estar abierto este debate y llegar a un consenso de las distintas miradas que podemos tener.\u201d<br \/>\n<strong>Mario Rodr\u00edguez \u2013 Presidente de la C\u00e1mara de Comercio de Tornquist<\/strong><br \/>\n\u201cAgradecer a la gente que se acerc\u00f3 porque somos part\u00edcipes de esto y si no nos comprometemos como distrito en estas decisiones, que son muy importantes para el crecimiento, despu\u00e9s nos va como nos va\u201d.<br \/>\n\u201cNosotros pens\u00e1bamos que esto nos atascaba la posibilidad de inversi\u00f3n que es loue tanto queremos. Si no se hubiera hecho esta reuni\u00f3n, no se hubieran tratado los pormenores, hubiera sido aprobada hace quince d\u00edas y hoy estar\u00edamos hablando de otra cosa, esperando la inversi\u00f3n que hace m\u00e1s de 30 a\u00f1os no viene a Tornquist y que, con un arancel del 20 y 30% de plusval\u00eda, menos hubiera venido\u201d.<br \/>\n\u201cCreo que arrancamos al rev\u00e9s, primero tendr\u00edamos que haber hecho esta reuni\u00f3n. Ten\u00edamos muchas dudas, cre\u00edamos que no era conveniente la implementaci\u00f3n de esta ley. En todo caso tendr\u00eda que haber sido m\u00e1s clara y haber primero consultado c\u00f3mo pod\u00edamos hacer la ordenanza y que nos sirviera a todos\u201d.<br \/>\n<strong>Herman Von Wernich \u2013 C\u00e1mara de Comercio de Tornquist<\/strong><br \/>\n\u201cEn Tornquist hace m\u00e1s de 35 a\u00f1os que nadie invierte sin cobrarle y si ahora les cobramos, \u00bfQui\u00e9n va a venir?\u00a0 Nuestro distrito vecino Coronel Su\u00e1rez no cobra esto y una inmobiliaria de all\u00e1 me dijo que a ellos les conven\u00eda que ac\u00e1 si pase porque de esta manera las inversiones se iban a hacer en Villa La Arcadia\u201d.<br \/>\n\u201cEste gobierno est\u00e1 m\u00e1s preocupado por cobrar impuestos que por que el pueblo crezca. Es una cosa rid\u00edcula. No me conform\u00f3 por nada la reuni\u00f3n. En Neuqu\u00e9n a familiares el gobierno de all\u00e1 los invit\u00f3 a invertir y para tentarlos les dio subsidios, una tasa a cr\u00e9dito baja y le libr\u00f3 los impuestos\u201d.<br \/>\n<a title=\"reunionnn (1)\" href=\"http:\/\/farm6.staticflickr.com\/5807\/29788862674_ab51d39e7b_z.jpg\" rel=\"\"><img loading=\"lazy\" decoding=\"async\" class=\"aligncenter\" title=\"reunionnn (1)\" src=\"http:\/\/farm6.staticflickr.com\/5807\/29788862674_ab51d39e7b_z.jpg\" alt=\"reunionnn (1)\" width=\"640\" height=\"427\" \/><\/a><br \/>\n<a title=\"reunionnn (3)\" href=\"http:\/\/farm9.staticflickr.com\/8279\/30383227566_56a86a09e6_z.jpg\" rel=\"\"><img loading=\"lazy\" decoding=\"async\" class=\"aligncenter\" title=\"reunionnn (3)\" src=\"http:\/\/farm9.staticflickr.com\/8279\/30383227566_56a86a09e6_z.jpg\" alt=\"reunionnn (3)\" width=\"640\" height=\"427\" \/><\/a><br \/>\n<a title=\"reunionnn (5)\" href=\"http:\/\/farm9.staticflickr.com\/8138\/30383226656_4fc0db10bb_z.jpg\" rel=\"\"><img loading=\"lazy\" decoding=\"async\" class=\"aligncenter\" title=\"reunionnn (5)\" src=\"http:\/\/farm9.staticflickr.com\/8138\/30383226656_4fc0db10bb_z.jpg\" alt=\"reunionnn (5)\" width=\"640\" height=\"427\" \/><\/a><br \/>\n<a title=\"reunionnn (6)\" href=\"http:\/\/farm9.staticflickr.com\/8131\/30383225476_287bee2aea_z.jpg\" rel=\"\"><img loading=\"lazy\" decoding=\"async\" class=\"aligncenter\" title=\"reunionnn (6)\" src=\"http:\/\/farm9.staticflickr.com\/8131\/30383225476_287bee2aea_z.jpg\" alt=\"reunionnn (6)\" width=\"640\" height=\"427\" \/><\/a><br \/>\n<a title=\"reunionnn (4)\" href=\"http:\/\/farm9.staticflickr.com\/8654\/30302836382_b1def88dc1_z.jpg\" rel=\"\"><img loading=\"lazy\" decoding=\"async\" class=\"aligncenter\" title=\"reunionnn (4)\" src=\"http:\/\/farm9.staticflickr.com\/8654\/30302836382_b1def88dc1_z.jpg\" alt=\"reunionnn (4)\" width=\"640\" height=\"427\" \/><\/a><br \/>\n<iframe loading=\"lazy\" src=\"https:\/\/w.soundcloud.com\/player\/?url=https%3A\/\/api.soundcloud.com\/tracks\/288927115&amp;color=ff5500&amp;auto_play=false&amp;hide_related=false&amp;show_comments=true&amp;show_user=true&amp;show_reposts=false\" width=\"100%\" height=\"166\" frameborder=\"no\" scrolling=\"no\"><\/iframe><br \/>\n<iframe loading=\"lazy\" src=\"https:\/\/w.soundcloud.com\/player\/?url=https%3A\/\/api.soundcloud.com\/tracks\/288927669&amp;color=ff5500&amp;auto_play=false&amp;hide_related=false&amp;show_comments=true&amp;show_user=true&amp;show_reposts=false\" width=\"100%\" height=\"166\" frameborder=\"no\" scrolling=\"no\"><\/iframe><br \/>\n<iframe loading=\"lazy\" src=\"https:\/\/w.soundcloud.com\/player\/?url=https%3A\/\/api.soundcloud.com\/tracks\/288927929&amp;color=ff5500&amp;auto_play=false&amp;hide_related=false&amp;show_comments=true&amp;show_user=true&amp;show_reposts=false\" width=\"100%\" height=\"166\" frameborder=\"no\" scrolling=\"no\"><\/iframe><br \/>\n<iframe loading=\"lazy\" src=\"https:\/\/w.soundcloud.com\/player\/?url=https%3A\/\/api.soundcloud.com\/tracks\/288928329&amp;color=ff5500&amp;auto_play=false&amp;hide_related=false&amp;show_comments=true&amp;show_user=true&amp;show_reposts=false\" width=\"100%\" height=\"166\" frameborder=\"no\" scrolling=\"no\"><\/iframe><br \/>\n<iframe loading=\"lazy\" src=\"https:\/\/w.soundcloud.com\/player\/?url=https%3A\/\/api.soundcloud.com\/tracks\/288928717&amp;color=ff5500&amp;auto_play=false&amp;hide_related=false&amp;show_comments=true&amp;show_user=true&amp;show_reposts=false\" width=\"100%\" height=\"166\" frameborder=\"no\" scrolling=\"no\"><\/iframe><\/p>\n","protected":false},"excerpt":{"rendered":"<p>Este lunes, en el Honorable Concejo Deliberante, se realiz\u00f3 una reuni\u00f3n en la que se discuti\u00f3 la aplicaci\u00f3n de la\u00a0Ley de Acceso Justo al H\u00e1bitat\u00a0en nuestro distrito.<\/p>\n","protected":false},"author":3,"featured_media":0,"comment_status":"closed","ping_status":"open","sticky":false,"template":"","format":"standard","meta":{"footnotes":""},"categories":[28],"tags":[],"class_list":["post-2516","post","type-post","status-publish","format-standard","hentry","category-municipales"],"yoast_head":"<!-- This site is optimized with the Yoast SEO plugin v25.9 - https:\/\/yoast.com\/wordpress\/plugins\/seo\/ -->\n<title>Avances sobre la aplicaci\u00f3n de la Ley de H\u00e1bitat en el distrito - Noticias Radio Reflejos<\/title>\n<meta name=\"robots\" content=\"index, follow, max-snippet:-1, max-image-preview:large, max-video-preview:-1\" \/>\n<link rel=\"canonical\" href=\"https:\/\/www.noticiasradioreflejos.com.ar\/2021\/avances-sobre-la-aplicacion-de-la-ley-de-habitat-en-el-distrito\/\" \/>\n<meta property=\"og:locale\" content=\"es_ES\" \/>\n<meta property=\"og:type\" content=\"article\" \/>\n<meta property=\"og:title\" content=\"Avances sobre la aplicaci\u00f3n de la Ley de H\u00e1bitat en el distrito - Noticias Radio Reflejos\" \/>\n<meta property=\"og:description\" content=\"Este lunes, en el Honorable Concejo Deliberante, se realiz\u00f3 una reuni\u00f3n en la que se discuti\u00f3 la aplicaci\u00f3n de la\u00a0Ley de Acceso Justo al H\u00e1bitat\u00a0en nuestro distrito.\" \/>\n<meta property=\"og:url\" content=\"https:\/\/www.noticiasradioreflejos.com.ar\/2021\/avances-sobre-la-aplicacion-de-la-ley-de-habitat-en-el-distrito\/\" \/>\n<meta property=\"og:site_name\" content=\"Noticias Radio Reflejos\" \/>\n<meta property=\"article:published_time\" content=\"2016-10-19T03:26:06+00:00\" \/>\n<meta property=\"og:image\" content=\"http:\/\/farm6.staticflickr.com\/5807\/29788862674_ab51d39e7b_z.jpg\" \/>\n<meta name=\"author\" content=\"Arnaldo Botto\" \/>\n<meta name=\"twitter:card\" content=\"summary_large_image\" \/>\n<script type=\"application\/ld+json\" class=\"yoast-schema-graph\">{\"@context\":\"https:\/\/schema.org\",\"@graph\":[{\"@type\":\"WebPage\",\"@id\":\"https:\/\/www.noticiasradioreflejos.com.ar\/2021\/avances-sobre-la-aplicacion-de-la-ley-de-habitat-en-el-distrito\/\",\"url\":\"https:\/\/www.noticiasradioreflejos.com.ar\/2021\/avances-sobre-la-aplicacion-de-la-ley-de-habitat-en-el-distrito\/\",\"name\":\"Avances sobre la aplicaci\u00f3n de la Ley de H\u00e1bitat en el distrito - Noticias Radio Reflejos\",\"isPartOf\":{\"@id\":\"https:\/\/www.noticiasradioreflejos.com.ar\/2021\/#website\"},\"primaryImageOfPage\":{\"@id\":\"https:\/\/www.noticiasradioreflejos.com.ar\/2021\/avances-sobre-la-aplicacion-de-la-ley-de-habitat-en-el-distrito\/#primaryimage\"},\"image\":{\"@id\":\"https:\/\/www.noticiasradioreflejos.com.ar\/2021\/avances-sobre-la-aplicacion-de-la-ley-de-habitat-en-el-distrito\/#primaryimage\"},\"thumbnailUrl\":\"http:\/\/farm6.staticflickr.com\/5807\/29788862674_ab51d39e7b_z.jpg\",\"datePublished\":\"2016-10-19T03:26:06+00:00\",\"author\":{\"@id\":\"https:\/\/www.noticiasradioreflejos.com.ar\/2021\/#\/schema\/person\/ad82545263dcc5ec0996818884fd5fb1\"},\"breadcrumb\":{\"@id\":\"https:\/\/www.noticiasradioreflejos.com.ar\/2021\/avances-sobre-la-aplicacion-de-la-ley-de-habitat-en-el-distrito\/#breadcrumb\"},\"inLanguage\":\"es\",\"potentialAction\":[{\"@type\":\"ReadAction\",\"target\":[\"https:\/\/www.noticiasradioreflejos.com.ar\/2021\/avances-sobre-la-aplicacion-de-la-ley-de-habitat-en-el-distrito\/\"]}]},{\"@type\":\"ImageObject\",\"inLanguage\":\"es\",\"@id\":\"https:\/\/www.noticiasradioreflejos.com.ar\/2021\/avances-sobre-la-aplicacion-de-la-ley-de-habitat-en-el-distrito\/#primaryimage\",\"url\":\"http:\/\/farm6.staticflickr.com\/5807\/29788862674_ab51d39e7b_z.jpg\",\"contentUrl\":\"http:\/\/farm6.staticflickr.com\/5807\/29788862674_ab51d39e7b_z.jpg\"},{\"@type\":\"BreadcrumbList\",\"@id\":\"https:\/\/www.noticiasradioreflejos.com.ar\/2021\/avances-sobre-la-aplicacion-de-la-ley-de-habitat-en-el-distrito\/#breadcrumb\",\"itemListElement\":[{\"@type\":\"ListItem\",\"position\":1,\"name\":\"Portada\",\"item\":\"https:\/\/www.noticiasradioreflejos.com.ar\/2021\/\"},{\"@type\":\"ListItem\",\"position\":2,\"name\":\"Avances sobre la aplicaci\u00f3n de la Ley de H\u00e1bitat en el distrito\"}]},{\"@type\":\"WebSite\",\"@id\":\"https:\/\/www.noticiasradioreflejos.com.ar\/2021\/#website\",\"url\":\"https:\/\/www.noticiasradioreflejos.com.ar\/2021\/\",\"name\":\"Noticias Radio Reflejos\",\"description\":\"Las noticias de mi comarca\",\"potentialAction\":[{\"@type\":\"SearchAction\",\"target\":{\"@type\":\"EntryPoint\",\"urlTemplate\":\"https:\/\/www.noticiasradioreflejos.com.ar\/2021\/?s={search_term_string}\"},\"query-input\":{\"@type\":\"PropertyValueSpecification\",\"valueRequired\":true,\"valueName\":\"search_term_string\"}}],\"inLanguage\":\"es\"},{\"@type\":\"Person\",\"@id\":\"https:\/\/www.noticiasradioreflejos.com.ar\/2021\/#\/schema\/person\/ad82545263dcc5ec0996818884fd5fb1\",\"name\":\"Arnaldo Botto\",\"image\":{\"@type\":\"ImageObject\",\"inLanguage\":\"es\",\"@id\":\"https:\/\/www.noticiasradioreflejos.com.ar\/2021\/#\/schema\/person\/image\/\",\"url\":\"https:\/\/secure.gravatar.com\/avatar\/55cb5e37c1efa326397366e6974cb338056df65cb50e7d64d1cf314e87504837?s=96&d=mm&r=g\",\"contentUrl\":\"https:\/\/secure.gravatar.com\/avatar\/55cb5e37c1efa326397366e6974cb338056df65cb50e7d64d1cf314e87504837?s=96&d=mm&r=g\",\"caption\":\"Arnaldo Botto\"},\"url\":\"https:\/\/www.noticiasradioreflejos.com.ar\/2021\/author\/arnaldo\/\"}]}<\/script>\n<!-- \/ Yoast SEO plugin. -->","yoast_head_json":{"title":"Avances sobre la aplicaci\u00f3n de la Ley de H\u00e1bitat en el distrito - Noticias Radio Reflejos","robots":{"index":"index","follow":"follow","max-snippet":"max-snippet:-1","max-image-preview":"max-image-preview:large","max-video-preview":"max-video-preview:-1"},"canonical":"https:\/\/www.noticiasradioreflejos.com.ar\/2021\/avances-sobre-la-aplicacion-de-la-ley-de-habitat-en-el-distrito\/","og_locale":"es_ES","og_type":"article","og_title":"Avances sobre la aplicaci\u00f3n de la Ley de H\u00e1bitat en el distrito - Noticias Radio Reflejos","og_description":"Este lunes, en el Honorable Concejo Deliberante, se realiz\u00f3 una reuni\u00f3n en la que se discuti\u00f3 la aplicaci\u00f3n de la\u00a0Ley de Acceso Justo al H\u00e1bitat\u00a0en nuestro distrito.","og_url":"https:\/\/www.noticiasradioreflejos.com.ar\/2021\/avances-sobre-la-aplicacion-de-la-ley-de-habitat-en-el-distrito\/","og_site_name":"Noticias Radio Reflejos","article_published_time":"2016-10-19T03:26:06+00:00","og_image":[{"url":"http:\/\/farm6.staticflickr.com\/5807\/29788862674_ab51d39e7b_z.jpg","type":"","width":"","height":""}],"author":"Arnaldo Botto","twitter_card":"summary_large_image","schema":{"@context":"https:\/\/schema.org","@graph":[{"@type":"WebPage","@id":"https:\/\/www.noticiasradioreflejos.com.ar\/2021\/avances-sobre-la-aplicacion-de-la-ley-de-habitat-en-el-distrito\/","url":"https:\/\/www.noticiasradioreflejos.com.ar\/2021\/avances-sobre-la-aplicacion-de-la-ley-de-habitat-en-el-distrito\/","name":"Avances sobre la aplicaci\u00f3n de la Ley de H\u00e1bitat en el distrito - Noticias Radio Reflejos","isPartOf":{"@id":"https:\/\/www.noticiasradioreflejos.com.ar\/2021\/#website"},"primaryImageOfPage":{"@id":"https:\/\/www.noticiasradioreflejos.com.ar\/2021\/avances-sobre-la-aplicacion-de-la-ley-de-habitat-en-el-distrito\/#primaryimage"},"image":{"@id":"https:\/\/www.noticiasradioreflejos.com.ar\/2021\/avances-sobre-la-aplicacion-de-la-ley-de-habitat-en-el-distrito\/#primaryimage"},"thumbnailUrl":"http:\/\/farm6.staticflickr.com\/5807\/29788862674_ab51d39e7b_z.jpg","datePublished":"2016-10-19T03:26:06+00:00","author":{"@id":"https:\/\/www.noticiasradioreflejos.com.ar\/2021\/#\/schema\/person\/ad82545263dcc5ec0996818884fd5fb1"},"breadcrumb":{"@id":"https:\/\/www.noticiasradioreflejos.com.ar\/2021\/avances-sobre-la-aplicacion-de-la-ley-de-habitat-en-el-distrito\/#breadcrumb"},"inLanguage":"es","potentialAction":[{"@type":"ReadAction","target":["https:\/\/www.noticiasradioreflejos.com.ar\/2021\/avances-sobre-la-aplicacion-de-la-ley-de-habitat-en-el-distrito\/"]}]},{"@type":"ImageObject","inLanguage":"es","@id":"https:\/\/www.noticiasradioreflejos.com.ar\/2021\/avances-sobre-la-aplicacion-de-la-ley-de-habitat-en-el-distrito\/#primaryimage","url":"http:\/\/farm6.staticflickr.com\/5807\/29788862674_ab51d39e7b_z.jpg","contentUrl":"http:\/\/farm6.staticflickr.com\/5807\/29788862674_ab51d39e7b_z.jpg"},{"@type":"BreadcrumbList","@id":"https:\/\/www.noticiasradioreflejos.com.ar\/2021\/avances-sobre-la-aplicacion-de-la-ley-de-habitat-en-el-distrito\/#breadcrumb","itemListElement":[{"@type":"ListItem","position":1,"name":"Portada","item":"https:\/\/www.noticiasradioreflejos.com.ar\/2021\/"},{"@type":"ListItem","position":2,"name":"Avances sobre la aplicaci\u00f3n de la Ley de H\u00e1bitat en el distrito"}]},{"@type":"WebSite","@id":"https:\/\/www.noticiasradioreflejos.com.ar\/2021\/#website","url":"https:\/\/www.noticiasradioreflejos.com.ar\/2021\/","name":"Noticias Radio Reflejos","description":"Las noticias de mi comarca","potentialAction":[{"@type":"SearchAction","target":{"@type":"EntryPoint","urlTemplate":"https:\/\/www.noticiasradioreflejos.com.ar\/2021\/?s={search_term_string}"},"query-input":{"@type":"PropertyValueSpecification","valueRequired":true,"valueName":"search_term_string"}}],"inLanguage":"es"},{"@type":"Person","@id":"https:\/\/www.noticiasradioreflejos.com.ar\/2021\/#\/schema\/person\/ad82545263dcc5ec0996818884fd5fb1","name":"Arnaldo Botto","image":{"@type":"ImageObject","inLanguage":"es","@id":"https:\/\/www.noticiasradioreflejos.com.ar\/2021\/#\/schema\/person\/image\/","url":"https:\/\/secure.gravatar.com\/avatar\/55cb5e37c1efa326397366e6974cb338056df65cb50e7d64d1cf314e87504837?s=96&d=mm&r=g","contentUrl":"https:\/\/secure.gravatar.com\/avatar\/55cb5e37c1efa326397366e6974cb338056df65cb50e7d64d1cf314e87504837?s=96&d=mm&r=g","caption":"Arnaldo Botto"},"url":"https:\/\/www.noticiasradioreflejos.com.ar\/2021\/author\/arnaldo\/"}]}},"_links":{"self":[{"href":"https:\/\/www.noticiasradioreflejos.com.ar\/2021\/wp-json\/wp\/v2\/posts\/2516","targetHints":{"allow":["GET"]}}],"collection":[{"href":"https:\/\/www.noticiasradioreflejos.com.ar\/2021\/wp-json\/wp\/v2\/posts"}],"about":[{"href":"https:\/\/www.noticiasradioreflejos.com.ar\/2021\/wp-json\/wp\/v2\/types\/post"}],"author":[{"embeddable":true,"href":"https:\/\/www.noticiasradioreflejos.com.ar\/2021\/wp-json\/wp\/v2\/users\/3"}],"replies":[{"embeddable":true,"href":"https:\/\/www.noticiasradioreflejos.com.ar\/2021\/wp-json\/wp\/v2\/comments?post=2516"}],"version-history":[{"count":0,"href":"https:\/\/www.noticiasradioreflejos.com.ar\/2021\/wp-json\/wp\/v2\/posts\/2516\/revisions"}],"wp:attachment":[{"href":"https:\/\/www.noticiasradioreflejos.com.ar\/2021\/wp-json\/wp\/v2\/media?parent=2516"}],"wp:term":[{"taxonomy":"category","embeddable":true,"href":"https:\/\/www.noticiasradioreflejos.com.ar\/2021\/wp-json\/wp\/v2\/categories?post=2516"},{"taxonomy":"post_tag","embeddable":true,"href":"https:\/\/www.noticiasradioreflejos.com.ar\/2021\/wp-json\/wp\/v2\/tags?post=2516"}],"curies":[{"name":"wp","href":"https:\/\/api.w.org\/{rel}","templated":true}]}}