{"id":2438,"date":"2016-10-18T11:15:49","date_gmt":"2016-10-18T11:15:49","guid":{"rendered":"http:\/\/noticiasradioreflejos.com.ar\/noticias\/?p=2438"},"modified":"2016-10-18T11:15:49","modified_gmt":"2016-10-18T11:15:49","slug":"celebraron-el-dia-de-la-lealtad-en-tornquist","status":"publish","type":"post","link":"https:\/\/www.noticiasradioreflejos.com.ar\/2021\/celebraron-el-dia-de-la-lealtad-en-tornquist\/","title":{"rendered":"Celebraron el D\u00eda de la Lealtad en Tornquist"},"content":{"rendered":"<p><a title=\"DSC_0036 [1600x1200]\" href=\"http:\/\/farm9.staticflickr.com\/8598\/30287917542_eca994e83d.jpg\" rel=\"\"><img loading=\"lazy\" decoding=\"async\" class=\"alignleft\" style=\"float: left;\" title=\"DSC_0036 [1600x1200]\" src=\"http:\/\/farm9.staticflickr.com\/8598\/30287917542_eca994e83d.jpg\" alt=\"DSC_0036 [1600x1200]\" width=\"500\" height=\"334\" \/><\/a>Desde distintas localidades viajaron este lunes por la noche a la celebraci\u00f3n convocada como cada 17 de Octubre por el Partido Justicialista.<br \/>\nUnas 150 personas se dieron cita en la Unidad B\u00e1sica de calle Rivadavia donde hablaron el Presidente del PJ Juan Carlos Gisler, la ex Directora de Gobierno Carmen Soverchia, el integrante de la Juventud Peronista Thiago Muller y el ex Intendente Municipal Lic. Gustavo Trankels.<!--more--><br \/>\nEl discurso o las palabras tuvieron un solo sentido la \u201cUnidad del peronismo\u201d por lo que dijeron trabajar\u00e1n con vistas a las elecciones del a\u00f1o pr\u00f3ximo.<br \/>\nEn el lugar se hicieron presentes varias personas provenientes de Tres Picos, Sierra de la Ventana, Saldungaray y otras localidades que dan el respaldo en este nuevo d\u00eda de la Lealtad.<br \/>\nAl tono de la Marcha Peronista se proyect\u00f3 un video con la palabra del general Juan D per\u00f3n y en coincidencia con la entonaci\u00f3n de la misma, aparecieron caras en pantalla gigante, tambi\u00e9n cantando, de personas que ya no est\u00e1n como \u201cChiche\u201d Ant\u00f3n o el recordado \u201cTurco\u201d Llanos, militantes del partido.<br \/>\n<iframe loading=\"lazy\" src=\"https:\/\/w.soundcloud.com\/player\/?url=https%3A\/\/api.soundcloud.com\/tracks\/288804306&amp;color=ff5500&amp;auto_play=false&amp;hide_related=false&amp;show_comments=true&amp;show_user=true&amp;show_reposts=false\" width=\"100%\" height=\"166\" frameborder=\"no\" scrolling=\"no\"><\/iframe><br \/>\n<iframe loading=\"lazy\" src=\"https:\/\/w.soundcloud.com\/player\/?url=https%3A\/\/api.soundcloud.com\/tracks\/288804428&amp;color=ff5500&amp;auto_play=false&amp;hide_related=false&amp;show_comments=true&amp;show_user=true&amp;show_reposts=false\" width=\"100%\" height=\"166\" frameborder=\"no\" scrolling=\"no\"><\/iframe><br \/>\n<a title=\"DSC_0042 [1600x1200]\" href=\"http:\/\/farm9.staticflickr.com\/8135\/30318430261_c6e2736d75.jpg\" rel=\"\"><img loading=\"lazy\" decoding=\"async\" class=\"aligncenter\" title=\"DSC_0042 [1600x1200]\" src=\"http:\/\/farm9.staticflickr.com\/8135\/30318430261_c6e2736d75.jpg\" alt=\"DSC_0042 [1600x1200]\" width=\"500\" height=\"334\" \/><\/a><br \/>\n<a title=\"DSC_0011 [1600x1200]\" href=\"http:\/\/farm6.staticflickr.com\/5753\/30287919402_f7bd5be492.jpg\" rel=\"\"><img loading=\"lazy\" decoding=\"async\" class=\"aligncenter\" title=\"DSC_0011 [1600x1200]\" src=\"http:\/\/farm6.staticflickr.com\/5753\/30287919402_f7bd5be492.jpg\" alt=\"DSC_0011 [1600x1200]\" width=\"500\" height=\"334\" \/><\/a><br \/>\n<a title=\"DSC_0092 [1600x1200]\" href=\"http:\/\/farm6.staticflickr.com\/5542\/30368386746_4d31385873.jpg\" rel=\"\"><img loading=\"lazy\" decoding=\"async\" class=\"aligncenter\" title=\"DSC_0092 [1600x1200]\" src=\"http:\/\/farm6.staticflickr.com\/5542\/30368386746_4d31385873.jpg\" alt=\"DSC_0092 [1600x1200]\" width=\"500\" height=\"334\" \/><\/a><\/p>\n","protected":false},"excerpt":{"rendered":"<p>Desde distintas localidades viajaron este lunes por la noche a la celebraci\u00f3n convocada como cada 17 de Octubre por el Partido Justicialista. Unas 150 personas se dieron cita en la Unidad B\u00e1sica de calle Rivadavia donde hablaron el Presidente del PJ Juan Carlos Gisler, la ex Directora de Gobierno Carmen Soverchia, el integrante de la [&hellip;]<\/p>\n","protected":false},"author":3,"featured_media":0,"comment_status":"closed","ping_status":"open","sticky":false,"template":"","format":"standard","meta":{"footnotes":""},"categories":[24],"tags":[],"class_list":["post-2438","post","type-post","status-publish","format-standard","hentry","category-politica"],"yoast_head":"<!-- This site is optimized with the Yoast SEO plugin v25.9 - https:\/\/yoast.com\/wordpress\/plugins\/seo\/ -->\n<title>Celebraron el D\u00eda de la Lealtad en Tornquist - Noticias Radio Reflejos<\/title>\n<meta name=\"robots\" content=\"index, follow, max-snippet:-1, max-image-preview:large, max-video-preview:-1\" \/>\n<link rel=\"canonical\" href=\"https:\/\/www.noticiasradioreflejos.com.ar\/2021\/celebraron-el-dia-de-la-lealtad-en-tornquist\/\" \/>\n<meta property=\"og:locale\" content=\"es_ES\" \/>\n<meta property=\"og:type\" content=\"article\" \/>\n<meta property=\"og:title\" content=\"Celebraron el D\u00eda de la Lealtad en Tornquist - Noticias Radio Reflejos\" \/>\n<meta property=\"og:description\" content=\"Desde distintas localidades viajaron este lunes por la noche a la celebraci\u00f3n convocada como cada 17 de Octubre por el Partido Justicialista. Unas 150 personas se dieron cita en la Unidad B\u00e1sica de calle Rivadavia donde hablaron el Presidente del PJ Juan Carlos Gisler, la ex Directora de Gobierno Carmen Soverchia, el integrante de la [&hellip;]\" \/>\n<meta property=\"og:url\" content=\"https:\/\/www.noticiasradioreflejos.com.ar\/2021\/celebraron-el-dia-de-la-lealtad-en-tornquist\/\" \/>\n<meta property=\"og:site_name\" content=\"Noticias Radio Reflejos\" \/>\n<meta property=\"article:published_time\" content=\"2016-10-18T11:15:49+00:00\" \/>\n<meta property=\"og:image\" content=\"http:\/\/farm9.staticflickr.com\/8598\/30287917542_eca994e83d.jpg\" \/>\n<meta name=\"author\" content=\"Arnaldo Botto\" \/>\n<meta name=\"twitter:card\" content=\"summary_large_image\" \/>\n<script type=\"application\/ld+json\" class=\"yoast-schema-graph\">{\"@context\":\"https:\/\/schema.org\",\"@graph\":[{\"@type\":\"WebPage\",\"@id\":\"https:\/\/www.noticiasradioreflejos.com.ar\/2021\/celebraron-el-dia-de-la-lealtad-en-tornquist\/\",\"url\":\"https:\/\/www.noticiasradioreflejos.com.ar\/2021\/celebraron-el-dia-de-la-lealtad-en-tornquist\/\",\"name\":\"Celebraron el D\u00eda de la Lealtad en Tornquist - Noticias Radio Reflejos\",\"isPartOf\":{\"@id\":\"https:\/\/www.noticiasradioreflejos.com.ar\/2021\/#website\"},\"primaryImageOfPage\":{\"@id\":\"https:\/\/www.noticiasradioreflejos.com.ar\/2021\/celebraron-el-dia-de-la-lealtad-en-tornquist\/#primaryimage\"},\"image\":{\"@id\":\"https:\/\/www.noticiasradioreflejos.com.ar\/2021\/celebraron-el-dia-de-la-lealtad-en-tornquist\/#primaryimage\"},\"thumbnailUrl\":\"http:\/\/farm9.staticflickr.com\/8598\/30287917542_eca994e83d.jpg\",\"datePublished\":\"2016-10-18T11:15:49+00:00\",\"author\":{\"@id\":\"https:\/\/www.noticiasradioreflejos.com.ar\/2021\/#\/schema\/person\/ad82545263dcc5ec0996818884fd5fb1\"},\"breadcrumb\":{\"@id\":\"https:\/\/www.noticiasradioreflejos.com.ar\/2021\/celebraron-el-dia-de-la-lealtad-en-tornquist\/#breadcrumb\"},\"inLanguage\":\"es\",\"potentialAction\":[{\"@type\":\"ReadAction\",\"target\":[\"https:\/\/www.noticiasradioreflejos.com.ar\/2021\/celebraron-el-dia-de-la-lealtad-en-tornquist\/\"]}]},{\"@type\":\"ImageObject\",\"inLanguage\":\"es\",\"@id\":\"https:\/\/www.noticiasradioreflejos.com.ar\/2021\/celebraron-el-dia-de-la-lealtad-en-tornquist\/#primaryimage\",\"url\":\"http:\/\/farm9.staticflickr.com\/8598\/30287917542_eca994e83d.jpg\",\"contentUrl\":\"http:\/\/farm9.staticflickr.com\/8598\/30287917542_eca994e83d.jpg\"},{\"@type\":\"BreadcrumbList\",\"@id\":\"https:\/\/www.noticiasradioreflejos.com.ar\/2021\/celebraron-el-dia-de-la-lealtad-en-tornquist\/#breadcrumb\",\"itemListElement\":[{\"@type\":\"ListItem\",\"position\":1,\"name\":\"Portada\",\"item\":\"https:\/\/www.noticiasradioreflejos.com.ar\/2021\/\"},{\"@type\":\"ListItem\",\"position\":2,\"name\":\"Celebraron el D\u00eda de la Lealtad en Tornquist\"}]},{\"@type\":\"WebSite\",\"@id\":\"https:\/\/www.noticiasradioreflejos.com.ar\/2021\/#website\",\"url\":\"https:\/\/www.noticiasradioreflejos.com.ar\/2021\/\",\"name\":\"Noticias Radio Reflejos\",\"description\":\"Las noticias de mi comarca\",\"potentialAction\":[{\"@type\":\"SearchAction\",\"target\":{\"@type\":\"EntryPoint\",\"urlTemplate\":\"https:\/\/www.noticiasradioreflejos.com.ar\/2021\/?s={search_term_string}\"},\"query-input\":{\"@type\":\"PropertyValueSpecification\",\"valueRequired\":true,\"valueName\":\"search_term_string\"}}],\"inLanguage\":\"es\"},{\"@type\":\"Person\",\"@id\":\"https:\/\/www.noticiasradioreflejos.com.ar\/2021\/#\/schema\/person\/ad82545263dcc5ec0996818884fd5fb1\",\"name\":\"Arnaldo Botto\",\"image\":{\"@type\":\"ImageObject\",\"inLanguage\":\"es\",\"@id\":\"https:\/\/www.noticiasradioreflejos.com.ar\/2021\/#\/schema\/person\/image\/\",\"url\":\"https:\/\/secure.gravatar.com\/avatar\/55cb5e37c1efa326397366e6974cb338056df65cb50e7d64d1cf314e87504837?s=96&d=mm&r=g\",\"contentUrl\":\"https:\/\/secure.gravatar.com\/avatar\/55cb5e37c1efa326397366e6974cb338056df65cb50e7d64d1cf314e87504837?s=96&d=mm&r=g\",\"caption\":\"Arnaldo Botto\"},\"url\":\"https:\/\/www.noticiasradioreflejos.com.ar\/2021\/author\/arnaldo\/\"}]}<\/script>\n<!-- \/ Yoast SEO plugin. -->","yoast_head_json":{"title":"Celebraron el D\u00eda de la Lealtad en Tornquist - Noticias Radio Reflejos","robots":{"index":"index","follow":"follow","max-snippet":"max-snippet:-1","max-image-preview":"max-image-preview:large","max-video-preview":"max-video-preview:-1"},"canonical":"https:\/\/www.noticiasradioreflejos.com.ar\/2021\/celebraron-el-dia-de-la-lealtad-en-tornquist\/","og_locale":"es_ES","og_type":"article","og_title":"Celebraron el D\u00eda de la Lealtad en Tornquist - Noticias Radio Reflejos","og_description":"Desde distintas localidades viajaron este lunes por la noche a la celebraci\u00f3n convocada como cada 17 de Octubre por el Partido Justicialista. Unas 150 personas se dieron cita en la Unidad B\u00e1sica de calle Rivadavia donde hablaron el Presidente del PJ Juan Carlos Gisler, la ex Directora de Gobierno Carmen Soverchia, el integrante de la [&hellip;]","og_url":"https:\/\/www.noticiasradioreflejos.com.ar\/2021\/celebraron-el-dia-de-la-lealtad-en-tornquist\/","og_site_name":"Noticias Radio Reflejos","article_published_time":"2016-10-18T11:15:49+00:00","og_image":[{"url":"http:\/\/farm9.staticflickr.com\/8598\/30287917542_eca994e83d.jpg","type":"","width":"","height":""}],"author":"Arnaldo Botto","twitter_card":"summary_large_image","schema":{"@context":"https:\/\/schema.org","@graph":[{"@type":"WebPage","@id":"https:\/\/www.noticiasradioreflejos.com.ar\/2021\/celebraron-el-dia-de-la-lealtad-en-tornquist\/","url":"https:\/\/www.noticiasradioreflejos.com.ar\/2021\/celebraron-el-dia-de-la-lealtad-en-tornquist\/","name":"Celebraron el D\u00eda de la Lealtad en Tornquist - Noticias Radio Reflejos","isPartOf":{"@id":"https:\/\/www.noticiasradioreflejos.com.ar\/2021\/#website"},"primaryImageOfPage":{"@id":"https:\/\/www.noticiasradioreflejos.com.ar\/2021\/celebraron-el-dia-de-la-lealtad-en-tornquist\/#primaryimage"},"image":{"@id":"https:\/\/www.noticiasradioreflejos.com.ar\/2021\/celebraron-el-dia-de-la-lealtad-en-tornquist\/#primaryimage"},"thumbnailUrl":"http:\/\/farm9.staticflickr.com\/8598\/30287917542_eca994e83d.jpg","datePublished":"2016-10-18T11:15:49+00:00","author":{"@id":"https:\/\/www.noticiasradioreflejos.com.ar\/2021\/#\/schema\/person\/ad82545263dcc5ec0996818884fd5fb1"},"breadcrumb":{"@id":"https:\/\/www.noticiasradioreflejos.com.ar\/2021\/celebraron-el-dia-de-la-lealtad-en-tornquist\/#breadcrumb"},"inLanguage":"es","potentialAction":[{"@type":"ReadAction","target":["https:\/\/www.noticiasradioreflejos.com.ar\/2021\/celebraron-el-dia-de-la-lealtad-en-tornquist\/"]}]},{"@type":"ImageObject","inLanguage":"es","@id":"https:\/\/www.noticiasradioreflejos.com.ar\/2021\/celebraron-el-dia-de-la-lealtad-en-tornquist\/#primaryimage","url":"http:\/\/farm9.staticflickr.com\/8598\/30287917542_eca994e83d.jpg","contentUrl":"http:\/\/farm9.staticflickr.com\/8598\/30287917542_eca994e83d.jpg"},{"@type":"BreadcrumbList","@id":"https:\/\/www.noticiasradioreflejos.com.ar\/2021\/celebraron-el-dia-de-la-lealtad-en-tornquist\/#breadcrumb","itemListElement":[{"@type":"ListItem","position":1,"name":"Portada","item":"https:\/\/www.noticiasradioreflejos.com.ar\/2021\/"},{"@type":"ListItem","position":2,"name":"Celebraron el D\u00eda de la Lealtad en Tornquist"}]},{"@type":"WebSite","@id":"https:\/\/www.noticiasradioreflejos.com.ar\/2021\/#website","url":"https:\/\/www.noticiasradioreflejos.com.ar\/2021\/","name":"Noticias Radio Reflejos","description":"Las noticias de mi comarca","potentialAction":[{"@type":"SearchAction","target":{"@type":"EntryPoint","urlTemplate":"https:\/\/www.noticiasradioreflejos.com.ar\/2021\/?s={search_term_string}"},"query-input":{"@type":"PropertyValueSpecification","valueRequired":true,"valueName":"search_term_string"}}],"inLanguage":"es"},{"@type":"Person","@id":"https:\/\/www.noticiasradioreflejos.com.ar\/2021\/#\/schema\/person\/ad82545263dcc5ec0996818884fd5fb1","name":"Arnaldo Botto","image":{"@type":"ImageObject","inLanguage":"es","@id":"https:\/\/www.noticiasradioreflejos.com.ar\/2021\/#\/schema\/person\/image\/","url":"https:\/\/secure.gravatar.com\/avatar\/55cb5e37c1efa326397366e6974cb338056df65cb50e7d64d1cf314e87504837?s=96&d=mm&r=g","contentUrl":"https:\/\/secure.gravatar.com\/avatar\/55cb5e37c1efa326397366e6974cb338056df65cb50e7d64d1cf314e87504837?s=96&d=mm&r=g","caption":"Arnaldo Botto"},"url":"https:\/\/www.noticiasradioreflejos.com.ar\/2021\/author\/arnaldo\/"}]}},"_links":{"self":[{"href":"https:\/\/www.noticiasradioreflejos.com.ar\/2021\/wp-json\/wp\/v2\/posts\/2438","targetHints":{"allow":["GET"]}}],"collection":[{"href":"https:\/\/www.noticiasradioreflejos.com.ar\/2021\/wp-json\/wp\/v2\/posts"}],"about":[{"href":"https:\/\/www.noticiasradioreflejos.com.ar\/2021\/wp-json\/wp\/v2\/types\/post"}],"author":[{"embeddable":true,"href":"https:\/\/www.noticiasradioreflejos.com.ar\/2021\/wp-json\/wp\/v2\/users\/3"}],"replies":[{"embeddable":true,"href":"https:\/\/www.noticiasradioreflejos.com.ar\/2021\/wp-json\/wp\/v2\/comments?post=2438"}],"version-history":[{"count":0,"href":"https:\/\/www.noticiasradioreflejos.com.ar\/2021\/wp-json\/wp\/v2\/posts\/2438\/revisions"}],"wp:attachment":[{"href":"https:\/\/www.noticiasradioreflejos.com.ar\/2021\/wp-json\/wp\/v2\/media?parent=2438"}],"wp:term":[{"taxonomy":"category","embeddable":true,"href":"https:\/\/www.noticiasradioreflejos.com.ar\/2021\/wp-json\/wp\/v2\/categories?post=2438"},{"taxonomy":"post_tag","embeddable":true,"href":"https:\/\/www.noticiasradioreflejos.com.ar\/2021\/wp-json\/wp\/v2\/tags?post=2438"}],"curies":[{"name":"wp","href":"https:\/\/api.w.org\/{rel}","templated":true}]}}