{"id":2434,"date":"2016-10-18T10:56:13","date_gmt":"2016-10-18T10:56:13","guid":{"rendered":"http:\/\/noticiasradioreflejos.com.ar\/noticias\/?p=2434"},"modified":"2016-10-18T10:56:13","modified_gmt":"2016-10-18T10:56:13","slug":"bancos-dejaran-de-atender-a-las-12-de-este-mediodia","status":"publish","type":"post","link":"https:\/\/www.noticiasradioreflejos.com.ar\/2021\/bancos-dejaran-de-atender-a-las-12-de-este-mediodia\/","title":{"rendered":"Bancos dejar\u00e1n de atender a las 12 de este mediod\u00eda."},"content":{"rendered":"<p>Los empleados har\u00e1n un cese de actividades entre las 12 y las 15 horas por la reapertura de paritarias. Amenazan con una huelga nacional para el 28 de octubre si no reciben respuestas<br \/>\nEl cese de actividades en la mayor\u00eda del pa\u00eds ser\u00e1 a partir de las 12 horas.<br \/>\nTrabajadores bancarios retoman esta semana el cese de actividades. Realizar\u00e1n hoy y ma\u00f1ana asambleas y no atender\u00e1n al p\u00fablico entre las 12 y las 15. \u00bfEl motivo? La reapertura de las paritarias es el coraz\u00f3n del reclamo en el \u00faltimo trimestre del a\u00f1o, como as\u00ed tambi\u00e9n la exenci\u00f3n total del impuesto a las Ganancias en el medio aguinaldo de fin de a\u00f1o.<br \/>\nEl sector hab\u00eda acordado una suba del 33% en un solo pago en abril de este a\u00f1o, y ahora piden una actualizaci\u00f3n por el avance de la inflaci\u00f3n.<!--more--><br \/>\nComo ya hab\u00eda sucedido en la primera semana de octubre, los trabajadores bancarios realizar\u00e1n medidas de fuerza con \u00abretenci\u00f3n de tareas\u00bb y \u00abasambleas\u00bb en sucursales de la Argentina, espec\u00edficamente este martes 18 y mi\u00e9rcoles 19 de octubre. Las entidades estar\u00e1n abiertas durante s\u00f3lo dos horas durante estas dos jornadas, y el horario de atenci\u00f3n var\u00eda seg\u00fan cada locaci\u00f3n.<\/p>\n<div class=\"row\">\n<div class=\" col-md-offset-1 col-md-10 col-xs-12 col-print-12\">\n<p class=\"element element-paragraph\">En la Ciudad de Buenos Aires\u00a0y en la provincia, los bancos abrir\u00e1n sus puertas a las 10 de la ma\u00f1ana y las cerrar\u00e1n a las 12 del mediod\u00eda, tres horas antes del cierre normal de atenci\u00f3n al p\u00fablico.\u00a0El horario de cese de actividades puede variar seg\u00fan la regi\u00f3n del pa\u00eds.<\/p>\n<\/div>\n<\/div>\n<div class=\"row\">\n<div class=\" col-md-offset-1 col-md-10 col-xs-12 col-print-12\">\n<p class=\"element element-paragraph\">La <strong>Asociaci\u00f3n Bancaria (AB)<\/strong>, liderada por Sergio Palazzo, asegur\u00f3 que si no reciben una respuesta espec\u00edfica en estos d\u00edas, realizar\u00e1n un <strong>paro nacional de 24 horas para el viernes 28 de octubre<\/strong>. \u00abEsta\u00a0medida no se puede dilatar dada la grave situaci\u00f3n que impacta sobre los bolsillos de los trabajadores y jubilados\u00bb, asegur\u00f3 la organizaci\u00f3n en un comunicado.<\/p>\n<\/div>\n<\/div>\n<div class=\"row\">\n<div class=\" col-md-offset-1 col-md-10 col-xs-12 col-print-12\">\n<p class=\"element element-paragraph\">\u00abLas tibias soluciones que otorg\u00f3 el Gobierno con un bono de fin de a\u00f1o y la eximici\u00f3n de hasta $15.000 brutos de aguinaldo del impuesto a las ganancias, no dan respuesta a los reclamos y reivindicaciones de los trabajadores bancarios\u00bb, concluy\u00f3 el escrito.<\/p>\n<p class=\"element element-paragraph\">\n<\/div>\n<\/div>\n","protected":false},"excerpt":{"rendered":"<p>Los empleados har\u00e1n un cese de actividades entre las 12 y las 15 horas por la reapertura de paritarias. Amenazan con una huelga nacional para el 28 de octubre si no reciben respuestas El cese de actividades en la mayor\u00eda del pa\u00eds ser\u00e1 a partir de las 12 horas. Trabajadores bancarios retoman esta semana el [&hellip;]<\/p>\n","protected":false},"author":3,"featured_media":0,"comment_status":"closed","ping_status":"open","sticky":false,"template":"","format":"standard","meta":{"footnotes":""},"categories":[26],"tags":[],"class_list":["post-2434","post","type-post","status-publish","format-standard","hentry","category-sociedad"],"yoast_head":"<!-- This site is optimized with the Yoast SEO plugin v25.9 - https:\/\/yoast.com\/wordpress\/plugins\/seo\/ -->\n<title>Bancos dejar\u00e1n de atender a las 12 de este mediod\u00eda. - Noticias Radio Reflejos<\/title>\n<meta name=\"robots\" content=\"index, follow, max-snippet:-1, max-image-preview:large, max-video-preview:-1\" \/>\n<link rel=\"canonical\" href=\"https:\/\/www.noticiasradioreflejos.com.ar\/2021\/bancos-dejaran-de-atender-a-las-12-de-este-mediodia\/\" \/>\n<meta property=\"og:locale\" content=\"es_ES\" \/>\n<meta property=\"og:type\" content=\"article\" \/>\n<meta property=\"og:title\" content=\"Bancos dejar\u00e1n de atender a las 12 de este mediod\u00eda. - Noticias Radio Reflejos\" \/>\n<meta property=\"og:description\" content=\"Los empleados har\u00e1n un cese de actividades entre las 12 y las 15 horas por la reapertura de paritarias. Amenazan con una huelga nacional para el 28 de octubre si no reciben respuestas El cese de actividades en la mayor\u00eda del pa\u00eds ser\u00e1 a partir de las 12 horas. Trabajadores bancarios retoman esta semana el [&hellip;]\" \/>\n<meta property=\"og:url\" content=\"https:\/\/www.noticiasradioreflejos.com.ar\/2021\/bancos-dejaran-de-atender-a-las-12-de-este-mediodia\/\" \/>\n<meta property=\"og:site_name\" content=\"Noticias Radio Reflejos\" \/>\n<meta property=\"article:published_time\" content=\"2016-10-18T10:56:13+00:00\" \/>\n<meta property=\"og:image\" content=\"https:\/\/www.noticiasradioreflejos.com.ar\/2021\/wp-content\/uploads\/2021\/07\/logosol300x200.png\" \/>\n\t<meta property=\"og:image:width\" content=\"300\" \/>\n\t<meta property=\"og:image:height\" content=\"200\" \/>\n\t<meta property=\"og:image:type\" content=\"image\/png\" \/>\n<meta name=\"author\" content=\"Arnaldo Botto\" \/>\n<meta name=\"twitter:card\" content=\"summary_large_image\" \/>\n<script type=\"application\/ld+json\" class=\"yoast-schema-graph\">{\"@context\":\"https:\/\/schema.org\",\"@graph\":[{\"@type\":\"WebPage\",\"@id\":\"https:\/\/www.noticiasradioreflejos.com.ar\/2021\/bancos-dejaran-de-atender-a-las-12-de-este-mediodia\/\",\"url\":\"https:\/\/www.noticiasradioreflejos.com.ar\/2021\/bancos-dejaran-de-atender-a-las-12-de-este-mediodia\/\",\"name\":\"Bancos dejar\u00e1n de atender a las 12 de este mediod\u00eda. - Noticias Radio Reflejos\",\"isPartOf\":{\"@id\":\"https:\/\/www.noticiasradioreflejos.com.ar\/2021\/#website\"},\"datePublished\":\"2016-10-18T10:56:13+00:00\",\"author\":{\"@id\":\"https:\/\/www.noticiasradioreflejos.com.ar\/2021\/#\/schema\/person\/ad82545263dcc5ec0996818884fd5fb1\"},\"breadcrumb\":{\"@id\":\"https:\/\/www.noticiasradioreflejos.com.ar\/2021\/bancos-dejaran-de-atender-a-las-12-de-este-mediodia\/#breadcrumb\"},\"inLanguage\":\"es\",\"potentialAction\":[{\"@type\":\"ReadAction\",\"target\":[\"https:\/\/www.noticiasradioreflejos.com.ar\/2021\/bancos-dejaran-de-atender-a-las-12-de-este-mediodia\/\"]}]},{\"@type\":\"BreadcrumbList\",\"@id\":\"https:\/\/www.noticiasradioreflejos.com.ar\/2021\/bancos-dejaran-de-atender-a-las-12-de-este-mediodia\/#breadcrumb\",\"itemListElement\":[{\"@type\":\"ListItem\",\"position\":1,\"name\":\"Portada\",\"item\":\"https:\/\/www.noticiasradioreflejos.com.ar\/2021\/\"},{\"@type\":\"ListItem\",\"position\":2,\"name\":\"Bancos dejar\u00e1n de atender a las 12 de este mediod\u00eda.\"}]},{\"@type\":\"WebSite\",\"@id\":\"https:\/\/www.noticiasradioreflejos.com.ar\/2021\/#website\",\"url\":\"https:\/\/www.noticiasradioreflejos.com.ar\/2021\/\",\"name\":\"Noticias Radio Reflejos\",\"description\":\"Las noticias de mi comarca\",\"potentialAction\":[{\"@type\":\"SearchAction\",\"target\":{\"@type\":\"EntryPoint\",\"urlTemplate\":\"https:\/\/www.noticiasradioreflejos.com.ar\/2021\/?s={search_term_string}\"},\"query-input\":{\"@type\":\"PropertyValueSpecification\",\"valueRequired\":true,\"valueName\":\"search_term_string\"}}],\"inLanguage\":\"es\"},{\"@type\":\"Person\",\"@id\":\"https:\/\/www.noticiasradioreflejos.com.ar\/2021\/#\/schema\/person\/ad82545263dcc5ec0996818884fd5fb1\",\"name\":\"Arnaldo Botto\",\"image\":{\"@type\":\"ImageObject\",\"inLanguage\":\"es\",\"@id\":\"https:\/\/www.noticiasradioreflejos.com.ar\/2021\/#\/schema\/person\/image\/\",\"url\":\"https:\/\/secure.gravatar.com\/avatar\/55cb5e37c1efa326397366e6974cb338056df65cb50e7d64d1cf314e87504837?s=96&d=mm&r=g\",\"contentUrl\":\"https:\/\/secure.gravatar.com\/avatar\/55cb5e37c1efa326397366e6974cb338056df65cb50e7d64d1cf314e87504837?s=96&d=mm&r=g\",\"caption\":\"Arnaldo Botto\"},\"url\":\"https:\/\/www.noticiasradioreflejos.com.ar\/2021\/author\/arnaldo\/\"}]}<\/script>\n<!-- \/ Yoast SEO plugin. -->","yoast_head_json":{"title":"Bancos dejar\u00e1n de atender a las 12 de este mediod\u00eda. - Noticias Radio Reflejos","robots":{"index":"index","follow":"follow","max-snippet":"max-snippet:-1","max-image-preview":"max-image-preview:large","max-video-preview":"max-video-preview:-1"},"canonical":"https:\/\/www.noticiasradioreflejos.com.ar\/2021\/bancos-dejaran-de-atender-a-las-12-de-este-mediodia\/","og_locale":"es_ES","og_type":"article","og_title":"Bancos dejar\u00e1n de atender a las 12 de este mediod\u00eda. - Noticias Radio Reflejos","og_description":"Los empleados har\u00e1n un cese de actividades entre las 12 y las 15 horas por la reapertura de paritarias. Amenazan con una huelga nacional para el 28 de octubre si no reciben respuestas El cese de actividades en la mayor\u00eda del pa\u00eds ser\u00e1 a partir de las 12 horas. Trabajadores bancarios retoman esta semana el [&hellip;]","og_url":"https:\/\/www.noticiasradioreflejos.com.ar\/2021\/bancos-dejaran-de-atender-a-las-12-de-este-mediodia\/","og_site_name":"Noticias Radio Reflejos","article_published_time":"2016-10-18T10:56:13+00:00","og_image":[{"width":300,"height":200,"url":"https:\/\/www.noticiasradioreflejos.com.ar\/2021\/wp-content\/uploads\/2021\/07\/logosol300x200.png","type":"image\/png"}],"author":"Arnaldo Botto","twitter_card":"summary_large_image","schema":{"@context":"https:\/\/schema.org","@graph":[{"@type":"WebPage","@id":"https:\/\/www.noticiasradioreflejos.com.ar\/2021\/bancos-dejaran-de-atender-a-las-12-de-este-mediodia\/","url":"https:\/\/www.noticiasradioreflejos.com.ar\/2021\/bancos-dejaran-de-atender-a-las-12-de-este-mediodia\/","name":"Bancos dejar\u00e1n de atender a las 12 de este mediod\u00eda. - Noticias Radio Reflejos","isPartOf":{"@id":"https:\/\/www.noticiasradioreflejos.com.ar\/2021\/#website"},"datePublished":"2016-10-18T10:56:13+00:00","author":{"@id":"https:\/\/www.noticiasradioreflejos.com.ar\/2021\/#\/schema\/person\/ad82545263dcc5ec0996818884fd5fb1"},"breadcrumb":{"@id":"https:\/\/www.noticiasradioreflejos.com.ar\/2021\/bancos-dejaran-de-atender-a-las-12-de-este-mediodia\/#breadcrumb"},"inLanguage":"es","potentialAction":[{"@type":"ReadAction","target":["https:\/\/www.noticiasradioreflejos.com.ar\/2021\/bancos-dejaran-de-atender-a-las-12-de-este-mediodia\/"]}]},{"@type":"BreadcrumbList","@id":"https:\/\/www.noticiasradioreflejos.com.ar\/2021\/bancos-dejaran-de-atender-a-las-12-de-este-mediodia\/#breadcrumb","itemListElement":[{"@type":"ListItem","position":1,"name":"Portada","item":"https:\/\/www.noticiasradioreflejos.com.ar\/2021\/"},{"@type":"ListItem","position":2,"name":"Bancos dejar\u00e1n de atender a las 12 de este mediod\u00eda."}]},{"@type":"WebSite","@id":"https:\/\/www.noticiasradioreflejos.com.ar\/2021\/#website","url":"https:\/\/www.noticiasradioreflejos.com.ar\/2021\/","name":"Noticias Radio Reflejos","description":"Las noticias de mi comarca","potentialAction":[{"@type":"SearchAction","target":{"@type":"EntryPoint","urlTemplate":"https:\/\/www.noticiasradioreflejos.com.ar\/2021\/?s={search_term_string}"},"query-input":{"@type":"PropertyValueSpecification","valueRequired":true,"valueName":"search_term_string"}}],"inLanguage":"es"},{"@type":"Person","@id":"https:\/\/www.noticiasradioreflejos.com.ar\/2021\/#\/schema\/person\/ad82545263dcc5ec0996818884fd5fb1","name":"Arnaldo Botto","image":{"@type":"ImageObject","inLanguage":"es","@id":"https:\/\/www.noticiasradioreflejos.com.ar\/2021\/#\/schema\/person\/image\/","url":"https:\/\/secure.gravatar.com\/avatar\/55cb5e37c1efa326397366e6974cb338056df65cb50e7d64d1cf314e87504837?s=96&d=mm&r=g","contentUrl":"https:\/\/secure.gravatar.com\/avatar\/55cb5e37c1efa326397366e6974cb338056df65cb50e7d64d1cf314e87504837?s=96&d=mm&r=g","caption":"Arnaldo Botto"},"url":"https:\/\/www.noticiasradioreflejos.com.ar\/2021\/author\/arnaldo\/"}]}},"_links":{"self":[{"href":"https:\/\/www.noticiasradioreflejos.com.ar\/2021\/wp-json\/wp\/v2\/posts\/2434","targetHints":{"allow":["GET"]}}],"collection":[{"href":"https:\/\/www.noticiasradioreflejos.com.ar\/2021\/wp-json\/wp\/v2\/posts"}],"about":[{"href":"https:\/\/www.noticiasradioreflejos.com.ar\/2021\/wp-json\/wp\/v2\/types\/post"}],"author":[{"embeddable":true,"href":"https:\/\/www.noticiasradioreflejos.com.ar\/2021\/wp-json\/wp\/v2\/users\/3"}],"replies":[{"embeddable":true,"href":"https:\/\/www.noticiasradioreflejos.com.ar\/2021\/wp-json\/wp\/v2\/comments?post=2434"}],"version-history":[{"count":0,"href":"https:\/\/www.noticiasradioreflejos.com.ar\/2021\/wp-json\/wp\/v2\/posts\/2434\/revisions"}],"wp:attachment":[{"href":"https:\/\/www.noticiasradioreflejos.com.ar\/2021\/wp-json\/wp\/v2\/media?parent=2434"}],"wp:term":[{"taxonomy":"category","embeddable":true,"href":"https:\/\/www.noticiasradioreflejos.com.ar\/2021\/wp-json\/wp\/v2\/categories?post=2434"},{"taxonomy":"post_tag","embeddable":true,"href":"https:\/\/www.noticiasradioreflejos.com.ar\/2021\/wp-json\/wp\/v2\/tags?post=2434"}],"curies":[{"name":"wp","href":"https:\/\/api.w.org\/{rel}","templated":true}]}}