{"id":24159,"date":"2018-08-16T15:45:00","date_gmt":"2018-08-16T18:45:00","guid":{"rendered":"http:\/\/www.noticiasradioreflejos.com.ar\/noticias\/?p=24159"},"modified":"2018-08-16T15:45:00","modified_gmt":"2018-08-16T18:45:00","slug":"nudos-en-un-hilo-rojo","status":"publish","type":"post","link":"https:\/\/www.noticiasradioreflejos.com.ar\/2021\/nudos-en-un-hilo-rojo\/","title":{"rendered":"&quot;Nudos en un Hilo Rojo&quot;"},"content":{"rendered":"<div>\nEste eventos se realiza en el marco de los festejos del\u00a0<i>D\u00cdA DEL MAESTRO.<\/i>\u00a0Queremos mimar un poco a todos los docentes brind\u00e1ndoles la posibilidad de ver este maravilloso espect\u00e1culo que viene de la mano del\u00a0<b>Grupo Nudos<\/b>\u00a0de la localidad de Pringles.<!--more--><br \/>\nConformado por seis mujeres que realizan\u00a0<b>Narraci\u00f3n Oral Esc\u00e9nica<\/b>\u00a0que forma parte de las Artes Esc\u00e9nicas en General.\n<\/div>\n<div><u><i><b>Es una puesta en escena dirigida espec\u00edficamente al p\u00fablico adulto<\/b><\/i><\/u>.<\/div>\n<div><\/div>\n<div>Ser\u00e1\u00a0<b>el viernes 7 de setiembre\u00a0<\/b>a partir de las<b>\u00a020.30hs\u00a0<\/b>en el\u00a0<b>Teatro\u00a0 RODOLFO FUNKE.\u00a0<\/b>Las entradas est\u00e1ran a la venta en nuestra instituci\u00f3n y el mismo d\u00eda en el teatro.<\/div>\n<div><b><br \/>\n<\/b><\/p>\n<div>Nuestra biblioteca esta pasando por una situaci\u00f3n econ\u00f3mica dif\u00edcil, como toda instituci\u00f3n hoy d\u00eda, lo cual este evento ayudara a afrontar en parte, nuestros gastos fijos.\u00a0 Es a total beneficio de la biblioteca. Auspicia Municipalidad de Tornquist, Direcci\u00f3n de Cultura. Organiza Comisi\u00f3n Directiva Biblioteca Popular \u00abErnesto Tornquist\u00bb.<\/div>\n<\/div>\n<p>VER DE QUE TRATA: <a href=\"https:\/\/es.scribd.com\/document\/386369694\/GACETILLA-Nudos-en-Un-Hilo-Rojo-Docx\">Nudos en un Hilo Rojo<\/a><br \/>\n&nbsp;<\/p>\n<div>Graciela Cruz<\/div>\n<div><u>COMISI\u00d3N DIRECTIVA<\/u><\/div>\n<div>\n<div class=\"x_m_5226680552874861871gmail_signature\" dir=\"ltr\">\n<div>Biblioteca Popular \u00bb Ernesto Tornquist\u00bb<\/div>\n<\/div>\n<\/div>\n","protected":false},"excerpt":{"rendered":"<p>Este eventos se realiza en el marco de los festejos del\u00a0D\u00cdA DEL MAESTRO.\u00a0Queremos mimar un poco a todos los docentes brind\u00e1ndoles la posibilidad de ver este maravilloso espect\u00e1culo que viene de la mano del\u00a0Grupo Nudos\u00a0de la localidad de Pringles.<\/p>\n","protected":false},"author":3,"featured_media":0,"comment_status":"closed","ping_status":"open","sticky":false,"template":"","format":"standard","meta":{"footnotes":""},"categories":[35],"tags":[],"class_list":["post-24159","post","type-post","status-publish","format-standard","hentry","category-cultura"],"yoast_head":"<!-- This site is optimized with the Yoast SEO plugin v25.9 - https:\/\/yoast.com\/wordpress\/plugins\/seo\/ -->\n<title>&quot;Nudos en un Hilo Rojo&quot; - Noticias Radio Reflejos<\/title>\n<meta name=\"robots\" content=\"index, follow, max-snippet:-1, max-image-preview:large, max-video-preview:-1\" \/>\n<link rel=\"canonical\" href=\"https:\/\/www.noticiasradioreflejos.com.ar\/2021\/nudos-en-un-hilo-rojo\/\" \/>\n<meta property=\"og:locale\" content=\"es_ES\" \/>\n<meta property=\"og:type\" content=\"article\" \/>\n<meta property=\"og:title\" content=\"&quot;Nudos en un Hilo Rojo&quot; - Noticias Radio Reflejos\" \/>\n<meta property=\"og:description\" content=\"Este eventos se realiza en el marco de los festejos del\u00a0D\u00cdA DEL MAESTRO.\u00a0Queremos mimar un poco a todos los docentes brind\u00e1ndoles la posibilidad de ver este maravilloso espect\u00e1culo que viene de la mano del\u00a0Grupo Nudos\u00a0de la localidad de Pringles.\" \/>\n<meta property=\"og:url\" content=\"https:\/\/www.noticiasradioreflejos.com.ar\/2021\/nudos-en-un-hilo-rojo\/\" \/>\n<meta property=\"og:site_name\" content=\"Noticias Radio Reflejos\" \/>\n<meta property=\"article:published_time\" content=\"2018-08-16T18:45:00+00:00\" \/>\n<meta property=\"og:image\" content=\"https:\/\/www.noticiasradioreflejos.com.ar\/2021\/wp-content\/uploads\/2021\/07\/logosol300x200.png\" \/>\n\t<meta property=\"og:image:width\" content=\"300\" \/>\n\t<meta property=\"og:image:height\" content=\"200\" \/>\n\t<meta property=\"og:image:type\" content=\"image\/png\" \/>\n<meta name=\"author\" content=\"Arnaldo Botto\" \/>\n<meta name=\"twitter:card\" content=\"summary_large_image\" \/>\n<script type=\"application\/ld+json\" class=\"yoast-schema-graph\">{\"@context\":\"https:\/\/schema.org\",\"@graph\":[{\"@type\":\"WebPage\",\"@id\":\"https:\/\/www.noticiasradioreflejos.com.ar\/2021\/nudos-en-un-hilo-rojo\/\",\"url\":\"https:\/\/www.noticiasradioreflejos.com.ar\/2021\/nudos-en-un-hilo-rojo\/\",\"name\":\"&quot;Nudos en un Hilo Rojo&quot; - Noticias Radio Reflejos\",\"isPartOf\":{\"@id\":\"https:\/\/www.noticiasradioreflejos.com.ar\/2021\/#website\"},\"datePublished\":\"2018-08-16T18:45:00+00:00\",\"author\":{\"@id\":\"https:\/\/www.noticiasradioreflejos.com.ar\/2021\/#\/schema\/person\/ad82545263dcc5ec0996818884fd5fb1\"},\"breadcrumb\":{\"@id\":\"https:\/\/www.noticiasradioreflejos.com.ar\/2021\/nudos-en-un-hilo-rojo\/#breadcrumb\"},\"inLanguage\":\"es\",\"potentialAction\":[{\"@type\":\"ReadAction\",\"target\":[\"https:\/\/www.noticiasradioreflejos.com.ar\/2021\/nudos-en-un-hilo-rojo\/\"]}]},{\"@type\":\"BreadcrumbList\",\"@id\":\"https:\/\/www.noticiasradioreflejos.com.ar\/2021\/nudos-en-un-hilo-rojo\/#breadcrumb\",\"itemListElement\":[{\"@type\":\"ListItem\",\"position\":1,\"name\":\"Portada\",\"item\":\"https:\/\/www.noticiasradioreflejos.com.ar\/2021\/\"},{\"@type\":\"ListItem\",\"position\":2,\"name\":\"&quot;Nudos en un Hilo Rojo&quot;\"}]},{\"@type\":\"WebSite\",\"@id\":\"https:\/\/www.noticiasradioreflejos.com.ar\/2021\/#website\",\"url\":\"https:\/\/www.noticiasradioreflejos.com.ar\/2021\/\",\"name\":\"Noticias Radio Reflejos\",\"description\":\"Las noticias de mi comarca\",\"potentialAction\":[{\"@type\":\"SearchAction\",\"target\":{\"@type\":\"EntryPoint\",\"urlTemplate\":\"https:\/\/www.noticiasradioreflejos.com.ar\/2021\/?s={search_term_string}\"},\"query-input\":{\"@type\":\"PropertyValueSpecification\",\"valueRequired\":true,\"valueName\":\"search_term_string\"}}],\"inLanguage\":\"es\"},{\"@type\":\"Person\",\"@id\":\"https:\/\/www.noticiasradioreflejos.com.ar\/2021\/#\/schema\/person\/ad82545263dcc5ec0996818884fd5fb1\",\"name\":\"Arnaldo Botto\",\"image\":{\"@type\":\"ImageObject\",\"inLanguage\":\"es\",\"@id\":\"https:\/\/www.noticiasradioreflejos.com.ar\/2021\/#\/schema\/person\/image\/\",\"url\":\"https:\/\/secure.gravatar.com\/avatar\/55cb5e37c1efa326397366e6974cb338056df65cb50e7d64d1cf314e87504837?s=96&d=mm&r=g\",\"contentUrl\":\"https:\/\/secure.gravatar.com\/avatar\/55cb5e37c1efa326397366e6974cb338056df65cb50e7d64d1cf314e87504837?s=96&d=mm&r=g\",\"caption\":\"Arnaldo Botto\"},\"url\":\"https:\/\/www.noticiasradioreflejos.com.ar\/2021\/author\/arnaldo\/\"}]}<\/script>\n<!-- \/ Yoast SEO plugin. -->","yoast_head_json":{"title":"&quot;Nudos en un Hilo Rojo&quot; - Noticias Radio Reflejos","robots":{"index":"index","follow":"follow","max-snippet":"max-snippet:-1","max-image-preview":"max-image-preview:large","max-video-preview":"max-video-preview:-1"},"canonical":"https:\/\/www.noticiasradioreflejos.com.ar\/2021\/nudos-en-un-hilo-rojo\/","og_locale":"es_ES","og_type":"article","og_title":"&quot;Nudos en un Hilo Rojo&quot; - Noticias Radio Reflejos","og_description":"Este eventos se realiza en el marco de los festejos del\u00a0D\u00cdA DEL MAESTRO.\u00a0Queremos mimar un poco a todos los docentes brind\u00e1ndoles la posibilidad de ver este maravilloso espect\u00e1culo que viene de la mano del\u00a0Grupo Nudos\u00a0de la localidad de Pringles.","og_url":"https:\/\/www.noticiasradioreflejos.com.ar\/2021\/nudos-en-un-hilo-rojo\/","og_site_name":"Noticias Radio Reflejos","article_published_time":"2018-08-16T18:45:00+00:00","og_image":[{"width":300,"height":200,"url":"https:\/\/www.noticiasradioreflejos.com.ar\/2021\/wp-content\/uploads\/2021\/07\/logosol300x200.png","type":"image\/png"}],"author":"Arnaldo Botto","twitter_card":"summary_large_image","schema":{"@context":"https:\/\/schema.org","@graph":[{"@type":"WebPage","@id":"https:\/\/www.noticiasradioreflejos.com.ar\/2021\/nudos-en-un-hilo-rojo\/","url":"https:\/\/www.noticiasradioreflejos.com.ar\/2021\/nudos-en-un-hilo-rojo\/","name":"&quot;Nudos en un Hilo Rojo&quot; - Noticias Radio Reflejos","isPartOf":{"@id":"https:\/\/www.noticiasradioreflejos.com.ar\/2021\/#website"},"datePublished":"2018-08-16T18:45:00+00:00","author":{"@id":"https:\/\/www.noticiasradioreflejos.com.ar\/2021\/#\/schema\/person\/ad82545263dcc5ec0996818884fd5fb1"},"breadcrumb":{"@id":"https:\/\/www.noticiasradioreflejos.com.ar\/2021\/nudos-en-un-hilo-rojo\/#breadcrumb"},"inLanguage":"es","potentialAction":[{"@type":"ReadAction","target":["https:\/\/www.noticiasradioreflejos.com.ar\/2021\/nudos-en-un-hilo-rojo\/"]}]},{"@type":"BreadcrumbList","@id":"https:\/\/www.noticiasradioreflejos.com.ar\/2021\/nudos-en-un-hilo-rojo\/#breadcrumb","itemListElement":[{"@type":"ListItem","position":1,"name":"Portada","item":"https:\/\/www.noticiasradioreflejos.com.ar\/2021\/"},{"@type":"ListItem","position":2,"name":"&quot;Nudos en un Hilo Rojo&quot;"}]},{"@type":"WebSite","@id":"https:\/\/www.noticiasradioreflejos.com.ar\/2021\/#website","url":"https:\/\/www.noticiasradioreflejos.com.ar\/2021\/","name":"Noticias Radio Reflejos","description":"Las noticias de mi comarca","potentialAction":[{"@type":"SearchAction","target":{"@type":"EntryPoint","urlTemplate":"https:\/\/www.noticiasradioreflejos.com.ar\/2021\/?s={search_term_string}"},"query-input":{"@type":"PropertyValueSpecification","valueRequired":true,"valueName":"search_term_string"}}],"inLanguage":"es"},{"@type":"Person","@id":"https:\/\/www.noticiasradioreflejos.com.ar\/2021\/#\/schema\/person\/ad82545263dcc5ec0996818884fd5fb1","name":"Arnaldo Botto","image":{"@type":"ImageObject","inLanguage":"es","@id":"https:\/\/www.noticiasradioreflejos.com.ar\/2021\/#\/schema\/person\/image\/","url":"https:\/\/secure.gravatar.com\/avatar\/55cb5e37c1efa326397366e6974cb338056df65cb50e7d64d1cf314e87504837?s=96&d=mm&r=g","contentUrl":"https:\/\/secure.gravatar.com\/avatar\/55cb5e37c1efa326397366e6974cb338056df65cb50e7d64d1cf314e87504837?s=96&d=mm&r=g","caption":"Arnaldo Botto"},"url":"https:\/\/www.noticiasradioreflejos.com.ar\/2021\/author\/arnaldo\/"}]}},"_links":{"self":[{"href":"https:\/\/www.noticiasradioreflejos.com.ar\/2021\/wp-json\/wp\/v2\/posts\/24159","targetHints":{"allow":["GET"]}}],"collection":[{"href":"https:\/\/www.noticiasradioreflejos.com.ar\/2021\/wp-json\/wp\/v2\/posts"}],"about":[{"href":"https:\/\/www.noticiasradioreflejos.com.ar\/2021\/wp-json\/wp\/v2\/types\/post"}],"author":[{"embeddable":true,"href":"https:\/\/www.noticiasradioreflejos.com.ar\/2021\/wp-json\/wp\/v2\/users\/3"}],"replies":[{"embeddable":true,"href":"https:\/\/www.noticiasradioreflejos.com.ar\/2021\/wp-json\/wp\/v2\/comments?post=24159"}],"version-history":[{"count":0,"href":"https:\/\/www.noticiasradioreflejos.com.ar\/2021\/wp-json\/wp\/v2\/posts\/24159\/revisions"}],"wp:attachment":[{"href":"https:\/\/www.noticiasradioreflejos.com.ar\/2021\/wp-json\/wp\/v2\/media?parent=24159"}],"wp:term":[{"taxonomy":"category","embeddable":true,"href":"https:\/\/www.noticiasradioreflejos.com.ar\/2021\/wp-json\/wp\/v2\/categories?post=24159"},{"taxonomy":"post_tag","embeddable":true,"href":"https:\/\/www.noticiasradioreflejos.com.ar\/2021\/wp-json\/wp\/v2\/tags?post=24159"}],"curies":[{"name":"wp","href":"https:\/\/api.w.org\/{rel}","templated":true}]}}