{"id":24156,"date":"2018-08-16T15:38:37","date_gmt":"2018-08-16T18:38:37","guid":{"rendered":"http:\/\/www.noticiasradioreflejos.com.ar\/noticias\/?p=24156"},"modified":"2018-08-16T15:38:37","modified_gmt":"2018-08-16T18:38:37","slug":"el-gobierno-nacional-avanza-con-la-ejecucion-de-obras-hidraulicas-sobre-la-ruta-nacional-35-entre-san-german-y-villa-iris","status":"publish","type":"post","link":"https:\/\/www.noticiasradioreflejos.com.ar\/2021\/el-gobierno-nacional-avanza-con-la-ejecucion-de-obras-hidraulicas-sobre-la-ruta-nacional-35-entre-san-german-y-villa-iris\/","title":{"rendered":"El Gobierno Nacional avanza con la ejecuci\u00f3n de obras hidr\u00e1ulicas sobre la ruta nacional 35 entre San Germ\u00e1n y Villa Iris"},"content":{"rendered":"<p>Los trabajos contemplan la construcci\u00f3n de alcantarillas transversales entre los km 81 y 82 de la ruta nacional 35.<!--more--><br \/>\nSe ejecutan en el marco de la obra de repavimentaci\u00f3n y mantenimiento de 117 km del corredor entre Bah\u00eda Blanca y el l\u00edmite con La Pampa. El proyecto beneficiar\u00e1 a m\u00e1s de 1.300 veh\u00edculos por d\u00eda y es financiado por el Ministerio de Transporte de la Naci\u00f3n, a trav\u00e9s de Vialidad Nacional, por $ 519 millones.<br \/>\nBuenos Aires, Jueves 16 de agosto de 2018- A ra\u00edz de la construcci\u00f3n de las alcantarillas se habilit\u00f3 un desv\u00edo provisorio del tr\u00e1nsito, entre los km 81 y 82. Los trabajos tendr\u00e1n una duraci\u00f3n aproximada de 30 d\u00edas. Adem\u00e1s, un operativo vial se encuentra apostado en la zona. El mismo cuenta con se\u00f1alamiento e iluminaci\u00f3n nocturna mediante flechas lum\u00ednicas y balizas, as\u00ed como de asistencia de banderilleros.<br \/>\nVialidad Nacional les recomienda a los usuarios del corredor circular con extrema precauci\u00f3n, moderar la velocidad, llevar las luces bajas encendidas y siempre utilizar el cintur\u00f3n de seguridad. Adicionalmente, se les solicita respetar la se\u00f1alizaci\u00f3n y acatar las indicaciones del personal vial presente en la zona.<br \/>\nLa repavimentaci\u00f3n de este tramo de la RN 35 mejorar\u00e1 las condiciones de circulaci\u00f3n de m\u00e1s de 1.300 veh\u00edculos por d\u00eda e incentivar\u00e1 el desarrollo de peque\u00f1as localidades como Villa Bordeu, San Germ\u00e1n, Villa Iris y Jacinto Ar\u00e1uz. Adem\u00e1s, agilizar\u00e1 el traslado de la producci\u00f3n agr\u00edcola de la Pampa h\u00fameda hac\u00eda los puertos de Bah\u00eda Blanca, donde funciona uno de los principales puertos de ultramar del pa\u00eds.<\/p>\n","protected":false},"excerpt":{"rendered":"<p>Los trabajos contemplan la construcci\u00f3n de alcantarillas transversales entre los km 81 y 82 de la ruta nacional 35.<\/p>\n","protected":false},"author":3,"featured_media":0,"comment_status":"closed","ping_status":"open","sticky":false,"template":"","format":"standard","meta":{"footnotes":""},"categories":[24],"tags":[],"class_list":["post-24156","post","type-post","status-publish","format-standard","hentry","category-politica"],"yoast_head":"<!-- This site is optimized with the Yoast SEO plugin v25.9 - https:\/\/yoast.com\/wordpress\/plugins\/seo\/ -->\n<title>El Gobierno Nacional avanza con la ejecuci\u00f3n de obras hidr\u00e1ulicas sobre la ruta nacional 35 entre San Germ\u00e1n y Villa Iris - Noticias Radio Reflejos<\/title>\n<meta name=\"robots\" content=\"index, follow, max-snippet:-1, max-image-preview:large, max-video-preview:-1\" \/>\n<link rel=\"canonical\" href=\"https:\/\/www.noticiasradioreflejos.com.ar\/2021\/el-gobierno-nacional-avanza-con-la-ejecucion-de-obras-hidraulicas-sobre-la-ruta-nacional-35-entre-san-german-y-villa-iris\/\" \/>\n<meta property=\"og:locale\" content=\"es_ES\" \/>\n<meta property=\"og:type\" content=\"article\" \/>\n<meta property=\"og:title\" content=\"El Gobierno Nacional avanza con la ejecuci\u00f3n de obras hidr\u00e1ulicas sobre la ruta nacional 35 entre San Germ\u00e1n y Villa Iris - Noticias Radio Reflejos\" \/>\n<meta property=\"og:description\" content=\"Los trabajos contemplan la construcci\u00f3n de alcantarillas transversales entre los km 81 y 82 de la ruta nacional 35.\" \/>\n<meta property=\"og:url\" content=\"https:\/\/www.noticiasradioreflejos.com.ar\/2021\/el-gobierno-nacional-avanza-con-la-ejecucion-de-obras-hidraulicas-sobre-la-ruta-nacional-35-entre-san-german-y-villa-iris\/\" \/>\n<meta property=\"og:site_name\" content=\"Noticias Radio Reflejos\" \/>\n<meta property=\"article:published_time\" content=\"2018-08-16T18:38:37+00:00\" \/>\n<meta property=\"og:image\" content=\"https:\/\/www.noticiasradioreflejos.com.ar\/2021\/wp-content\/uploads\/2021\/07\/logosol300x200.png\" \/>\n\t<meta property=\"og:image:width\" content=\"300\" \/>\n\t<meta property=\"og:image:height\" content=\"200\" \/>\n\t<meta property=\"og:image:type\" content=\"image\/png\" \/>\n<meta name=\"author\" content=\"Arnaldo Botto\" \/>\n<meta name=\"twitter:card\" content=\"summary_large_image\" \/>\n<script type=\"application\/ld+json\" class=\"yoast-schema-graph\">{\"@context\":\"https:\/\/schema.org\",\"@graph\":[{\"@type\":\"WebPage\",\"@id\":\"https:\/\/www.noticiasradioreflejos.com.ar\/2021\/el-gobierno-nacional-avanza-con-la-ejecucion-de-obras-hidraulicas-sobre-la-ruta-nacional-35-entre-san-german-y-villa-iris\/\",\"url\":\"https:\/\/www.noticiasradioreflejos.com.ar\/2021\/el-gobierno-nacional-avanza-con-la-ejecucion-de-obras-hidraulicas-sobre-la-ruta-nacional-35-entre-san-german-y-villa-iris\/\",\"name\":\"El Gobierno Nacional avanza con la ejecuci\u00f3n de obras hidr\u00e1ulicas sobre la ruta nacional 35 entre San Germ\u00e1n y Villa Iris - Noticias Radio Reflejos\",\"isPartOf\":{\"@id\":\"https:\/\/www.noticiasradioreflejos.com.ar\/2021\/#website\"},\"datePublished\":\"2018-08-16T18:38:37+00:00\",\"author\":{\"@id\":\"https:\/\/www.noticiasradioreflejos.com.ar\/2021\/#\/schema\/person\/ad82545263dcc5ec0996818884fd5fb1\"},\"breadcrumb\":{\"@id\":\"https:\/\/www.noticiasradioreflejos.com.ar\/2021\/el-gobierno-nacional-avanza-con-la-ejecucion-de-obras-hidraulicas-sobre-la-ruta-nacional-35-entre-san-german-y-villa-iris\/#breadcrumb\"},\"inLanguage\":\"es\",\"potentialAction\":[{\"@type\":\"ReadAction\",\"target\":[\"https:\/\/www.noticiasradioreflejos.com.ar\/2021\/el-gobierno-nacional-avanza-con-la-ejecucion-de-obras-hidraulicas-sobre-la-ruta-nacional-35-entre-san-german-y-villa-iris\/\"]}]},{\"@type\":\"BreadcrumbList\",\"@id\":\"https:\/\/www.noticiasradioreflejos.com.ar\/2021\/el-gobierno-nacional-avanza-con-la-ejecucion-de-obras-hidraulicas-sobre-la-ruta-nacional-35-entre-san-german-y-villa-iris\/#breadcrumb\",\"itemListElement\":[{\"@type\":\"ListItem\",\"position\":1,\"name\":\"Portada\",\"item\":\"https:\/\/www.noticiasradioreflejos.com.ar\/2021\/\"},{\"@type\":\"ListItem\",\"position\":2,\"name\":\"El Gobierno Nacional avanza con la ejecuci\u00f3n de obras hidr\u00e1ulicas sobre la ruta nacional 35 entre San Germ\u00e1n y Villa Iris\"}]},{\"@type\":\"WebSite\",\"@id\":\"https:\/\/www.noticiasradioreflejos.com.ar\/2021\/#website\",\"url\":\"https:\/\/www.noticiasradioreflejos.com.ar\/2021\/\",\"name\":\"Noticias Radio Reflejos\",\"description\":\"Las noticias de mi comarca\",\"potentialAction\":[{\"@type\":\"SearchAction\",\"target\":{\"@type\":\"EntryPoint\",\"urlTemplate\":\"https:\/\/www.noticiasradioreflejos.com.ar\/2021\/?s={search_term_string}\"},\"query-input\":{\"@type\":\"PropertyValueSpecification\",\"valueRequired\":true,\"valueName\":\"search_term_string\"}}],\"inLanguage\":\"es\"},{\"@type\":\"Person\",\"@id\":\"https:\/\/www.noticiasradioreflejos.com.ar\/2021\/#\/schema\/person\/ad82545263dcc5ec0996818884fd5fb1\",\"name\":\"Arnaldo Botto\",\"image\":{\"@type\":\"ImageObject\",\"inLanguage\":\"es\",\"@id\":\"https:\/\/www.noticiasradioreflejos.com.ar\/2021\/#\/schema\/person\/image\/\",\"url\":\"https:\/\/secure.gravatar.com\/avatar\/55cb5e37c1efa326397366e6974cb338056df65cb50e7d64d1cf314e87504837?s=96&d=mm&r=g\",\"contentUrl\":\"https:\/\/secure.gravatar.com\/avatar\/55cb5e37c1efa326397366e6974cb338056df65cb50e7d64d1cf314e87504837?s=96&d=mm&r=g\",\"caption\":\"Arnaldo Botto\"},\"url\":\"https:\/\/www.noticiasradioreflejos.com.ar\/2021\/author\/arnaldo\/\"}]}<\/script>\n<!-- \/ Yoast SEO plugin. -->","yoast_head_json":{"title":"El Gobierno Nacional avanza con la ejecuci\u00f3n de obras hidr\u00e1ulicas sobre la ruta nacional 35 entre San Germ\u00e1n y Villa Iris - Noticias Radio Reflejos","robots":{"index":"index","follow":"follow","max-snippet":"max-snippet:-1","max-image-preview":"max-image-preview:large","max-video-preview":"max-video-preview:-1"},"canonical":"https:\/\/www.noticiasradioreflejos.com.ar\/2021\/el-gobierno-nacional-avanza-con-la-ejecucion-de-obras-hidraulicas-sobre-la-ruta-nacional-35-entre-san-german-y-villa-iris\/","og_locale":"es_ES","og_type":"article","og_title":"El Gobierno Nacional avanza con la ejecuci\u00f3n de obras hidr\u00e1ulicas sobre la ruta nacional 35 entre San Germ\u00e1n y Villa Iris - Noticias Radio Reflejos","og_description":"Los trabajos contemplan la construcci\u00f3n de alcantarillas transversales entre los km 81 y 82 de la ruta nacional 35.","og_url":"https:\/\/www.noticiasradioreflejos.com.ar\/2021\/el-gobierno-nacional-avanza-con-la-ejecucion-de-obras-hidraulicas-sobre-la-ruta-nacional-35-entre-san-german-y-villa-iris\/","og_site_name":"Noticias Radio Reflejos","article_published_time":"2018-08-16T18:38:37+00:00","og_image":[{"width":300,"height":200,"url":"https:\/\/www.noticiasradioreflejos.com.ar\/2021\/wp-content\/uploads\/2021\/07\/logosol300x200.png","type":"image\/png"}],"author":"Arnaldo Botto","twitter_card":"summary_large_image","schema":{"@context":"https:\/\/schema.org","@graph":[{"@type":"WebPage","@id":"https:\/\/www.noticiasradioreflejos.com.ar\/2021\/el-gobierno-nacional-avanza-con-la-ejecucion-de-obras-hidraulicas-sobre-la-ruta-nacional-35-entre-san-german-y-villa-iris\/","url":"https:\/\/www.noticiasradioreflejos.com.ar\/2021\/el-gobierno-nacional-avanza-con-la-ejecucion-de-obras-hidraulicas-sobre-la-ruta-nacional-35-entre-san-german-y-villa-iris\/","name":"El Gobierno Nacional avanza con la ejecuci\u00f3n de obras hidr\u00e1ulicas sobre la ruta nacional 35 entre San Germ\u00e1n y Villa Iris - Noticias Radio Reflejos","isPartOf":{"@id":"https:\/\/www.noticiasradioreflejos.com.ar\/2021\/#website"},"datePublished":"2018-08-16T18:38:37+00:00","author":{"@id":"https:\/\/www.noticiasradioreflejos.com.ar\/2021\/#\/schema\/person\/ad82545263dcc5ec0996818884fd5fb1"},"breadcrumb":{"@id":"https:\/\/www.noticiasradioreflejos.com.ar\/2021\/el-gobierno-nacional-avanza-con-la-ejecucion-de-obras-hidraulicas-sobre-la-ruta-nacional-35-entre-san-german-y-villa-iris\/#breadcrumb"},"inLanguage":"es","potentialAction":[{"@type":"ReadAction","target":["https:\/\/www.noticiasradioreflejos.com.ar\/2021\/el-gobierno-nacional-avanza-con-la-ejecucion-de-obras-hidraulicas-sobre-la-ruta-nacional-35-entre-san-german-y-villa-iris\/"]}]},{"@type":"BreadcrumbList","@id":"https:\/\/www.noticiasradioreflejos.com.ar\/2021\/el-gobierno-nacional-avanza-con-la-ejecucion-de-obras-hidraulicas-sobre-la-ruta-nacional-35-entre-san-german-y-villa-iris\/#breadcrumb","itemListElement":[{"@type":"ListItem","position":1,"name":"Portada","item":"https:\/\/www.noticiasradioreflejos.com.ar\/2021\/"},{"@type":"ListItem","position":2,"name":"El Gobierno Nacional avanza con la ejecuci\u00f3n de obras hidr\u00e1ulicas sobre la ruta nacional 35 entre San Germ\u00e1n y Villa Iris"}]},{"@type":"WebSite","@id":"https:\/\/www.noticiasradioreflejos.com.ar\/2021\/#website","url":"https:\/\/www.noticiasradioreflejos.com.ar\/2021\/","name":"Noticias Radio Reflejos","description":"Las noticias de mi comarca","potentialAction":[{"@type":"SearchAction","target":{"@type":"EntryPoint","urlTemplate":"https:\/\/www.noticiasradioreflejos.com.ar\/2021\/?s={search_term_string}"},"query-input":{"@type":"PropertyValueSpecification","valueRequired":true,"valueName":"search_term_string"}}],"inLanguage":"es"},{"@type":"Person","@id":"https:\/\/www.noticiasradioreflejos.com.ar\/2021\/#\/schema\/person\/ad82545263dcc5ec0996818884fd5fb1","name":"Arnaldo Botto","image":{"@type":"ImageObject","inLanguage":"es","@id":"https:\/\/www.noticiasradioreflejos.com.ar\/2021\/#\/schema\/person\/image\/","url":"https:\/\/secure.gravatar.com\/avatar\/55cb5e37c1efa326397366e6974cb338056df65cb50e7d64d1cf314e87504837?s=96&d=mm&r=g","contentUrl":"https:\/\/secure.gravatar.com\/avatar\/55cb5e37c1efa326397366e6974cb338056df65cb50e7d64d1cf314e87504837?s=96&d=mm&r=g","caption":"Arnaldo Botto"},"url":"https:\/\/www.noticiasradioreflejos.com.ar\/2021\/author\/arnaldo\/"}]}},"_links":{"self":[{"href":"https:\/\/www.noticiasradioreflejos.com.ar\/2021\/wp-json\/wp\/v2\/posts\/24156","targetHints":{"allow":["GET"]}}],"collection":[{"href":"https:\/\/www.noticiasradioreflejos.com.ar\/2021\/wp-json\/wp\/v2\/posts"}],"about":[{"href":"https:\/\/www.noticiasradioreflejos.com.ar\/2021\/wp-json\/wp\/v2\/types\/post"}],"author":[{"embeddable":true,"href":"https:\/\/www.noticiasradioreflejos.com.ar\/2021\/wp-json\/wp\/v2\/users\/3"}],"replies":[{"embeddable":true,"href":"https:\/\/www.noticiasradioreflejos.com.ar\/2021\/wp-json\/wp\/v2\/comments?post=24156"}],"version-history":[{"count":0,"href":"https:\/\/www.noticiasradioreflejos.com.ar\/2021\/wp-json\/wp\/v2\/posts\/24156\/revisions"}],"wp:attachment":[{"href":"https:\/\/www.noticiasradioreflejos.com.ar\/2021\/wp-json\/wp\/v2\/media?parent=24156"}],"wp:term":[{"taxonomy":"category","embeddable":true,"href":"https:\/\/www.noticiasradioreflejos.com.ar\/2021\/wp-json\/wp\/v2\/categories?post=24156"},{"taxonomy":"post_tag","embeddable":true,"href":"https:\/\/www.noticiasradioreflejos.com.ar\/2021\/wp-json\/wp\/v2\/tags?post=24156"}],"curies":[{"name":"wp","href":"https:\/\/api.w.org\/{rel}","templated":true}]}}