{"id":24142,"date":"2018-08-16T12:15:41","date_gmt":"2018-08-16T15:15:41","guid":{"rendered":"http:\/\/www.noticiasradioreflejos.com.ar\/noticias\/?p=24142"},"modified":"2018-08-16T12:15:41","modified_gmt":"2018-08-16T15:15:41","slug":"la-ruta-51-podria-ser-cortada-3-dias-en-septiembre-por-una-nueva-explosion","status":"publish","type":"post","link":"https:\/\/www.noticiasradioreflejos.com.ar\/2021\/la-ruta-51-podria-ser-cortada-3-dias-en-septiembre-por-una-nueva-explosion\/","title":{"rendered":"La Ruta 51 podr\u00eda ser cortada 3 d\u00edas en Septiembre por una nueva explosi\u00f3n"},"content":{"rendered":"<p>En el sector del despe\u00f1adero, as\u00ed lo inform\u00f3 Jorge Canobe, encargado de realizar las explosiones en el sector. Adem\u00e1s, habl\u00f3 de la situaci\u00f3n actual de la obra y del por qu\u00e9 de la decisi\u00f3n de realizar una sola detonaci\u00f3n de mayor intensidad.<!--more--><br \/>\nDurante los \u00faltimos 3 meses, no se han realizado detonaciones en el despe\u00f1adero. Es por eso que Jorge Canobe dialog\u00f3 con multimedio Pringles, y explic\u00f3 la situaci\u00f3n actual de la obra.<br \/>\nLa obra se hab\u00eda parado para evaluar el avance que se hab\u00eda hecho hasta el momento, sumado a los recortes de gastos. \u00abSe evalu\u00f3 hacer la parte del despe\u00f1adero, yendo de Pringles hac\u00eda Bah\u00eda, sobre mano izquierda. Se lleg\u00f3 a un acuerdo y veremos cuando se arranca de vuelta esa parte. Se va a hacer una sola voladura y se dar\u00e1 por terminada esa parte para no cortar mas la ruta\u00bb, Explic\u00f3 Canobe<br \/>\nAnteriormente, cuando se realizaban las voladuras, la ruta se cortaba por el transcurso de 8 horas o mas. Pero la pr\u00f3xima, al ser una sola detonaci\u00f3n, va a ser mucho mayor a las anteriores, por lo tanto, el material esparcido en la ruta, tambi\u00e9n ser\u00e1 mayor.<br \/>\nLa intenci\u00f3n de esta pr\u00f3xima explosi\u00f3n, es acelerar el proceso para darle una r\u00e1pida finalizaci\u00f3n. \u00abPara mi modo de ver, calculo que entre dos o tres d\u00edas va a estar todo cortado, pero eso ya pasa por el lado de la empresa que me contrata. Yo solamente hago la perforaci\u00f3n y la voladura\u00bb.<br \/>\nEn cuanto a la fecha estimativa , Canobe dijo que podr\u00eda realizarse los primeros d\u00edas de Septiembre, \u00abEstoy esperando que me den el OK, para empezar a perforar\u00bb.<br \/>\nSe debieron reformar los planos de detonaci\u00f3n, ya que se realizar\u00e1 una sola de mayor volumen, \u00abMe mostraron los planos de como lo tienen pensado hacer y va a quedar bien. Se pensaba ampliar un poco m\u00e1s para que quedara mejor, pero queda bien, y con muy buena vista\u00bb, Explic\u00f3.<br \/>\nAl ser consultado sobre los pagos, Canobe explic\u00f3 que se han realizado \u00abmedianamente bien\u00bb, pero que el problema surgi\u00f3 cuando desde la Naci\u00f3n realizaron un recorte de gastos, \u00abAh\u00ed pararon un poquito, evaluaron hasta donde se hab\u00eda llegado, tanto en la parte de asfalto, como lo que es voladura. Ahora han tomado la medida de que se va a volar de un solo lado y ya creo que despu\u00e9s van a asfaltar y se va a culminar\u00bb. Finaliz\u00f3<br \/>\nFUENTE: Diario de Pringles<br \/>\n<a href=\"http:\/\/farm2.staticflickr.com\/1840\/44072234311_bfe6fa0543_z.jpg\" title=\"explosi\u00f3n 3\" rel=\"\"><img loading=\"lazy\" decoding=\"async\" src=\"http:\/\/farm2.staticflickr.com\/1840\/44072234311_bfe6fa0543_z.jpg\" width=\"640\" height=\"426\" alt=\"explosi\u00f3n 3\" title=\"explosi\u00f3n 3\" class=\"aligncenter\"><\/a><br \/>\n<a href=\"http:\/\/farm2.staticflickr.com\/1815\/42263409560_2facb204f4_z.jpg\" title=\"explosi\u00f3n 2\" rel=\"\"><img loading=\"lazy\" decoding=\"async\" src=\"http:\/\/farm2.staticflickr.com\/1815\/42263409560_2facb204f4_z.jpg\" width=\"640\" height=\"598\" alt=\"explosi\u00f3n 2\" title=\"explosi\u00f3n 2\" class=\"aligncenter\"><\/a><\/p>\n","protected":false},"excerpt":{"rendered":"<p>En el sector del despe\u00f1adero, as\u00ed lo inform\u00f3 Jorge Canobe, encargado de realizar las explosiones en el sector. Adem\u00e1s, habl\u00f3 de la situaci\u00f3n actual de la obra y del por qu\u00e9 de la decisi\u00f3n de realizar una sola detonaci\u00f3n de mayor intensidad.<\/p>\n","protected":false},"author":3,"featured_media":0,"comment_status":"closed","ping_status":"open","sticky":false,"template":"","format":"standard","meta":{"footnotes":""},"categories":[26],"tags":[],"class_list":["post-24142","post","type-post","status-publish","format-standard","hentry","category-sociedad"],"yoast_head":"<!-- This site is optimized with the Yoast SEO plugin v25.9 - https:\/\/yoast.com\/wordpress\/plugins\/seo\/ -->\n<title>La Ruta 51 podr\u00eda ser cortada 3 d\u00edas en Septiembre por una nueva explosi\u00f3n - Noticias Radio Reflejos<\/title>\n<meta name=\"robots\" content=\"index, follow, max-snippet:-1, max-image-preview:large, max-video-preview:-1\" \/>\n<link rel=\"canonical\" href=\"https:\/\/www.noticiasradioreflejos.com.ar\/2021\/la-ruta-51-podria-ser-cortada-3-dias-en-septiembre-por-una-nueva-explosion\/\" \/>\n<meta property=\"og:locale\" content=\"es_ES\" \/>\n<meta property=\"og:type\" content=\"article\" \/>\n<meta property=\"og:title\" content=\"La Ruta 51 podr\u00eda ser cortada 3 d\u00edas en Septiembre por una nueva explosi\u00f3n - Noticias Radio Reflejos\" \/>\n<meta property=\"og:description\" content=\"En el sector del despe\u00f1adero, as\u00ed lo inform\u00f3 Jorge Canobe, encargado de realizar las explosiones en el sector. Adem\u00e1s, habl\u00f3 de la situaci\u00f3n actual de la obra y del por qu\u00e9 de la decisi\u00f3n de realizar una sola detonaci\u00f3n de mayor intensidad.\" \/>\n<meta property=\"og:url\" content=\"https:\/\/www.noticiasradioreflejos.com.ar\/2021\/la-ruta-51-podria-ser-cortada-3-dias-en-septiembre-por-una-nueva-explosion\/\" \/>\n<meta property=\"og:site_name\" content=\"Noticias Radio Reflejos\" \/>\n<meta property=\"article:published_time\" content=\"2018-08-16T15:15:41+00:00\" \/>\n<meta property=\"og:image\" content=\"http:\/\/farm2.staticflickr.com\/1840\/44072234311_bfe6fa0543_z.jpg\" \/>\n<meta name=\"author\" content=\"Arnaldo Botto\" \/>\n<meta name=\"twitter:card\" content=\"summary_large_image\" \/>\n<script type=\"application\/ld+json\" class=\"yoast-schema-graph\">{\"@context\":\"https:\/\/schema.org\",\"@graph\":[{\"@type\":\"WebPage\",\"@id\":\"https:\/\/www.noticiasradioreflejos.com.ar\/2021\/la-ruta-51-podria-ser-cortada-3-dias-en-septiembre-por-una-nueva-explosion\/\",\"url\":\"https:\/\/www.noticiasradioreflejos.com.ar\/2021\/la-ruta-51-podria-ser-cortada-3-dias-en-septiembre-por-una-nueva-explosion\/\",\"name\":\"La Ruta 51 podr\u00eda ser cortada 3 d\u00edas en Septiembre por una nueva explosi\u00f3n - Noticias Radio Reflejos\",\"isPartOf\":{\"@id\":\"https:\/\/www.noticiasradioreflejos.com.ar\/2021\/#website\"},\"primaryImageOfPage\":{\"@id\":\"https:\/\/www.noticiasradioreflejos.com.ar\/2021\/la-ruta-51-podria-ser-cortada-3-dias-en-septiembre-por-una-nueva-explosion\/#primaryimage\"},\"image\":{\"@id\":\"https:\/\/www.noticiasradioreflejos.com.ar\/2021\/la-ruta-51-podria-ser-cortada-3-dias-en-septiembre-por-una-nueva-explosion\/#primaryimage\"},\"thumbnailUrl\":\"http:\/\/farm2.staticflickr.com\/1840\/44072234311_bfe6fa0543_z.jpg\",\"datePublished\":\"2018-08-16T15:15:41+00:00\",\"author\":{\"@id\":\"https:\/\/www.noticiasradioreflejos.com.ar\/2021\/#\/schema\/person\/ad82545263dcc5ec0996818884fd5fb1\"},\"breadcrumb\":{\"@id\":\"https:\/\/www.noticiasradioreflejos.com.ar\/2021\/la-ruta-51-podria-ser-cortada-3-dias-en-septiembre-por-una-nueva-explosion\/#breadcrumb\"},\"inLanguage\":\"es\",\"potentialAction\":[{\"@type\":\"ReadAction\",\"target\":[\"https:\/\/www.noticiasradioreflejos.com.ar\/2021\/la-ruta-51-podria-ser-cortada-3-dias-en-septiembre-por-una-nueva-explosion\/\"]}]},{\"@type\":\"ImageObject\",\"inLanguage\":\"es\",\"@id\":\"https:\/\/www.noticiasradioreflejos.com.ar\/2021\/la-ruta-51-podria-ser-cortada-3-dias-en-septiembre-por-una-nueva-explosion\/#primaryimage\",\"url\":\"http:\/\/farm2.staticflickr.com\/1840\/44072234311_bfe6fa0543_z.jpg\",\"contentUrl\":\"http:\/\/farm2.staticflickr.com\/1840\/44072234311_bfe6fa0543_z.jpg\"},{\"@type\":\"BreadcrumbList\",\"@id\":\"https:\/\/www.noticiasradioreflejos.com.ar\/2021\/la-ruta-51-podria-ser-cortada-3-dias-en-septiembre-por-una-nueva-explosion\/#breadcrumb\",\"itemListElement\":[{\"@type\":\"ListItem\",\"position\":1,\"name\":\"Portada\",\"item\":\"https:\/\/www.noticiasradioreflejos.com.ar\/2021\/\"},{\"@type\":\"ListItem\",\"position\":2,\"name\":\"La Ruta 51 podr\u00eda ser cortada 3 d\u00edas en Septiembre por una nueva explosi\u00f3n\"}]},{\"@type\":\"WebSite\",\"@id\":\"https:\/\/www.noticiasradioreflejos.com.ar\/2021\/#website\",\"url\":\"https:\/\/www.noticiasradioreflejos.com.ar\/2021\/\",\"name\":\"Noticias Radio Reflejos\",\"description\":\"Las noticias de mi comarca\",\"potentialAction\":[{\"@type\":\"SearchAction\",\"target\":{\"@type\":\"EntryPoint\",\"urlTemplate\":\"https:\/\/www.noticiasradioreflejos.com.ar\/2021\/?s={search_term_string}\"},\"query-input\":{\"@type\":\"PropertyValueSpecification\",\"valueRequired\":true,\"valueName\":\"search_term_string\"}}],\"inLanguage\":\"es\"},{\"@type\":\"Person\",\"@id\":\"https:\/\/www.noticiasradioreflejos.com.ar\/2021\/#\/schema\/person\/ad82545263dcc5ec0996818884fd5fb1\",\"name\":\"Arnaldo Botto\",\"image\":{\"@type\":\"ImageObject\",\"inLanguage\":\"es\",\"@id\":\"https:\/\/www.noticiasradioreflejos.com.ar\/2021\/#\/schema\/person\/image\/\",\"url\":\"https:\/\/secure.gravatar.com\/avatar\/55cb5e37c1efa326397366e6974cb338056df65cb50e7d64d1cf314e87504837?s=96&d=mm&r=g\",\"contentUrl\":\"https:\/\/secure.gravatar.com\/avatar\/55cb5e37c1efa326397366e6974cb338056df65cb50e7d64d1cf314e87504837?s=96&d=mm&r=g\",\"caption\":\"Arnaldo Botto\"},\"url\":\"https:\/\/www.noticiasradioreflejos.com.ar\/2021\/author\/arnaldo\/\"}]}<\/script>\n<!-- \/ Yoast SEO plugin. -->","yoast_head_json":{"title":"La Ruta 51 podr\u00eda ser cortada 3 d\u00edas en Septiembre por una nueva explosi\u00f3n - Noticias Radio Reflejos","robots":{"index":"index","follow":"follow","max-snippet":"max-snippet:-1","max-image-preview":"max-image-preview:large","max-video-preview":"max-video-preview:-1"},"canonical":"https:\/\/www.noticiasradioreflejos.com.ar\/2021\/la-ruta-51-podria-ser-cortada-3-dias-en-septiembre-por-una-nueva-explosion\/","og_locale":"es_ES","og_type":"article","og_title":"La Ruta 51 podr\u00eda ser cortada 3 d\u00edas en Septiembre por una nueva explosi\u00f3n - Noticias Radio Reflejos","og_description":"En el sector del despe\u00f1adero, as\u00ed lo inform\u00f3 Jorge Canobe, encargado de realizar las explosiones en el sector. Adem\u00e1s, habl\u00f3 de la situaci\u00f3n actual de la obra y del por qu\u00e9 de la decisi\u00f3n de realizar una sola detonaci\u00f3n de mayor intensidad.","og_url":"https:\/\/www.noticiasradioreflejos.com.ar\/2021\/la-ruta-51-podria-ser-cortada-3-dias-en-septiembre-por-una-nueva-explosion\/","og_site_name":"Noticias Radio Reflejos","article_published_time":"2018-08-16T15:15:41+00:00","og_image":[{"url":"http:\/\/farm2.staticflickr.com\/1840\/44072234311_bfe6fa0543_z.jpg","type":"","width":"","height":""}],"author":"Arnaldo Botto","twitter_card":"summary_large_image","schema":{"@context":"https:\/\/schema.org","@graph":[{"@type":"WebPage","@id":"https:\/\/www.noticiasradioreflejos.com.ar\/2021\/la-ruta-51-podria-ser-cortada-3-dias-en-septiembre-por-una-nueva-explosion\/","url":"https:\/\/www.noticiasradioreflejos.com.ar\/2021\/la-ruta-51-podria-ser-cortada-3-dias-en-septiembre-por-una-nueva-explosion\/","name":"La Ruta 51 podr\u00eda ser cortada 3 d\u00edas en Septiembre por una nueva explosi\u00f3n - Noticias Radio Reflejos","isPartOf":{"@id":"https:\/\/www.noticiasradioreflejos.com.ar\/2021\/#website"},"primaryImageOfPage":{"@id":"https:\/\/www.noticiasradioreflejos.com.ar\/2021\/la-ruta-51-podria-ser-cortada-3-dias-en-septiembre-por-una-nueva-explosion\/#primaryimage"},"image":{"@id":"https:\/\/www.noticiasradioreflejos.com.ar\/2021\/la-ruta-51-podria-ser-cortada-3-dias-en-septiembre-por-una-nueva-explosion\/#primaryimage"},"thumbnailUrl":"http:\/\/farm2.staticflickr.com\/1840\/44072234311_bfe6fa0543_z.jpg","datePublished":"2018-08-16T15:15:41+00:00","author":{"@id":"https:\/\/www.noticiasradioreflejos.com.ar\/2021\/#\/schema\/person\/ad82545263dcc5ec0996818884fd5fb1"},"breadcrumb":{"@id":"https:\/\/www.noticiasradioreflejos.com.ar\/2021\/la-ruta-51-podria-ser-cortada-3-dias-en-septiembre-por-una-nueva-explosion\/#breadcrumb"},"inLanguage":"es","potentialAction":[{"@type":"ReadAction","target":["https:\/\/www.noticiasradioreflejos.com.ar\/2021\/la-ruta-51-podria-ser-cortada-3-dias-en-septiembre-por-una-nueva-explosion\/"]}]},{"@type":"ImageObject","inLanguage":"es","@id":"https:\/\/www.noticiasradioreflejos.com.ar\/2021\/la-ruta-51-podria-ser-cortada-3-dias-en-septiembre-por-una-nueva-explosion\/#primaryimage","url":"http:\/\/farm2.staticflickr.com\/1840\/44072234311_bfe6fa0543_z.jpg","contentUrl":"http:\/\/farm2.staticflickr.com\/1840\/44072234311_bfe6fa0543_z.jpg"},{"@type":"BreadcrumbList","@id":"https:\/\/www.noticiasradioreflejos.com.ar\/2021\/la-ruta-51-podria-ser-cortada-3-dias-en-septiembre-por-una-nueva-explosion\/#breadcrumb","itemListElement":[{"@type":"ListItem","position":1,"name":"Portada","item":"https:\/\/www.noticiasradioreflejos.com.ar\/2021\/"},{"@type":"ListItem","position":2,"name":"La Ruta 51 podr\u00eda ser cortada 3 d\u00edas en Septiembre por una nueva explosi\u00f3n"}]},{"@type":"WebSite","@id":"https:\/\/www.noticiasradioreflejos.com.ar\/2021\/#website","url":"https:\/\/www.noticiasradioreflejos.com.ar\/2021\/","name":"Noticias Radio Reflejos","description":"Las noticias de mi comarca","potentialAction":[{"@type":"SearchAction","target":{"@type":"EntryPoint","urlTemplate":"https:\/\/www.noticiasradioreflejos.com.ar\/2021\/?s={search_term_string}"},"query-input":{"@type":"PropertyValueSpecification","valueRequired":true,"valueName":"search_term_string"}}],"inLanguage":"es"},{"@type":"Person","@id":"https:\/\/www.noticiasradioreflejos.com.ar\/2021\/#\/schema\/person\/ad82545263dcc5ec0996818884fd5fb1","name":"Arnaldo Botto","image":{"@type":"ImageObject","inLanguage":"es","@id":"https:\/\/www.noticiasradioreflejos.com.ar\/2021\/#\/schema\/person\/image\/","url":"https:\/\/secure.gravatar.com\/avatar\/55cb5e37c1efa326397366e6974cb338056df65cb50e7d64d1cf314e87504837?s=96&d=mm&r=g","contentUrl":"https:\/\/secure.gravatar.com\/avatar\/55cb5e37c1efa326397366e6974cb338056df65cb50e7d64d1cf314e87504837?s=96&d=mm&r=g","caption":"Arnaldo Botto"},"url":"https:\/\/www.noticiasradioreflejos.com.ar\/2021\/author\/arnaldo\/"}]}},"_links":{"self":[{"href":"https:\/\/www.noticiasradioreflejos.com.ar\/2021\/wp-json\/wp\/v2\/posts\/24142","targetHints":{"allow":["GET"]}}],"collection":[{"href":"https:\/\/www.noticiasradioreflejos.com.ar\/2021\/wp-json\/wp\/v2\/posts"}],"about":[{"href":"https:\/\/www.noticiasradioreflejos.com.ar\/2021\/wp-json\/wp\/v2\/types\/post"}],"author":[{"embeddable":true,"href":"https:\/\/www.noticiasradioreflejos.com.ar\/2021\/wp-json\/wp\/v2\/users\/3"}],"replies":[{"embeddable":true,"href":"https:\/\/www.noticiasradioreflejos.com.ar\/2021\/wp-json\/wp\/v2\/comments?post=24142"}],"version-history":[{"count":0,"href":"https:\/\/www.noticiasradioreflejos.com.ar\/2021\/wp-json\/wp\/v2\/posts\/24142\/revisions"}],"wp:attachment":[{"href":"https:\/\/www.noticiasradioreflejos.com.ar\/2021\/wp-json\/wp\/v2\/media?parent=24142"}],"wp:term":[{"taxonomy":"category","embeddable":true,"href":"https:\/\/www.noticiasradioreflejos.com.ar\/2021\/wp-json\/wp\/v2\/categories?post=24142"},{"taxonomy":"post_tag","embeddable":true,"href":"https:\/\/www.noticiasradioreflejos.com.ar\/2021\/wp-json\/wp\/v2\/tags?post=24142"}],"curies":[{"name":"wp","href":"https:\/\/api.w.org\/{rel}","templated":true}]}}