{"id":24139,"date":"2018-08-15T22:16:23","date_gmt":"2018-08-16T01:16:23","guid":{"rendered":"http:\/\/www.noticiasradioreflejos.com.ar\/noticias\/?p=24139"},"modified":"2018-08-15T22:16:23","modified_gmt":"2018-08-16T01:16:23","slug":"fm-reflejos-galardonada-en-las-jarpatec-2018","status":"publish","type":"post","link":"https:\/\/www.noticiasradioreflejos.com.ar\/2021\/fm-reflejos-galardonada-en-las-jarpatec-2018\/","title":{"rendered":"FM Reflejos, galardonada en las JARPATEC 2018"},"content":{"rendered":"<p>La FM 103.7 Radio Reflejos, ser\u00e1 galardonada esta noche, en las Jornadas Argentinas de Radiodifusi\u00f3n Profesional, Actualizaci\u00f3n Tecnol\u00f3gica y Capacitaci\u00f3n 2018 (JARPATEC 2018), que se desarrollan del lunes a este jueves 16 de Agosto en Villa Carlos Paz.<!--more--><br \/>\nComprometidos con la realidad de la radiodifusi\u00f3n netamente Federal ejercida por todas las voces del interior profundo, junto a JARPATeC 2018, entrega de Premios Aero al Periodismo Comunitario, el cual busca reconocer el ejercicio del periodismo comunitario exaltando la labor de los medios como nodos articuladores en el proceso de construcci\u00f3n de tejido social y humano de las comunidades.<br \/>\nEst\u00e1 dirigido al est\u00edmulo de los medios comunitarios en su conjunto, como un sistema de contribuci\u00f3n solidaria al bienestar de las comunidades y radica en hacer p\u00fablico el reconocimiento al trabajo que adelantan los medios y colectivos comunitarios en la generaci\u00f3n de acciones ben\u00e9ficas buscando incentivar la producci\u00f3n period\u00edstica local con acciones de comunicaci\u00f3n y nexo social entre las ONG y la audiencia<br \/>\nComo medio que representa a la comarca tur\u00edstica de Sierra de la Ventana, y el distrito de Tornquist, a nivel nacional, dentro del desarrollo de la informaci\u00f3n, asisti\u00f3 en representaci\u00f3n del equipo que conforma la emisora, Arnaldo Botto, quien recibir\u00e1 el merecido reconocimiento de las autoridades de JARPATeC.<\/p>\n","protected":false},"excerpt":{"rendered":"<p>La FM 103.7 Radio Reflejos, ser\u00e1 galardonada esta noche, en las Jornadas Argentinas de Radiodifusi\u00f3n Profesional, Actualizaci\u00f3n Tecnol\u00f3gica y Capacitaci\u00f3n 2018 (JARPATEC 2018), que se desarrollan del lunes a este jueves 16 de Agosto en Villa Carlos Paz.<\/p>\n","protected":false},"author":3,"featured_media":0,"comment_status":"closed","ping_status":"open","sticky":false,"template":"","format":"standard","meta":{"footnotes":""},"categories":[26],"tags":[],"class_list":["post-24139","post","type-post","status-publish","format-standard","hentry","category-sociedad"],"yoast_head":"<!-- This site is optimized with the Yoast SEO plugin v25.9 - https:\/\/yoast.com\/wordpress\/plugins\/seo\/ -->\n<title>FM Reflejos, galardonada en las JARPATEC 2018 - Noticias Radio Reflejos<\/title>\n<meta name=\"robots\" content=\"index, follow, max-snippet:-1, max-image-preview:large, max-video-preview:-1\" \/>\n<link rel=\"canonical\" href=\"https:\/\/www.noticiasradioreflejos.com.ar\/2021\/fm-reflejos-galardonada-en-las-jarpatec-2018\/\" \/>\n<meta property=\"og:locale\" content=\"es_ES\" \/>\n<meta property=\"og:type\" content=\"article\" \/>\n<meta property=\"og:title\" content=\"FM Reflejos, galardonada en las JARPATEC 2018 - Noticias Radio Reflejos\" \/>\n<meta property=\"og:description\" content=\"La FM 103.7 Radio Reflejos, ser\u00e1 galardonada esta noche, en las Jornadas Argentinas de Radiodifusi\u00f3n Profesional, Actualizaci\u00f3n Tecnol\u00f3gica y Capacitaci\u00f3n 2018 (JARPATEC 2018), que se desarrollan del lunes a este jueves 16 de Agosto en Villa Carlos Paz.\" \/>\n<meta property=\"og:url\" content=\"https:\/\/www.noticiasradioreflejos.com.ar\/2021\/fm-reflejos-galardonada-en-las-jarpatec-2018\/\" \/>\n<meta property=\"og:site_name\" content=\"Noticias Radio Reflejos\" \/>\n<meta property=\"article:published_time\" content=\"2018-08-16T01:16:23+00:00\" \/>\n<meta property=\"og:image\" content=\"https:\/\/www.noticiasradioreflejos.com.ar\/2021\/wp-content\/uploads\/2021\/07\/logosol300x200.png\" \/>\n\t<meta property=\"og:image:width\" content=\"300\" \/>\n\t<meta property=\"og:image:height\" content=\"200\" \/>\n\t<meta property=\"og:image:type\" content=\"image\/png\" \/>\n<meta name=\"author\" content=\"Arnaldo Botto\" \/>\n<meta name=\"twitter:card\" content=\"summary_large_image\" \/>\n<script type=\"application\/ld+json\" class=\"yoast-schema-graph\">{\"@context\":\"https:\/\/schema.org\",\"@graph\":[{\"@type\":\"WebPage\",\"@id\":\"https:\/\/www.noticiasradioreflejos.com.ar\/2021\/fm-reflejos-galardonada-en-las-jarpatec-2018\/\",\"url\":\"https:\/\/www.noticiasradioreflejos.com.ar\/2021\/fm-reflejos-galardonada-en-las-jarpatec-2018\/\",\"name\":\"FM Reflejos, galardonada en las JARPATEC 2018 - Noticias Radio Reflejos\",\"isPartOf\":{\"@id\":\"https:\/\/www.noticiasradioreflejos.com.ar\/2021\/#website\"},\"datePublished\":\"2018-08-16T01:16:23+00:00\",\"author\":{\"@id\":\"https:\/\/www.noticiasradioreflejos.com.ar\/2021\/#\/schema\/person\/ad82545263dcc5ec0996818884fd5fb1\"},\"breadcrumb\":{\"@id\":\"https:\/\/www.noticiasradioreflejos.com.ar\/2021\/fm-reflejos-galardonada-en-las-jarpatec-2018\/#breadcrumb\"},\"inLanguage\":\"es\",\"potentialAction\":[{\"@type\":\"ReadAction\",\"target\":[\"https:\/\/www.noticiasradioreflejos.com.ar\/2021\/fm-reflejos-galardonada-en-las-jarpatec-2018\/\"]}]},{\"@type\":\"BreadcrumbList\",\"@id\":\"https:\/\/www.noticiasradioreflejos.com.ar\/2021\/fm-reflejos-galardonada-en-las-jarpatec-2018\/#breadcrumb\",\"itemListElement\":[{\"@type\":\"ListItem\",\"position\":1,\"name\":\"Portada\",\"item\":\"https:\/\/www.noticiasradioreflejos.com.ar\/2021\/\"},{\"@type\":\"ListItem\",\"position\":2,\"name\":\"FM Reflejos, galardonada en las JARPATEC 2018\"}]},{\"@type\":\"WebSite\",\"@id\":\"https:\/\/www.noticiasradioreflejos.com.ar\/2021\/#website\",\"url\":\"https:\/\/www.noticiasradioreflejos.com.ar\/2021\/\",\"name\":\"Noticias Radio Reflejos\",\"description\":\"Las noticias de mi comarca\",\"potentialAction\":[{\"@type\":\"SearchAction\",\"target\":{\"@type\":\"EntryPoint\",\"urlTemplate\":\"https:\/\/www.noticiasradioreflejos.com.ar\/2021\/?s={search_term_string}\"},\"query-input\":{\"@type\":\"PropertyValueSpecification\",\"valueRequired\":true,\"valueName\":\"search_term_string\"}}],\"inLanguage\":\"es\"},{\"@type\":\"Person\",\"@id\":\"https:\/\/www.noticiasradioreflejos.com.ar\/2021\/#\/schema\/person\/ad82545263dcc5ec0996818884fd5fb1\",\"name\":\"Arnaldo Botto\",\"image\":{\"@type\":\"ImageObject\",\"inLanguage\":\"es\",\"@id\":\"https:\/\/www.noticiasradioreflejos.com.ar\/2021\/#\/schema\/person\/image\/\",\"url\":\"https:\/\/secure.gravatar.com\/avatar\/55cb5e37c1efa326397366e6974cb338056df65cb50e7d64d1cf314e87504837?s=96&d=mm&r=g\",\"contentUrl\":\"https:\/\/secure.gravatar.com\/avatar\/55cb5e37c1efa326397366e6974cb338056df65cb50e7d64d1cf314e87504837?s=96&d=mm&r=g\",\"caption\":\"Arnaldo Botto\"},\"url\":\"https:\/\/www.noticiasradioreflejos.com.ar\/2021\/author\/arnaldo\/\"}]}<\/script>\n<!-- \/ Yoast SEO plugin. -->","yoast_head_json":{"title":"FM Reflejos, galardonada en las JARPATEC 2018 - Noticias Radio Reflejos","robots":{"index":"index","follow":"follow","max-snippet":"max-snippet:-1","max-image-preview":"max-image-preview:large","max-video-preview":"max-video-preview:-1"},"canonical":"https:\/\/www.noticiasradioreflejos.com.ar\/2021\/fm-reflejos-galardonada-en-las-jarpatec-2018\/","og_locale":"es_ES","og_type":"article","og_title":"FM Reflejos, galardonada en las JARPATEC 2018 - Noticias Radio Reflejos","og_description":"La FM 103.7 Radio Reflejos, ser\u00e1 galardonada esta noche, en las Jornadas Argentinas de Radiodifusi\u00f3n Profesional, Actualizaci\u00f3n Tecnol\u00f3gica y Capacitaci\u00f3n 2018 (JARPATEC 2018), que se desarrollan del lunes a este jueves 16 de Agosto en Villa Carlos Paz.","og_url":"https:\/\/www.noticiasradioreflejos.com.ar\/2021\/fm-reflejos-galardonada-en-las-jarpatec-2018\/","og_site_name":"Noticias Radio Reflejos","article_published_time":"2018-08-16T01:16:23+00:00","og_image":[{"width":300,"height":200,"url":"https:\/\/www.noticiasradioreflejos.com.ar\/2021\/wp-content\/uploads\/2021\/07\/logosol300x200.png","type":"image\/png"}],"author":"Arnaldo Botto","twitter_card":"summary_large_image","schema":{"@context":"https:\/\/schema.org","@graph":[{"@type":"WebPage","@id":"https:\/\/www.noticiasradioreflejos.com.ar\/2021\/fm-reflejos-galardonada-en-las-jarpatec-2018\/","url":"https:\/\/www.noticiasradioreflejos.com.ar\/2021\/fm-reflejos-galardonada-en-las-jarpatec-2018\/","name":"FM Reflejos, galardonada en las JARPATEC 2018 - Noticias Radio Reflejos","isPartOf":{"@id":"https:\/\/www.noticiasradioreflejos.com.ar\/2021\/#website"},"datePublished":"2018-08-16T01:16:23+00:00","author":{"@id":"https:\/\/www.noticiasradioreflejos.com.ar\/2021\/#\/schema\/person\/ad82545263dcc5ec0996818884fd5fb1"},"breadcrumb":{"@id":"https:\/\/www.noticiasradioreflejos.com.ar\/2021\/fm-reflejos-galardonada-en-las-jarpatec-2018\/#breadcrumb"},"inLanguage":"es","potentialAction":[{"@type":"ReadAction","target":["https:\/\/www.noticiasradioreflejos.com.ar\/2021\/fm-reflejos-galardonada-en-las-jarpatec-2018\/"]}]},{"@type":"BreadcrumbList","@id":"https:\/\/www.noticiasradioreflejos.com.ar\/2021\/fm-reflejos-galardonada-en-las-jarpatec-2018\/#breadcrumb","itemListElement":[{"@type":"ListItem","position":1,"name":"Portada","item":"https:\/\/www.noticiasradioreflejos.com.ar\/2021\/"},{"@type":"ListItem","position":2,"name":"FM Reflejos, galardonada en las JARPATEC 2018"}]},{"@type":"WebSite","@id":"https:\/\/www.noticiasradioreflejos.com.ar\/2021\/#website","url":"https:\/\/www.noticiasradioreflejos.com.ar\/2021\/","name":"Noticias Radio Reflejos","description":"Las noticias de mi comarca","potentialAction":[{"@type":"SearchAction","target":{"@type":"EntryPoint","urlTemplate":"https:\/\/www.noticiasradioreflejos.com.ar\/2021\/?s={search_term_string}"},"query-input":{"@type":"PropertyValueSpecification","valueRequired":true,"valueName":"search_term_string"}}],"inLanguage":"es"},{"@type":"Person","@id":"https:\/\/www.noticiasradioreflejos.com.ar\/2021\/#\/schema\/person\/ad82545263dcc5ec0996818884fd5fb1","name":"Arnaldo Botto","image":{"@type":"ImageObject","inLanguage":"es","@id":"https:\/\/www.noticiasradioreflejos.com.ar\/2021\/#\/schema\/person\/image\/","url":"https:\/\/secure.gravatar.com\/avatar\/55cb5e37c1efa326397366e6974cb338056df65cb50e7d64d1cf314e87504837?s=96&d=mm&r=g","contentUrl":"https:\/\/secure.gravatar.com\/avatar\/55cb5e37c1efa326397366e6974cb338056df65cb50e7d64d1cf314e87504837?s=96&d=mm&r=g","caption":"Arnaldo Botto"},"url":"https:\/\/www.noticiasradioreflejos.com.ar\/2021\/author\/arnaldo\/"}]}},"_links":{"self":[{"href":"https:\/\/www.noticiasradioreflejos.com.ar\/2021\/wp-json\/wp\/v2\/posts\/24139","targetHints":{"allow":["GET"]}}],"collection":[{"href":"https:\/\/www.noticiasradioreflejos.com.ar\/2021\/wp-json\/wp\/v2\/posts"}],"about":[{"href":"https:\/\/www.noticiasradioreflejos.com.ar\/2021\/wp-json\/wp\/v2\/types\/post"}],"author":[{"embeddable":true,"href":"https:\/\/www.noticiasradioreflejos.com.ar\/2021\/wp-json\/wp\/v2\/users\/3"}],"replies":[{"embeddable":true,"href":"https:\/\/www.noticiasradioreflejos.com.ar\/2021\/wp-json\/wp\/v2\/comments?post=24139"}],"version-history":[{"count":0,"href":"https:\/\/www.noticiasradioreflejos.com.ar\/2021\/wp-json\/wp\/v2\/posts\/24139\/revisions"}],"wp:attachment":[{"href":"https:\/\/www.noticiasradioreflejos.com.ar\/2021\/wp-json\/wp\/v2\/media?parent=24139"}],"wp:term":[{"taxonomy":"category","embeddable":true,"href":"https:\/\/www.noticiasradioreflejos.com.ar\/2021\/wp-json\/wp\/v2\/categories?post=24139"},{"taxonomy":"post_tag","embeddable":true,"href":"https:\/\/www.noticiasradioreflejos.com.ar\/2021\/wp-json\/wp\/v2\/tags?post=24139"}],"curies":[{"name":"wp","href":"https:\/\/api.w.org\/{rel}","templated":true}]}}