{"id":24131,"date":"2018-08-15T20:24:30","date_gmt":"2018-08-15T23:24:30","guid":{"rendered":"http:\/\/www.noticiasradioreflejos.com.ar\/noticias\/?p=24131"},"modified":"2018-08-15T20:24:30","modified_gmt":"2018-08-15T23:24:30","slug":"hay-un-dakar-de-millonarios-y-uno-de-locos-aventureros-que-van-con-lo-puesto-y-peleando-con-el-corazon","status":"publish","type":"post","link":"https:\/\/www.noticiasradioreflejos.com.ar\/2021\/hay-un-dakar-de-millonarios-y-uno-de-locos-aventureros-que-van-con-lo-puesto-y-peleando-con-el-corazon\/","title":{"rendered":"&quot;Hay un Dakar de millonarios y uno de locos aventureros que van con lo puesto y peleando con el coraz\u00f3n&quot;"},"content":{"rendered":"<p>En el micro Serendipia del d\u00eda de ayer Martes 14 de Agosto, mantuvimos una conversaci\u00f3n telef\u00f3nica con Eugenio Rosco Favre, quien le gano al Dakar, en un desaf\u00edo unipersonal. Un hombre que no quiso ganar el Dakar, sino ganarle al mismo.<!--more--><br \/>\n\u00abEn el a\u00f1o 2008 Osama Bin Laden amenaz\u00f3 directamente al Dakar, que no vuelvan a pasar por determinada zona, y en la larga lista de pilotos que han muerto en el Dakar, hay 3 que murieron por un cami\u00f3n que piso una mina, entonces ah\u00ed decidieron cortar una carrera, llamaron por tel\u00e9fono a Rusia, vinieron unos gigantezcos aviones, saltaron un par de pa\u00edses y la carrera sigui\u00f3 a las 48 horas corriendo, luego a hacer un puente a\u00e9reo de 500 km para evitar la zona de guerra, a ra\u00edz de eso en el a\u00f1o 2009 se suspendi\u00f3 la edici\u00f3n del Dakar y ya despu\u00e9s tuvimos la suerte de empezarlo a disfrutar nosotros en Sudam\u00e9rica\u00bb.<br \/>\n\u00abYo de chiquito ve\u00eda en la \u00e9poca que ten\u00edamos los viejos videoclub, una vez al a\u00f1o llegaba un v\u00eddeo que era la carrera Dakar, y nosotros la mir\u00e1bamos y la verdad que eran todos extraterrestres, camiones que corr\u00edan, con motos, con autos, en pa\u00edses lejanos, y eran todos superheroes que nada ten\u00edan que ver con nosotros, pero una vez al a\u00f1o cuando yo era chico, iba al videoclub, agarraba ese casette, lo pon\u00edamos y ve\u00edamos esas carreras que eran cosas de extraterrestres. Un buen d\u00eda resulta que esa cosa que era tan loca que era el Dakar, estaba en Argentina, y con mi hermano siempre fuimos de hacer cosas locas, y quer\u00edamos hacer algo parecido, un d\u00eda nos enteramos que hay una carrera que se llamaba (Desaf\u00edo Ruta 40), nosotros quer\u00edamos por viajeros natos hacer toda la 40, entonces yo, ya tenia 43 a\u00f1os, y se me antojo comprar mi primer cuatriciclo, con ese cuatri nos anotamos en una carrera que iba desde Rio Gallegos, hasta La Quiaca, una carrera de 5000 km, sin experiencia, sin saber de una hoja de ruta, sin nada, nos fuimos a la largada, y largamos esa carrera, en la misma tuve la suerte de conocer a Cyril Despres, que me ense\u00f1o un mont\u00f3n de cosas, y ah\u00ed empezamos a hablar, y en esa carrera me di cuenta que estaba corriendo con varios dakarianos, los mire ten\u00edan dos piernas, dos brazos, ten\u00edan un cuatriciclo que era un poco mejor pero era muy parecido al que tenia yo, osea no eran tan extraterrestres, no era tan loco empezar a so\u00f1ar un Dakar, y as\u00ed fue que corr\u00ed un ruta 40, despu\u00e9s corr\u00ed 2, despu\u00e9s corr\u00ed 3, tuve la suerte de poder correr 2 o 3 Dakar series, y logr\u00e9 poder hacer todos los pasos para llegar a estar en la largada de un Dakar, por primera vez, ya en el a\u00f1o 2014, y ah\u00ed fue un cambio para mi vida\u00bb.<br \/>\n\u00abHay dos Dakar, el que ven todos por televisi\u00f3n, que es de las grandes marcas, que hay un grupo de profesionales que va adelante con toda la guita del mundo, pens\u00e1 que hoy para hacerlo como amateur precisas 8 o 9 millones de pesos, hable con Terranova y le pregunt\u00e9 cuanto gastaste, y me dijo (y yo gast\u00e9 un mill\u00f3n de dolares), cuanto era el presupuesto mio para ir al Dakar?, 20 mil dolares, esa era toda la plata que ten\u00edamos. Me tome un colectivo con un bolsito, y me baje en Rosario a conocer mi cuatriciclo un d\u00eda antes de la largada del Dakar. Mi asistencia obviamente tenia que ir con un equipo que lleve contratado, que era el mismo tipo que me hab\u00eda vendido el cuatriciclo, pero mi asistencia real era mi mujer y un amigo, que se quedaron tratando de vender todo los cheques que hab\u00edamos conseguido prestados para los gastos, y yo me fui en colectivo a largar el Dakar, y largue solito mi alma, con rumbo hacia San Juan, en donde quedamos que me encontraba con mi mujer, y con un amigo que manejaba la camioneta, en donde me dice (mira esta es la plata que consegu\u00ed), miramos la plata que ten\u00edamos y digo muchachos con esto pagamos el gasoil hasta Bolivia, pero a Chile no llegamos ni locos, asique esa era nuestra performance en el Dakar. Nosotros ven\u00edamos poniendo las gomas que sacaban los equipos grandes, que las tiraban y nosotros las pon\u00edamos, mi equipo com\u00eda la comida que los equipos grandes que abandonaban quedaban las viandas y nos las daban a nosotros, yo largaba sin plata para el combustible, y paraba y le ped\u00eda combustible al publico, que estaban todos esper\u00e1ndome, asique era un Dakar muy distinto al que se ve por televisi\u00f3n, o al Dakar de los que est\u00e1n en punta. Hay un Dakar de millonarios y uno de locos aventureros que van con lo puesto y peleando con el coraz\u00f3n, para poder llegar, y nosotros obviamente est\u00e1bamos en el segundo grupo\u00bb.<br \/>\n\u00abTerminamos el Dakar completo despu\u00e9s de tener mil problemas, mil an\u00e9cdotas incre\u00edbles, solamente dos cuatriciclos 4&#215;4 terminamos ese a\u00f1o, fui el \u00fanico debutante dentro del Dakar que logr\u00f3 completar esa fecha en el Dakar 2014, y bueno tuvimos bastante popularidad, debido a que reglamentariamente algunas cosas me dejaban afuera de la competencia, pero tenia tanta gente que nos estaba siguiendo, que no se animaron a sacarme, y me dejaron seguir participando\u00bb.<br \/>\nNOTA COMPLETA:<br \/>\n<iframe loading=\"lazy\" src=\"https:\/\/w.soundcloud.com\/player\/?url=https%3A\/\/api.soundcloud.com\/tracks\/485443740&amp;color=%23ff5500&amp;auto_play=false&amp;hide_related=false&amp;show_comments=true&amp;show_user=true&amp;show_reposts=false&amp;show_teaser=true\" width=\"100%\" height=\"166\" frameborder=\"no\" scrolling=\"no\"><\/iframe><\/p>\n","protected":false},"excerpt":{"rendered":"<p>En el micro Serendipia del d\u00eda de ayer Martes 14 de Agosto, mantuvimos una conversaci\u00f3n telef\u00f3nica con Eugenio Rosco Favre, quien le gano al Dakar, en un desaf\u00edo unipersonal. Un hombre que no quiso ganar el Dakar, sino ganarle al mismo.<\/p>\n","protected":false},"author":3,"featured_media":0,"comment_status":"closed","ping_status":"open","sticky":false,"template":"","format":"standard","meta":{"footnotes":""},"categories":[31],"tags":[],"class_list":["post-24131","post","type-post","status-publish","format-standard","hentry","category-programas"],"yoast_head":"<!-- This site is optimized with the Yoast SEO plugin v25.9 - https:\/\/yoast.com\/wordpress\/plugins\/seo\/ -->\n<title>&quot;Hay un Dakar de millonarios y uno de locos aventureros que van con lo puesto y peleando con el coraz\u00f3n&quot; - Noticias Radio Reflejos<\/title>\n<meta name=\"robots\" content=\"index, follow, max-snippet:-1, max-image-preview:large, max-video-preview:-1\" \/>\n<link rel=\"canonical\" href=\"https:\/\/www.noticiasradioreflejos.com.ar\/2021\/hay-un-dakar-de-millonarios-y-uno-de-locos-aventureros-que-van-con-lo-puesto-y-peleando-con-el-corazon\/\" \/>\n<meta property=\"og:locale\" content=\"es_ES\" \/>\n<meta property=\"og:type\" content=\"article\" \/>\n<meta property=\"og:title\" content=\"&quot;Hay un Dakar de millonarios y uno de locos aventureros que van con lo puesto y peleando con el coraz\u00f3n&quot; - Noticias Radio Reflejos\" \/>\n<meta property=\"og:description\" content=\"En el micro Serendipia del d\u00eda de ayer Martes 14 de Agosto, mantuvimos una conversaci\u00f3n telef\u00f3nica con Eugenio Rosco Favre, quien le gano al Dakar, en un desaf\u00edo unipersonal. Un hombre que no quiso ganar el Dakar, sino ganarle al mismo.\" \/>\n<meta property=\"og:url\" content=\"https:\/\/www.noticiasradioreflejos.com.ar\/2021\/hay-un-dakar-de-millonarios-y-uno-de-locos-aventureros-que-van-con-lo-puesto-y-peleando-con-el-corazon\/\" \/>\n<meta property=\"og:site_name\" content=\"Noticias Radio Reflejos\" \/>\n<meta property=\"article:published_time\" content=\"2018-08-15T23:24:30+00:00\" \/>\n<meta property=\"og:image\" content=\"https:\/\/www.noticiasradioreflejos.com.ar\/2021\/wp-content\/uploads\/2021\/07\/logosol300x200.png\" \/>\n\t<meta property=\"og:image:width\" content=\"300\" \/>\n\t<meta property=\"og:image:height\" content=\"200\" \/>\n\t<meta property=\"og:image:type\" content=\"image\/png\" \/>\n<meta name=\"author\" content=\"Arnaldo Botto\" \/>\n<meta name=\"twitter:card\" content=\"summary_large_image\" \/>\n<script type=\"application\/ld+json\" class=\"yoast-schema-graph\">{\"@context\":\"https:\/\/schema.org\",\"@graph\":[{\"@type\":\"WebPage\",\"@id\":\"https:\/\/www.noticiasradioreflejos.com.ar\/2021\/hay-un-dakar-de-millonarios-y-uno-de-locos-aventureros-que-van-con-lo-puesto-y-peleando-con-el-corazon\/\",\"url\":\"https:\/\/www.noticiasradioreflejos.com.ar\/2021\/hay-un-dakar-de-millonarios-y-uno-de-locos-aventureros-que-van-con-lo-puesto-y-peleando-con-el-corazon\/\",\"name\":\"&quot;Hay un Dakar de millonarios y uno de locos aventureros que van con lo puesto y peleando con el coraz\u00f3n&quot; - Noticias Radio Reflejos\",\"isPartOf\":{\"@id\":\"https:\/\/www.noticiasradioreflejos.com.ar\/2021\/#website\"},\"datePublished\":\"2018-08-15T23:24:30+00:00\",\"author\":{\"@id\":\"https:\/\/www.noticiasradioreflejos.com.ar\/2021\/#\/schema\/person\/ad82545263dcc5ec0996818884fd5fb1\"},\"breadcrumb\":{\"@id\":\"https:\/\/www.noticiasradioreflejos.com.ar\/2021\/hay-un-dakar-de-millonarios-y-uno-de-locos-aventureros-que-van-con-lo-puesto-y-peleando-con-el-corazon\/#breadcrumb\"},\"inLanguage\":\"es\",\"potentialAction\":[{\"@type\":\"ReadAction\",\"target\":[\"https:\/\/www.noticiasradioreflejos.com.ar\/2021\/hay-un-dakar-de-millonarios-y-uno-de-locos-aventureros-que-van-con-lo-puesto-y-peleando-con-el-corazon\/\"]}]},{\"@type\":\"BreadcrumbList\",\"@id\":\"https:\/\/www.noticiasradioreflejos.com.ar\/2021\/hay-un-dakar-de-millonarios-y-uno-de-locos-aventureros-que-van-con-lo-puesto-y-peleando-con-el-corazon\/#breadcrumb\",\"itemListElement\":[{\"@type\":\"ListItem\",\"position\":1,\"name\":\"Portada\",\"item\":\"https:\/\/www.noticiasradioreflejos.com.ar\/2021\/\"},{\"@type\":\"ListItem\",\"position\":2,\"name\":\"&quot;Hay un Dakar de millonarios y uno de locos aventureros que van con lo puesto y peleando con el coraz\u00f3n&quot;\"}]},{\"@type\":\"WebSite\",\"@id\":\"https:\/\/www.noticiasradioreflejos.com.ar\/2021\/#website\",\"url\":\"https:\/\/www.noticiasradioreflejos.com.ar\/2021\/\",\"name\":\"Noticias Radio Reflejos\",\"description\":\"Las noticias de mi comarca\",\"potentialAction\":[{\"@type\":\"SearchAction\",\"target\":{\"@type\":\"EntryPoint\",\"urlTemplate\":\"https:\/\/www.noticiasradioreflejos.com.ar\/2021\/?s={search_term_string}\"},\"query-input\":{\"@type\":\"PropertyValueSpecification\",\"valueRequired\":true,\"valueName\":\"search_term_string\"}}],\"inLanguage\":\"es\"},{\"@type\":\"Person\",\"@id\":\"https:\/\/www.noticiasradioreflejos.com.ar\/2021\/#\/schema\/person\/ad82545263dcc5ec0996818884fd5fb1\",\"name\":\"Arnaldo Botto\",\"image\":{\"@type\":\"ImageObject\",\"inLanguage\":\"es\",\"@id\":\"https:\/\/www.noticiasradioreflejos.com.ar\/2021\/#\/schema\/person\/image\/\",\"url\":\"https:\/\/secure.gravatar.com\/avatar\/55cb5e37c1efa326397366e6974cb338056df65cb50e7d64d1cf314e87504837?s=96&d=mm&r=g\",\"contentUrl\":\"https:\/\/secure.gravatar.com\/avatar\/55cb5e37c1efa326397366e6974cb338056df65cb50e7d64d1cf314e87504837?s=96&d=mm&r=g\",\"caption\":\"Arnaldo Botto\"},\"url\":\"https:\/\/www.noticiasradioreflejos.com.ar\/2021\/author\/arnaldo\/\"}]}<\/script>\n<!-- \/ Yoast SEO plugin. -->","yoast_head_json":{"title":"&quot;Hay un Dakar de millonarios y uno de locos aventureros que van con lo puesto y peleando con el coraz\u00f3n&quot; - Noticias Radio Reflejos","robots":{"index":"index","follow":"follow","max-snippet":"max-snippet:-1","max-image-preview":"max-image-preview:large","max-video-preview":"max-video-preview:-1"},"canonical":"https:\/\/www.noticiasradioreflejos.com.ar\/2021\/hay-un-dakar-de-millonarios-y-uno-de-locos-aventureros-que-van-con-lo-puesto-y-peleando-con-el-corazon\/","og_locale":"es_ES","og_type":"article","og_title":"&quot;Hay un Dakar de millonarios y uno de locos aventureros que van con lo puesto y peleando con el coraz\u00f3n&quot; - Noticias Radio Reflejos","og_description":"En el micro Serendipia del d\u00eda de ayer Martes 14 de Agosto, mantuvimos una conversaci\u00f3n telef\u00f3nica con Eugenio Rosco Favre, quien le gano al Dakar, en un desaf\u00edo unipersonal. Un hombre que no quiso ganar el Dakar, sino ganarle al mismo.","og_url":"https:\/\/www.noticiasradioreflejos.com.ar\/2021\/hay-un-dakar-de-millonarios-y-uno-de-locos-aventureros-que-van-con-lo-puesto-y-peleando-con-el-corazon\/","og_site_name":"Noticias Radio Reflejos","article_published_time":"2018-08-15T23:24:30+00:00","og_image":[{"width":300,"height":200,"url":"https:\/\/www.noticiasradioreflejos.com.ar\/2021\/wp-content\/uploads\/2021\/07\/logosol300x200.png","type":"image\/png"}],"author":"Arnaldo Botto","twitter_card":"summary_large_image","schema":{"@context":"https:\/\/schema.org","@graph":[{"@type":"WebPage","@id":"https:\/\/www.noticiasradioreflejos.com.ar\/2021\/hay-un-dakar-de-millonarios-y-uno-de-locos-aventureros-que-van-con-lo-puesto-y-peleando-con-el-corazon\/","url":"https:\/\/www.noticiasradioreflejos.com.ar\/2021\/hay-un-dakar-de-millonarios-y-uno-de-locos-aventureros-que-van-con-lo-puesto-y-peleando-con-el-corazon\/","name":"&quot;Hay un Dakar de millonarios y uno de locos aventureros que van con lo puesto y peleando con el coraz\u00f3n&quot; - Noticias Radio Reflejos","isPartOf":{"@id":"https:\/\/www.noticiasradioreflejos.com.ar\/2021\/#website"},"datePublished":"2018-08-15T23:24:30+00:00","author":{"@id":"https:\/\/www.noticiasradioreflejos.com.ar\/2021\/#\/schema\/person\/ad82545263dcc5ec0996818884fd5fb1"},"breadcrumb":{"@id":"https:\/\/www.noticiasradioreflejos.com.ar\/2021\/hay-un-dakar-de-millonarios-y-uno-de-locos-aventureros-que-van-con-lo-puesto-y-peleando-con-el-corazon\/#breadcrumb"},"inLanguage":"es","potentialAction":[{"@type":"ReadAction","target":["https:\/\/www.noticiasradioreflejos.com.ar\/2021\/hay-un-dakar-de-millonarios-y-uno-de-locos-aventureros-que-van-con-lo-puesto-y-peleando-con-el-corazon\/"]}]},{"@type":"BreadcrumbList","@id":"https:\/\/www.noticiasradioreflejos.com.ar\/2021\/hay-un-dakar-de-millonarios-y-uno-de-locos-aventureros-que-van-con-lo-puesto-y-peleando-con-el-corazon\/#breadcrumb","itemListElement":[{"@type":"ListItem","position":1,"name":"Portada","item":"https:\/\/www.noticiasradioreflejos.com.ar\/2021\/"},{"@type":"ListItem","position":2,"name":"&quot;Hay un Dakar de millonarios y uno de locos aventureros que van con lo puesto y peleando con el coraz\u00f3n&quot;"}]},{"@type":"WebSite","@id":"https:\/\/www.noticiasradioreflejos.com.ar\/2021\/#website","url":"https:\/\/www.noticiasradioreflejos.com.ar\/2021\/","name":"Noticias Radio Reflejos","description":"Las noticias de mi comarca","potentialAction":[{"@type":"SearchAction","target":{"@type":"EntryPoint","urlTemplate":"https:\/\/www.noticiasradioreflejos.com.ar\/2021\/?s={search_term_string}"},"query-input":{"@type":"PropertyValueSpecification","valueRequired":true,"valueName":"search_term_string"}}],"inLanguage":"es"},{"@type":"Person","@id":"https:\/\/www.noticiasradioreflejos.com.ar\/2021\/#\/schema\/person\/ad82545263dcc5ec0996818884fd5fb1","name":"Arnaldo Botto","image":{"@type":"ImageObject","inLanguage":"es","@id":"https:\/\/www.noticiasradioreflejos.com.ar\/2021\/#\/schema\/person\/image\/","url":"https:\/\/secure.gravatar.com\/avatar\/55cb5e37c1efa326397366e6974cb338056df65cb50e7d64d1cf314e87504837?s=96&d=mm&r=g","contentUrl":"https:\/\/secure.gravatar.com\/avatar\/55cb5e37c1efa326397366e6974cb338056df65cb50e7d64d1cf314e87504837?s=96&d=mm&r=g","caption":"Arnaldo Botto"},"url":"https:\/\/www.noticiasradioreflejos.com.ar\/2021\/author\/arnaldo\/"}]}},"_links":{"self":[{"href":"https:\/\/www.noticiasradioreflejos.com.ar\/2021\/wp-json\/wp\/v2\/posts\/24131","targetHints":{"allow":["GET"]}}],"collection":[{"href":"https:\/\/www.noticiasradioreflejos.com.ar\/2021\/wp-json\/wp\/v2\/posts"}],"about":[{"href":"https:\/\/www.noticiasradioreflejos.com.ar\/2021\/wp-json\/wp\/v2\/types\/post"}],"author":[{"embeddable":true,"href":"https:\/\/www.noticiasradioreflejos.com.ar\/2021\/wp-json\/wp\/v2\/users\/3"}],"replies":[{"embeddable":true,"href":"https:\/\/www.noticiasradioreflejos.com.ar\/2021\/wp-json\/wp\/v2\/comments?post=24131"}],"version-history":[{"count":0,"href":"https:\/\/www.noticiasradioreflejos.com.ar\/2021\/wp-json\/wp\/v2\/posts\/24131\/revisions"}],"wp:attachment":[{"href":"https:\/\/www.noticiasradioreflejos.com.ar\/2021\/wp-json\/wp\/v2\/media?parent=24131"}],"wp:term":[{"taxonomy":"category","embeddable":true,"href":"https:\/\/www.noticiasradioreflejos.com.ar\/2021\/wp-json\/wp\/v2\/categories?post=24131"},{"taxonomy":"post_tag","embeddable":true,"href":"https:\/\/www.noticiasradioreflejos.com.ar\/2021\/wp-json\/wp\/v2\/tags?post=24131"}],"curies":[{"name":"wp","href":"https:\/\/api.w.org\/{rel}","templated":true}]}}