{"id":24125,"date":"2018-08-15T18:55:10","date_gmt":"2018-08-15T21:55:10","guid":{"rendered":"http:\/\/www.noticiasradioreflejos.com.ar\/noticias\/?p=24125"},"modified":"2018-08-15T18:55:10","modified_gmt":"2018-08-15T21:55:10","slug":"la-escuelita-azulgrana-realizara-una-pollada-el-proximo-lunes","status":"publish","type":"post","link":"https:\/\/www.noticiasradioreflejos.com.ar\/2021\/la-escuelita-azulgrana-realizara-una-pollada-el-proximo-lunes\/","title":{"rendered":"La Escuelita Azulgrana realizar\u00e1 una pollada el pr\u00f3ximo lunes"},"content":{"rendered":"<p>Aprovechando el descanso por el feriado nacional, el Automoto Club Deportivo realizar\u00e1 una pollada el pr\u00f3ximo lunes, organizada por los padres de los jugadores categor\u00eda 2007 de la Escuelita Azulgrana, quienes en noviembre viajar\u00e1n a Buenos Aires.<!--more--><br \/>\nLos pollos asados podr\u00e1n retirarse a partir de las 12 horas en el fog\u00f3n que la instituci\u00f3n posee en su campo deportivo y la novedad es que se pueden adquirir con papas fritas, para degustar de una comida especial.<br \/>\nEl costo de los mismos es de 250 pesos con papas fritas incluidas o bien 220 pesos en caso de querer solamente el pollo. Los encargues pueden efectuarse llamando al 291 4604483 (Juli\u00e1n) o tambi\u00e9n consultando a cualquiera de los pap\u00e1s de la categor\u00eda.<br \/>\nComo es de costumbre, se ruega llevar fuente.<br \/>\nEste feriado tomate un descanso. Encarga un pollo a la parrilla. Automoto cocina por vos.<br \/>\nDepartamento de Prensa \u2013 Automoto Club Deportivo<br \/>\nwww.clubautomotopasion.com.ar<br \/>\nFacebook: \/automototornquist<br \/>\nTwitter: @ClubAutomoto<\/p>\n","protected":false},"excerpt":{"rendered":"<p>Aprovechando el descanso por el feriado nacional, el Automoto Club Deportivo realizar\u00e1 una pollada el pr\u00f3ximo lunes, organizada por los padres de los jugadores categor\u00eda 2007 de la Escuelita Azulgrana, quienes en noviembre viajar\u00e1n a Buenos Aires.<\/p>\n","protected":false},"author":3,"featured_media":0,"comment_status":"closed","ping_status":"open","sticky":false,"template":"","format":"standard","meta":{"footnotes":""},"categories":[27],"tags":[],"class_list":["post-24125","post","type-post","status-publish","format-standard","hentry","category-deportes"],"yoast_head":"<!-- This site is optimized with the Yoast SEO plugin v25.9 - https:\/\/yoast.com\/wordpress\/plugins\/seo\/ -->\n<title>La Escuelita Azulgrana realizar\u00e1 una pollada el pr\u00f3ximo lunes - Noticias Radio Reflejos<\/title>\n<meta name=\"robots\" content=\"index, follow, max-snippet:-1, max-image-preview:large, max-video-preview:-1\" \/>\n<link rel=\"canonical\" href=\"https:\/\/www.noticiasradioreflejos.com.ar\/2021\/la-escuelita-azulgrana-realizara-una-pollada-el-proximo-lunes\/\" \/>\n<meta property=\"og:locale\" content=\"es_ES\" \/>\n<meta property=\"og:type\" content=\"article\" \/>\n<meta property=\"og:title\" content=\"La Escuelita Azulgrana realizar\u00e1 una pollada el pr\u00f3ximo lunes - Noticias Radio Reflejos\" \/>\n<meta property=\"og:description\" content=\"Aprovechando el descanso por el feriado nacional, el Automoto Club Deportivo realizar\u00e1 una pollada el pr\u00f3ximo lunes, organizada por los padres de los jugadores categor\u00eda 2007 de la Escuelita Azulgrana, quienes en noviembre viajar\u00e1n a Buenos Aires.\" \/>\n<meta property=\"og:url\" content=\"https:\/\/www.noticiasradioreflejos.com.ar\/2021\/la-escuelita-azulgrana-realizara-una-pollada-el-proximo-lunes\/\" \/>\n<meta property=\"og:site_name\" content=\"Noticias Radio Reflejos\" \/>\n<meta property=\"article:published_time\" content=\"2018-08-15T21:55:10+00:00\" \/>\n<meta property=\"og:image\" content=\"https:\/\/www.noticiasradioreflejos.com.ar\/2021\/wp-content\/uploads\/2021\/07\/logosol300x200.png\" \/>\n\t<meta property=\"og:image:width\" content=\"300\" \/>\n\t<meta property=\"og:image:height\" content=\"200\" \/>\n\t<meta property=\"og:image:type\" content=\"image\/png\" \/>\n<meta name=\"author\" content=\"Arnaldo Botto\" \/>\n<meta name=\"twitter:card\" content=\"summary_large_image\" \/>\n<script type=\"application\/ld+json\" class=\"yoast-schema-graph\">{\"@context\":\"https:\/\/schema.org\",\"@graph\":[{\"@type\":\"WebPage\",\"@id\":\"https:\/\/www.noticiasradioreflejos.com.ar\/2021\/la-escuelita-azulgrana-realizara-una-pollada-el-proximo-lunes\/\",\"url\":\"https:\/\/www.noticiasradioreflejos.com.ar\/2021\/la-escuelita-azulgrana-realizara-una-pollada-el-proximo-lunes\/\",\"name\":\"La Escuelita Azulgrana realizar\u00e1 una pollada el pr\u00f3ximo lunes - Noticias Radio Reflejos\",\"isPartOf\":{\"@id\":\"https:\/\/www.noticiasradioreflejos.com.ar\/2021\/#website\"},\"datePublished\":\"2018-08-15T21:55:10+00:00\",\"author\":{\"@id\":\"https:\/\/www.noticiasradioreflejos.com.ar\/2021\/#\/schema\/person\/ad82545263dcc5ec0996818884fd5fb1\"},\"breadcrumb\":{\"@id\":\"https:\/\/www.noticiasradioreflejos.com.ar\/2021\/la-escuelita-azulgrana-realizara-una-pollada-el-proximo-lunes\/#breadcrumb\"},\"inLanguage\":\"es\",\"potentialAction\":[{\"@type\":\"ReadAction\",\"target\":[\"https:\/\/www.noticiasradioreflejos.com.ar\/2021\/la-escuelita-azulgrana-realizara-una-pollada-el-proximo-lunes\/\"]}]},{\"@type\":\"BreadcrumbList\",\"@id\":\"https:\/\/www.noticiasradioreflejos.com.ar\/2021\/la-escuelita-azulgrana-realizara-una-pollada-el-proximo-lunes\/#breadcrumb\",\"itemListElement\":[{\"@type\":\"ListItem\",\"position\":1,\"name\":\"Portada\",\"item\":\"https:\/\/www.noticiasradioreflejos.com.ar\/2021\/\"},{\"@type\":\"ListItem\",\"position\":2,\"name\":\"La Escuelita Azulgrana realizar\u00e1 una pollada el pr\u00f3ximo lunes\"}]},{\"@type\":\"WebSite\",\"@id\":\"https:\/\/www.noticiasradioreflejos.com.ar\/2021\/#website\",\"url\":\"https:\/\/www.noticiasradioreflejos.com.ar\/2021\/\",\"name\":\"Noticias Radio Reflejos\",\"description\":\"Las noticias de mi comarca\",\"potentialAction\":[{\"@type\":\"SearchAction\",\"target\":{\"@type\":\"EntryPoint\",\"urlTemplate\":\"https:\/\/www.noticiasradioreflejos.com.ar\/2021\/?s={search_term_string}\"},\"query-input\":{\"@type\":\"PropertyValueSpecification\",\"valueRequired\":true,\"valueName\":\"search_term_string\"}}],\"inLanguage\":\"es\"},{\"@type\":\"Person\",\"@id\":\"https:\/\/www.noticiasradioreflejos.com.ar\/2021\/#\/schema\/person\/ad82545263dcc5ec0996818884fd5fb1\",\"name\":\"Arnaldo Botto\",\"image\":{\"@type\":\"ImageObject\",\"inLanguage\":\"es\",\"@id\":\"https:\/\/www.noticiasradioreflejos.com.ar\/2021\/#\/schema\/person\/image\/\",\"url\":\"https:\/\/secure.gravatar.com\/avatar\/55cb5e37c1efa326397366e6974cb338056df65cb50e7d64d1cf314e87504837?s=96&d=mm&r=g\",\"contentUrl\":\"https:\/\/secure.gravatar.com\/avatar\/55cb5e37c1efa326397366e6974cb338056df65cb50e7d64d1cf314e87504837?s=96&d=mm&r=g\",\"caption\":\"Arnaldo Botto\"},\"url\":\"https:\/\/www.noticiasradioreflejos.com.ar\/2021\/author\/arnaldo\/\"}]}<\/script>\n<!-- \/ Yoast SEO plugin. -->","yoast_head_json":{"title":"La Escuelita Azulgrana realizar\u00e1 una pollada el pr\u00f3ximo lunes - Noticias Radio Reflejos","robots":{"index":"index","follow":"follow","max-snippet":"max-snippet:-1","max-image-preview":"max-image-preview:large","max-video-preview":"max-video-preview:-1"},"canonical":"https:\/\/www.noticiasradioreflejos.com.ar\/2021\/la-escuelita-azulgrana-realizara-una-pollada-el-proximo-lunes\/","og_locale":"es_ES","og_type":"article","og_title":"La Escuelita Azulgrana realizar\u00e1 una pollada el pr\u00f3ximo lunes - Noticias Radio Reflejos","og_description":"Aprovechando el descanso por el feriado nacional, el Automoto Club Deportivo realizar\u00e1 una pollada el pr\u00f3ximo lunes, organizada por los padres de los jugadores categor\u00eda 2007 de la Escuelita Azulgrana, quienes en noviembre viajar\u00e1n a Buenos Aires.","og_url":"https:\/\/www.noticiasradioreflejos.com.ar\/2021\/la-escuelita-azulgrana-realizara-una-pollada-el-proximo-lunes\/","og_site_name":"Noticias Radio Reflejos","article_published_time":"2018-08-15T21:55:10+00:00","og_image":[{"width":300,"height":200,"url":"https:\/\/www.noticiasradioreflejos.com.ar\/2021\/wp-content\/uploads\/2021\/07\/logosol300x200.png","type":"image\/png"}],"author":"Arnaldo Botto","twitter_card":"summary_large_image","schema":{"@context":"https:\/\/schema.org","@graph":[{"@type":"WebPage","@id":"https:\/\/www.noticiasradioreflejos.com.ar\/2021\/la-escuelita-azulgrana-realizara-una-pollada-el-proximo-lunes\/","url":"https:\/\/www.noticiasradioreflejos.com.ar\/2021\/la-escuelita-azulgrana-realizara-una-pollada-el-proximo-lunes\/","name":"La Escuelita Azulgrana realizar\u00e1 una pollada el pr\u00f3ximo lunes - Noticias Radio Reflejos","isPartOf":{"@id":"https:\/\/www.noticiasradioreflejos.com.ar\/2021\/#website"},"datePublished":"2018-08-15T21:55:10+00:00","author":{"@id":"https:\/\/www.noticiasradioreflejos.com.ar\/2021\/#\/schema\/person\/ad82545263dcc5ec0996818884fd5fb1"},"breadcrumb":{"@id":"https:\/\/www.noticiasradioreflejos.com.ar\/2021\/la-escuelita-azulgrana-realizara-una-pollada-el-proximo-lunes\/#breadcrumb"},"inLanguage":"es","potentialAction":[{"@type":"ReadAction","target":["https:\/\/www.noticiasradioreflejos.com.ar\/2021\/la-escuelita-azulgrana-realizara-una-pollada-el-proximo-lunes\/"]}]},{"@type":"BreadcrumbList","@id":"https:\/\/www.noticiasradioreflejos.com.ar\/2021\/la-escuelita-azulgrana-realizara-una-pollada-el-proximo-lunes\/#breadcrumb","itemListElement":[{"@type":"ListItem","position":1,"name":"Portada","item":"https:\/\/www.noticiasradioreflejos.com.ar\/2021\/"},{"@type":"ListItem","position":2,"name":"La Escuelita Azulgrana realizar\u00e1 una pollada el pr\u00f3ximo lunes"}]},{"@type":"WebSite","@id":"https:\/\/www.noticiasradioreflejos.com.ar\/2021\/#website","url":"https:\/\/www.noticiasradioreflejos.com.ar\/2021\/","name":"Noticias Radio Reflejos","description":"Las noticias de mi comarca","potentialAction":[{"@type":"SearchAction","target":{"@type":"EntryPoint","urlTemplate":"https:\/\/www.noticiasradioreflejos.com.ar\/2021\/?s={search_term_string}"},"query-input":{"@type":"PropertyValueSpecification","valueRequired":true,"valueName":"search_term_string"}}],"inLanguage":"es"},{"@type":"Person","@id":"https:\/\/www.noticiasradioreflejos.com.ar\/2021\/#\/schema\/person\/ad82545263dcc5ec0996818884fd5fb1","name":"Arnaldo Botto","image":{"@type":"ImageObject","inLanguage":"es","@id":"https:\/\/www.noticiasradioreflejos.com.ar\/2021\/#\/schema\/person\/image\/","url":"https:\/\/secure.gravatar.com\/avatar\/55cb5e37c1efa326397366e6974cb338056df65cb50e7d64d1cf314e87504837?s=96&d=mm&r=g","contentUrl":"https:\/\/secure.gravatar.com\/avatar\/55cb5e37c1efa326397366e6974cb338056df65cb50e7d64d1cf314e87504837?s=96&d=mm&r=g","caption":"Arnaldo Botto"},"url":"https:\/\/www.noticiasradioreflejos.com.ar\/2021\/author\/arnaldo\/"}]}},"_links":{"self":[{"href":"https:\/\/www.noticiasradioreflejos.com.ar\/2021\/wp-json\/wp\/v2\/posts\/24125","targetHints":{"allow":["GET"]}}],"collection":[{"href":"https:\/\/www.noticiasradioreflejos.com.ar\/2021\/wp-json\/wp\/v2\/posts"}],"about":[{"href":"https:\/\/www.noticiasradioreflejos.com.ar\/2021\/wp-json\/wp\/v2\/types\/post"}],"author":[{"embeddable":true,"href":"https:\/\/www.noticiasradioreflejos.com.ar\/2021\/wp-json\/wp\/v2\/users\/3"}],"replies":[{"embeddable":true,"href":"https:\/\/www.noticiasradioreflejos.com.ar\/2021\/wp-json\/wp\/v2\/comments?post=24125"}],"version-history":[{"count":0,"href":"https:\/\/www.noticiasradioreflejos.com.ar\/2021\/wp-json\/wp\/v2\/posts\/24125\/revisions"}],"wp:attachment":[{"href":"https:\/\/www.noticiasradioreflejos.com.ar\/2021\/wp-json\/wp\/v2\/media?parent=24125"}],"wp:term":[{"taxonomy":"category","embeddable":true,"href":"https:\/\/www.noticiasradioreflejos.com.ar\/2021\/wp-json\/wp\/v2\/categories?post=24125"},{"taxonomy":"post_tag","embeddable":true,"href":"https:\/\/www.noticiasradioreflejos.com.ar\/2021\/wp-json\/wp\/v2\/tags?post=24125"}],"curies":[{"name":"wp","href":"https:\/\/api.w.org\/{rel}","templated":true}]}}