{"id":24119,"date":"2018-08-15T18:37:16","date_gmt":"2018-08-15T21:37:16","guid":{"rendered":"http:\/\/www.noticiasradioreflejos.com.ar\/noticias\/?p=24119"},"modified":"2018-08-15T18:37:16","modified_gmt":"2018-08-15T21:37:16","slug":"femeba-apoya-proyecto-de-ley-para-combatir-la-obesidad-infantil","status":"publish","type":"post","link":"https:\/\/www.noticiasradioreflejos.com.ar\/2021\/femeba-apoya-proyecto-de-ley-para-combatir-la-obesidad-infantil\/","title":{"rendered":"Femeba apoya proyecto de ley para combatir la obesidad infantil"},"content":{"rendered":"<p>La Federaci\u00f3n M\u00e9dica de la provincia de Buenos Aires (FEMEBA), desea expresar su apoyo al proyecto de ley presentado en el Senado provincial destinado a combatir la obesidad infantil, porque entiende la impostergable necesidad de fortalecer los entornos saludables para la ni\u00f1ez. Es nuestro deseo que, luego de tomar estado parlamentario, la C\u00e1mara de Diputados convierta en ley dicho proyecto.<!--more--><br \/>\nVale recordar que seg\u00fan la Organizaci\u00f3n Mundial de la Salud (OMS), Argentina es el pa\u00eds con mayor obesidad infantil en Am\u00e9rica Latina y 1 de cada 3 chicos tiene sobrepeso u obesidad y, como bien se\u00f1ala el proyecto se trata de \u201cuna enfermedad prevenible que compromete la salud de ni\u00f1os y j\u00f3venes, y se encuentra asociada a la prevalencia, en la vida adulta, de enfermedades cr\u00f3nicas no transmisibles\u201d.<br \/>\nDr. Guillermo R. Cobi\u00e1n<br \/>\nPresidente<\/p>\n","protected":false},"excerpt":{"rendered":"<p>La Federaci\u00f3n M\u00e9dica de la provincia de Buenos Aires (FEMEBA), desea expresar su apoyo al proyecto de ley presentado en el Senado provincial destinado a combatir la obesidad infantil, porque entiende la impostergable necesidad de fortalecer los entornos saludables para la ni\u00f1ez. Es nuestro deseo que, luego de tomar estado parlamentario, la C\u00e1mara de Diputados [&hellip;]<\/p>\n","protected":false},"author":3,"featured_media":0,"comment_status":"closed","ping_status":"open","sticky":false,"template":"","format":"standard","meta":{"footnotes":""},"categories":[30],"tags":[],"class_list":["post-24119","post","type-post","status-publish","format-standard","hentry","category-salud"],"yoast_head":"<!-- This site is optimized with the Yoast SEO plugin v25.9 - https:\/\/yoast.com\/wordpress\/plugins\/seo\/ -->\n<title>Femeba apoya proyecto de ley para combatir la obesidad infantil - Noticias Radio Reflejos<\/title>\n<meta name=\"robots\" content=\"index, follow, max-snippet:-1, max-image-preview:large, max-video-preview:-1\" \/>\n<link rel=\"canonical\" href=\"https:\/\/www.noticiasradioreflejos.com.ar\/2021\/femeba-apoya-proyecto-de-ley-para-combatir-la-obesidad-infantil\/\" \/>\n<meta property=\"og:locale\" content=\"es_ES\" \/>\n<meta property=\"og:type\" content=\"article\" \/>\n<meta property=\"og:title\" content=\"Femeba apoya proyecto de ley para combatir la obesidad infantil - Noticias Radio Reflejos\" \/>\n<meta property=\"og:description\" content=\"La Federaci\u00f3n M\u00e9dica de la provincia de Buenos Aires (FEMEBA), desea expresar su apoyo al proyecto de ley presentado en el Senado provincial destinado a combatir la obesidad infantil, porque entiende la impostergable necesidad de fortalecer los entornos saludables para la ni\u00f1ez. Es nuestro deseo que, luego de tomar estado parlamentario, la C\u00e1mara de Diputados [&hellip;]\" \/>\n<meta property=\"og:url\" content=\"https:\/\/www.noticiasradioreflejos.com.ar\/2021\/femeba-apoya-proyecto-de-ley-para-combatir-la-obesidad-infantil\/\" \/>\n<meta property=\"og:site_name\" content=\"Noticias Radio Reflejos\" \/>\n<meta property=\"article:published_time\" content=\"2018-08-15T21:37:16+00:00\" \/>\n<meta property=\"og:image\" content=\"https:\/\/www.noticiasradioreflejos.com.ar\/2021\/wp-content\/uploads\/2021\/07\/logosol300x200.png\" \/>\n\t<meta property=\"og:image:width\" content=\"300\" \/>\n\t<meta property=\"og:image:height\" content=\"200\" \/>\n\t<meta property=\"og:image:type\" content=\"image\/png\" \/>\n<meta name=\"author\" content=\"Arnaldo Botto\" \/>\n<meta name=\"twitter:card\" content=\"summary_large_image\" \/>\n<script type=\"application\/ld+json\" class=\"yoast-schema-graph\">{\"@context\":\"https:\/\/schema.org\",\"@graph\":[{\"@type\":\"WebPage\",\"@id\":\"https:\/\/www.noticiasradioreflejos.com.ar\/2021\/femeba-apoya-proyecto-de-ley-para-combatir-la-obesidad-infantil\/\",\"url\":\"https:\/\/www.noticiasradioreflejos.com.ar\/2021\/femeba-apoya-proyecto-de-ley-para-combatir-la-obesidad-infantil\/\",\"name\":\"Femeba apoya proyecto de ley para combatir la obesidad infantil - Noticias Radio Reflejos\",\"isPartOf\":{\"@id\":\"https:\/\/www.noticiasradioreflejos.com.ar\/2021\/#website\"},\"datePublished\":\"2018-08-15T21:37:16+00:00\",\"author\":{\"@id\":\"https:\/\/www.noticiasradioreflejos.com.ar\/2021\/#\/schema\/person\/ad82545263dcc5ec0996818884fd5fb1\"},\"breadcrumb\":{\"@id\":\"https:\/\/www.noticiasradioreflejos.com.ar\/2021\/femeba-apoya-proyecto-de-ley-para-combatir-la-obesidad-infantil\/#breadcrumb\"},\"inLanguage\":\"es\",\"potentialAction\":[{\"@type\":\"ReadAction\",\"target\":[\"https:\/\/www.noticiasradioreflejos.com.ar\/2021\/femeba-apoya-proyecto-de-ley-para-combatir-la-obesidad-infantil\/\"]}]},{\"@type\":\"BreadcrumbList\",\"@id\":\"https:\/\/www.noticiasradioreflejos.com.ar\/2021\/femeba-apoya-proyecto-de-ley-para-combatir-la-obesidad-infantil\/#breadcrumb\",\"itemListElement\":[{\"@type\":\"ListItem\",\"position\":1,\"name\":\"Portada\",\"item\":\"https:\/\/www.noticiasradioreflejos.com.ar\/2021\/\"},{\"@type\":\"ListItem\",\"position\":2,\"name\":\"Femeba apoya proyecto de ley para combatir la obesidad infantil\"}]},{\"@type\":\"WebSite\",\"@id\":\"https:\/\/www.noticiasradioreflejos.com.ar\/2021\/#website\",\"url\":\"https:\/\/www.noticiasradioreflejos.com.ar\/2021\/\",\"name\":\"Noticias Radio Reflejos\",\"description\":\"Las noticias de mi comarca\",\"potentialAction\":[{\"@type\":\"SearchAction\",\"target\":{\"@type\":\"EntryPoint\",\"urlTemplate\":\"https:\/\/www.noticiasradioreflejos.com.ar\/2021\/?s={search_term_string}\"},\"query-input\":{\"@type\":\"PropertyValueSpecification\",\"valueRequired\":true,\"valueName\":\"search_term_string\"}}],\"inLanguage\":\"es\"},{\"@type\":\"Person\",\"@id\":\"https:\/\/www.noticiasradioreflejos.com.ar\/2021\/#\/schema\/person\/ad82545263dcc5ec0996818884fd5fb1\",\"name\":\"Arnaldo Botto\",\"image\":{\"@type\":\"ImageObject\",\"inLanguage\":\"es\",\"@id\":\"https:\/\/www.noticiasradioreflejos.com.ar\/2021\/#\/schema\/person\/image\/\",\"url\":\"https:\/\/secure.gravatar.com\/avatar\/55cb5e37c1efa326397366e6974cb338056df65cb50e7d64d1cf314e87504837?s=96&d=mm&r=g\",\"contentUrl\":\"https:\/\/secure.gravatar.com\/avatar\/55cb5e37c1efa326397366e6974cb338056df65cb50e7d64d1cf314e87504837?s=96&d=mm&r=g\",\"caption\":\"Arnaldo Botto\"},\"url\":\"https:\/\/www.noticiasradioreflejos.com.ar\/2021\/author\/arnaldo\/\"}]}<\/script>\n<!-- \/ Yoast SEO plugin. -->","yoast_head_json":{"title":"Femeba apoya proyecto de ley para combatir la obesidad infantil - Noticias Radio Reflejos","robots":{"index":"index","follow":"follow","max-snippet":"max-snippet:-1","max-image-preview":"max-image-preview:large","max-video-preview":"max-video-preview:-1"},"canonical":"https:\/\/www.noticiasradioreflejos.com.ar\/2021\/femeba-apoya-proyecto-de-ley-para-combatir-la-obesidad-infantil\/","og_locale":"es_ES","og_type":"article","og_title":"Femeba apoya proyecto de ley para combatir la obesidad infantil - Noticias Radio Reflejos","og_description":"La Federaci\u00f3n M\u00e9dica de la provincia de Buenos Aires (FEMEBA), desea expresar su apoyo al proyecto de ley presentado en el Senado provincial destinado a combatir la obesidad infantil, porque entiende la impostergable necesidad de fortalecer los entornos saludables para la ni\u00f1ez. Es nuestro deseo que, luego de tomar estado parlamentario, la C\u00e1mara de Diputados [&hellip;]","og_url":"https:\/\/www.noticiasradioreflejos.com.ar\/2021\/femeba-apoya-proyecto-de-ley-para-combatir-la-obesidad-infantil\/","og_site_name":"Noticias Radio Reflejos","article_published_time":"2018-08-15T21:37:16+00:00","og_image":[{"width":300,"height":200,"url":"https:\/\/www.noticiasradioreflejos.com.ar\/2021\/wp-content\/uploads\/2021\/07\/logosol300x200.png","type":"image\/png"}],"author":"Arnaldo Botto","twitter_card":"summary_large_image","schema":{"@context":"https:\/\/schema.org","@graph":[{"@type":"WebPage","@id":"https:\/\/www.noticiasradioreflejos.com.ar\/2021\/femeba-apoya-proyecto-de-ley-para-combatir-la-obesidad-infantil\/","url":"https:\/\/www.noticiasradioreflejos.com.ar\/2021\/femeba-apoya-proyecto-de-ley-para-combatir-la-obesidad-infantil\/","name":"Femeba apoya proyecto de ley para combatir la obesidad infantil - Noticias Radio Reflejos","isPartOf":{"@id":"https:\/\/www.noticiasradioreflejos.com.ar\/2021\/#website"},"datePublished":"2018-08-15T21:37:16+00:00","author":{"@id":"https:\/\/www.noticiasradioreflejos.com.ar\/2021\/#\/schema\/person\/ad82545263dcc5ec0996818884fd5fb1"},"breadcrumb":{"@id":"https:\/\/www.noticiasradioreflejos.com.ar\/2021\/femeba-apoya-proyecto-de-ley-para-combatir-la-obesidad-infantil\/#breadcrumb"},"inLanguage":"es","potentialAction":[{"@type":"ReadAction","target":["https:\/\/www.noticiasradioreflejos.com.ar\/2021\/femeba-apoya-proyecto-de-ley-para-combatir-la-obesidad-infantil\/"]}]},{"@type":"BreadcrumbList","@id":"https:\/\/www.noticiasradioreflejos.com.ar\/2021\/femeba-apoya-proyecto-de-ley-para-combatir-la-obesidad-infantil\/#breadcrumb","itemListElement":[{"@type":"ListItem","position":1,"name":"Portada","item":"https:\/\/www.noticiasradioreflejos.com.ar\/2021\/"},{"@type":"ListItem","position":2,"name":"Femeba apoya proyecto de ley para combatir la obesidad infantil"}]},{"@type":"WebSite","@id":"https:\/\/www.noticiasradioreflejos.com.ar\/2021\/#website","url":"https:\/\/www.noticiasradioreflejos.com.ar\/2021\/","name":"Noticias Radio Reflejos","description":"Las noticias de mi comarca","potentialAction":[{"@type":"SearchAction","target":{"@type":"EntryPoint","urlTemplate":"https:\/\/www.noticiasradioreflejos.com.ar\/2021\/?s={search_term_string}"},"query-input":{"@type":"PropertyValueSpecification","valueRequired":true,"valueName":"search_term_string"}}],"inLanguage":"es"},{"@type":"Person","@id":"https:\/\/www.noticiasradioreflejos.com.ar\/2021\/#\/schema\/person\/ad82545263dcc5ec0996818884fd5fb1","name":"Arnaldo Botto","image":{"@type":"ImageObject","inLanguage":"es","@id":"https:\/\/www.noticiasradioreflejos.com.ar\/2021\/#\/schema\/person\/image\/","url":"https:\/\/secure.gravatar.com\/avatar\/55cb5e37c1efa326397366e6974cb338056df65cb50e7d64d1cf314e87504837?s=96&d=mm&r=g","contentUrl":"https:\/\/secure.gravatar.com\/avatar\/55cb5e37c1efa326397366e6974cb338056df65cb50e7d64d1cf314e87504837?s=96&d=mm&r=g","caption":"Arnaldo Botto"},"url":"https:\/\/www.noticiasradioreflejos.com.ar\/2021\/author\/arnaldo\/"}]}},"_links":{"self":[{"href":"https:\/\/www.noticiasradioreflejos.com.ar\/2021\/wp-json\/wp\/v2\/posts\/24119","targetHints":{"allow":["GET"]}}],"collection":[{"href":"https:\/\/www.noticiasradioreflejos.com.ar\/2021\/wp-json\/wp\/v2\/posts"}],"about":[{"href":"https:\/\/www.noticiasradioreflejos.com.ar\/2021\/wp-json\/wp\/v2\/types\/post"}],"author":[{"embeddable":true,"href":"https:\/\/www.noticiasradioreflejos.com.ar\/2021\/wp-json\/wp\/v2\/users\/3"}],"replies":[{"embeddable":true,"href":"https:\/\/www.noticiasradioreflejos.com.ar\/2021\/wp-json\/wp\/v2\/comments?post=24119"}],"version-history":[{"count":0,"href":"https:\/\/www.noticiasradioreflejos.com.ar\/2021\/wp-json\/wp\/v2\/posts\/24119\/revisions"}],"wp:attachment":[{"href":"https:\/\/www.noticiasradioreflejos.com.ar\/2021\/wp-json\/wp\/v2\/media?parent=24119"}],"wp:term":[{"taxonomy":"category","embeddable":true,"href":"https:\/\/www.noticiasradioreflejos.com.ar\/2021\/wp-json\/wp\/v2\/categories?post=24119"},{"taxonomy":"post_tag","embeddable":true,"href":"https:\/\/www.noticiasradioreflejos.com.ar\/2021\/wp-json\/wp\/v2\/tags?post=24119"}],"curies":[{"name":"wp","href":"https:\/\/api.w.org\/{rel}","templated":true}]}}