{"id":2405,"date":"2016-10-18T01:46:20","date_gmt":"2016-10-18T01:46:20","guid":{"rendered":"http:\/\/noticiasradioreflejos.com.ar\/noticias\/?p=2405"},"modified":"2016-10-18T01:46:20","modified_gmt":"2016-10-18T01:46:20","slug":"me-llame-a-silencio-para-dejar-gobernar-a-la-gestion-nueva","status":"publish","type":"post","link":"https:\/\/www.noticiasradioreflejos.com.ar\/2021\/me-llame-a-silencio-para-dejar-gobernar-a-la-gestion-nueva\/","title":{"rendered":"\u201cMe llam\u00e9 a silencio para dejar gobernar a la gesti\u00f3n nueva\u201d"},"content":{"rendered":"<p>Luego de diez meses de haber dejado su mandato, el ex intendente Gustavo Trankels volvi\u00f3 a los medios y se refiri\u00f3 a varios temas, entre ellos la deuda de su gesti\u00f3n comunal, los hechos de corrupci\u00f3n y su actualidad laboral y futuro pol\u00edtico.<!--more--><br \/>\nLuego de diez meses de haber finalizado su mandato al frente del municipio durante ocho a\u00f1os, el ex intendente Lic. Gustavo Trankels, dialog\u00f3 con FM de la Ciudad 99.5 \u201cNuevo Aire\u201d y se refiri\u00f3 a la deuda de su gesti\u00f3n comunal, los hechos de corrupci\u00f3n y su actualidad laboral y futuro pol\u00edtico.<br \/>\nSin embargo, en principio coment\u00f3 que \u201cen estos diez meses recuper\u00e9 el tiempo que uno le dedic\u00f3 a la gesti\u00f3n, ahora dedic\u00e1ndoselo a la familia, a la actividad acad\u00e9mica y a reinsertarme en el mundo de la pol\u00edtica y del laboral\u201d.<br \/>\nReconoci\u00f3 que pasar del ritmo de ser intendente a una vida \u2018m\u00e1s normal\u2019 \u201cfue un cambio realmente abismal pero necesario tambi\u00e9n, porque m\u00e1s all\u00e1 del funcionario est\u00e1 la persona que necesita sus tiempos y la acci\u00f3n de gobierno, de la manera que la entendimos nosotros, nos llevaba pr\u00e1cticamente la plenitud de las horas del d\u00eda\u201d.<br \/>\nEstar as\u00ed \u201cme dio la posibilidad de explorar otras cosas en lo acad\u00e9mico y en lo laboral y adem\u00e1s aceptando las reglas de la democracia, porque yo me somet\u00ed a una elecci\u00f3n, tuve un resultado y a partir de ese resultado estoy viviendo otra etapa de mi vida\u201d, a\u00f1adi\u00f3.<br \/>\nEn este 17 de octubre \u201caprovecho para saludar cari\u00f1osamente a todos los compa\u00f1eros que para nosotros el D\u00eda de la Lealtad es un d\u00eda central en la liturgia del peronismo\u201d.<br \/>\n<strong>\u201cDEJAMOS UN EXCENDENTE DE CINCO MILLONES DE PESOS\u201d<\/strong><br \/>\nCon respecto a la deuda de 20 millones de pesos que asegura el gobierno de Sergio Bordoni que dej\u00f3 su gesti\u00f3n, explic\u00f3: \u201clos n\u00fameros son los que son, por lo tanto, cuando uno le habla a la comunidad y est\u00e1 administrando sus bienes no le puede decir medias verdades u ocultarle informaci\u00f3n si quiere ser sincero. Cundo uno entrega el mandato se firma un acta de trasmisi\u00f3n de mando donde se deja claro cu\u00e1les son los bienes que se transfieren de la gesti\u00f3n que deja a la que entra y hay autoridades que contin\u00faan, que son parte de la planta permanente del municipio, que con su firma avalan ese acto administrativo, como por ejemplo el contador municipal, el tesorero, quien est\u00e1 a cargo de la direcci\u00f3n de inventario; entonces somos varias las personas que firmamos el documento que consta la deuda que qued\u00f3 y tambi\u00e9n el dinero que qued\u00f3 depositado en las cuentas bancarias y es ah\u00ed donde quedaron esos quince millones de pesos y donde, si uno hace el cierre al 10 de diciembre, hab\u00eda una deuda flotante de diez millones, es decir que si uno pone todo sobre la mesa y no le dice a la gente un pedacito de la verdad, hab\u00eda un excedente de cinco millones\u201d.<br \/>\n\u201cDespu\u00e9s podemos entrar en la discusi\u00f3n finita de decir si esos fondos son cuentas afectadas (que lo eran) para la realizaci\u00f3n de obras, pero es dinero que qued\u00f3 en el banco y que de hecho la actual administraci\u00f3n lo utiliz\u00f3 para pagar sueldos y aguinaldos a fin de a\u00f1o, entonces esa es la \u00fanica verdad. Por m\u00e1s que pase \u00faltimo, eso no va a cambiar porque el dinero que qued\u00f3 est\u00e1 en las actas y en los res\u00famenes de cuentas, entonces la mentira no se puede sostener tanto tiempo, por eso estamos tranquilos\u201d, agreg\u00f3.<br \/>\nEn ese marco, record\u00f3 el que 16 de diciembre el bloque de concejales del Frente para la Victoria \u201chizo un pedido de informes para que la propia gesti\u00f3n informe el estado de las cuentas para poder arrojar luz sobre esto. Llevamos casi un a\u00f1o y todav\u00eda no lo contestaron, seguramente porque ten\u00edan que poner todo esto que estoy contando, lamentamos esa actitud\u201d.<br \/>\n\u201cCuando perdimos las elecciones les abrimos las puertas para que hagan una transferencia de mando de lo menos traum\u00e1tica posible, les mostramos lo que quer\u00edan ver, estuvimos interactuando pr\u00e1cticamente un mes, hicimos el acta de traspaso y despu\u00e9s nuestros concejales le aprobaron por unanimidad el presupuesto que ellos quer\u00edan. Es decir, les allanamos todo el camino y yo me llam\u00e9 a silencio para dejar gobernar a la gesti\u00f3n nueva\u201d.<br \/>\nEn tanto, sobre ciertos comentarios que indicaban que funcionarios se hab\u00edan \u2018robado m\u00e1quinas\u2019, asegur\u00f3 que \u201cuno no se puede llevar nada\u201d y explic\u00f3: \u201cCada cosa que se adquiere entra en el inventario municipal que es controlado por personal municipal de planta estable. Adem\u00e1s, otra de las cosas que figura en el acta de transmisi\u00f3n de mando es el inventario, por lo tanto nadie se puede llevar nada porque todo est\u00e1 ah\u00ed. Esos comentarios son mal intencionados y juegan con la ignorancia de la gente que esto no sabe\u201d.<br \/>\n<strong>SU ACTUALIDAD LABORAL Y SU FUTURO POL\u00cdTICO<\/strong><br \/>\nEl ex jefe comunal coment\u00f3 que \u201cactualmente estoy ejerciendo m\u00e1s que nunca lo que me posibilit\u00f3 la carrera de Ciencias Pol\u00edticas, porque estoy con tareas de asesoramiento a nivel legislativo tanto para un equipo de diputados como de senadores, principalmente vinculados a la Sexta Secci\u00f3n, por eso me toca intervenir en leyes que est\u00e1n relacionadas con nuestra zona y eso a m\u00ed me pone muy contento\u201d.<br \/>\n\u201cY por otro lado \u2013continu\u00f3- en lo laboral tambi\u00e9n me hice cargo de uno de los sillones del directorio de Provinfondos S.A., que es una de las nueve empresas que pertenece al Grupo Bapro, en representaci\u00f3n de justicialismo, as\u00ed que me han honrado con esa posibilidad\u201d. \u201cOjal\u00e1 se puedan hacer cosas entre ese grupo y la Municipalidad de Tornquist porque para m\u00ed va a ser una satisfacci\u00f3n poder acompa\u00f1ar a una gesti\u00f3n\u201d, manifest\u00f3.<br \/>\nEn ese sentido, explic\u00f3 por qu\u00e9 ocupa ese espacio en dicha empresa, teniendo en cuenta que cuyos miembros del directorio son nombrados por las autoridades provinciales: \u201cLa direcci\u00f3n ejecutiva del grupo est\u00e1 encabezada por funcionarios de Cambiemos. Eduardo Eleta la preside y proviene del \u00e1mbito privado; el vicepresidente es Marcelo Godoy, quien fue funcionario de Mauricio Macri en Capital Federal. Cuando gobernaba el peronismo en estas empresas se acordaba que se le daban a la oposici\u00f3n algunos cargos del directorio, en una forma de poner un poco de contralor en una de las empresas que controla el Grupo Bapro. En este caso nos toca a nosotros ser oposici\u00f3n y he sido honrado para ocupar uno de los dos lugares que se le dieron al PJ\u201d.<br \/>\nDe cara a las elecciones legislativas de 2017 y la restructuraci\u00f3n de los partidos, sostuvo que \u201chay un proceso pol\u00edtico muy interesante que se est\u00e1 dando en las filas de todos los partidos, principalmente en el justicialismo hay una voluntad muy linda de querer volver unir al peronismo\u201d. \u201cEn la Provincia y en la Naci\u00f3n, los l\u00edderes pol\u00edticos est\u00e1n tratando de priorizar la independencia econ\u00f3mica, la soberan\u00eda pol\u00edtica y la justicia social para tratar de confluir todo en un mismo espacio y pelear por las mismas cosas, m\u00e1s all\u00e1 de las cuestiones de, al momento de cerrar alguna lista, noes pueden hacer tener alguna diferencia\u201d, subray\u00f3.<br \/>\n\u201cEn el partido siempre se habla de posibles nombres, pero es demasiado prematuro. Nosotros tenemos una gran responsabilidad en trabajar a nivel nacional y provincial primero, y luego en lo local, en sentar la postura de la mitad de la poblaci\u00f3n en lo que va a ser la ley madre que es el presupuesto; a eso est\u00e1n abocados los dirigentes porque tambi\u00e9n se est\u00e1 definiendo ah\u00ed el futuro de nuestro pa\u00eds\u201d, indic\u00f3.<br \/>\nComo respuesta a la pregunta de si ser\u00e1 candidato el a\u00f1o que viene, dijo: \u201cnosotros estamos aportando lo que podemos cada uno para la unidad de nuestro espacio pol\u00edtico y primero para que las banderas que defiende el peronismo vuelvan a ser una de las rectoras de las acciones del gobierno. L\u00f3gicamente no gobernamos nosotros y por eso tenemos que buscar a las mejores mujeres y hombres para ocupar los cargos a todo nivel y de ah\u00ed saldr\u00e1n las listas. Ojal\u00e1 que el resultado de los nombres que hoy no est\u00e1n, el a\u00f1o que viene las listas empiecen a surgir por una cuesti\u00f3n de militancia, compromiso y capacidad, ah\u00ed van a salir las mejores listas. Hoy no soy candidato como ninguno lo es porque este a\u00f1o nos tenemos que concentrar en otra tarea\u201d.<br \/>\nEn cuanto a rumores que lo posicionan como candidato a segundo diputado provincial, manifest\u00f3 que \u201ccualquier lugar en una lista del peronismo para mi va a ser un honor, sea a nivel local como concejal o provincial\u201d.<br \/>\n<strong>CORRUPCI\u00d3N EN EL GOBIERNO DE CFK Y CUENTAS OFFSHORE DE MACRI<\/strong><br \/>\nPor otra parte, respecto a las denuncias de corrupci\u00f3n durante el gobierno de Cristina Fern\u00e1ndez de Kirchner, consider\u00f3 que \u201csi bien impacta de lleno al Frente para la Victoria, lo que se est\u00e1 viendo de parte de algunos ex funcionarios y funcionarios actuales le hace da\u00f1o principalmente a la pol\u00edtica, porque genera descreimiento y hace que metan en la bolsa a todos los que quieren participar sana y honestamente de la pol\u00edtica. El mensaje tiene que ser que todos participen. En ese sentido, el Concejo Deliberante Infantil es una alegr\u00eda que est\u00e9 y que los chicos se empiecen a involucrar en temas relacionados con la comunidad desde peque\u00f1os\u201d.<br \/>\n\u201cLos hechos de corrupci\u00f3n tienen que ser juzgados y condenados sean del partido que sean, porque tambi\u00e9n hay que arrojar luz sobre el dinero que se encuentra en la mesa de luz de la Vicepresidenta Gabriela Michetti y que hasta ahora no fue esclarecido. Que el presidente se olvide de una declaraci\u00f3n jurada de 18 millones de d\u00f3lares es un tema que, por lo menos, hay que aclararlo\u201d, a\u00f1adi\u00f3.<br \/>\nTambi\u00e9n, en referencia a las cuentas off shore de Mauricio Macri en Panam\u00e1, consider\u00f3: \u201ccuando se esclarezca y se sepa por qu\u00e9 las cuentas son creadas en para\u00edsos fiscales donde no se tributan impuestos, eso es una forma de robarle a todos los argentinos porque cuando una paga impuestos, ese dinero va a parar a la justicia, a lo que m\u00e1s lo necesitan, a la salud, etc, entonces por eso digo que hay que aclarar todos los hechos de corrupci\u00f3n sean del partido que sean\u201d.<br \/>\n&nbsp;<\/p>\n","protected":false},"excerpt":{"rendered":"<p>Luego de diez meses de haber dejado su mandato, el ex intendente Gustavo Trankels volvi\u00f3 a los medios y se refiri\u00f3 a varios temas, entre ellos la deuda de su gesti\u00f3n comunal, los hechos de corrupci\u00f3n y su actualidad laboral y futuro pol\u00edtico.<\/p>\n","protected":false},"author":3,"featured_media":0,"comment_status":"closed","ping_status":"open","sticky":false,"template":"","format":"standard","meta":{"footnotes":""},"categories":[28],"tags":[],"class_list":["post-2405","post","type-post","status-publish","format-standard","hentry","category-municipales"],"yoast_head":"<!-- This site is optimized with the Yoast SEO plugin v25.9 - https:\/\/yoast.com\/wordpress\/plugins\/seo\/ -->\n<title>\u201cMe llam\u00e9 a silencio para dejar gobernar a la gesti\u00f3n nueva\u201d - Noticias Radio Reflejos<\/title>\n<meta name=\"robots\" content=\"index, follow, max-snippet:-1, max-image-preview:large, max-video-preview:-1\" \/>\n<link rel=\"canonical\" href=\"https:\/\/www.noticiasradioreflejos.com.ar\/2021\/me-llame-a-silencio-para-dejar-gobernar-a-la-gestion-nueva\/\" \/>\n<meta property=\"og:locale\" content=\"es_ES\" \/>\n<meta property=\"og:type\" content=\"article\" \/>\n<meta property=\"og:title\" content=\"\u201cMe llam\u00e9 a silencio para dejar gobernar a la gesti\u00f3n nueva\u201d - Noticias Radio Reflejos\" \/>\n<meta property=\"og:description\" content=\"Luego de diez meses de haber dejado su mandato, el ex intendente Gustavo Trankels volvi\u00f3 a los medios y se refiri\u00f3 a varios temas, entre ellos la deuda de su gesti\u00f3n comunal, los hechos de corrupci\u00f3n y su actualidad laboral y futuro pol\u00edtico.\" \/>\n<meta property=\"og:url\" content=\"https:\/\/www.noticiasradioreflejos.com.ar\/2021\/me-llame-a-silencio-para-dejar-gobernar-a-la-gestion-nueva\/\" \/>\n<meta property=\"og:site_name\" content=\"Noticias Radio Reflejos\" \/>\n<meta property=\"article:published_time\" content=\"2016-10-18T01:46:20+00:00\" \/>\n<meta property=\"og:image\" content=\"https:\/\/www.noticiasradioreflejos.com.ar\/2021\/wp-content\/uploads\/2021\/07\/logosol300x200.png\" \/>\n\t<meta property=\"og:image:width\" content=\"300\" \/>\n\t<meta property=\"og:image:height\" content=\"200\" \/>\n\t<meta property=\"og:image:type\" content=\"image\/png\" \/>\n<meta name=\"author\" content=\"Arnaldo Botto\" \/>\n<meta name=\"twitter:card\" content=\"summary_large_image\" \/>\n<script type=\"application\/ld+json\" class=\"yoast-schema-graph\">{\"@context\":\"https:\/\/schema.org\",\"@graph\":[{\"@type\":\"WebPage\",\"@id\":\"https:\/\/www.noticiasradioreflejos.com.ar\/2021\/me-llame-a-silencio-para-dejar-gobernar-a-la-gestion-nueva\/\",\"url\":\"https:\/\/www.noticiasradioreflejos.com.ar\/2021\/me-llame-a-silencio-para-dejar-gobernar-a-la-gestion-nueva\/\",\"name\":\"\u201cMe llam\u00e9 a silencio para dejar gobernar a la gesti\u00f3n nueva\u201d - Noticias Radio Reflejos\",\"isPartOf\":{\"@id\":\"https:\/\/www.noticiasradioreflejos.com.ar\/2021\/#website\"},\"datePublished\":\"2016-10-18T01:46:20+00:00\",\"author\":{\"@id\":\"https:\/\/www.noticiasradioreflejos.com.ar\/2021\/#\/schema\/person\/ad82545263dcc5ec0996818884fd5fb1\"},\"breadcrumb\":{\"@id\":\"https:\/\/www.noticiasradioreflejos.com.ar\/2021\/me-llame-a-silencio-para-dejar-gobernar-a-la-gestion-nueva\/#breadcrumb\"},\"inLanguage\":\"es\",\"potentialAction\":[{\"@type\":\"ReadAction\",\"target\":[\"https:\/\/www.noticiasradioreflejos.com.ar\/2021\/me-llame-a-silencio-para-dejar-gobernar-a-la-gestion-nueva\/\"]}]},{\"@type\":\"BreadcrumbList\",\"@id\":\"https:\/\/www.noticiasradioreflejos.com.ar\/2021\/me-llame-a-silencio-para-dejar-gobernar-a-la-gestion-nueva\/#breadcrumb\",\"itemListElement\":[{\"@type\":\"ListItem\",\"position\":1,\"name\":\"Portada\",\"item\":\"https:\/\/www.noticiasradioreflejos.com.ar\/2021\/\"},{\"@type\":\"ListItem\",\"position\":2,\"name\":\"\u201cMe llam\u00e9 a silencio para dejar gobernar a la gesti\u00f3n nueva\u201d\"}]},{\"@type\":\"WebSite\",\"@id\":\"https:\/\/www.noticiasradioreflejos.com.ar\/2021\/#website\",\"url\":\"https:\/\/www.noticiasradioreflejos.com.ar\/2021\/\",\"name\":\"Noticias Radio Reflejos\",\"description\":\"Las noticias de mi comarca\",\"potentialAction\":[{\"@type\":\"SearchAction\",\"target\":{\"@type\":\"EntryPoint\",\"urlTemplate\":\"https:\/\/www.noticiasradioreflejos.com.ar\/2021\/?s={search_term_string}\"},\"query-input\":{\"@type\":\"PropertyValueSpecification\",\"valueRequired\":true,\"valueName\":\"search_term_string\"}}],\"inLanguage\":\"es\"},{\"@type\":\"Person\",\"@id\":\"https:\/\/www.noticiasradioreflejos.com.ar\/2021\/#\/schema\/person\/ad82545263dcc5ec0996818884fd5fb1\",\"name\":\"Arnaldo Botto\",\"image\":{\"@type\":\"ImageObject\",\"inLanguage\":\"es\",\"@id\":\"https:\/\/www.noticiasradioreflejos.com.ar\/2021\/#\/schema\/person\/image\/\",\"url\":\"https:\/\/secure.gravatar.com\/avatar\/55cb5e37c1efa326397366e6974cb338056df65cb50e7d64d1cf314e87504837?s=96&d=mm&r=g\",\"contentUrl\":\"https:\/\/secure.gravatar.com\/avatar\/55cb5e37c1efa326397366e6974cb338056df65cb50e7d64d1cf314e87504837?s=96&d=mm&r=g\",\"caption\":\"Arnaldo Botto\"},\"url\":\"https:\/\/www.noticiasradioreflejos.com.ar\/2021\/author\/arnaldo\/\"}]}<\/script>\n<!-- \/ Yoast SEO plugin. -->","yoast_head_json":{"title":"\u201cMe llam\u00e9 a silencio para dejar gobernar a la gesti\u00f3n nueva\u201d - Noticias Radio Reflejos","robots":{"index":"index","follow":"follow","max-snippet":"max-snippet:-1","max-image-preview":"max-image-preview:large","max-video-preview":"max-video-preview:-1"},"canonical":"https:\/\/www.noticiasradioreflejos.com.ar\/2021\/me-llame-a-silencio-para-dejar-gobernar-a-la-gestion-nueva\/","og_locale":"es_ES","og_type":"article","og_title":"\u201cMe llam\u00e9 a silencio para dejar gobernar a la gesti\u00f3n nueva\u201d - Noticias Radio Reflejos","og_description":"Luego de diez meses de haber dejado su mandato, el ex intendente Gustavo Trankels volvi\u00f3 a los medios y se refiri\u00f3 a varios temas, entre ellos la deuda de su gesti\u00f3n comunal, los hechos de corrupci\u00f3n y su actualidad laboral y futuro pol\u00edtico.","og_url":"https:\/\/www.noticiasradioreflejos.com.ar\/2021\/me-llame-a-silencio-para-dejar-gobernar-a-la-gestion-nueva\/","og_site_name":"Noticias Radio Reflejos","article_published_time":"2016-10-18T01:46:20+00:00","og_image":[{"width":300,"height":200,"url":"https:\/\/www.noticiasradioreflejos.com.ar\/2021\/wp-content\/uploads\/2021\/07\/logosol300x200.png","type":"image\/png"}],"author":"Arnaldo Botto","twitter_card":"summary_large_image","schema":{"@context":"https:\/\/schema.org","@graph":[{"@type":"WebPage","@id":"https:\/\/www.noticiasradioreflejos.com.ar\/2021\/me-llame-a-silencio-para-dejar-gobernar-a-la-gestion-nueva\/","url":"https:\/\/www.noticiasradioreflejos.com.ar\/2021\/me-llame-a-silencio-para-dejar-gobernar-a-la-gestion-nueva\/","name":"\u201cMe llam\u00e9 a silencio para dejar gobernar a la gesti\u00f3n nueva\u201d - Noticias Radio Reflejos","isPartOf":{"@id":"https:\/\/www.noticiasradioreflejos.com.ar\/2021\/#website"},"datePublished":"2016-10-18T01:46:20+00:00","author":{"@id":"https:\/\/www.noticiasradioreflejos.com.ar\/2021\/#\/schema\/person\/ad82545263dcc5ec0996818884fd5fb1"},"breadcrumb":{"@id":"https:\/\/www.noticiasradioreflejos.com.ar\/2021\/me-llame-a-silencio-para-dejar-gobernar-a-la-gestion-nueva\/#breadcrumb"},"inLanguage":"es","potentialAction":[{"@type":"ReadAction","target":["https:\/\/www.noticiasradioreflejos.com.ar\/2021\/me-llame-a-silencio-para-dejar-gobernar-a-la-gestion-nueva\/"]}]},{"@type":"BreadcrumbList","@id":"https:\/\/www.noticiasradioreflejos.com.ar\/2021\/me-llame-a-silencio-para-dejar-gobernar-a-la-gestion-nueva\/#breadcrumb","itemListElement":[{"@type":"ListItem","position":1,"name":"Portada","item":"https:\/\/www.noticiasradioreflejos.com.ar\/2021\/"},{"@type":"ListItem","position":2,"name":"\u201cMe llam\u00e9 a silencio para dejar gobernar a la gesti\u00f3n nueva\u201d"}]},{"@type":"WebSite","@id":"https:\/\/www.noticiasradioreflejos.com.ar\/2021\/#website","url":"https:\/\/www.noticiasradioreflejos.com.ar\/2021\/","name":"Noticias Radio Reflejos","description":"Las noticias de mi comarca","potentialAction":[{"@type":"SearchAction","target":{"@type":"EntryPoint","urlTemplate":"https:\/\/www.noticiasradioreflejos.com.ar\/2021\/?s={search_term_string}"},"query-input":{"@type":"PropertyValueSpecification","valueRequired":true,"valueName":"search_term_string"}}],"inLanguage":"es"},{"@type":"Person","@id":"https:\/\/www.noticiasradioreflejos.com.ar\/2021\/#\/schema\/person\/ad82545263dcc5ec0996818884fd5fb1","name":"Arnaldo Botto","image":{"@type":"ImageObject","inLanguage":"es","@id":"https:\/\/www.noticiasradioreflejos.com.ar\/2021\/#\/schema\/person\/image\/","url":"https:\/\/secure.gravatar.com\/avatar\/55cb5e37c1efa326397366e6974cb338056df65cb50e7d64d1cf314e87504837?s=96&d=mm&r=g","contentUrl":"https:\/\/secure.gravatar.com\/avatar\/55cb5e37c1efa326397366e6974cb338056df65cb50e7d64d1cf314e87504837?s=96&d=mm&r=g","caption":"Arnaldo Botto"},"url":"https:\/\/www.noticiasradioreflejos.com.ar\/2021\/author\/arnaldo\/"}]}},"_links":{"self":[{"href":"https:\/\/www.noticiasradioreflejos.com.ar\/2021\/wp-json\/wp\/v2\/posts\/2405","targetHints":{"allow":["GET"]}}],"collection":[{"href":"https:\/\/www.noticiasradioreflejos.com.ar\/2021\/wp-json\/wp\/v2\/posts"}],"about":[{"href":"https:\/\/www.noticiasradioreflejos.com.ar\/2021\/wp-json\/wp\/v2\/types\/post"}],"author":[{"embeddable":true,"href":"https:\/\/www.noticiasradioreflejos.com.ar\/2021\/wp-json\/wp\/v2\/users\/3"}],"replies":[{"embeddable":true,"href":"https:\/\/www.noticiasradioreflejos.com.ar\/2021\/wp-json\/wp\/v2\/comments?post=2405"}],"version-history":[{"count":0,"href":"https:\/\/www.noticiasradioreflejos.com.ar\/2021\/wp-json\/wp\/v2\/posts\/2405\/revisions"}],"wp:attachment":[{"href":"https:\/\/www.noticiasradioreflejos.com.ar\/2021\/wp-json\/wp\/v2\/media?parent=2405"}],"wp:term":[{"taxonomy":"category","embeddable":true,"href":"https:\/\/www.noticiasradioreflejos.com.ar\/2021\/wp-json\/wp\/v2\/categories?post=2405"},{"taxonomy":"post_tag","embeddable":true,"href":"https:\/\/www.noticiasradioreflejos.com.ar\/2021\/wp-json\/wp\/v2\/tags?post=2405"}],"curies":[{"name":"wp","href":"https:\/\/api.w.org\/{rel}","templated":true}]}}