{"id":2399,"date":"2016-10-18T03:14:40","date_gmt":"2016-10-18T03:14:40","guid":{"rendered":"http:\/\/noticiasradioreflejos.com.ar\/noticias\/?p=2399"},"modified":"2016-10-18T03:14:40","modified_gmt":"2016-10-18T03:14:40","slug":"septimo-torneo-de-gimnasia-artistica-en-saldungaray","status":"publish","type":"post","link":"https:\/\/www.noticiasradioreflejos.com.ar\/2021\/septimo-torneo-de-gimnasia-artistica-en-saldungaray\/","title":{"rendered":"S\u00e9ptimo Torneo de gimnasia art\u00edstica en Saldungaray"},"content":{"rendered":"<div id=\"m_7353012362068634327yui_3_16_0_ym19_1_1476745838197_15135\" dir=\"ltr\">El d\u00eda s\u00e1bado 22 de Octubre a partir de las 9 de la ma\u00f1ana se realizara como todos los a\u00f1os el torneo de gimnasia Art\u00edstica en la localidad de Saldungaray organizado por la Escuela de Gimnasia Art\u00edstica Saldungaray por s\u00e9ptimo a\u00f1o consecutivo, en los niveles E2, E3, Escuela dos y tres aparatos.<\/div>\n<p><!--more--><\/p>\n<div id=\"m_7353012362068634327yui_3_16_0_ym19_1_1476745838197_15135\" dir=\"ltr\">Este a\u00f1o contara con la presencia de gimnastas de Bah\u00eda Blanca, Punta Alta, Coronel pringles, Saldungaray, Sierra de la Ventana y Tornquist.<\/div>\n<div id=\"m_7353012362068634327yui_3_16_0_ym19_1_1476745838197_15135\" dir=\"ltr\">Se desarrollara en las instalaciones del Gimnasio del Instituto Fort\u00edn Pav\u00f3n, con un valor de $30 de entrada y esmerado servicio de Cantina.<\/div>\n<div id=\"m_7353012362068634327yui_3_16_0_ym19_1_1476745838197_15135\" dir=\"ltr\">Los esperamos a todos!<\/div>\n<div id=\"m_7353012362068634327yui_3_16_0_ym19_1_1476745838197_15135\" dir=\"ltr\"><\/div>\n<div id=\"m_7353012362068634327yui_3_16_0_ym19_1_1476745838197_15135\" dir=\"ltr\">Gimnastas y profesoras de Gimnasia Art\u00edstica.<\/div>\n<div dir=\"ltr\"><a title=\"DSCN0648\" href=\"http:\/\/farm9.staticflickr.com\/8280\/30398702665_f3ac6852e2_c.jpg\" rel=\"\"><img loading=\"lazy\" decoding=\"async\" class=\"aligncenter\" title=\"DSCN0648\" src=\"http:\/\/farm9.staticflickr.com\/8280\/30398702665_f3ac6852e2_c.jpg\" alt=\"DSCN0648\" width=\"600\" height=\"800\" \/><\/a><\/div>\n","protected":false},"excerpt":{"rendered":"<p>El d\u00eda s\u00e1bado 22 de Octubre a partir de las 9 de la ma\u00f1ana se realizara como todos los a\u00f1os el torneo de gimnasia Art\u00edstica en la localidad de Saldungaray organizado por la Escuela de Gimnasia Art\u00edstica Saldungaray por s\u00e9ptimo a\u00f1o consecutivo, en los niveles E2, E3, Escuela dos y tres aparatos.<\/p>\n","protected":false},"author":3,"featured_media":0,"comment_status":"closed","ping_status":"open","sticky":false,"template":"","format":"standard","meta":{"footnotes":""},"categories":[27],"tags":[],"class_list":["post-2399","post","type-post","status-publish","format-standard","hentry","category-deportes"],"yoast_head":"<!-- This site is optimized with the Yoast SEO plugin v25.9 - https:\/\/yoast.com\/wordpress\/plugins\/seo\/ -->\n<title>S\u00e9ptimo Torneo de gimnasia art\u00edstica en Saldungaray - Noticias Radio Reflejos<\/title>\n<meta name=\"robots\" content=\"index, follow, max-snippet:-1, max-image-preview:large, max-video-preview:-1\" \/>\n<link rel=\"canonical\" href=\"https:\/\/www.noticiasradioreflejos.com.ar\/2021\/septimo-torneo-de-gimnasia-artistica-en-saldungaray\/\" \/>\n<meta property=\"og:locale\" content=\"es_ES\" \/>\n<meta property=\"og:type\" content=\"article\" \/>\n<meta property=\"og:title\" content=\"S\u00e9ptimo Torneo de gimnasia art\u00edstica en Saldungaray - Noticias Radio Reflejos\" \/>\n<meta property=\"og:description\" content=\"El d\u00eda s\u00e1bado 22 de Octubre a partir de las 9 de la ma\u00f1ana se realizara como todos los a\u00f1os el torneo de gimnasia Art\u00edstica en la localidad de Saldungaray organizado por la Escuela de Gimnasia Art\u00edstica Saldungaray por s\u00e9ptimo a\u00f1o consecutivo, en los niveles E2, E3, Escuela dos y tres aparatos.\" \/>\n<meta property=\"og:url\" content=\"https:\/\/www.noticiasradioreflejos.com.ar\/2021\/septimo-torneo-de-gimnasia-artistica-en-saldungaray\/\" \/>\n<meta property=\"og:site_name\" content=\"Noticias Radio Reflejos\" \/>\n<meta property=\"article:published_time\" content=\"2016-10-18T03:14:40+00:00\" \/>\n<meta property=\"og:image\" content=\"http:\/\/farm9.staticflickr.com\/8280\/30398702665_f3ac6852e2_c.jpg\" \/>\n<meta name=\"author\" content=\"Arnaldo Botto\" \/>\n<meta name=\"twitter:card\" content=\"summary_large_image\" \/>\n<script type=\"application\/ld+json\" class=\"yoast-schema-graph\">{\"@context\":\"https:\/\/schema.org\",\"@graph\":[{\"@type\":\"WebPage\",\"@id\":\"https:\/\/www.noticiasradioreflejos.com.ar\/2021\/septimo-torneo-de-gimnasia-artistica-en-saldungaray\/\",\"url\":\"https:\/\/www.noticiasradioreflejos.com.ar\/2021\/septimo-torneo-de-gimnasia-artistica-en-saldungaray\/\",\"name\":\"S\u00e9ptimo Torneo de gimnasia art\u00edstica en Saldungaray - Noticias Radio Reflejos\",\"isPartOf\":{\"@id\":\"https:\/\/www.noticiasradioreflejos.com.ar\/2021\/#website\"},\"primaryImageOfPage\":{\"@id\":\"https:\/\/www.noticiasradioreflejos.com.ar\/2021\/septimo-torneo-de-gimnasia-artistica-en-saldungaray\/#primaryimage\"},\"image\":{\"@id\":\"https:\/\/www.noticiasradioreflejos.com.ar\/2021\/septimo-torneo-de-gimnasia-artistica-en-saldungaray\/#primaryimage\"},\"thumbnailUrl\":\"http:\/\/farm9.staticflickr.com\/8280\/30398702665_f3ac6852e2_c.jpg\",\"datePublished\":\"2016-10-18T03:14:40+00:00\",\"author\":{\"@id\":\"https:\/\/www.noticiasradioreflejos.com.ar\/2021\/#\/schema\/person\/ad82545263dcc5ec0996818884fd5fb1\"},\"breadcrumb\":{\"@id\":\"https:\/\/www.noticiasradioreflejos.com.ar\/2021\/septimo-torneo-de-gimnasia-artistica-en-saldungaray\/#breadcrumb\"},\"inLanguage\":\"es\",\"potentialAction\":[{\"@type\":\"ReadAction\",\"target\":[\"https:\/\/www.noticiasradioreflejos.com.ar\/2021\/septimo-torneo-de-gimnasia-artistica-en-saldungaray\/\"]}]},{\"@type\":\"ImageObject\",\"inLanguage\":\"es\",\"@id\":\"https:\/\/www.noticiasradioreflejos.com.ar\/2021\/septimo-torneo-de-gimnasia-artistica-en-saldungaray\/#primaryimage\",\"url\":\"http:\/\/farm9.staticflickr.com\/8280\/30398702665_f3ac6852e2_c.jpg\",\"contentUrl\":\"http:\/\/farm9.staticflickr.com\/8280\/30398702665_f3ac6852e2_c.jpg\"},{\"@type\":\"BreadcrumbList\",\"@id\":\"https:\/\/www.noticiasradioreflejos.com.ar\/2021\/septimo-torneo-de-gimnasia-artistica-en-saldungaray\/#breadcrumb\",\"itemListElement\":[{\"@type\":\"ListItem\",\"position\":1,\"name\":\"Portada\",\"item\":\"https:\/\/www.noticiasradioreflejos.com.ar\/2021\/\"},{\"@type\":\"ListItem\",\"position\":2,\"name\":\"S\u00e9ptimo Torneo de gimnasia art\u00edstica en Saldungaray\"}]},{\"@type\":\"WebSite\",\"@id\":\"https:\/\/www.noticiasradioreflejos.com.ar\/2021\/#website\",\"url\":\"https:\/\/www.noticiasradioreflejos.com.ar\/2021\/\",\"name\":\"Noticias Radio Reflejos\",\"description\":\"Las noticias de mi comarca\",\"potentialAction\":[{\"@type\":\"SearchAction\",\"target\":{\"@type\":\"EntryPoint\",\"urlTemplate\":\"https:\/\/www.noticiasradioreflejos.com.ar\/2021\/?s={search_term_string}\"},\"query-input\":{\"@type\":\"PropertyValueSpecification\",\"valueRequired\":true,\"valueName\":\"search_term_string\"}}],\"inLanguage\":\"es\"},{\"@type\":\"Person\",\"@id\":\"https:\/\/www.noticiasradioreflejos.com.ar\/2021\/#\/schema\/person\/ad82545263dcc5ec0996818884fd5fb1\",\"name\":\"Arnaldo Botto\",\"image\":{\"@type\":\"ImageObject\",\"inLanguage\":\"es\",\"@id\":\"https:\/\/www.noticiasradioreflejos.com.ar\/2021\/#\/schema\/person\/image\/\",\"url\":\"https:\/\/secure.gravatar.com\/avatar\/55cb5e37c1efa326397366e6974cb338056df65cb50e7d64d1cf314e87504837?s=96&d=mm&r=g\",\"contentUrl\":\"https:\/\/secure.gravatar.com\/avatar\/55cb5e37c1efa326397366e6974cb338056df65cb50e7d64d1cf314e87504837?s=96&d=mm&r=g\",\"caption\":\"Arnaldo Botto\"},\"url\":\"https:\/\/www.noticiasradioreflejos.com.ar\/2021\/author\/arnaldo\/\"}]}<\/script>\n<!-- \/ Yoast SEO plugin. -->","yoast_head_json":{"title":"S\u00e9ptimo Torneo de gimnasia art\u00edstica en Saldungaray - Noticias Radio Reflejos","robots":{"index":"index","follow":"follow","max-snippet":"max-snippet:-1","max-image-preview":"max-image-preview:large","max-video-preview":"max-video-preview:-1"},"canonical":"https:\/\/www.noticiasradioreflejos.com.ar\/2021\/septimo-torneo-de-gimnasia-artistica-en-saldungaray\/","og_locale":"es_ES","og_type":"article","og_title":"S\u00e9ptimo Torneo de gimnasia art\u00edstica en Saldungaray - Noticias Radio Reflejos","og_description":"El d\u00eda s\u00e1bado 22 de Octubre a partir de las 9 de la ma\u00f1ana se realizara como todos los a\u00f1os el torneo de gimnasia Art\u00edstica en la localidad de Saldungaray organizado por la Escuela de Gimnasia Art\u00edstica Saldungaray por s\u00e9ptimo a\u00f1o consecutivo, en los niveles E2, E3, Escuela dos y tres aparatos.","og_url":"https:\/\/www.noticiasradioreflejos.com.ar\/2021\/septimo-torneo-de-gimnasia-artistica-en-saldungaray\/","og_site_name":"Noticias Radio Reflejos","article_published_time":"2016-10-18T03:14:40+00:00","og_image":[{"url":"http:\/\/farm9.staticflickr.com\/8280\/30398702665_f3ac6852e2_c.jpg","type":"","width":"","height":""}],"author":"Arnaldo Botto","twitter_card":"summary_large_image","schema":{"@context":"https:\/\/schema.org","@graph":[{"@type":"WebPage","@id":"https:\/\/www.noticiasradioreflejos.com.ar\/2021\/septimo-torneo-de-gimnasia-artistica-en-saldungaray\/","url":"https:\/\/www.noticiasradioreflejos.com.ar\/2021\/septimo-torneo-de-gimnasia-artistica-en-saldungaray\/","name":"S\u00e9ptimo Torneo de gimnasia art\u00edstica en Saldungaray - Noticias Radio Reflejos","isPartOf":{"@id":"https:\/\/www.noticiasradioreflejos.com.ar\/2021\/#website"},"primaryImageOfPage":{"@id":"https:\/\/www.noticiasradioreflejos.com.ar\/2021\/septimo-torneo-de-gimnasia-artistica-en-saldungaray\/#primaryimage"},"image":{"@id":"https:\/\/www.noticiasradioreflejos.com.ar\/2021\/septimo-torneo-de-gimnasia-artistica-en-saldungaray\/#primaryimage"},"thumbnailUrl":"http:\/\/farm9.staticflickr.com\/8280\/30398702665_f3ac6852e2_c.jpg","datePublished":"2016-10-18T03:14:40+00:00","author":{"@id":"https:\/\/www.noticiasradioreflejos.com.ar\/2021\/#\/schema\/person\/ad82545263dcc5ec0996818884fd5fb1"},"breadcrumb":{"@id":"https:\/\/www.noticiasradioreflejos.com.ar\/2021\/septimo-torneo-de-gimnasia-artistica-en-saldungaray\/#breadcrumb"},"inLanguage":"es","potentialAction":[{"@type":"ReadAction","target":["https:\/\/www.noticiasradioreflejos.com.ar\/2021\/septimo-torneo-de-gimnasia-artistica-en-saldungaray\/"]}]},{"@type":"ImageObject","inLanguage":"es","@id":"https:\/\/www.noticiasradioreflejos.com.ar\/2021\/septimo-torneo-de-gimnasia-artistica-en-saldungaray\/#primaryimage","url":"http:\/\/farm9.staticflickr.com\/8280\/30398702665_f3ac6852e2_c.jpg","contentUrl":"http:\/\/farm9.staticflickr.com\/8280\/30398702665_f3ac6852e2_c.jpg"},{"@type":"BreadcrumbList","@id":"https:\/\/www.noticiasradioreflejos.com.ar\/2021\/septimo-torneo-de-gimnasia-artistica-en-saldungaray\/#breadcrumb","itemListElement":[{"@type":"ListItem","position":1,"name":"Portada","item":"https:\/\/www.noticiasradioreflejos.com.ar\/2021\/"},{"@type":"ListItem","position":2,"name":"S\u00e9ptimo Torneo de gimnasia art\u00edstica en Saldungaray"}]},{"@type":"WebSite","@id":"https:\/\/www.noticiasradioreflejos.com.ar\/2021\/#website","url":"https:\/\/www.noticiasradioreflejos.com.ar\/2021\/","name":"Noticias Radio Reflejos","description":"Las noticias de mi comarca","potentialAction":[{"@type":"SearchAction","target":{"@type":"EntryPoint","urlTemplate":"https:\/\/www.noticiasradioreflejos.com.ar\/2021\/?s={search_term_string}"},"query-input":{"@type":"PropertyValueSpecification","valueRequired":true,"valueName":"search_term_string"}}],"inLanguage":"es"},{"@type":"Person","@id":"https:\/\/www.noticiasradioreflejos.com.ar\/2021\/#\/schema\/person\/ad82545263dcc5ec0996818884fd5fb1","name":"Arnaldo Botto","image":{"@type":"ImageObject","inLanguage":"es","@id":"https:\/\/www.noticiasradioreflejos.com.ar\/2021\/#\/schema\/person\/image\/","url":"https:\/\/secure.gravatar.com\/avatar\/55cb5e37c1efa326397366e6974cb338056df65cb50e7d64d1cf314e87504837?s=96&d=mm&r=g","contentUrl":"https:\/\/secure.gravatar.com\/avatar\/55cb5e37c1efa326397366e6974cb338056df65cb50e7d64d1cf314e87504837?s=96&d=mm&r=g","caption":"Arnaldo Botto"},"url":"https:\/\/www.noticiasradioreflejos.com.ar\/2021\/author\/arnaldo\/"}]}},"_links":{"self":[{"href":"https:\/\/www.noticiasradioreflejos.com.ar\/2021\/wp-json\/wp\/v2\/posts\/2399","targetHints":{"allow":["GET"]}}],"collection":[{"href":"https:\/\/www.noticiasradioreflejos.com.ar\/2021\/wp-json\/wp\/v2\/posts"}],"about":[{"href":"https:\/\/www.noticiasradioreflejos.com.ar\/2021\/wp-json\/wp\/v2\/types\/post"}],"author":[{"embeddable":true,"href":"https:\/\/www.noticiasradioreflejos.com.ar\/2021\/wp-json\/wp\/v2\/users\/3"}],"replies":[{"embeddable":true,"href":"https:\/\/www.noticiasradioreflejos.com.ar\/2021\/wp-json\/wp\/v2\/comments?post=2399"}],"version-history":[{"count":0,"href":"https:\/\/www.noticiasradioreflejos.com.ar\/2021\/wp-json\/wp\/v2\/posts\/2399\/revisions"}],"wp:attachment":[{"href":"https:\/\/www.noticiasradioreflejos.com.ar\/2021\/wp-json\/wp\/v2\/media?parent=2399"}],"wp:term":[{"taxonomy":"category","embeddable":true,"href":"https:\/\/www.noticiasradioreflejos.com.ar\/2021\/wp-json\/wp\/v2\/categories?post=2399"},{"taxonomy":"post_tag","embeddable":true,"href":"https:\/\/www.noticiasradioreflejos.com.ar\/2021\/wp-json\/wp\/v2\/tags?post=2399"}],"curies":[{"name":"wp","href":"https:\/\/api.w.org\/{rel}","templated":true}]}}