{"id":23944,"date":"2018-08-09T09:28:09","date_gmt":"2018-08-09T12:28:09","guid":{"rendered":"http:\/\/www.noticiasradioreflejos.com.ar\/noticias\/?p=23944"},"modified":"2018-08-09T09:28:09","modified_gmt":"2018-08-09T12:28:09","slug":"exposicion-18-y-19-de-agosto-ferromodelismo-y-maquetas-en-ingeniero-white","status":"publish","type":"post","link":"https:\/\/www.noticiasradioreflejos.com.ar\/2021\/exposicion-18-y-19-de-agosto-ferromodelismo-y-maquetas-en-ingeniero-white\/","title":{"rendered":"Exposici\u00f3n 18 y 19 de agosto, Ferromodelismo y maquetas en Ingeniero White"},"content":{"rendered":"<p><a title=\"EscalaRealunjuegoquedatrabajo1\" href=\"http:\/\/farm1.staticflickr.com\/915\/43945322281_08a9fb1f3a.jpg\" rel=\"\"><img loading=\"lazy\" decoding=\"async\" class=\"alignleft\" style=\"float: left;\" title=\"EscalaRealunjuegoquedatrabajo1\" src=\"http:\/\/farm1.staticflickr.com\/915\/43945322281_08a9fb1f3a.jpg\" alt=\"EscalaRealunjuegoquedatrabajo1\" width=\"354\" height=\"500\" \/><\/a>\u00a03er encuentro nacional de ferromodelismo \u00abUn juego que da trabajo\u00bb<br \/>\nLos invitamos al 3er encuentro de ferrmodelistas, maquetistas y otras actividades de los apasionados del riel, los barcos y del Mundo en Miniatura, a realizarse en el Museo Taller Ferrowhite, ubicado en Ingeniero White, Provincia de Buenos Aires (Justo en el Castillo frente al Mar, que defiende a un puerto y su ciudad )<!--more--><br \/>\nExpondr\u00e1n 45 maquetistas y ferromodelistas de Mendoza, C\u00f3rdoba, Rosario, Buenos Aires y la zona de Punta Alta y Bah\u00eda Blanca durante dos d\u00edas en los que grandes maquetas, 20 televisores y las charlas de todos esos aficionados, har\u00e1n disfrutar de varias horas en la que chicos y grandes podr\u00e1n aprender sobre construcci\u00f3n de modelos, historia de ferrocarriles o de los barcos a escala expuestos.<br \/>\nTambi\u00e9n se podr\u00e1n probar las delicias dulces y saladas de media docena de carros de comida (\u00abfood trucks\u00bb), y vivir el aire libre, la vista del puerto y el mar, el anochecer y, quiz\u00e1, de algo de m\u00fasica y mucha, pero mucha compa\u00f1\u00eda con la gente que ya visit\u00f3 y vuelve a visitar, por tercera vez, esta muestra que, primero, nos ense\u00f1\u00f3 que era \u00abUn juego muy serio\u00bb, luego que era \u00abEscala real\u00bb y, ahora, que tambi\u00e9n es \u00abUn juego que da trabajo\u00bb.<br \/>\nS\u00e1bado 18 de agosto de 13 a 21 horas<br \/>\nDomingo 19 de agosto de 11 a 20 horas<br \/>\nConsultas ferrowhite@gmail.com<br \/>\nConsultas de aficionados y expositores a monitor.ferroviario@gmail. com<\/p>\n","protected":false},"excerpt":{"rendered":"<p>\u00a03er encuentro nacional de ferromodelismo \u00abUn juego que da trabajo\u00bb Los invitamos al 3er encuentro de ferrmodelistas, maquetistas y otras actividades de los apasionados del riel, los barcos y del Mundo en Miniatura, a realizarse en el Museo Taller Ferrowhite, ubicado en Ingeniero White, Provincia de Buenos Aires (Justo en el Castillo frente al Mar, [&hellip;]<\/p>\n","protected":false},"author":3,"featured_media":0,"comment_status":"closed","ping_status":"open","sticky":false,"template":"","format":"standard","meta":{"footnotes":""},"categories":[35],"tags":[],"class_list":["post-23944","post","type-post","status-publish","format-standard","hentry","category-cultura"],"yoast_head":"<!-- This site is optimized with the Yoast SEO plugin v25.9 - https:\/\/yoast.com\/wordpress\/plugins\/seo\/ -->\n<title>Exposici\u00f3n 18 y 19 de agosto, Ferromodelismo y maquetas en Ingeniero White - Noticias Radio Reflejos<\/title>\n<meta name=\"robots\" content=\"index, follow, max-snippet:-1, max-image-preview:large, max-video-preview:-1\" \/>\n<link rel=\"canonical\" href=\"https:\/\/www.noticiasradioreflejos.com.ar\/2021\/exposicion-18-y-19-de-agosto-ferromodelismo-y-maquetas-en-ingeniero-white\/\" \/>\n<meta property=\"og:locale\" content=\"es_ES\" \/>\n<meta property=\"og:type\" content=\"article\" \/>\n<meta property=\"og:title\" content=\"Exposici\u00f3n 18 y 19 de agosto, Ferromodelismo y maquetas en Ingeniero White - Noticias Radio Reflejos\" \/>\n<meta property=\"og:description\" content=\"\u00a03er encuentro nacional de ferromodelismo \u00abUn juego que da trabajo\u00bb Los invitamos al 3er encuentro de ferrmodelistas, maquetistas y otras actividades de los apasionados del riel, los barcos y del Mundo en Miniatura, a realizarse en el Museo Taller Ferrowhite, ubicado en Ingeniero White, Provincia de Buenos Aires (Justo en el Castillo frente al Mar, [&hellip;]\" \/>\n<meta property=\"og:url\" content=\"https:\/\/www.noticiasradioreflejos.com.ar\/2021\/exposicion-18-y-19-de-agosto-ferromodelismo-y-maquetas-en-ingeniero-white\/\" \/>\n<meta property=\"og:site_name\" content=\"Noticias Radio Reflejos\" \/>\n<meta property=\"article:published_time\" content=\"2018-08-09T12:28:09+00:00\" \/>\n<meta property=\"og:image\" content=\"http:\/\/farm1.staticflickr.com\/915\/43945322281_08a9fb1f3a.jpg\" \/>\n<meta name=\"author\" content=\"Arnaldo Botto\" \/>\n<meta name=\"twitter:card\" content=\"summary_large_image\" \/>\n<script type=\"application\/ld+json\" class=\"yoast-schema-graph\">{\"@context\":\"https:\/\/schema.org\",\"@graph\":[{\"@type\":\"WebPage\",\"@id\":\"https:\/\/www.noticiasradioreflejos.com.ar\/2021\/exposicion-18-y-19-de-agosto-ferromodelismo-y-maquetas-en-ingeniero-white\/\",\"url\":\"https:\/\/www.noticiasradioreflejos.com.ar\/2021\/exposicion-18-y-19-de-agosto-ferromodelismo-y-maquetas-en-ingeniero-white\/\",\"name\":\"Exposici\u00f3n 18 y 19 de agosto, Ferromodelismo y maquetas en Ingeniero White - Noticias Radio Reflejos\",\"isPartOf\":{\"@id\":\"https:\/\/www.noticiasradioreflejos.com.ar\/2021\/#website\"},\"primaryImageOfPage\":{\"@id\":\"https:\/\/www.noticiasradioreflejos.com.ar\/2021\/exposicion-18-y-19-de-agosto-ferromodelismo-y-maquetas-en-ingeniero-white\/#primaryimage\"},\"image\":{\"@id\":\"https:\/\/www.noticiasradioreflejos.com.ar\/2021\/exposicion-18-y-19-de-agosto-ferromodelismo-y-maquetas-en-ingeniero-white\/#primaryimage\"},\"thumbnailUrl\":\"http:\/\/farm1.staticflickr.com\/915\/43945322281_08a9fb1f3a.jpg\",\"datePublished\":\"2018-08-09T12:28:09+00:00\",\"author\":{\"@id\":\"https:\/\/www.noticiasradioreflejos.com.ar\/2021\/#\/schema\/person\/ad82545263dcc5ec0996818884fd5fb1\"},\"breadcrumb\":{\"@id\":\"https:\/\/www.noticiasradioreflejos.com.ar\/2021\/exposicion-18-y-19-de-agosto-ferromodelismo-y-maquetas-en-ingeniero-white\/#breadcrumb\"},\"inLanguage\":\"es\",\"potentialAction\":[{\"@type\":\"ReadAction\",\"target\":[\"https:\/\/www.noticiasradioreflejos.com.ar\/2021\/exposicion-18-y-19-de-agosto-ferromodelismo-y-maquetas-en-ingeniero-white\/\"]}]},{\"@type\":\"ImageObject\",\"inLanguage\":\"es\",\"@id\":\"https:\/\/www.noticiasradioreflejos.com.ar\/2021\/exposicion-18-y-19-de-agosto-ferromodelismo-y-maquetas-en-ingeniero-white\/#primaryimage\",\"url\":\"http:\/\/farm1.staticflickr.com\/915\/43945322281_08a9fb1f3a.jpg\",\"contentUrl\":\"http:\/\/farm1.staticflickr.com\/915\/43945322281_08a9fb1f3a.jpg\"},{\"@type\":\"BreadcrumbList\",\"@id\":\"https:\/\/www.noticiasradioreflejos.com.ar\/2021\/exposicion-18-y-19-de-agosto-ferromodelismo-y-maquetas-en-ingeniero-white\/#breadcrumb\",\"itemListElement\":[{\"@type\":\"ListItem\",\"position\":1,\"name\":\"Portada\",\"item\":\"https:\/\/www.noticiasradioreflejos.com.ar\/2021\/\"},{\"@type\":\"ListItem\",\"position\":2,\"name\":\"Exposici\u00f3n 18 y 19 de agosto, Ferromodelismo y maquetas en Ingeniero White\"}]},{\"@type\":\"WebSite\",\"@id\":\"https:\/\/www.noticiasradioreflejos.com.ar\/2021\/#website\",\"url\":\"https:\/\/www.noticiasradioreflejos.com.ar\/2021\/\",\"name\":\"Noticias Radio Reflejos\",\"description\":\"Las noticias de mi comarca\",\"potentialAction\":[{\"@type\":\"SearchAction\",\"target\":{\"@type\":\"EntryPoint\",\"urlTemplate\":\"https:\/\/www.noticiasradioreflejos.com.ar\/2021\/?s={search_term_string}\"},\"query-input\":{\"@type\":\"PropertyValueSpecification\",\"valueRequired\":true,\"valueName\":\"search_term_string\"}}],\"inLanguage\":\"es\"},{\"@type\":\"Person\",\"@id\":\"https:\/\/www.noticiasradioreflejos.com.ar\/2021\/#\/schema\/person\/ad82545263dcc5ec0996818884fd5fb1\",\"name\":\"Arnaldo Botto\",\"image\":{\"@type\":\"ImageObject\",\"inLanguage\":\"es\",\"@id\":\"https:\/\/www.noticiasradioreflejos.com.ar\/2021\/#\/schema\/person\/image\/\",\"url\":\"https:\/\/secure.gravatar.com\/avatar\/55cb5e37c1efa326397366e6974cb338056df65cb50e7d64d1cf314e87504837?s=96&d=mm&r=g\",\"contentUrl\":\"https:\/\/secure.gravatar.com\/avatar\/55cb5e37c1efa326397366e6974cb338056df65cb50e7d64d1cf314e87504837?s=96&d=mm&r=g\",\"caption\":\"Arnaldo Botto\"},\"url\":\"https:\/\/www.noticiasradioreflejos.com.ar\/2021\/author\/arnaldo\/\"}]}<\/script>\n<!-- \/ Yoast SEO plugin. -->","yoast_head_json":{"title":"Exposici\u00f3n 18 y 19 de agosto, Ferromodelismo y maquetas en Ingeniero White - Noticias Radio Reflejos","robots":{"index":"index","follow":"follow","max-snippet":"max-snippet:-1","max-image-preview":"max-image-preview:large","max-video-preview":"max-video-preview:-1"},"canonical":"https:\/\/www.noticiasradioreflejos.com.ar\/2021\/exposicion-18-y-19-de-agosto-ferromodelismo-y-maquetas-en-ingeniero-white\/","og_locale":"es_ES","og_type":"article","og_title":"Exposici\u00f3n 18 y 19 de agosto, Ferromodelismo y maquetas en Ingeniero White - Noticias Radio Reflejos","og_description":"\u00a03er encuentro nacional de ferromodelismo \u00abUn juego que da trabajo\u00bb Los invitamos al 3er encuentro de ferrmodelistas, maquetistas y otras actividades de los apasionados del riel, los barcos y del Mundo en Miniatura, a realizarse en el Museo Taller Ferrowhite, ubicado en Ingeniero White, Provincia de Buenos Aires (Justo en el Castillo frente al Mar, [&hellip;]","og_url":"https:\/\/www.noticiasradioreflejos.com.ar\/2021\/exposicion-18-y-19-de-agosto-ferromodelismo-y-maquetas-en-ingeniero-white\/","og_site_name":"Noticias Radio Reflejos","article_published_time":"2018-08-09T12:28:09+00:00","og_image":[{"url":"http:\/\/farm1.staticflickr.com\/915\/43945322281_08a9fb1f3a.jpg","type":"","width":"","height":""}],"author":"Arnaldo Botto","twitter_card":"summary_large_image","schema":{"@context":"https:\/\/schema.org","@graph":[{"@type":"WebPage","@id":"https:\/\/www.noticiasradioreflejos.com.ar\/2021\/exposicion-18-y-19-de-agosto-ferromodelismo-y-maquetas-en-ingeniero-white\/","url":"https:\/\/www.noticiasradioreflejos.com.ar\/2021\/exposicion-18-y-19-de-agosto-ferromodelismo-y-maquetas-en-ingeniero-white\/","name":"Exposici\u00f3n 18 y 19 de agosto, Ferromodelismo y maquetas en Ingeniero White - Noticias Radio Reflejos","isPartOf":{"@id":"https:\/\/www.noticiasradioreflejos.com.ar\/2021\/#website"},"primaryImageOfPage":{"@id":"https:\/\/www.noticiasradioreflejos.com.ar\/2021\/exposicion-18-y-19-de-agosto-ferromodelismo-y-maquetas-en-ingeniero-white\/#primaryimage"},"image":{"@id":"https:\/\/www.noticiasradioreflejos.com.ar\/2021\/exposicion-18-y-19-de-agosto-ferromodelismo-y-maquetas-en-ingeniero-white\/#primaryimage"},"thumbnailUrl":"http:\/\/farm1.staticflickr.com\/915\/43945322281_08a9fb1f3a.jpg","datePublished":"2018-08-09T12:28:09+00:00","author":{"@id":"https:\/\/www.noticiasradioreflejos.com.ar\/2021\/#\/schema\/person\/ad82545263dcc5ec0996818884fd5fb1"},"breadcrumb":{"@id":"https:\/\/www.noticiasradioreflejos.com.ar\/2021\/exposicion-18-y-19-de-agosto-ferromodelismo-y-maquetas-en-ingeniero-white\/#breadcrumb"},"inLanguage":"es","potentialAction":[{"@type":"ReadAction","target":["https:\/\/www.noticiasradioreflejos.com.ar\/2021\/exposicion-18-y-19-de-agosto-ferromodelismo-y-maquetas-en-ingeniero-white\/"]}]},{"@type":"ImageObject","inLanguage":"es","@id":"https:\/\/www.noticiasradioreflejos.com.ar\/2021\/exposicion-18-y-19-de-agosto-ferromodelismo-y-maquetas-en-ingeniero-white\/#primaryimage","url":"http:\/\/farm1.staticflickr.com\/915\/43945322281_08a9fb1f3a.jpg","contentUrl":"http:\/\/farm1.staticflickr.com\/915\/43945322281_08a9fb1f3a.jpg"},{"@type":"BreadcrumbList","@id":"https:\/\/www.noticiasradioreflejos.com.ar\/2021\/exposicion-18-y-19-de-agosto-ferromodelismo-y-maquetas-en-ingeniero-white\/#breadcrumb","itemListElement":[{"@type":"ListItem","position":1,"name":"Portada","item":"https:\/\/www.noticiasradioreflejos.com.ar\/2021\/"},{"@type":"ListItem","position":2,"name":"Exposici\u00f3n 18 y 19 de agosto, Ferromodelismo y maquetas en Ingeniero White"}]},{"@type":"WebSite","@id":"https:\/\/www.noticiasradioreflejos.com.ar\/2021\/#website","url":"https:\/\/www.noticiasradioreflejos.com.ar\/2021\/","name":"Noticias Radio Reflejos","description":"Las noticias de mi comarca","potentialAction":[{"@type":"SearchAction","target":{"@type":"EntryPoint","urlTemplate":"https:\/\/www.noticiasradioreflejos.com.ar\/2021\/?s={search_term_string}"},"query-input":{"@type":"PropertyValueSpecification","valueRequired":true,"valueName":"search_term_string"}}],"inLanguage":"es"},{"@type":"Person","@id":"https:\/\/www.noticiasradioreflejos.com.ar\/2021\/#\/schema\/person\/ad82545263dcc5ec0996818884fd5fb1","name":"Arnaldo Botto","image":{"@type":"ImageObject","inLanguage":"es","@id":"https:\/\/www.noticiasradioreflejos.com.ar\/2021\/#\/schema\/person\/image\/","url":"https:\/\/secure.gravatar.com\/avatar\/55cb5e37c1efa326397366e6974cb338056df65cb50e7d64d1cf314e87504837?s=96&d=mm&r=g","contentUrl":"https:\/\/secure.gravatar.com\/avatar\/55cb5e37c1efa326397366e6974cb338056df65cb50e7d64d1cf314e87504837?s=96&d=mm&r=g","caption":"Arnaldo Botto"},"url":"https:\/\/www.noticiasradioreflejos.com.ar\/2021\/author\/arnaldo\/"}]}},"_links":{"self":[{"href":"https:\/\/www.noticiasradioreflejos.com.ar\/2021\/wp-json\/wp\/v2\/posts\/23944","targetHints":{"allow":["GET"]}}],"collection":[{"href":"https:\/\/www.noticiasradioreflejos.com.ar\/2021\/wp-json\/wp\/v2\/posts"}],"about":[{"href":"https:\/\/www.noticiasradioreflejos.com.ar\/2021\/wp-json\/wp\/v2\/types\/post"}],"author":[{"embeddable":true,"href":"https:\/\/www.noticiasradioreflejos.com.ar\/2021\/wp-json\/wp\/v2\/users\/3"}],"replies":[{"embeddable":true,"href":"https:\/\/www.noticiasradioreflejos.com.ar\/2021\/wp-json\/wp\/v2\/comments?post=23944"}],"version-history":[{"count":0,"href":"https:\/\/www.noticiasradioreflejos.com.ar\/2021\/wp-json\/wp\/v2\/posts\/23944\/revisions"}],"wp:attachment":[{"href":"https:\/\/www.noticiasradioreflejos.com.ar\/2021\/wp-json\/wp\/v2\/media?parent=23944"}],"wp:term":[{"taxonomy":"category","embeddable":true,"href":"https:\/\/www.noticiasradioreflejos.com.ar\/2021\/wp-json\/wp\/v2\/categories?post=23944"},{"taxonomy":"post_tag","embeddable":true,"href":"https:\/\/www.noticiasradioreflejos.com.ar\/2021\/wp-json\/wp\/v2\/tags?post=23944"}],"curies":[{"name":"wp","href":"https:\/\/api.w.org\/{rel}","templated":true}]}}