{"id":23933,"date":"2018-08-09T00:10:01","date_gmt":"2018-08-09T03:10:01","guid":{"rendered":"http:\/\/www.noticiasradioreflejos.com.ar\/noticias\/?p=23933"},"modified":"2018-08-09T00:10:01","modified_gmt":"2018-08-09T03:10:01","slug":"inscripcion-para-porteros-y-cocineros-hasta-el-31-de-agosto","status":"publish","type":"post","link":"https:\/\/www.noticiasradioreflejos.com.ar\/2021\/inscripcion-para-porteros-y-cocineros-hasta-el-31-de-agosto\/","title":{"rendered":"Inscripci\u00f3n para porteros y cocineros hasta el 31 de Agosto"},"content":{"rendered":"<div><span style=\"font-family: tahoma, sans-serif;\">El Consejo Escolar de Tornquist recuerda que\u00a0<u>hasta el\u00a0 31 de Agosto<\/u>\u00a0se encuentra abierta la inscripci\u00f3n a los listados de auxiliares.\u00a0<\/span><\/div>\n<p><!--more--><\/p>\n<div><span style=\"font-family: tahoma, sans-serif;\">Para quienes se inscriben por primera vez, el tr\u00e1mite se realiza personalmente en el Consejo Escolar, de lunes a viernes de 10:00 a 12:30 hs.<\/span><\/div>\n<div><span style=\"font-family: tahoma, sans-serif;\">Los aspirantes inscriptos en a\u00f1os anteriores deben\u00a0realizar el registro de forma digital, ingresando al portal ABC con usuario y clave. Una vez finalizado el proceso podr\u00e1n imprimir el PDF final que acredita la inscripci\u00f3n.\u00a0<\/span><a id=\"x_m_-2573070946338478241LPlnk927332\" class=\"x_m_-2573070946338478241OWAAutoLink\" href=\"http:\/\/abc.gov.ar\/inscripcion-auxiliares\" target=\"_blank\" rel=\"noopener noreferrer\" data-auth=\"NotApplicable\"><span style=\"font-family: tahoma, sans-serif;\">http:\/\/abc.gov.ar\/inscripcion-auxiliares<\/span><\/a><\/div>\n<p>&nbsp;<\/p>\n<div>Son requisitos para la inscripci\u00f3n\u00a0\u00a0Ser argentino nativo, por opci\u00f3n o naturalizado. Tener DIECIOCHO (18) a\u00f1os de edad como m\u00ednimo y CINCUENTA (50) a\u00f1os de edad como m\u00e1ximo. Los aspirantes que por servicios prestados anteriormente tengan computables a\u00f1os a los efectos de la jubilaci\u00f3n, debidamente certificados, podr\u00e1n ingresar hasta la edad que resulte de sumar a los CINCUENTA (50) a\u00f1os, los de servicios prestados, pero en ning\u00fan caso la edad de los aspirantes puede exceder de los SESENTA (60) a\u00f1os.<\/div>\n<div>\n<p class=\"x_m_-2573070946338478241x_gmail-x_MsoNormal\"><span style=\"font-family: tahoma, sans-serif;\">Durante el mes de setiembre de 2018 se deber\u00e1 presentar la documentaci\u00f3n respaldatoria a fin de la acreditaci\u00f3n del puntaje. Se le asignar\u00e1 car\u00e1cter de declaraci\u00f3n jurada a las manifestaciones vertidas por los aspirantes en las planillas de inscripci\u00f3n.<\/span><\/p>\n<p class=\"x_m_-2573070946338478241x_gmail-x_MsoNormal\"><span style=\"font-family: tahoma, sans-serif;\">Documentaci\u00f3n a presentar:<\/span><\/p>\n<ol>\n<li><span style=\"font-family: tahoma, sans-serif;\">Original y copia de DNI (anverso y reverso)<\/span><\/li>\n<li><span style=\"font-family: tahoma, sans-serif;\">Certificado de buena salud expedido por\u00a0\u00a0hospital o instituci\u00f3n de salud de car\u00e1cter p\u00fablico.<\/span><\/li>\n<li><span style=\"font-family: tahoma, sans-serif;\">Certificado de antecedentes penales (se tramita ante la Comisar\u00eda local).<\/span><\/li>\n<li><span style=\"font-family: tahoma, sans-serif;\">Original y copia de certificado de estudios primarios, secundarios, terciarios o universitarios aprobados. Si tuviera completo 1\u00b0 o 2\u00b0 a\u00f1o secundario presentar certificaci\u00f3n de a\u00f1o aprobado y constancia de alumno regular en secundario adultos.<\/span><\/li>\n<li><span style=\"font-family: tahoma, sans-serif;\">Original y copia de\u00a0<u>certificado definitivo<\/u>\u00a0de cursos dictados por Centro de Formaci\u00f3n Profesional reconocidos (\u201cCocinero para comedor escolar\u201d, \u201cManipulaci\u00f3n de Alimentos\u201d, \u201cLimpieza institucional\u201d , \u201cEl trabajo del auxiliar en instituciones educativas\u201d, \u201cElaboraci\u00f3n y conservaci\u00f3n de frutas y hortalizas\u201d, \u201cCocinero para restaurante. M\u00f3dulo I. Basico\u201d, \u201cCocinero para restaurante Modulos II y III\u201d, \u201cGesti\u00f3n y abordaje integral del servicio alimentario escolar\u201d).<\/span><\/li>\n<li><span style=\"font-family: tahoma, sans-serif;\">Si cuenta con\u00a0\u00a0servicios prestados en establecimientos educativos de DGCYE como personal de servicio: cuaderno de actuaci\u00f3n.<\/span><\/li>\n<li><span style=\"font-family: tahoma, sans-serif;\">Si cuenta con servicios prestados cmo personal de servicio en establecimientos educativos de gesti\u00f3n privada: constancia original de servicios prestados en establecimientos educativos de gesti\u00f3n privada.<\/span><\/li>\n<li><span style=\"font-family: tahoma, sans-serif;\">Si cuenta con servicios prestados en el \u00e1mbito privado en las mismas tareas para las que se inscribe: \u00faltimo recibo de sueldo y constancia de aportes Anses.<\/span><\/li>\n<\/ol>\n<\/div>\n<div><b>Recordar que el 31 de agosto del corriente es el \u00faltimo d\u00eda para inscribirse personalmente o v\u00eda web, seg\u00fan corresponda.<\/b><\/div>\n<div><\/div>\n<div class=\"x_m_-2573070946338478241x_gmail_signature\">\u00a0<i><b>Consejo Escolar Tornquist<\/b><\/i><\/div>\n<div id=\"x_m_-2573070946338478241Signature\">\n<div id=\"x_m_-2573070946338478241divtagdefaultwrapper\" dir=\"ltr\">\n<i>Sarmiento 98 (Altos) &#8211; Tornquist<\/i><br \/>\n<i>Tel\/Fax: 0291 &#8211; 4941140\/4940779<\/i><br \/>\n<i><a href=\"mailto:consejoescolartornquist@hotmail.com\" target=\"_blank\" rel=\"noreferrer noopener\" data-auth=\"NotApplicable\">consejoescolartornquist@hotmail.com<\/a><\/i>\n<\/div>\n<\/div>\n","protected":false},"excerpt":{"rendered":"<p>El Consejo Escolar de Tornquist recuerda que\u00a0hasta el\u00a0 31 de Agosto\u00a0se encuentra abierta la inscripci\u00f3n a los listados de auxiliares.\u00a0<\/p>\n","protected":false},"author":3,"featured_media":0,"comment_status":"closed","ping_status":"open","sticky":false,"template":"","format":"standard","meta":{"footnotes":""},"categories":[26],"tags":[],"class_list":["post-23933","post","type-post","status-publish","format-standard","hentry","category-sociedad"],"yoast_head":"<!-- This site is optimized with the Yoast SEO plugin v25.9 - https:\/\/yoast.com\/wordpress\/plugins\/seo\/ -->\n<title>Inscripci\u00f3n para porteros y cocineros hasta el 31 de Agosto - Noticias Radio Reflejos<\/title>\n<meta name=\"robots\" content=\"index, follow, max-snippet:-1, max-image-preview:large, max-video-preview:-1\" \/>\n<link rel=\"canonical\" href=\"https:\/\/www.noticiasradioreflejos.com.ar\/2021\/inscripcion-para-porteros-y-cocineros-hasta-el-31-de-agosto\/\" \/>\n<meta property=\"og:locale\" content=\"es_ES\" \/>\n<meta property=\"og:type\" content=\"article\" \/>\n<meta property=\"og:title\" content=\"Inscripci\u00f3n para porteros y cocineros hasta el 31 de Agosto - Noticias Radio Reflejos\" \/>\n<meta property=\"og:description\" content=\"El Consejo Escolar de Tornquist recuerda que\u00a0hasta el\u00a0 31 de Agosto\u00a0se encuentra abierta la inscripci\u00f3n a los listados de auxiliares.\u00a0\" \/>\n<meta property=\"og:url\" content=\"https:\/\/www.noticiasradioreflejos.com.ar\/2021\/inscripcion-para-porteros-y-cocineros-hasta-el-31-de-agosto\/\" \/>\n<meta property=\"og:site_name\" content=\"Noticias Radio Reflejos\" \/>\n<meta property=\"article:published_time\" content=\"2018-08-09T03:10:01+00:00\" \/>\n<meta property=\"og:image\" content=\"https:\/\/www.noticiasradioreflejos.com.ar\/2021\/wp-content\/uploads\/2021\/07\/logosol300x200.png\" \/>\n\t<meta property=\"og:image:width\" content=\"300\" \/>\n\t<meta property=\"og:image:height\" content=\"200\" \/>\n\t<meta property=\"og:image:type\" content=\"image\/png\" \/>\n<meta name=\"author\" content=\"Arnaldo Botto\" \/>\n<meta name=\"twitter:card\" content=\"summary_large_image\" \/>\n<script type=\"application\/ld+json\" class=\"yoast-schema-graph\">{\"@context\":\"https:\/\/schema.org\",\"@graph\":[{\"@type\":\"WebPage\",\"@id\":\"https:\/\/www.noticiasradioreflejos.com.ar\/2021\/inscripcion-para-porteros-y-cocineros-hasta-el-31-de-agosto\/\",\"url\":\"https:\/\/www.noticiasradioreflejos.com.ar\/2021\/inscripcion-para-porteros-y-cocineros-hasta-el-31-de-agosto\/\",\"name\":\"Inscripci\u00f3n para porteros y cocineros hasta el 31 de Agosto - Noticias Radio Reflejos\",\"isPartOf\":{\"@id\":\"https:\/\/www.noticiasradioreflejos.com.ar\/2021\/#website\"},\"datePublished\":\"2018-08-09T03:10:01+00:00\",\"author\":{\"@id\":\"https:\/\/www.noticiasradioreflejos.com.ar\/2021\/#\/schema\/person\/ad82545263dcc5ec0996818884fd5fb1\"},\"breadcrumb\":{\"@id\":\"https:\/\/www.noticiasradioreflejos.com.ar\/2021\/inscripcion-para-porteros-y-cocineros-hasta-el-31-de-agosto\/#breadcrumb\"},\"inLanguage\":\"es\",\"potentialAction\":[{\"@type\":\"ReadAction\",\"target\":[\"https:\/\/www.noticiasradioreflejos.com.ar\/2021\/inscripcion-para-porteros-y-cocineros-hasta-el-31-de-agosto\/\"]}]},{\"@type\":\"BreadcrumbList\",\"@id\":\"https:\/\/www.noticiasradioreflejos.com.ar\/2021\/inscripcion-para-porteros-y-cocineros-hasta-el-31-de-agosto\/#breadcrumb\",\"itemListElement\":[{\"@type\":\"ListItem\",\"position\":1,\"name\":\"Portada\",\"item\":\"https:\/\/www.noticiasradioreflejos.com.ar\/2021\/\"},{\"@type\":\"ListItem\",\"position\":2,\"name\":\"Inscripci\u00f3n para porteros y cocineros hasta el 31 de Agosto\"}]},{\"@type\":\"WebSite\",\"@id\":\"https:\/\/www.noticiasradioreflejos.com.ar\/2021\/#website\",\"url\":\"https:\/\/www.noticiasradioreflejos.com.ar\/2021\/\",\"name\":\"Noticias Radio Reflejos\",\"description\":\"Las noticias de mi comarca\",\"potentialAction\":[{\"@type\":\"SearchAction\",\"target\":{\"@type\":\"EntryPoint\",\"urlTemplate\":\"https:\/\/www.noticiasradioreflejos.com.ar\/2021\/?s={search_term_string}\"},\"query-input\":{\"@type\":\"PropertyValueSpecification\",\"valueRequired\":true,\"valueName\":\"search_term_string\"}}],\"inLanguage\":\"es\"},{\"@type\":\"Person\",\"@id\":\"https:\/\/www.noticiasradioreflejos.com.ar\/2021\/#\/schema\/person\/ad82545263dcc5ec0996818884fd5fb1\",\"name\":\"Arnaldo Botto\",\"image\":{\"@type\":\"ImageObject\",\"inLanguage\":\"es\",\"@id\":\"https:\/\/www.noticiasradioreflejos.com.ar\/2021\/#\/schema\/person\/image\/\",\"url\":\"https:\/\/secure.gravatar.com\/avatar\/55cb5e37c1efa326397366e6974cb338056df65cb50e7d64d1cf314e87504837?s=96&d=mm&r=g\",\"contentUrl\":\"https:\/\/secure.gravatar.com\/avatar\/55cb5e37c1efa326397366e6974cb338056df65cb50e7d64d1cf314e87504837?s=96&d=mm&r=g\",\"caption\":\"Arnaldo Botto\"},\"url\":\"https:\/\/www.noticiasradioreflejos.com.ar\/2021\/author\/arnaldo\/\"}]}<\/script>\n<!-- \/ Yoast SEO plugin. -->","yoast_head_json":{"title":"Inscripci\u00f3n para porteros y cocineros hasta el 31 de Agosto - Noticias Radio Reflejos","robots":{"index":"index","follow":"follow","max-snippet":"max-snippet:-1","max-image-preview":"max-image-preview:large","max-video-preview":"max-video-preview:-1"},"canonical":"https:\/\/www.noticiasradioreflejos.com.ar\/2021\/inscripcion-para-porteros-y-cocineros-hasta-el-31-de-agosto\/","og_locale":"es_ES","og_type":"article","og_title":"Inscripci\u00f3n para porteros y cocineros hasta el 31 de Agosto - Noticias Radio Reflejos","og_description":"El Consejo Escolar de Tornquist recuerda que\u00a0hasta el\u00a0 31 de Agosto\u00a0se encuentra abierta la inscripci\u00f3n a los listados de auxiliares.\u00a0","og_url":"https:\/\/www.noticiasradioreflejos.com.ar\/2021\/inscripcion-para-porteros-y-cocineros-hasta-el-31-de-agosto\/","og_site_name":"Noticias Radio Reflejos","article_published_time":"2018-08-09T03:10:01+00:00","og_image":[{"width":300,"height":200,"url":"https:\/\/www.noticiasradioreflejos.com.ar\/2021\/wp-content\/uploads\/2021\/07\/logosol300x200.png","type":"image\/png"}],"author":"Arnaldo Botto","twitter_card":"summary_large_image","schema":{"@context":"https:\/\/schema.org","@graph":[{"@type":"WebPage","@id":"https:\/\/www.noticiasradioreflejos.com.ar\/2021\/inscripcion-para-porteros-y-cocineros-hasta-el-31-de-agosto\/","url":"https:\/\/www.noticiasradioreflejos.com.ar\/2021\/inscripcion-para-porteros-y-cocineros-hasta-el-31-de-agosto\/","name":"Inscripci\u00f3n para porteros y cocineros hasta el 31 de Agosto - Noticias Radio Reflejos","isPartOf":{"@id":"https:\/\/www.noticiasradioreflejos.com.ar\/2021\/#website"},"datePublished":"2018-08-09T03:10:01+00:00","author":{"@id":"https:\/\/www.noticiasradioreflejos.com.ar\/2021\/#\/schema\/person\/ad82545263dcc5ec0996818884fd5fb1"},"breadcrumb":{"@id":"https:\/\/www.noticiasradioreflejos.com.ar\/2021\/inscripcion-para-porteros-y-cocineros-hasta-el-31-de-agosto\/#breadcrumb"},"inLanguage":"es","potentialAction":[{"@type":"ReadAction","target":["https:\/\/www.noticiasradioreflejos.com.ar\/2021\/inscripcion-para-porteros-y-cocineros-hasta-el-31-de-agosto\/"]}]},{"@type":"BreadcrumbList","@id":"https:\/\/www.noticiasradioreflejos.com.ar\/2021\/inscripcion-para-porteros-y-cocineros-hasta-el-31-de-agosto\/#breadcrumb","itemListElement":[{"@type":"ListItem","position":1,"name":"Portada","item":"https:\/\/www.noticiasradioreflejos.com.ar\/2021\/"},{"@type":"ListItem","position":2,"name":"Inscripci\u00f3n para porteros y cocineros hasta el 31 de Agosto"}]},{"@type":"WebSite","@id":"https:\/\/www.noticiasradioreflejos.com.ar\/2021\/#website","url":"https:\/\/www.noticiasradioreflejos.com.ar\/2021\/","name":"Noticias Radio Reflejos","description":"Las noticias de mi comarca","potentialAction":[{"@type":"SearchAction","target":{"@type":"EntryPoint","urlTemplate":"https:\/\/www.noticiasradioreflejos.com.ar\/2021\/?s={search_term_string}"},"query-input":{"@type":"PropertyValueSpecification","valueRequired":true,"valueName":"search_term_string"}}],"inLanguage":"es"},{"@type":"Person","@id":"https:\/\/www.noticiasradioreflejos.com.ar\/2021\/#\/schema\/person\/ad82545263dcc5ec0996818884fd5fb1","name":"Arnaldo Botto","image":{"@type":"ImageObject","inLanguage":"es","@id":"https:\/\/www.noticiasradioreflejos.com.ar\/2021\/#\/schema\/person\/image\/","url":"https:\/\/secure.gravatar.com\/avatar\/55cb5e37c1efa326397366e6974cb338056df65cb50e7d64d1cf314e87504837?s=96&d=mm&r=g","contentUrl":"https:\/\/secure.gravatar.com\/avatar\/55cb5e37c1efa326397366e6974cb338056df65cb50e7d64d1cf314e87504837?s=96&d=mm&r=g","caption":"Arnaldo Botto"},"url":"https:\/\/www.noticiasradioreflejos.com.ar\/2021\/author\/arnaldo\/"}]}},"_links":{"self":[{"href":"https:\/\/www.noticiasradioreflejos.com.ar\/2021\/wp-json\/wp\/v2\/posts\/23933","targetHints":{"allow":["GET"]}}],"collection":[{"href":"https:\/\/www.noticiasradioreflejos.com.ar\/2021\/wp-json\/wp\/v2\/posts"}],"about":[{"href":"https:\/\/www.noticiasradioreflejos.com.ar\/2021\/wp-json\/wp\/v2\/types\/post"}],"author":[{"embeddable":true,"href":"https:\/\/www.noticiasradioreflejos.com.ar\/2021\/wp-json\/wp\/v2\/users\/3"}],"replies":[{"embeddable":true,"href":"https:\/\/www.noticiasradioreflejos.com.ar\/2021\/wp-json\/wp\/v2\/comments?post=23933"}],"version-history":[{"count":0,"href":"https:\/\/www.noticiasradioreflejos.com.ar\/2021\/wp-json\/wp\/v2\/posts\/23933\/revisions"}],"wp:attachment":[{"href":"https:\/\/www.noticiasradioreflejos.com.ar\/2021\/wp-json\/wp\/v2\/media?parent=23933"}],"wp:term":[{"taxonomy":"category","embeddable":true,"href":"https:\/\/www.noticiasradioreflejos.com.ar\/2021\/wp-json\/wp\/v2\/categories?post=23933"},{"taxonomy":"post_tag","embeddable":true,"href":"https:\/\/www.noticiasradioreflejos.com.ar\/2021\/wp-json\/wp\/v2\/tags?post=23933"}],"curies":[{"name":"wp","href":"https:\/\/api.w.org\/{rel}","templated":true}]}}