{"id":23930,"date":"2018-08-09T00:52:31","date_gmt":"2018-08-09T03:52:31","guid":{"rendered":"http:\/\/www.noticiasradioreflejos.com.ar\/noticias\/?p=23930"},"modified":"2018-08-09T00:52:31","modified_gmt":"2018-08-09T03:52:31","slug":"le-pido-a-todos-los-socios-y-a-los-que-no-son-socios-que-se-arrimen-al-club-que-hay-un-gran-esfuerzo","status":"publish","type":"post","link":"https:\/\/www.noticiasradioreflejos.com.ar\/2021\/le-pido-a-todos-los-socios-y-a-los-que-no-son-socios-que-se-arrimen-al-club-que-hay-un-gran-esfuerzo\/","title":{"rendered":"&quot;Le pido a todos los socios y a los que no son socios, que se arrimen al club que hay un gran esfuerzo&quot;"},"content":{"rendered":"<p>El Vicepresidente del Club A. Ventana, <strong>Horacio Granci<\/strong>, visit\u00f3 los estudios de FM Reflejos para invitar a la comunidad a dos eventos que tendr\u00e1n la participaci\u00f3n y organizaci\u00f3n de la instituci\u00f3n serrana.<br \/>\nEn principio para el domingo 18 de agosto el festejo del \u00abD\u00eda del Ni\u00f1o\u00bb en el Centro Cultural y para el 26 de agosto una gran tallarinada en la sede del club.<br \/>\nAdem\u00e1s no informa de las obras que se llevan adelante en el gimnasio y otros proyectos del tricolor.<!--more--><br \/>\nRespecto al cierre del playon del club Horacio nos cont\u00f3, \u00abUn gran esfuerzo se esta haciendo, y como siempre el factor dinero es el que escasea y las cosas aumenta, vas a hacer un proyecto que te cuesta (\u00abX\u00bb), y despu\u00e9s termina costando mucho mas, haces un numero en un papel que en realidad nunca se cumple. Ahora nos sali\u00f3 esto del colectivo, Francisco Perriello se hizo cargo nada mas y nada menos que del remolque, de llevarlo de aqu\u00ed al taller en Bah\u00eda Blanca, osea una cosa que te est\u00e1n cobrando una suma importante de dinero, porque no le vamos a poner precio al esfuerzo y a las ganas que le puso Francisco, la verdad me emociona, cuando la gente le pone ganas se puede todo. Al colectivo le sali\u00f3 una biela por el costado, en Lamadrid por segunda vez, y ah\u00ed estamos entre la disyuntiva de los mec\u00e1nicos y hasta que no se hable no se sabe\u00bb.<br \/>\n\u00abDesde este micr\u00f3fono le pido a todos los socios y a los que no son socios tambi\u00e9n, que se arrimen al club que hay un gran esfuerzo que se esta haciendo, no por el caso del colectivo, sino por el mismo club para ir para adelante con las cosas que uno tiene que hacer d\u00eda a d\u00eda, desde las instalaciones, el transporte y brindar todo lo que se necesita, que no es poco para nuestra comunidad\u00bb.<br \/>\n\u00abLo que ami me esta trayendo hoy ac\u00e1 es que para el d\u00eda 19 de Agosto, que es el d\u00eda del ni\u00f1o en el Centro Cultural, junto con bomberos y biblioteca, va a haber un interesante festejo y desde ya todos invitados a participar. Ser\u00e1 a partir de las 14 hs hasta las 19\u00bb.<br \/>\n\u00abEl 26 de Agosto, gran tallarinada, ah\u00ed en el Club Ventana al mediod\u00eda la vamos a hacer, hay un cupo estamos calculando para 120 personas, si alguien quiere participar y ojala que nos falten lugares para recibir a todo aquella persona que quiera participar, el costo es de 150$ sin bebida, por supuesto va a ser generoso el servir y que la gente disfrute\u00bb.<br \/>\n\u00abComo dec\u00eda hay que juntar pesito sobre pesito, y la vez pasada estuvimos participando en la carrera esta que se junto tanta gente con la bicicleteada, ah\u00ed tambi\u00e9n estuvimos participando, muy lindo, mucha gente colaborando, y haciendo que los proyectos funcionen, hay que juntar un pesito de ac\u00e1, un pesito de all\u00e1\u00bb.<br \/>\n\u00abEl club siempre va a estar abierto para toda aquella gente que quiera participar. Para el que quiera reservar tarjetas podr\u00e1 hacerlo en la secretar\u00eda del club, estar\u00e1 Margie de 16 a 20hs todos los d\u00edas, o la pueden ubicar por Facebook como (Margie Rubio), asique esperando que todo este esfuerzo termine en algo lindo\u00bb.<br \/>\nNOTA COMPLETA:<br \/>\n<iframe loading=\"lazy\" src=\"https:\/\/w.soundcloud.com\/player\/?url=https%3A\/\/api.soundcloud.com\/tracks\/482782539&amp;color=%23ff5500&amp;auto_play=false&amp;hide_related=false&amp;show_comments=true&amp;show_user=true&amp;show_reposts=false&amp;show_teaser=true\" width=\"100%\" height=\"166\" frameborder=\"no\" scrolling=\"no\"><\/iframe><\/p>\n","protected":false},"excerpt":{"rendered":"<p>El Vicepresidente del Club A. Ventana, Horacio Granci, visit\u00f3 los estudios de FM Reflejos para invitar a la comunidad a dos eventos que tendr\u00e1n la participaci\u00f3n y organizaci\u00f3n de la instituci\u00f3n serrana. En principio para el domingo 18 de agosto el festejo del \u00abD\u00eda del Ni\u00f1o\u00bb en el Centro Cultural y para el 26 de [&hellip;]<\/p>\n","protected":false},"author":3,"featured_media":0,"comment_status":"closed","ping_status":"open","sticky":false,"template":"","format":"standard","meta":{"footnotes":""},"categories":[26],"tags":[],"class_list":["post-23930","post","type-post","status-publish","format-standard","hentry","category-sociedad"],"yoast_head":"<!-- This site is optimized with the Yoast SEO plugin v25.9 - https:\/\/yoast.com\/wordpress\/plugins\/seo\/ -->\n<title>&quot;Le pido a todos los socios y a los que no son socios, que se arrimen al club que hay un gran esfuerzo&quot; - Noticias Radio Reflejos<\/title>\n<meta name=\"robots\" content=\"index, follow, max-snippet:-1, max-image-preview:large, max-video-preview:-1\" \/>\n<link rel=\"canonical\" href=\"https:\/\/www.noticiasradioreflejos.com.ar\/2021\/le-pido-a-todos-los-socios-y-a-los-que-no-son-socios-que-se-arrimen-al-club-que-hay-un-gran-esfuerzo\/\" \/>\n<meta property=\"og:locale\" content=\"es_ES\" \/>\n<meta property=\"og:type\" content=\"article\" \/>\n<meta property=\"og:title\" content=\"&quot;Le pido a todos los socios y a los que no son socios, que se arrimen al club que hay un gran esfuerzo&quot; - Noticias Radio Reflejos\" \/>\n<meta property=\"og:description\" content=\"El Vicepresidente del Club A. Ventana, Horacio Granci, visit\u00f3 los estudios de FM Reflejos para invitar a la comunidad a dos eventos que tendr\u00e1n la participaci\u00f3n y organizaci\u00f3n de la instituci\u00f3n serrana. En principio para el domingo 18 de agosto el festejo del \u00abD\u00eda del Ni\u00f1o\u00bb en el Centro Cultural y para el 26 de [&hellip;]\" \/>\n<meta property=\"og:url\" content=\"https:\/\/www.noticiasradioreflejos.com.ar\/2021\/le-pido-a-todos-los-socios-y-a-los-que-no-son-socios-que-se-arrimen-al-club-que-hay-un-gran-esfuerzo\/\" \/>\n<meta property=\"og:site_name\" content=\"Noticias Radio Reflejos\" \/>\n<meta property=\"article:published_time\" content=\"2018-08-09T03:52:31+00:00\" \/>\n<meta property=\"og:image\" content=\"https:\/\/www.noticiasradioreflejos.com.ar\/2021\/wp-content\/uploads\/2021\/07\/logosol300x200.png\" \/>\n\t<meta property=\"og:image:width\" content=\"300\" \/>\n\t<meta property=\"og:image:height\" content=\"200\" \/>\n\t<meta property=\"og:image:type\" content=\"image\/png\" \/>\n<meta name=\"author\" content=\"Arnaldo Botto\" \/>\n<meta name=\"twitter:card\" content=\"summary_large_image\" \/>\n<script type=\"application\/ld+json\" class=\"yoast-schema-graph\">{\"@context\":\"https:\/\/schema.org\",\"@graph\":[{\"@type\":\"WebPage\",\"@id\":\"https:\/\/www.noticiasradioreflejos.com.ar\/2021\/le-pido-a-todos-los-socios-y-a-los-que-no-son-socios-que-se-arrimen-al-club-que-hay-un-gran-esfuerzo\/\",\"url\":\"https:\/\/www.noticiasradioreflejos.com.ar\/2021\/le-pido-a-todos-los-socios-y-a-los-que-no-son-socios-que-se-arrimen-al-club-que-hay-un-gran-esfuerzo\/\",\"name\":\"&quot;Le pido a todos los socios y a los que no son socios, que se arrimen al club que hay un gran esfuerzo&quot; - Noticias Radio Reflejos\",\"isPartOf\":{\"@id\":\"https:\/\/www.noticiasradioreflejos.com.ar\/2021\/#website\"},\"datePublished\":\"2018-08-09T03:52:31+00:00\",\"author\":{\"@id\":\"https:\/\/www.noticiasradioreflejos.com.ar\/2021\/#\/schema\/person\/ad82545263dcc5ec0996818884fd5fb1\"},\"breadcrumb\":{\"@id\":\"https:\/\/www.noticiasradioreflejos.com.ar\/2021\/le-pido-a-todos-los-socios-y-a-los-que-no-son-socios-que-se-arrimen-al-club-que-hay-un-gran-esfuerzo\/#breadcrumb\"},\"inLanguage\":\"es\",\"potentialAction\":[{\"@type\":\"ReadAction\",\"target\":[\"https:\/\/www.noticiasradioreflejos.com.ar\/2021\/le-pido-a-todos-los-socios-y-a-los-que-no-son-socios-que-se-arrimen-al-club-que-hay-un-gran-esfuerzo\/\"]}]},{\"@type\":\"BreadcrumbList\",\"@id\":\"https:\/\/www.noticiasradioreflejos.com.ar\/2021\/le-pido-a-todos-los-socios-y-a-los-que-no-son-socios-que-se-arrimen-al-club-que-hay-un-gran-esfuerzo\/#breadcrumb\",\"itemListElement\":[{\"@type\":\"ListItem\",\"position\":1,\"name\":\"Portada\",\"item\":\"https:\/\/www.noticiasradioreflejos.com.ar\/2021\/\"},{\"@type\":\"ListItem\",\"position\":2,\"name\":\"&quot;Le pido a todos los socios y a los que no son socios, que se arrimen al club que hay un gran esfuerzo&quot;\"}]},{\"@type\":\"WebSite\",\"@id\":\"https:\/\/www.noticiasradioreflejos.com.ar\/2021\/#website\",\"url\":\"https:\/\/www.noticiasradioreflejos.com.ar\/2021\/\",\"name\":\"Noticias Radio Reflejos\",\"description\":\"Las noticias de mi comarca\",\"potentialAction\":[{\"@type\":\"SearchAction\",\"target\":{\"@type\":\"EntryPoint\",\"urlTemplate\":\"https:\/\/www.noticiasradioreflejos.com.ar\/2021\/?s={search_term_string}\"},\"query-input\":{\"@type\":\"PropertyValueSpecification\",\"valueRequired\":true,\"valueName\":\"search_term_string\"}}],\"inLanguage\":\"es\"},{\"@type\":\"Person\",\"@id\":\"https:\/\/www.noticiasradioreflejos.com.ar\/2021\/#\/schema\/person\/ad82545263dcc5ec0996818884fd5fb1\",\"name\":\"Arnaldo Botto\",\"image\":{\"@type\":\"ImageObject\",\"inLanguage\":\"es\",\"@id\":\"https:\/\/www.noticiasradioreflejos.com.ar\/2021\/#\/schema\/person\/image\/\",\"url\":\"https:\/\/secure.gravatar.com\/avatar\/55cb5e37c1efa326397366e6974cb338056df65cb50e7d64d1cf314e87504837?s=96&d=mm&r=g\",\"contentUrl\":\"https:\/\/secure.gravatar.com\/avatar\/55cb5e37c1efa326397366e6974cb338056df65cb50e7d64d1cf314e87504837?s=96&d=mm&r=g\",\"caption\":\"Arnaldo Botto\"},\"url\":\"https:\/\/www.noticiasradioreflejos.com.ar\/2021\/author\/arnaldo\/\"}]}<\/script>\n<!-- \/ Yoast SEO plugin. -->","yoast_head_json":{"title":"&quot;Le pido a todos los socios y a los que no son socios, que se arrimen al club que hay un gran esfuerzo&quot; - Noticias Radio Reflejos","robots":{"index":"index","follow":"follow","max-snippet":"max-snippet:-1","max-image-preview":"max-image-preview:large","max-video-preview":"max-video-preview:-1"},"canonical":"https:\/\/www.noticiasradioreflejos.com.ar\/2021\/le-pido-a-todos-los-socios-y-a-los-que-no-son-socios-que-se-arrimen-al-club-que-hay-un-gran-esfuerzo\/","og_locale":"es_ES","og_type":"article","og_title":"&quot;Le pido a todos los socios y a los que no son socios, que se arrimen al club que hay un gran esfuerzo&quot; - Noticias Radio Reflejos","og_description":"El Vicepresidente del Club A. Ventana, Horacio Granci, visit\u00f3 los estudios de FM Reflejos para invitar a la comunidad a dos eventos que tendr\u00e1n la participaci\u00f3n y organizaci\u00f3n de la instituci\u00f3n serrana. En principio para el domingo 18 de agosto el festejo del \u00abD\u00eda del Ni\u00f1o\u00bb en el Centro Cultural y para el 26 de [&hellip;]","og_url":"https:\/\/www.noticiasradioreflejos.com.ar\/2021\/le-pido-a-todos-los-socios-y-a-los-que-no-son-socios-que-se-arrimen-al-club-que-hay-un-gran-esfuerzo\/","og_site_name":"Noticias Radio Reflejos","article_published_time":"2018-08-09T03:52:31+00:00","og_image":[{"width":300,"height":200,"url":"https:\/\/www.noticiasradioreflejos.com.ar\/2021\/wp-content\/uploads\/2021\/07\/logosol300x200.png","type":"image\/png"}],"author":"Arnaldo Botto","twitter_card":"summary_large_image","schema":{"@context":"https:\/\/schema.org","@graph":[{"@type":"WebPage","@id":"https:\/\/www.noticiasradioreflejos.com.ar\/2021\/le-pido-a-todos-los-socios-y-a-los-que-no-son-socios-que-se-arrimen-al-club-que-hay-un-gran-esfuerzo\/","url":"https:\/\/www.noticiasradioreflejos.com.ar\/2021\/le-pido-a-todos-los-socios-y-a-los-que-no-son-socios-que-se-arrimen-al-club-que-hay-un-gran-esfuerzo\/","name":"&quot;Le pido a todos los socios y a los que no son socios, que se arrimen al club que hay un gran esfuerzo&quot; - Noticias Radio Reflejos","isPartOf":{"@id":"https:\/\/www.noticiasradioreflejos.com.ar\/2021\/#website"},"datePublished":"2018-08-09T03:52:31+00:00","author":{"@id":"https:\/\/www.noticiasradioreflejos.com.ar\/2021\/#\/schema\/person\/ad82545263dcc5ec0996818884fd5fb1"},"breadcrumb":{"@id":"https:\/\/www.noticiasradioreflejos.com.ar\/2021\/le-pido-a-todos-los-socios-y-a-los-que-no-son-socios-que-se-arrimen-al-club-que-hay-un-gran-esfuerzo\/#breadcrumb"},"inLanguage":"es","potentialAction":[{"@type":"ReadAction","target":["https:\/\/www.noticiasradioreflejos.com.ar\/2021\/le-pido-a-todos-los-socios-y-a-los-que-no-son-socios-que-se-arrimen-al-club-que-hay-un-gran-esfuerzo\/"]}]},{"@type":"BreadcrumbList","@id":"https:\/\/www.noticiasradioreflejos.com.ar\/2021\/le-pido-a-todos-los-socios-y-a-los-que-no-son-socios-que-se-arrimen-al-club-que-hay-un-gran-esfuerzo\/#breadcrumb","itemListElement":[{"@type":"ListItem","position":1,"name":"Portada","item":"https:\/\/www.noticiasradioreflejos.com.ar\/2021\/"},{"@type":"ListItem","position":2,"name":"&quot;Le pido a todos los socios y a los que no son socios, que se arrimen al club que hay un gran esfuerzo&quot;"}]},{"@type":"WebSite","@id":"https:\/\/www.noticiasradioreflejos.com.ar\/2021\/#website","url":"https:\/\/www.noticiasradioreflejos.com.ar\/2021\/","name":"Noticias Radio Reflejos","description":"Las noticias de mi comarca","potentialAction":[{"@type":"SearchAction","target":{"@type":"EntryPoint","urlTemplate":"https:\/\/www.noticiasradioreflejos.com.ar\/2021\/?s={search_term_string}"},"query-input":{"@type":"PropertyValueSpecification","valueRequired":true,"valueName":"search_term_string"}}],"inLanguage":"es"},{"@type":"Person","@id":"https:\/\/www.noticiasradioreflejos.com.ar\/2021\/#\/schema\/person\/ad82545263dcc5ec0996818884fd5fb1","name":"Arnaldo Botto","image":{"@type":"ImageObject","inLanguage":"es","@id":"https:\/\/www.noticiasradioreflejos.com.ar\/2021\/#\/schema\/person\/image\/","url":"https:\/\/secure.gravatar.com\/avatar\/55cb5e37c1efa326397366e6974cb338056df65cb50e7d64d1cf314e87504837?s=96&d=mm&r=g","contentUrl":"https:\/\/secure.gravatar.com\/avatar\/55cb5e37c1efa326397366e6974cb338056df65cb50e7d64d1cf314e87504837?s=96&d=mm&r=g","caption":"Arnaldo Botto"},"url":"https:\/\/www.noticiasradioreflejos.com.ar\/2021\/author\/arnaldo\/"}]}},"_links":{"self":[{"href":"https:\/\/www.noticiasradioreflejos.com.ar\/2021\/wp-json\/wp\/v2\/posts\/23930","targetHints":{"allow":["GET"]}}],"collection":[{"href":"https:\/\/www.noticiasradioreflejos.com.ar\/2021\/wp-json\/wp\/v2\/posts"}],"about":[{"href":"https:\/\/www.noticiasradioreflejos.com.ar\/2021\/wp-json\/wp\/v2\/types\/post"}],"author":[{"embeddable":true,"href":"https:\/\/www.noticiasradioreflejos.com.ar\/2021\/wp-json\/wp\/v2\/users\/3"}],"replies":[{"embeddable":true,"href":"https:\/\/www.noticiasradioreflejos.com.ar\/2021\/wp-json\/wp\/v2\/comments?post=23930"}],"version-history":[{"count":0,"href":"https:\/\/www.noticiasradioreflejos.com.ar\/2021\/wp-json\/wp\/v2\/posts\/23930\/revisions"}],"wp:attachment":[{"href":"https:\/\/www.noticiasradioreflejos.com.ar\/2021\/wp-json\/wp\/v2\/media?parent=23930"}],"wp:term":[{"taxonomy":"category","embeddable":true,"href":"https:\/\/www.noticiasradioreflejos.com.ar\/2021\/wp-json\/wp\/v2\/categories?post=23930"},{"taxonomy":"post_tag","embeddable":true,"href":"https:\/\/www.noticiasradioreflejos.com.ar\/2021\/wp-json\/wp\/v2\/tags?post=23930"}],"curies":[{"name":"wp","href":"https:\/\/api.w.org\/{rel}","templated":true}]}}