{"id":23917,"date":"2018-08-08T08:26:48","date_gmt":"2018-08-08T11:26:48","guid":{"rendered":"http:\/\/www.noticiasradioreflejos.com.ar\/noticias\/?p=23917"},"modified":"2018-08-08T08:26:48","modified_gmt":"2018-08-08T11:26:48","slug":"volco-un-acoplado-sobre-la-ruta-33-en-cercanias-al-acceso-de-tres-picos","status":"publish","type":"post","link":"https:\/\/www.noticiasradioreflejos.com.ar\/2021\/volco-un-acoplado-sobre-la-ruta-33-en-cercanias-al-acceso-de-tres-picos\/","title":{"rendered":"Volc\u00f3 un acoplado sobre la ruta 33 en cercan\u00edas al acceso de Tres Picos"},"content":{"rendered":"<p>Hoy alrededor de la hora 0.30 en la ruta nacional 33 a la altura de la localidad de Tres Picos, volc\u00f3 un acoplado cargado con maderas.<br \/>\nLa ruta estuvo cortada hasta la hora 4.30 de la ma\u00f1ana. Se solicit\u00f3 que por ese lugar transiten con precauci\u00f3n debido a que el acoplado qued\u00f3 muy cerca de la calzada en la banquina.<!--more--><br \/>\n<a title=\"vuelco-acopaldo-2\" href=\"http:\/\/farm2.staticflickr.com\/1775\/30054746938_a05b5ac38a_z.jpg\" rel=\"\"><img loading=\"lazy\" decoding=\"async\" class=\"aligncenter\" title=\"vuelco-acopaldo-2\" src=\"http:\/\/farm2.staticflickr.com\/1775\/30054746938_a05b5ac38a_z.jpg\" alt=\"vuelco-acopaldo-2\" width=\"640\" height=\"480\" \/><\/a><br \/>\nFuenteNoticias Tornquist<\/p>\n","protected":false},"excerpt":{"rendered":"<p>Hoy alrededor de la hora 0.30 en la ruta nacional 33 a la altura de la localidad de Tres Picos, volc\u00f3 un acoplado cargado con maderas. La ruta estuvo cortada hasta la hora 4.30 de la ma\u00f1ana. Se solicit\u00f3 que por ese lugar transiten con precauci\u00f3n debido a que el acoplado qued\u00f3 muy cerca de [&hellip;]<\/p>\n","protected":false},"author":3,"featured_media":0,"comment_status":"closed","ping_status":"open","sticky":false,"template":"","format":"standard","meta":{"footnotes":""},"categories":[29],"tags":[],"class_list":["post-23917","post","type-post","status-publish","format-standard","hentry","category-policiales"],"yoast_head":"<!-- This site is optimized with the Yoast SEO plugin v25.9 - https:\/\/yoast.com\/wordpress\/plugins\/seo\/ -->\n<title>Volc\u00f3 un acoplado sobre la ruta 33 en cercan\u00edas al acceso de Tres Picos - Noticias Radio Reflejos<\/title>\n<meta name=\"robots\" content=\"index, follow, max-snippet:-1, max-image-preview:large, max-video-preview:-1\" \/>\n<link rel=\"canonical\" href=\"https:\/\/www.noticiasradioreflejos.com.ar\/2021\/volco-un-acoplado-sobre-la-ruta-33-en-cercanias-al-acceso-de-tres-picos\/\" \/>\n<meta property=\"og:locale\" content=\"es_ES\" \/>\n<meta property=\"og:type\" content=\"article\" \/>\n<meta property=\"og:title\" content=\"Volc\u00f3 un acoplado sobre la ruta 33 en cercan\u00edas al acceso de Tres Picos - Noticias Radio Reflejos\" \/>\n<meta property=\"og:description\" content=\"Hoy alrededor de la hora 0.30 en la ruta nacional 33 a la altura de la localidad de Tres Picos, volc\u00f3 un acoplado cargado con maderas. La ruta estuvo cortada hasta la hora 4.30 de la ma\u00f1ana. Se solicit\u00f3 que por ese lugar transiten con precauci\u00f3n debido a que el acoplado qued\u00f3 muy cerca de [&hellip;]\" \/>\n<meta property=\"og:url\" content=\"https:\/\/www.noticiasradioreflejos.com.ar\/2021\/volco-un-acoplado-sobre-la-ruta-33-en-cercanias-al-acceso-de-tres-picos\/\" \/>\n<meta property=\"og:site_name\" content=\"Noticias Radio Reflejos\" \/>\n<meta property=\"article:published_time\" content=\"2018-08-08T11:26:48+00:00\" \/>\n<meta property=\"og:image\" content=\"http:\/\/farm2.staticflickr.com\/1775\/30054746938_a05b5ac38a_z.jpg\" \/>\n<meta name=\"author\" content=\"Arnaldo Botto\" \/>\n<meta name=\"twitter:card\" content=\"summary_large_image\" \/>\n<script type=\"application\/ld+json\" class=\"yoast-schema-graph\">{\"@context\":\"https:\/\/schema.org\",\"@graph\":[{\"@type\":\"WebPage\",\"@id\":\"https:\/\/www.noticiasradioreflejos.com.ar\/2021\/volco-un-acoplado-sobre-la-ruta-33-en-cercanias-al-acceso-de-tres-picos\/\",\"url\":\"https:\/\/www.noticiasradioreflejos.com.ar\/2021\/volco-un-acoplado-sobre-la-ruta-33-en-cercanias-al-acceso-de-tres-picos\/\",\"name\":\"Volc\u00f3 un acoplado sobre la ruta 33 en cercan\u00edas al acceso de Tres Picos - Noticias Radio Reflejos\",\"isPartOf\":{\"@id\":\"https:\/\/www.noticiasradioreflejos.com.ar\/2021\/#website\"},\"primaryImageOfPage\":{\"@id\":\"https:\/\/www.noticiasradioreflejos.com.ar\/2021\/volco-un-acoplado-sobre-la-ruta-33-en-cercanias-al-acceso-de-tres-picos\/#primaryimage\"},\"image\":{\"@id\":\"https:\/\/www.noticiasradioreflejos.com.ar\/2021\/volco-un-acoplado-sobre-la-ruta-33-en-cercanias-al-acceso-de-tres-picos\/#primaryimage\"},\"thumbnailUrl\":\"http:\/\/farm2.staticflickr.com\/1775\/30054746938_a05b5ac38a_z.jpg\",\"datePublished\":\"2018-08-08T11:26:48+00:00\",\"author\":{\"@id\":\"https:\/\/www.noticiasradioreflejos.com.ar\/2021\/#\/schema\/person\/ad82545263dcc5ec0996818884fd5fb1\"},\"breadcrumb\":{\"@id\":\"https:\/\/www.noticiasradioreflejos.com.ar\/2021\/volco-un-acoplado-sobre-la-ruta-33-en-cercanias-al-acceso-de-tres-picos\/#breadcrumb\"},\"inLanguage\":\"es\",\"potentialAction\":[{\"@type\":\"ReadAction\",\"target\":[\"https:\/\/www.noticiasradioreflejos.com.ar\/2021\/volco-un-acoplado-sobre-la-ruta-33-en-cercanias-al-acceso-de-tres-picos\/\"]}]},{\"@type\":\"ImageObject\",\"inLanguage\":\"es\",\"@id\":\"https:\/\/www.noticiasradioreflejos.com.ar\/2021\/volco-un-acoplado-sobre-la-ruta-33-en-cercanias-al-acceso-de-tres-picos\/#primaryimage\",\"url\":\"http:\/\/farm2.staticflickr.com\/1775\/30054746938_a05b5ac38a_z.jpg\",\"contentUrl\":\"http:\/\/farm2.staticflickr.com\/1775\/30054746938_a05b5ac38a_z.jpg\"},{\"@type\":\"BreadcrumbList\",\"@id\":\"https:\/\/www.noticiasradioreflejos.com.ar\/2021\/volco-un-acoplado-sobre-la-ruta-33-en-cercanias-al-acceso-de-tres-picos\/#breadcrumb\",\"itemListElement\":[{\"@type\":\"ListItem\",\"position\":1,\"name\":\"Portada\",\"item\":\"https:\/\/www.noticiasradioreflejos.com.ar\/2021\/\"},{\"@type\":\"ListItem\",\"position\":2,\"name\":\"Volc\u00f3 un acoplado sobre la ruta 33 en cercan\u00edas al acceso de Tres Picos\"}]},{\"@type\":\"WebSite\",\"@id\":\"https:\/\/www.noticiasradioreflejos.com.ar\/2021\/#website\",\"url\":\"https:\/\/www.noticiasradioreflejos.com.ar\/2021\/\",\"name\":\"Noticias Radio Reflejos\",\"description\":\"Las noticias de mi comarca\",\"potentialAction\":[{\"@type\":\"SearchAction\",\"target\":{\"@type\":\"EntryPoint\",\"urlTemplate\":\"https:\/\/www.noticiasradioreflejos.com.ar\/2021\/?s={search_term_string}\"},\"query-input\":{\"@type\":\"PropertyValueSpecification\",\"valueRequired\":true,\"valueName\":\"search_term_string\"}}],\"inLanguage\":\"es\"},{\"@type\":\"Person\",\"@id\":\"https:\/\/www.noticiasradioreflejos.com.ar\/2021\/#\/schema\/person\/ad82545263dcc5ec0996818884fd5fb1\",\"name\":\"Arnaldo Botto\",\"image\":{\"@type\":\"ImageObject\",\"inLanguage\":\"es\",\"@id\":\"https:\/\/www.noticiasradioreflejos.com.ar\/2021\/#\/schema\/person\/image\/\",\"url\":\"https:\/\/secure.gravatar.com\/avatar\/55cb5e37c1efa326397366e6974cb338056df65cb50e7d64d1cf314e87504837?s=96&d=mm&r=g\",\"contentUrl\":\"https:\/\/secure.gravatar.com\/avatar\/55cb5e37c1efa326397366e6974cb338056df65cb50e7d64d1cf314e87504837?s=96&d=mm&r=g\",\"caption\":\"Arnaldo Botto\"},\"url\":\"https:\/\/www.noticiasradioreflejos.com.ar\/2021\/author\/arnaldo\/\"}]}<\/script>\n<!-- \/ Yoast SEO plugin. -->","yoast_head_json":{"title":"Volc\u00f3 un acoplado sobre la ruta 33 en cercan\u00edas al acceso de Tres Picos - Noticias Radio Reflejos","robots":{"index":"index","follow":"follow","max-snippet":"max-snippet:-1","max-image-preview":"max-image-preview:large","max-video-preview":"max-video-preview:-1"},"canonical":"https:\/\/www.noticiasradioreflejos.com.ar\/2021\/volco-un-acoplado-sobre-la-ruta-33-en-cercanias-al-acceso-de-tres-picos\/","og_locale":"es_ES","og_type":"article","og_title":"Volc\u00f3 un acoplado sobre la ruta 33 en cercan\u00edas al acceso de Tres Picos - Noticias Radio Reflejos","og_description":"Hoy alrededor de la hora 0.30 en la ruta nacional 33 a la altura de la localidad de Tres Picos, volc\u00f3 un acoplado cargado con maderas. La ruta estuvo cortada hasta la hora 4.30 de la ma\u00f1ana. Se solicit\u00f3 que por ese lugar transiten con precauci\u00f3n debido a que el acoplado qued\u00f3 muy cerca de [&hellip;]","og_url":"https:\/\/www.noticiasradioreflejos.com.ar\/2021\/volco-un-acoplado-sobre-la-ruta-33-en-cercanias-al-acceso-de-tres-picos\/","og_site_name":"Noticias Radio Reflejos","article_published_time":"2018-08-08T11:26:48+00:00","og_image":[{"url":"http:\/\/farm2.staticflickr.com\/1775\/30054746938_a05b5ac38a_z.jpg","type":"","width":"","height":""}],"author":"Arnaldo Botto","twitter_card":"summary_large_image","schema":{"@context":"https:\/\/schema.org","@graph":[{"@type":"WebPage","@id":"https:\/\/www.noticiasradioreflejos.com.ar\/2021\/volco-un-acoplado-sobre-la-ruta-33-en-cercanias-al-acceso-de-tres-picos\/","url":"https:\/\/www.noticiasradioreflejos.com.ar\/2021\/volco-un-acoplado-sobre-la-ruta-33-en-cercanias-al-acceso-de-tres-picos\/","name":"Volc\u00f3 un acoplado sobre la ruta 33 en cercan\u00edas al acceso de Tres Picos - Noticias Radio Reflejos","isPartOf":{"@id":"https:\/\/www.noticiasradioreflejos.com.ar\/2021\/#website"},"primaryImageOfPage":{"@id":"https:\/\/www.noticiasradioreflejos.com.ar\/2021\/volco-un-acoplado-sobre-la-ruta-33-en-cercanias-al-acceso-de-tres-picos\/#primaryimage"},"image":{"@id":"https:\/\/www.noticiasradioreflejos.com.ar\/2021\/volco-un-acoplado-sobre-la-ruta-33-en-cercanias-al-acceso-de-tres-picos\/#primaryimage"},"thumbnailUrl":"http:\/\/farm2.staticflickr.com\/1775\/30054746938_a05b5ac38a_z.jpg","datePublished":"2018-08-08T11:26:48+00:00","author":{"@id":"https:\/\/www.noticiasradioreflejos.com.ar\/2021\/#\/schema\/person\/ad82545263dcc5ec0996818884fd5fb1"},"breadcrumb":{"@id":"https:\/\/www.noticiasradioreflejos.com.ar\/2021\/volco-un-acoplado-sobre-la-ruta-33-en-cercanias-al-acceso-de-tres-picos\/#breadcrumb"},"inLanguage":"es","potentialAction":[{"@type":"ReadAction","target":["https:\/\/www.noticiasradioreflejos.com.ar\/2021\/volco-un-acoplado-sobre-la-ruta-33-en-cercanias-al-acceso-de-tres-picos\/"]}]},{"@type":"ImageObject","inLanguage":"es","@id":"https:\/\/www.noticiasradioreflejos.com.ar\/2021\/volco-un-acoplado-sobre-la-ruta-33-en-cercanias-al-acceso-de-tres-picos\/#primaryimage","url":"http:\/\/farm2.staticflickr.com\/1775\/30054746938_a05b5ac38a_z.jpg","contentUrl":"http:\/\/farm2.staticflickr.com\/1775\/30054746938_a05b5ac38a_z.jpg"},{"@type":"BreadcrumbList","@id":"https:\/\/www.noticiasradioreflejos.com.ar\/2021\/volco-un-acoplado-sobre-la-ruta-33-en-cercanias-al-acceso-de-tres-picos\/#breadcrumb","itemListElement":[{"@type":"ListItem","position":1,"name":"Portada","item":"https:\/\/www.noticiasradioreflejos.com.ar\/2021\/"},{"@type":"ListItem","position":2,"name":"Volc\u00f3 un acoplado sobre la ruta 33 en cercan\u00edas al acceso de Tres Picos"}]},{"@type":"WebSite","@id":"https:\/\/www.noticiasradioreflejos.com.ar\/2021\/#website","url":"https:\/\/www.noticiasradioreflejos.com.ar\/2021\/","name":"Noticias Radio Reflejos","description":"Las noticias de mi comarca","potentialAction":[{"@type":"SearchAction","target":{"@type":"EntryPoint","urlTemplate":"https:\/\/www.noticiasradioreflejos.com.ar\/2021\/?s={search_term_string}"},"query-input":{"@type":"PropertyValueSpecification","valueRequired":true,"valueName":"search_term_string"}}],"inLanguage":"es"},{"@type":"Person","@id":"https:\/\/www.noticiasradioreflejos.com.ar\/2021\/#\/schema\/person\/ad82545263dcc5ec0996818884fd5fb1","name":"Arnaldo Botto","image":{"@type":"ImageObject","inLanguage":"es","@id":"https:\/\/www.noticiasradioreflejos.com.ar\/2021\/#\/schema\/person\/image\/","url":"https:\/\/secure.gravatar.com\/avatar\/55cb5e37c1efa326397366e6974cb338056df65cb50e7d64d1cf314e87504837?s=96&d=mm&r=g","contentUrl":"https:\/\/secure.gravatar.com\/avatar\/55cb5e37c1efa326397366e6974cb338056df65cb50e7d64d1cf314e87504837?s=96&d=mm&r=g","caption":"Arnaldo Botto"},"url":"https:\/\/www.noticiasradioreflejos.com.ar\/2021\/author\/arnaldo\/"}]}},"_links":{"self":[{"href":"https:\/\/www.noticiasradioreflejos.com.ar\/2021\/wp-json\/wp\/v2\/posts\/23917","targetHints":{"allow":["GET"]}}],"collection":[{"href":"https:\/\/www.noticiasradioreflejos.com.ar\/2021\/wp-json\/wp\/v2\/posts"}],"about":[{"href":"https:\/\/www.noticiasradioreflejos.com.ar\/2021\/wp-json\/wp\/v2\/types\/post"}],"author":[{"embeddable":true,"href":"https:\/\/www.noticiasradioreflejos.com.ar\/2021\/wp-json\/wp\/v2\/users\/3"}],"replies":[{"embeddable":true,"href":"https:\/\/www.noticiasradioreflejos.com.ar\/2021\/wp-json\/wp\/v2\/comments?post=23917"}],"version-history":[{"count":0,"href":"https:\/\/www.noticiasradioreflejos.com.ar\/2021\/wp-json\/wp\/v2\/posts\/23917\/revisions"}],"wp:attachment":[{"href":"https:\/\/www.noticiasradioreflejos.com.ar\/2021\/wp-json\/wp\/v2\/media?parent=23917"}],"wp:term":[{"taxonomy":"category","embeddable":true,"href":"https:\/\/www.noticiasradioreflejos.com.ar\/2021\/wp-json\/wp\/v2\/categories?post=23917"},{"taxonomy":"post_tag","embeddable":true,"href":"https:\/\/www.noticiasradioreflejos.com.ar\/2021\/wp-json\/wp\/v2\/tags?post=23917"}],"curies":[{"name":"wp","href":"https:\/\/api.w.org\/{rel}","templated":true}]}}