{"id":23914,"date":"2018-08-08T08:22:05","date_gmt":"2018-08-08T11:22:05","guid":{"rendered":"http:\/\/www.noticiasradioreflejos.com.ar\/noticias\/?p=23914"},"modified":"2018-08-08T08:22:05","modified_gmt":"2018-08-08T11:22:05","slug":"tres-triunfos-vitales-de-cara-al-futuro-de-las-inferiores-de-automoto","status":"publish","type":"post","link":"https:\/\/www.noticiasradioreflejos.com.ar\/2021\/tres-triunfos-vitales-de-cara-al-futuro-de-las-inferiores-de-automoto\/","title":{"rendered":"Tres triunfos vitales de cara al futuro de las inferiores de Automoto"},"content":{"rendered":"<p><a href=\"http:\/\/farm1.staticflickr.com\/851\/43205818304_a09481406d.jpg\" title=\"DSC_0784\" rel=\"\"><img loading=\"lazy\" decoding=\"async\" src=\"http:\/\/farm1.staticflickr.com\/851\/43205818304_a09481406d.jpg\" width=\"500\" height=\"332\" alt=\"DSC_0784\" title=\"DSC_0784\" class=\"alignleft\" style=\"float: left;\"><\/a>El gran triunfo de la Octava, la goleada de la S\u00e9ptima y la importante victoria de la Sexta se convirtieron en los aspectos salientes de la jornada que las inferiores del Automoto Club Deportivo disputaron frente a San Mart\u00edn de Santa Trinidad, en el marco de la decimosexta jornada de la Zona \u201cA\u201d del certamen Apertura que organiza la Liga Regional de F\u00fatbol de Coronel Su\u00e1rez.<!--more--><br \/>\n   La m\u00e1s peque\u00f1a de las divisiones obtuvo un resonante \u00e9xito frente al puntero de la Zona \u201cA\u201d. Con gol del delantero Bautista Fretes a pocos minutos del final, el Rojo gan\u00f3 por 1 a 0 y se asegur\u00f3 un lugar entre los ocho equipos que definir\u00e1n el t\u00edtulo.<br \/>\n   Adem\u00e1s, con las tres unidades que sum\u00f3, se coloc\u00f3 a apenas dos puntos de su vencido, aunque vale aclarar que los dirigidos por Juan Salazar poseen dos partidos menos disputados.<br \/>\n   La S\u00e9ptima tambi\u00e9n cosech\u00f3 un valios\u00edsimo triunfo ante el \u201cSanto\u201d de Santa Trinidad, en este caso por 3 a 0, con dos goles de Tomas Fuhr y uno de Aaron Bonamino. De esta manera, se mantuvo en el quinto puesto y todav\u00eda con grandes chances de acceder a la instancia decisiva (clasifican los cuatro mejores).<br \/>\n   Finalmente, la Sexta cumpli\u00f3 con sus necesidades: super\u00f3 a su rival por 2 a 0 y contin\u00faa con vida en el torneo. Donato Mazzarini y Sim\u00f3n Wallace, de manera ol\u00edmpica, fueron los autores de los tantos.<br \/>\n   La \u00fanica derrota lleg\u00f3 de la mano de la Quinta, que no pudo plasmar su superioridad en la red y termin\u00f3 perdiendo por la m\u00ednima diferencia en un contragolpe muy bien ejecutado por San Mart\u00edn.<br \/>\n   El pr\u00f3ximo s\u00e1bado, Automoto visitar\u00e1 a Independiente de Pueblo San Jos\u00e9 en todas las categor\u00edas.<br \/>\n    Las tablas de posiciones de las diferentes divisionales son:<\/p>\n","protected":false},"excerpt":{"rendered":"<p>El gran triunfo de la Octava, la goleada de la S\u00e9ptima y la importante victoria de la Sexta se convirtieron en los aspectos salientes de la jornada que las inferiores del Automoto Club Deportivo disputaron frente a San Mart\u00edn de Santa Trinidad, en el marco de la decimosexta jornada de la Zona \u201cA\u201d del certamen [&hellip;]<\/p>\n","protected":false},"author":3,"featured_media":0,"comment_status":"closed","ping_status":"open","sticky":false,"template":"","format":"standard","meta":{"footnotes":""},"categories":[27],"tags":[],"class_list":["post-23914","post","type-post","status-publish","format-standard","hentry","category-deportes"],"yoast_head":"<!-- This site is optimized with the Yoast SEO plugin v25.9 - https:\/\/yoast.com\/wordpress\/plugins\/seo\/ -->\n<title>Tres triunfos vitales de cara al futuro de las inferiores de Automoto - Noticias Radio Reflejos<\/title>\n<meta name=\"robots\" content=\"index, follow, max-snippet:-1, max-image-preview:large, max-video-preview:-1\" \/>\n<link rel=\"canonical\" href=\"https:\/\/www.noticiasradioreflejos.com.ar\/2021\/tres-triunfos-vitales-de-cara-al-futuro-de-las-inferiores-de-automoto\/\" \/>\n<meta property=\"og:locale\" content=\"es_ES\" \/>\n<meta property=\"og:type\" content=\"article\" \/>\n<meta property=\"og:title\" content=\"Tres triunfos vitales de cara al futuro de las inferiores de Automoto - Noticias Radio Reflejos\" \/>\n<meta property=\"og:description\" content=\"El gran triunfo de la Octava, la goleada de la S\u00e9ptima y la importante victoria de la Sexta se convirtieron en los aspectos salientes de la jornada que las inferiores del Automoto Club Deportivo disputaron frente a San Mart\u00edn de Santa Trinidad, en el marco de la decimosexta jornada de la Zona \u201cA\u201d del certamen [&hellip;]\" \/>\n<meta property=\"og:url\" content=\"https:\/\/www.noticiasradioreflejos.com.ar\/2021\/tres-triunfos-vitales-de-cara-al-futuro-de-las-inferiores-de-automoto\/\" \/>\n<meta property=\"og:site_name\" content=\"Noticias Radio Reflejos\" \/>\n<meta property=\"article:published_time\" content=\"2018-08-08T11:22:05+00:00\" \/>\n<meta property=\"og:image\" content=\"http:\/\/farm1.staticflickr.com\/851\/43205818304_a09481406d.jpg\" \/>\n<meta name=\"author\" content=\"Arnaldo Botto\" \/>\n<meta name=\"twitter:card\" content=\"summary_large_image\" \/>\n<script type=\"application\/ld+json\" class=\"yoast-schema-graph\">{\"@context\":\"https:\/\/schema.org\",\"@graph\":[{\"@type\":\"WebPage\",\"@id\":\"https:\/\/www.noticiasradioreflejos.com.ar\/2021\/tres-triunfos-vitales-de-cara-al-futuro-de-las-inferiores-de-automoto\/\",\"url\":\"https:\/\/www.noticiasradioreflejos.com.ar\/2021\/tres-triunfos-vitales-de-cara-al-futuro-de-las-inferiores-de-automoto\/\",\"name\":\"Tres triunfos vitales de cara al futuro de las inferiores de Automoto - Noticias Radio Reflejos\",\"isPartOf\":{\"@id\":\"https:\/\/www.noticiasradioreflejos.com.ar\/2021\/#website\"},\"primaryImageOfPage\":{\"@id\":\"https:\/\/www.noticiasradioreflejos.com.ar\/2021\/tres-triunfos-vitales-de-cara-al-futuro-de-las-inferiores-de-automoto\/#primaryimage\"},\"image\":{\"@id\":\"https:\/\/www.noticiasradioreflejos.com.ar\/2021\/tres-triunfos-vitales-de-cara-al-futuro-de-las-inferiores-de-automoto\/#primaryimage\"},\"thumbnailUrl\":\"http:\/\/farm1.staticflickr.com\/851\/43205818304_a09481406d.jpg\",\"datePublished\":\"2018-08-08T11:22:05+00:00\",\"author\":{\"@id\":\"https:\/\/www.noticiasradioreflejos.com.ar\/2021\/#\/schema\/person\/ad82545263dcc5ec0996818884fd5fb1\"},\"breadcrumb\":{\"@id\":\"https:\/\/www.noticiasradioreflejos.com.ar\/2021\/tres-triunfos-vitales-de-cara-al-futuro-de-las-inferiores-de-automoto\/#breadcrumb\"},\"inLanguage\":\"es\",\"potentialAction\":[{\"@type\":\"ReadAction\",\"target\":[\"https:\/\/www.noticiasradioreflejos.com.ar\/2021\/tres-triunfos-vitales-de-cara-al-futuro-de-las-inferiores-de-automoto\/\"]}]},{\"@type\":\"ImageObject\",\"inLanguage\":\"es\",\"@id\":\"https:\/\/www.noticiasradioreflejos.com.ar\/2021\/tres-triunfos-vitales-de-cara-al-futuro-de-las-inferiores-de-automoto\/#primaryimage\",\"url\":\"http:\/\/farm1.staticflickr.com\/851\/43205818304_a09481406d.jpg\",\"contentUrl\":\"http:\/\/farm1.staticflickr.com\/851\/43205818304_a09481406d.jpg\"},{\"@type\":\"BreadcrumbList\",\"@id\":\"https:\/\/www.noticiasradioreflejos.com.ar\/2021\/tres-triunfos-vitales-de-cara-al-futuro-de-las-inferiores-de-automoto\/#breadcrumb\",\"itemListElement\":[{\"@type\":\"ListItem\",\"position\":1,\"name\":\"Portada\",\"item\":\"https:\/\/www.noticiasradioreflejos.com.ar\/2021\/\"},{\"@type\":\"ListItem\",\"position\":2,\"name\":\"Tres triunfos vitales de cara al futuro de las inferiores de Automoto\"}]},{\"@type\":\"WebSite\",\"@id\":\"https:\/\/www.noticiasradioreflejos.com.ar\/2021\/#website\",\"url\":\"https:\/\/www.noticiasradioreflejos.com.ar\/2021\/\",\"name\":\"Noticias Radio Reflejos\",\"description\":\"Las noticias de mi comarca\",\"potentialAction\":[{\"@type\":\"SearchAction\",\"target\":{\"@type\":\"EntryPoint\",\"urlTemplate\":\"https:\/\/www.noticiasradioreflejos.com.ar\/2021\/?s={search_term_string}\"},\"query-input\":{\"@type\":\"PropertyValueSpecification\",\"valueRequired\":true,\"valueName\":\"search_term_string\"}}],\"inLanguage\":\"es\"},{\"@type\":\"Person\",\"@id\":\"https:\/\/www.noticiasradioreflejos.com.ar\/2021\/#\/schema\/person\/ad82545263dcc5ec0996818884fd5fb1\",\"name\":\"Arnaldo Botto\",\"image\":{\"@type\":\"ImageObject\",\"inLanguage\":\"es\",\"@id\":\"https:\/\/www.noticiasradioreflejos.com.ar\/2021\/#\/schema\/person\/image\/\",\"url\":\"https:\/\/secure.gravatar.com\/avatar\/55cb5e37c1efa326397366e6974cb338056df65cb50e7d64d1cf314e87504837?s=96&d=mm&r=g\",\"contentUrl\":\"https:\/\/secure.gravatar.com\/avatar\/55cb5e37c1efa326397366e6974cb338056df65cb50e7d64d1cf314e87504837?s=96&d=mm&r=g\",\"caption\":\"Arnaldo Botto\"},\"url\":\"https:\/\/www.noticiasradioreflejos.com.ar\/2021\/author\/arnaldo\/\"}]}<\/script>\n<!-- \/ Yoast SEO plugin. -->","yoast_head_json":{"title":"Tres triunfos vitales de cara al futuro de las inferiores de Automoto - Noticias Radio Reflejos","robots":{"index":"index","follow":"follow","max-snippet":"max-snippet:-1","max-image-preview":"max-image-preview:large","max-video-preview":"max-video-preview:-1"},"canonical":"https:\/\/www.noticiasradioreflejos.com.ar\/2021\/tres-triunfos-vitales-de-cara-al-futuro-de-las-inferiores-de-automoto\/","og_locale":"es_ES","og_type":"article","og_title":"Tres triunfos vitales de cara al futuro de las inferiores de Automoto - Noticias Radio Reflejos","og_description":"El gran triunfo de la Octava, la goleada de la S\u00e9ptima y la importante victoria de la Sexta se convirtieron en los aspectos salientes de la jornada que las inferiores del Automoto Club Deportivo disputaron frente a San Mart\u00edn de Santa Trinidad, en el marco de la decimosexta jornada de la Zona \u201cA\u201d del certamen [&hellip;]","og_url":"https:\/\/www.noticiasradioreflejos.com.ar\/2021\/tres-triunfos-vitales-de-cara-al-futuro-de-las-inferiores-de-automoto\/","og_site_name":"Noticias Radio Reflejos","article_published_time":"2018-08-08T11:22:05+00:00","og_image":[{"url":"http:\/\/farm1.staticflickr.com\/851\/43205818304_a09481406d.jpg","type":"","width":"","height":""}],"author":"Arnaldo Botto","twitter_card":"summary_large_image","schema":{"@context":"https:\/\/schema.org","@graph":[{"@type":"WebPage","@id":"https:\/\/www.noticiasradioreflejos.com.ar\/2021\/tres-triunfos-vitales-de-cara-al-futuro-de-las-inferiores-de-automoto\/","url":"https:\/\/www.noticiasradioreflejos.com.ar\/2021\/tres-triunfos-vitales-de-cara-al-futuro-de-las-inferiores-de-automoto\/","name":"Tres triunfos vitales de cara al futuro de las inferiores de Automoto - Noticias Radio Reflejos","isPartOf":{"@id":"https:\/\/www.noticiasradioreflejos.com.ar\/2021\/#website"},"primaryImageOfPage":{"@id":"https:\/\/www.noticiasradioreflejos.com.ar\/2021\/tres-triunfos-vitales-de-cara-al-futuro-de-las-inferiores-de-automoto\/#primaryimage"},"image":{"@id":"https:\/\/www.noticiasradioreflejos.com.ar\/2021\/tres-triunfos-vitales-de-cara-al-futuro-de-las-inferiores-de-automoto\/#primaryimage"},"thumbnailUrl":"http:\/\/farm1.staticflickr.com\/851\/43205818304_a09481406d.jpg","datePublished":"2018-08-08T11:22:05+00:00","author":{"@id":"https:\/\/www.noticiasradioreflejos.com.ar\/2021\/#\/schema\/person\/ad82545263dcc5ec0996818884fd5fb1"},"breadcrumb":{"@id":"https:\/\/www.noticiasradioreflejos.com.ar\/2021\/tres-triunfos-vitales-de-cara-al-futuro-de-las-inferiores-de-automoto\/#breadcrumb"},"inLanguage":"es","potentialAction":[{"@type":"ReadAction","target":["https:\/\/www.noticiasradioreflejos.com.ar\/2021\/tres-triunfos-vitales-de-cara-al-futuro-de-las-inferiores-de-automoto\/"]}]},{"@type":"ImageObject","inLanguage":"es","@id":"https:\/\/www.noticiasradioreflejos.com.ar\/2021\/tres-triunfos-vitales-de-cara-al-futuro-de-las-inferiores-de-automoto\/#primaryimage","url":"http:\/\/farm1.staticflickr.com\/851\/43205818304_a09481406d.jpg","contentUrl":"http:\/\/farm1.staticflickr.com\/851\/43205818304_a09481406d.jpg"},{"@type":"BreadcrumbList","@id":"https:\/\/www.noticiasradioreflejos.com.ar\/2021\/tres-triunfos-vitales-de-cara-al-futuro-de-las-inferiores-de-automoto\/#breadcrumb","itemListElement":[{"@type":"ListItem","position":1,"name":"Portada","item":"https:\/\/www.noticiasradioreflejos.com.ar\/2021\/"},{"@type":"ListItem","position":2,"name":"Tres triunfos vitales de cara al futuro de las inferiores de Automoto"}]},{"@type":"WebSite","@id":"https:\/\/www.noticiasradioreflejos.com.ar\/2021\/#website","url":"https:\/\/www.noticiasradioreflejos.com.ar\/2021\/","name":"Noticias Radio Reflejos","description":"Las noticias de mi comarca","potentialAction":[{"@type":"SearchAction","target":{"@type":"EntryPoint","urlTemplate":"https:\/\/www.noticiasradioreflejos.com.ar\/2021\/?s={search_term_string}"},"query-input":{"@type":"PropertyValueSpecification","valueRequired":true,"valueName":"search_term_string"}}],"inLanguage":"es"},{"@type":"Person","@id":"https:\/\/www.noticiasradioreflejos.com.ar\/2021\/#\/schema\/person\/ad82545263dcc5ec0996818884fd5fb1","name":"Arnaldo Botto","image":{"@type":"ImageObject","inLanguage":"es","@id":"https:\/\/www.noticiasradioreflejos.com.ar\/2021\/#\/schema\/person\/image\/","url":"https:\/\/secure.gravatar.com\/avatar\/55cb5e37c1efa326397366e6974cb338056df65cb50e7d64d1cf314e87504837?s=96&d=mm&r=g","contentUrl":"https:\/\/secure.gravatar.com\/avatar\/55cb5e37c1efa326397366e6974cb338056df65cb50e7d64d1cf314e87504837?s=96&d=mm&r=g","caption":"Arnaldo Botto"},"url":"https:\/\/www.noticiasradioreflejos.com.ar\/2021\/author\/arnaldo\/"}]}},"_links":{"self":[{"href":"https:\/\/www.noticiasradioreflejos.com.ar\/2021\/wp-json\/wp\/v2\/posts\/23914","targetHints":{"allow":["GET"]}}],"collection":[{"href":"https:\/\/www.noticiasradioreflejos.com.ar\/2021\/wp-json\/wp\/v2\/posts"}],"about":[{"href":"https:\/\/www.noticiasradioreflejos.com.ar\/2021\/wp-json\/wp\/v2\/types\/post"}],"author":[{"embeddable":true,"href":"https:\/\/www.noticiasradioreflejos.com.ar\/2021\/wp-json\/wp\/v2\/users\/3"}],"replies":[{"embeddable":true,"href":"https:\/\/www.noticiasradioreflejos.com.ar\/2021\/wp-json\/wp\/v2\/comments?post=23914"}],"version-history":[{"count":0,"href":"https:\/\/www.noticiasradioreflejos.com.ar\/2021\/wp-json\/wp\/v2\/posts\/23914\/revisions"}],"wp:attachment":[{"href":"https:\/\/www.noticiasradioreflejos.com.ar\/2021\/wp-json\/wp\/v2\/media?parent=23914"}],"wp:term":[{"taxonomy":"category","embeddable":true,"href":"https:\/\/www.noticiasradioreflejos.com.ar\/2021\/wp-json\/wp\/v2\/categories?post=23914"},{"taxonomy":"post_tag","embeddable":true,"href":"https:\/\/www.noticiasradioreflejos.com.ar\/2021\/wp-json\/wp\/v2\/tags?post=23914"}],"curies":[{"name":"wp","href":"https:\/\/api.w.org\/{rel}","templated":true}]}}