{"id":23911,"date":"2018-08-08T00:12:35","date_gmt":"2018-08-08T03:12:35","guid":{"rendered":"http:\/\/www.noticiasradioreflejos.com.ar\/noticias\/?p=23911"},"modified":"2018-08-08T00:12:35","modified_gmt":"2018-08-08T03:12:35","slug":"el-taller-de-teatro-definio-y-marco-mi-destino-de-una-manera-muy-grata-rodrigo-de-la-serna","status":"publish","type":"post","link":"https:\/\/www.noticiasradioreflejos.com.ar\/2021\/el-taller-de-teatro-definio-y-marco-mi-destino-de-una-manera-muy-grata-rodrigo-de-la-serna\/","title":{"rendered":"&quot;El taller de teatro, defini\u00f3 y marco mi destino de una manera muy grata&quot;, Rodrigo de la Serna"},"content":{"rendered":"<p>En el micro Serendipia del d\u00eda de hoy Martes 7 de Agosto, mantuvimos una comunicaci\u00f3n telef\u00f3nica con Rodrigo de la Serna, nacido en la (Ciudad Aut\u00f3noma de Buenos Aires, 18 de abril de 1976), es un actor y m\u00fasico argentino. Su \u00faltimo gran \u00e9xito fue la serie \u00abEl Lobista\u00bb emitida por Canal 13.<br \/>\nTambi\u00e9n cuenta con una banda musical denominada \u00abYotivenco\u00bb, un grupo de m\u00fasica criolla argentina formado en 2005, por un grupo de prestigiosos m\u00fasicos y amigos: el reconocido actor Rodrigo de la Serna en guitarra y voz, Juan Pablo D\u00edaz Hermelo en guitarr\u00f3n, Blas Alberti en guitarra; y Fabio Bramuglia en guitarra. Tangos, milongas, chamarritas, gatos cuyanos, rasguidos dobles y candombes se oye en sus interpretaciones.<!--more--><br \/>\n\u00abConozco muy de pasada Sierra de la Ventana, no en profundidad, me encantar\u00eda, es una cuenta pendiente, seria un placer estar por ah\u00ed con Yotivenco, en un lugar con tanta fuerza espiritual, un lugar m\u00e1gico\u00bb.<br \/>\n\u00abLa m\u00fasica siempre estuvo presente, pero por alg\u00fan motivo se fue dando primero la actuaci\u00f3n, yo empec\u00e9 a actuar en un taller de teatro a los 12 a\u00f1os, por eso siempre digo que es muy importante que haya pol\u00edticas de estado, o que las escuelas incluyan este tipo de talleres porque en mi caso por ejemplo, defini\u00f3 y marco mi destino de una manera muy grata. Empec\u00e9 con ese taller, y encontr\u00e9 mi vocaci\u00f3n a los 12\/13 a\u00f1os, yo inmediatamente me di cuenta que ah\u00ed hab\u00eda un espacio de juego, donde prolongar el juego de la ni\u00f1ez, ya siendo mas adolescente y de adulto es lo que hacemos, seguimos jugando como ni\u00f1os, nos profesionalizamos que ese es otro tema. Mis viejos estaban contentos porque yo pod\u00eda volcar ah\u00ed toda esa energ\u00eda extra, y me dejaba de joder un rato en casa, lo del profesionalismo vino mucho despu\u00e9s, pero s\u00ed, a la hora de hacer un primer casting para una cuesti\u00f3n mas profesional, yo ya ten\u00eda encima todos esos a\u00f1os de taller, y gane much\u00edsimo tiempo. Empec\u00e9 a los 12 a\u00f1os con teatro, y mi primer laburo en tele habr\u00e1 sido a los 19, a los 21 el mas con continuidad (\u00abNaranja y media\u00bb) con Guillermo Francella, ese fue mi primer personaje. Y a partir de ah\u00ed no par\u00e9 de laburar, gracias a dios, nunca\u00bb.<br \/>\n\u00abHay un parentezco con el Che, y es (\u00abde la Serna\u00bb) apellido de madre, asique si, hay algo ah\u00ed que no hay una palabra que lo pueda atrapar ni definir, pero alg\u00fan vinculo hay\u00bb.<br \/>\nSe le pregunt\u00f3 como logra sumergirse en la actuaci\u00f3n, a lo que Rodrigo nos cont\u00f3, \u00abBueno es el laburo del actor b\u00e1sicamente, el estudio y la profundidad en todos los tipos de humanidades que puedan existir, es una diversidad maravillosa lo que te propone este oficio, de hacer un San Mart\u00edn o un Papa Francisco, a un Lombardo de el puntero, hay una amplitud y un arco muy grande, de registros, de c\u00f3digos y de tenores de actuaci\u00f3n tambi\u00e9n, una cosa es hacer una comedia expresionista y otra cosa es un drama naturalista, entonces hay mucha diversidad, y uno estudia y se mete, se involucra como puede, con las herramientas que uno tiene a mano\u00bb.<br \/>\nSe le consult\u00f3 tambi\u00e9n como fue su preparaci\u00f3n para su reciente protagonico en El Lobista, \u00abHay que conectar con esa cuesti\u00f3n de ambici\u00f3n, esa cosa de revisitar un poco los a\u00f1os 90, que los estamos revisitando, estos personajes que empezaron a aparecer que se les hace agua a la boca con los negocios, y dem\u00e1s, pero lobistas hay en todos los barrios, en todos los pueblos, siempre hay uno que esta ah\u00ed detras de la manija de alg\u00fan negocete, es mirar un poco alrededor y nada involucrarse con ese tipo de situaciones, un tipo muy ambicioso, una ambici\u00f3n desmedida\u00bb.<br \/>\n\u00abEs un laburo muy irregular el nuestro, y entre laburo y laburo seguir estudiando, yo empec\u00e9 a estudiar guitarra a los 18 a\u00f1os, y con mis amigos de YOTIVENCO nos conocemos del a\u00f1o 2000 mas o menos, cuando tenia 24 aproximadamente, empezamos a intentar un poco algo, y en el 2005 ya est\u00e1bamos tocando en los bares, osea que este climax artistico musical en el que estamos inmersos ahora con estilos criollos vamos a estar ahora en Tandil este jueves, en Olavarria el viernes, y el s\u00e1bado en Azul, es la culminaci\u00f3n de todos estos a\u00f1os de trabajo, de depuraci\u00f3n de repertorio, de mejoramiento, de los arreglos, etc. Mas all\u00e1 de la solemnidad de estas palabras es una joda y un quilombo hermoso el que se arma\u00bb.<br \/>\nFinalmente se despidi\u00f3 recitando un peque\u00f1o fragmento de la milonga, \u00abEl conventillo de la calle Olavarria\u00bb, y a la espera de poder visitar nuestra comarca.<br \/>\n<a title=\"yotivenco\" href=\"http:\/\/farm1.staticflickr.com\/934\/43013134225_31977728fb_z.jpg\" rel=\"\"><img loading=\"lazy\" decoding=\"async\" class=\"aligncenter\" title=\"yotivenco\" src=\"http:\/\/farm1.staticflickr.com\/934\/43013134225_31977728fb_z.jpg\" alt=\"yotivenco\" width=\"520\" height=\"445\" \/><\/a><br \/>\nNOTA COMPLETA:<br \/>\n<iframe loading=\"lazy\" src=\"https:\/\/w.soundcloud.com\/player\/?url=https%3A\/\/api.soundcloud.com\/tracks\/482320797&amp;color=%23ff5500&amp;auto_play=false&amp;hide_related=false&amp;show_comments=true&amp;show_user=true&amp;show_reposts=false&amp;show_teaser=true\" width=\"100%\" height=\"166\" frameborder=\"no\" scrolling=\"no\"><\/iframe><\/p>\n","protected":false},"excerpt":{"rendered":"<p>En el micro Serendipia del d\u00eda de hoy Martes 7 de Agosto, mantuvimos una comunicaci\u00f3n telef\u00f3nica con Rodrigo de la Serna, nacido en la (Ciudad Aut\u00f3noma de Buenos Aires, 18 de abril de 1976), es un actor y m\u00fasico argentino. Su \u00faltimo gran \u00e9xito fue la serie \u00abEl Lobista\u00bb emitida por Canal 13. Tambi\u00e9n cuenta [&hellip;]<\/p>\n","protected":false},"author":3,"featured_media":0,"comment_status":"closed","ping_status":"open","sticky":false,"template":"","format":"standard","meta":{"footnotes":""},"categories":[31],"tags":[],"class_list":["post-23911","post","type-post","status-publish","format-standard","hentry","category-programas"],"yoast_head":"<!-- This site is optimized with the Yoast SEO plugin v25.9 - https:\/\/yoast.com\/wordpress\/plugins\/seo\/ -->\n<title>&quot;El taller de teatro, defini\u00f3 y marco mi destino de una manera muy grata&quot;, Rodrigo de la Serna - Noticias Radio Reflejos<\/title>\n<meta name=\"robots\" content=\"index, follow, max-snippet:-1, max-image-preview:large, max-video-preview:-1\" \/>\n<link rel=\"canonical\" href=\"https:\/\/www.noticiasradioreflejos.com.ar\/2021\/el-taller-de-teatro-definio-y-marco-mi-destino-de-una-manera-muy-grata-rodrigo-de-la-serna\/\" \/>\n<meta property=\"og:locale\" content=\"es_ES\" \/>\n<meta property=\"og:type\" content=\"article\" \/>\n<meta property=\"og:title\" content=\"&quot;El taller de teatro, defini\u00f3 y marco mi destino de una manera muy grata&quot;, Rodrigo de la Serna - Noticias Radio Reflejos\" \/>\n<meta property=\"og:description\" content=\"En el micro Serendipia del d\u00eda de hoy Martes 7 de Agosto, mantuvimos una comunicaci\u00f3n telef\u00f3nica con Rodrigo de la Serna, nacido en la (Ciudad Aut\u00f3noma de Buenos Aires, 18 de abril de 1976), es un actor y m\u00fasico argentino. Su \u00faltimo gran \u00e9xito fue la serie \u00abEl Lobista\u00bb emitida por Canal 13. Tambi\u00e9n cuenta [&hellip;]\" \/>\n<meta property=\"og:url\" content=\"https:\/\/www.noticiasradioreflejos.com.ar\/2021\/el-taller-de-teatro-definio-y-marco-mi-destino-de-una-manera-muy-grata-rodrigo-de-la-serna\/\" \/>\n<meta property=\"og:site_name\" content=\"Noticias Radio Reflejos\" \/>\n<meta property=\"article:published_time\" content=\"2018-08-08T03:12:35+00:00\" \/>\n<meta property=\"og:image\" content=\"http:\/\/farm1.staticflickr.com\/934\/43013134225_31977728fb_z.jpg\" \/>\n<meta name=\"author\" content=\"Arnaldo Botto\" \/>\n<meta name=\"twitter:card\" content=\"summary_large_image\" \/>\n<script type=\"application\/ld+json\" class=\"yoast-schema-graph\">{\"@context\":\"https:\/\/schema.org\",\"@graph\":[{\"@type\":\"WebPage\",\"@id\":\"https:\/\/www.noticiasradioreflejos.com.ar\/2021\/el-taller-de-teatro-definio-y-marco-mi-destino-de-una-manera-muy-grata-rodrigo-de-la-serna\/\",\"url\":\"https:\/\/www.noticiasradioreflejos.com.ar\/2021\/el-taller-de-teatro-definio-y-marco-mi-destino-de-una-manera-muy-grata-rodrigo-de-la-serna\/\",\"name\":\"&quot;El taller de teatro, defini\u00f3 y marco mi destino de una manera muy grata&quot;, Rodrigo de la Serna - Noticias Radio Reflejos\",\"isPartOf\":{\"@id\":\"https:\/\/www.noticiasradioreflejos.com.ar\/2021\/#website\"},\"primaryImageOfPage\":{\"@id\":\"https:\/\/www.noticiasradioreflejos.com.ar\/2021\/el-taller-de-teatro-definio-y-marco-mi-destino-de-una-manera-muy-grata-rodrigo-de-la-serna\/#primaryimage\"},\"image\":{\"@id\":\"https:\/\/www.noticiasradioreflejos.com.ar\/2021\/el-taller-de-teatro-definio-y-marco-mi-destino-de-una-manera-muy-grata-rodrigo-de-la-serna\/#primaryimage\"},\"thumbnailUrl\":\"http:\/\/farm1.staticflickr.com\/934\/43013134225_31977728fb_z.jpg\",\"datePublished\":\"2018-08-08T03:12:35+00:00\",\"author\":{\"@id\":\"https:\/\/www.noticiasradioreflejos.com.ar\/2021\/#\/schema\/person\/ad82545263dcc5ec0996818884fd5fb1\"},\"breadcrumb\":{\"@id\":\"https:\/\/www.noticiasradioreflejos.com.ar\/2021\/el-taller-de-teatro-definio-y-marco-mi-destino-de-una-manera-muy-grata-rodrigo-de-la-serna\/#breadcrumb\"},\"inLanguage\":\"es\",\"potentialAction\":[{\"@type\":\"ReadAction\",\"target\":[\"https:\/\/www.noticiasradioreflejos.com.ar\/2021\/el-taller-de-teatro-definio-y-marco-mi-destino-de-una-manera-muy-grata-rodrigo-de-la-serna\/\"]}]},{\"@type\":\"ImageObject\",\"inLanguage\":\"es\",\"@id\":\"https:\/\/www.noticiasradioreflejos.com.ar\/2021\/el-taller-de-teatro-definio-y-marco-mi-destino-de-una-manera-muy-grata-rodrigo-de-la-serna\/#primaryimage\",\"url\":\"http:\/\/farm1.staticflickr.com\/934\/43013134225_31977728fb_z.jpg\",\"contentUrl\":\"http:\/\/farm1.staticflickr.com\/934\/43013134225_31977728fb_z.jpg\"},{\"@type\":\"BreadcrumbList\",\"@id\":\"https:\/\/www.noticiasradioreflejos.com.ar\/2021\/el-taller-de-teatro-definio-y-marco-mi-destino-de-una-manera-muy-grata-rodrigo-de-la-serna\/#breadcrumb\",\"itemListElement\":[{\"@type\":\"ListItem\",\"position\":1,\"name\":\"Portada\",\"item\":\"https:\/\/www.noticiasradioreflejos.com.ar\/2021\/\"},{\"@type\":\"ListItem\",\"position\":2,\"name\":\"&quot;El taller de teatro, defini\u00f3 y marco mi destino de una manera muy grata&quot;, Rodrigo de la Serna\"}]},{\"@type\":\"WebSite\",\"@id\":\"https:\/\/www.noticiasradioreflejos.com.ar\/2021\/#website\",\"url\":\"https:\/\/www.noticiasradioreflejos.com.ar\/2021\/\",\"name\":\"Noticias Radio Reflejos\",\"description\":\"Las noticias de mi comarca\",\"potentialAction\":[{\"@type\":\"SearchAction\",\"target\":{\"@type\":\"EntryPoint\",\"urlTemplate\":\"https:\/\/www.noticiasradioreflejos.com.ar\/2021\/?s={search_term_string}\"},\"query-input\":{\"@type\":\"PropertyValueSpecification\",\"valueRequired\":true,\"valueName\":\"search_term_string\"}}],\"inLanguage\":\"es\"},{\"@type\":\"Person\",\"@id\":\"https:\/\/www.noticiasradioreflejos.com.ar\/2021\/#\/schema\/person\/ad82545263dcc5ec0996818884fd5fb1\",\"name\":\"Arnaldo Botto\",\"image\":{\"@type\":\"ImageObject\",\"inLanguage\":\"es\",\"@id\":\"https:\/\/www.noticiasradioreflejos.com.ar\/2021\/#\/schema\/person\/image\/\",\"url\":\"https:\/\/secure.gravatar.com\/avatar\/55cb5e37c1efa326397366e6974cb338056df65cb50e7d64d1cf314e87504837?s=96&d=mm&r=g\",\"contentUrl\":\"https:\/\/secure.gravatar.com\/avatar\/55cb5e37c1efa326397366e6974cb338056df65cb50e7d64d1cf314e87504837?s=96&d=mm&r=g\",\"caption\":\"Arnaldo Botto\"},\"url\":\"https:\/\/www.noticiasradioreflejos.com.ar\/2021\/author\/arnaldo\/\"}]}<\/script>\n<!-- \/ Yoast SEO plugin. -->","yoast_head_json":{"title":"&quot;El taller de teatro, defini\u00f3 y marco mi destino de una manera muy grata&quot;, Rodrigo de la Serna - Noticias Radio Reflejos","robots":{"index":"index","follow":"follow","max-snippet":"max-snippet:-1","max-image-preview":"max-image-preview:large","max-video-preview":"max-video-preview:-1"},"canonical":"https:\/\/www.noticiasradioreflejos.com.ar\/2021\/el-taller-de-teatro-definio-y-marco-mi-destino-de-una-manera-muy-grata-rodrigo-de-la-serna\/","og_locale":"es_ES","og_type":"article","og_title":"&quot;El taller de teatro, defini\u00f3 y marco mi destino de una manera muy grata&quot;, Rodrigo de la Serna - Noticias Radio Reflejos","og_description":"En el micro Serendipia del d\u00eda de hoy Martes 7 de Agosto, mantuvimos una comunicaci\u00f3n telef\u00f3nica con Rodrigo de la Serna, nacido en la (Ciudad Aut\u00f3noma de Buenos Aires, 18 de abril de 1976), es un actor y m\u00fasico argentino. Su \u00faltimo gran \u00e9xito fue la serie \u00abEl Lobista\u00bb emitida por Canal 13. Tambi\u00e9n cuenta [&hellip;]","og_url":"https:\/\/www.noticiasradioreflejos.com.ar\/2021\/el-taller-de-teatro-definio-y-marco-mi-destino-de-una-manera-muy-grata-rodrigo-de-la-serna\/","og_site_name":"Noticias Radio Reflejos","article_published_time":"2018-08-08T03:12:35+00:00","og_image":[{"url":"http:\/\/farm1.staticflickr.com\/934\/43013134225_31977728fb_z.jpg","type":"","width":"","height":""}],"author":"Arnaldo Botto","twitter_card":"summary_large_image","schema":{"@context":"https:\/\/schema.org","@graph":[{"@type":"WebPage","@id":"https:\/\/www.noticiasradioreflejos.com.ar\/2021\/el-taller-de-teatro-definio-y-marco-mi-destino-de-una-manera-muy-grata-rodrigo-de-la-serna\/","url":"https:\/\/www.noticiasradioreflejos.com.ar\/2021\/el-taller-de-teatro-definio-y-marco-mi-destino-de-una-manera-muy-grata-rodrigo-de-la-serna\/","name":"&quot;El taller de teatro, defini\u00f3 y marco mi destino de una manera muy grata&quot;, Rodrigo de la Serna - Noticias Radio Reflejos","isPartOf":{"@id":"https:\/\/www.noticiasradioreflejos.com.ar\/2021\/#website"},"primaryImageOfPage":{"@id":"https:\/\/www.noticiasradioreflejos.com.ar\/2021\/el-taller-de-teatro-definio-y-marco-mi-destino-de-una-manera-muy-grata-rodrigo-de-la-serna\/#primaryimage"},"image":{"@id":"https:\/\/www.noticiasradioreflejos.com.ar\/2021\/el-taller-de-teatro-definio-y-marco-mi-destino-de-una-manera-muy-grata-rodrigo-de-la-serna\/#primaryimage"},"thumbnailUrl":"http:\/\/farm1.staticflickr.com\/934\/43013134225_31977728fb_z.jpg","datePublished":"2018-08-08T03:12:35+00:00","author":{"@id":"https:\/\/www.noticiasradioreflejos.com.ar\/2021\/#\/schema\/person\/ad82545263dcc5ec0996818884fd5fb1"},"breadcrumb":{"@id":"https:\/\/www.noticiasradioreflejos.com.ar\/2021\/el-taller-de-teatro-definio-y-marco-mi-destino-de-una-manera-muy-grata-rodrigo-de-la-serna\/#breadcrumb"},"inLanguage":"es","potentialAction":[{"@type":"ReadAction","target":["https:\/\/www.noticiasradioreflejos.com.ar\/2021\/el-taller-de-teatro-definio-y-marco-mi-destino-de-una-manera-muy-grata-rodrigo-de-la-serna\/"]}]},{"@type":"ImageObject","inLanguage":"es","@id":"https:\/\/www.noticiasradioreflejos.com.ar\/2021\/el-taller-de-teatro-definio-y-marco-mi-destino-de-una-manera-muy-grata-rodrigo-de-la-serna\/#primaryimage","url":"http:\/\/farm1.staticflickr.com\/934\/43013134225_31977728fb_z.jpg","contentUrl":"http:\/\/farm1.staticflickr.com\/934\/43013134225_31977728fb_z.jpg"},{"@type":"BreadcrumbList","@id":"https:\/\/www.noticiasradioreflejos.com.ar\/2021\/el-taller-de-teatro-definio-y-marco-mi-destino-de-una-manera-muy-grata-rodrigo-de-la-serna\/#breadcrumb","itemListElement":[{"@type":"ListItem","position":1,"name":"Portada","item":"https:\/\/www.noticiasradioreflejos.com.ar\/2021\/"},{"@type":"ListItem","position":2,"name":"&quot;El taller de teatro, defini\u00f3 y marco mi destino de una manera muy grata&quot;, Rodrigo de la Serna"}]},{"@type":"WebSite","@id":"https:\/\/www.noticiasradioreflejos.com.ar\/2021\/#website","url":"https:\/\/www.noticiasradioreflejos.com.ar\/2021\/","name":"Noticias Radio Reflejos","description":"Las noticias de mi comarca","potentialAction":[{"@type":"SearchAction","target":{"@type":"EntryPoint","urlTemplate":"https:\/\/www.noticiasradioreflejos.com.ar\/2021\/?s={search_term_string}"},"query-input":{"@type":"PropertyValueSpecification","valueRequired":true,"valueName":"search_term_string"}}],"inLanguage":"es"},{"@type":"Person","@id":"https:\/\/www.noticiasradioreflejos.com.ar\/2021\/#\/schema\/person\/ad82545263dcc5ec0996818884fd5fb1","name":"Arnaldo Botto","image":{"@type":"ImageObject","inLanguage":"es","@id":"https:\/\/www.noticiasradioreflejos.com.ar\/2021\/#\/schema\/person\/image\/","url":"https:\/\/secure.gravatar.com\/avatar\/55cb5e37c1efa326397366e6974cb338056df65cb50e7d64d1cf314e87504837?s=96&d=mm&r=g","contentUrl":"https:\/\/secure.gravatar.com\/avatar\/55cb5e37c1efa326397366e6974cb338056df65cb50e7d64d1cf314e87504837?s=96&d=mm&r=g","caption":"Arnaldo Botto"},"url":"https:\/\/www.noticiasradioreflejos.com.ar\/2021\/author\/arnaldo\/"}]}},"_links":{"self":[{"href":"https:\/\/www.noticiasradioreflejos.com.ar\/2021\/wp-json\/wp\/v2\/posts\/23911","targetHints":{"allow":["GET"]}}],"collection":[{"href":"https:\/\/www.noticiasradioreflejos.com.ar\/2021\/wp-json\/wp\/v2\/posts"}],"about":[{"href":"https:\/\/www.noticiasradioreflejos.com.ar\/2021\/wp-json\/wp\/v2\/types\/post"}],"author":[{"embeddable":true,"href":"https:\/\/www.noticiasradioreflejos.com.ar\/2021\/wp-json\/wp\/v2\/users\/3"}],"replies":[{"embeddable":true,"href":"https:\/\/www.noticiasradioreflejos.com.ar\/2021\/wp-json\/wp\/v2\/comments?post=23911"}],"version-history":[{"count":0,"href":"https:\/\/www.noticiasradioreflejos.com.ar\/2021\/wp-json\/wp\/v2\/posts\/23911\/revisions"}],"wp:attachment":[{"href":"https:\/\/www.noticiasradioreflejos.com.ar\/2021\/wp-json\/wp\/v2\/media?parent=23911"}],"wp:term":[{"taxonomy":"category","embeddable":true,"href":"https:\/\/www.noticiasradioreflejos.com.ar\/2021\/wp-json\/wp\/v2\/categories?post=23911"},{"taxonomy":"post_tag","embeddable":true,"href":"https:\/\/www.noticiasradioreflejos.com.ar\/2021\/wp-json\/wp\/v2\/tags?post=23911"}],"curies":[{"name":"wp","href":"https:\/\/api.w.org\/{rel}","templated":true}]}}