{"id":23908,"date":"2018-08-07T20:51:53","date_gmt":"2018-08-07T23:51:53","guid":{"rendered":"http:\/\/www.noticiasradioreflejos.com.ar\/noticias\/?p=23908"},"modified":"2018-08-07T20:51:53","modified_gmt":"2018-08-07T23:51:53","slug":"censo-nacional-agropecuario","status":"publish","type":"post","link":"https:\/\/www.noticiasradioreflejos.com.ar\/2021\/censo-nacional-agropecuario\/","title":{"rendered":"Censo Nacional Agropecuario"},"content":{"rendered":"<p><a title=\"senasa comunica\" href=\"http:\/\/farm2.staticflickr.com\/1780\/43866739982_7dfe3cefce_z.jpg\" rel=\"\"><img loading=\"lazy\" decoding=\"async\" class=\"aligncenter\" title=\"senasa comunica\" src=\"http:\/\/farm2.staticflickr.com\/1780\/43866739982_7dfe3cefce_z.jpg\" alt=\"senasa comunica\" width=\"573\" height=\"164\" \/><\/a><br \/>\nSE\u00d1OR PRODUCTOR<br \/>\nEl Censo Nacional Agropecuario pasar\u00e1 por su tranquera<br \/>\nEs de car\u00e1cter obligatorio y se desarrollar\u00e1 a lo largo de todo el territorio nacional durante los meses de septiembre y noviembre del 2018.<!--more--><br \/>\nChivilcoy (Buenos Aires), 6 de agosto de 2018 \u2013 Con el objetivo de actualizar los datos necesarios para la implementaci\u00f3n de pol\u00edticas p\u00fablicas adecuadas, de fortalecer su competitividad y mejorar el conocimiento de la sociedad sobre las caracter\u00edsticas el sector, se realizar\u00e1 durante los meses de septiembre y noviembre, a lo largo de todo el territorio argentino, el Censo Nacional Agropecuario (CNA).<br \/>\nDe este modo, desde el \u00e1rea de Comunicaci\u00f3n Institucional del Centro Regional Buenos Aires\/La Pampa del Servicio Nacional de Sanidad y Calidad Agroalimentaria (Senasa) le informamos que un censista, debidamente autorizado, tocar\u00e1 a su tranquera para solicitar la informaci\u00f3n correspondiente al conjunto de las actividades rurales que realiza, seg\u00fan su perfil como productor agropecuario.<br \/>\nLa informaci\u00f3n relevada por el CNA 2018 ser\u00e1 utilizada para el dise\u00f1o de programas espec\u00edficos orientados a la peque\u00f1a producci\u00f3n agraria, a la agricultura familiar, a las comunidades ind\u00edgenas y a la superaci\u00f3n de la pobreza rural.<br \/>\nDe este modo, con un total de 3000 agentes recorriendo los campos argentinos se relevar\u00e1n 190 millones de hect\u00e1reas de actividades agropecuarias y forestales, 40 millones de hect\u00e1reas cultivadas y m\u00e1s de 300 mil explotaciones agropecuarias en todo el pa\u00eds.<br \/>\nLos datos obtenidos ser\u00e1n absolutamente confidenciales y se encuentran protegidos, seg\u00fan lo dispuesto en la Ley N\u00ba 17.622. Dicha informaci\u00f3n ser\u00e1 publicada en forma an\u00f3nima y compilada con fines estad\u00edsticos. Tampoco se cruzar\u00e1 con los datos de otros Organismos sean p\u00fablicos o privados.<br \/>\nEl CNA 2018 utilizar\u00e1 tabletas digitales y una aplicaci\u00f3n m\u00f3vil desarrollada especialmente para el operativo de campo que gestionar\u00e1 el ingreso de datos y su procesamiento de manera \u00e1gil y en tiempo real, permitiendo publicar los datos con mayor rapidez.<br \/>\n<a href=\"https:\/\/es.scribd.com\/document\/385697505\/Folleto-CNA-2018\">Folleto CNA 2018<\/a><\/p>\n","protected":false},"excerpt":{"rendered":"<p>SE\u00d1OR PRODUCTOR El Censo Nacional Agropecuario pasar\u00e1 por su tranquera Es de car\u00e1cter obligatorio y se desarrollar\u00e1 a lo largo de todo el territorio nacional durante los meses de septiembre y noviembre del 2018.<\/p>\n","protected":false},"author":3,"featured_media":0,"comment_status":"closed","ping_status":"open","sticky":false,"template":"","format":"standard","meta":{"footnotes":""},"categories":[26],"tags":[],"class_list":["post-23908","post","type-post","status-publish","format-standard","hentry","category-sociedad"],"yoast_head":"<!-- This site is optimized with the Yoast SEO plugin v25.9 - https:\/\/yoast.com\/wordpress\/plugins\/seo\/ -->\n<title>Censo Nacional Agropecuario - Noticias Radio Reflejos<\/title>\n<meta name=\"robots\" content=\"index, follow, max-snippet:-1, max-image-preview:large, max-video-preview:-1\" \/>\n<link rel=\"canonical\" href=\"https:\/\/www.noticiasradioreflejos.com.ar\/2021\/censo-nacional-agropecuario\/\" \/>\n<meta property=\"og:locale\" content=\"es_ES\" \/>\n<meta property=\"og:type\" content=\"article\" \/>\n<meta property=\"og:title\" content=\"Censo Nacional Agropecuario - Noticias Radio Reflejos\" \/>\n<meta property=\"og:description\" content=\"SE\u00d1OR PRODUCTOR El Censo Nacional Agropecuario pasar\u00e1 por su tranquera Es de car\u00e1cter obligatorio y se desarrollar\u00e1 a lo largo de todo el territorio nacional durante los meses de septiembre y noviembre del 2018.\" \/>\n<meta property=\"og:url\" content=\"https:\/\/www.noticiasradioreflejos.com.ar\/2021\/censo-nacional-agropecuario\/\" \/>\n<meta property=\"og:site_name\" content=\"Noticias Radio Reflejos\" \/>\n<meta property=\"article:published_time\" content=\"2018-08-07T23:51:53+00:00\" \/>\n<meta property=\"og:image\" content=\"http:\/\/farm2.staticflickr.com\/1780\/43866739982_7dfe3cefce_z.jpg\" \/>\n<meta name=\"author\" content=\"Arnaldo Botto\" \/>\n<meta name=\"twitter:card\" content=\"summary_large_image\" \/>\n<script type=\"application\/ld+json\" class=\"yoast-schema-graph\">{\"@context\":\"https:\/\/schema.org\",\"@graph\":[{\"@type\":\"WebPage\",\"@id\":\"https:\/\/www.noticiasradioreflejos.com.ar\/2021\/censo-nacional-agropecuario\/\",\"url\":\"https:\/\/www.noticiasradioreflejos.com.ar\/2021\/censo-nacional-agropecuario\/\",\"name\":\"Censo Nacional Agropecuario - Noticias Radio Reflejos\",\"isPartOf\":{\"@id\":\"https:\/\/www.noticiasradioreflejos.com.ar\/2021\/#website\"},\"primaryImageOfPage\":{\"@id\":\"https:\/\/www.noticiasradioreflejos.com.ar\/2021\/censo-nacional-agropecuario\/#primaryimage\"},\"image\":{\"@id\":\"https:\/\/www.noticiasradioreflejos.com.ar\/2021\/censo-nacional-agropecuario\/#primaryimage\"},\"thumbnailUrl\":\"http:\/\/farm2.staticflickr.com\/1780\/43866739982_7dfe3cefce_z.jpg\",\"datePublished\":\"2018-08-07T23:51:53+00:00\",\"author\":{\"@id\":\"https:\/\/www.noticiasradioreflejos.com.ar\/2021\/#\/schema\/person\/ad82545263dcc5ec0996818884fd5fb1\"},\"breadcrumb\":{\"@id\":\"https:\/\/www.noticiasradioreflejos.com.ar\/2021\/censo-nacional-agropecuario\/#breadcrumb\"},\"inLanguage\":\"es\",\"potentialAction\":[{\"@type\":\"ReadAction\",\"target\":[\"https:\/\/www.noticiasradioreflejos.com.ar\/2021\/censo-nacional-agropecuario\/\"]}]},{\"@type\":\"ImageObject\",\"inLanguage\":\"es\",\"@id\":\"https:\/\/www.noticiasradioreflejos.com.ar\/2021\/censo-nacional-agropecuario\/#primaryimage\",\"url\":\"http:\/\/farm2.staticflickr.com\/1780\/43866739982_7dfe3cefce_z.jpg\",\"contentUrl\":\"http:\/\/farm2.staticflickr.com\/1780\/43866739982_7dfe3cefce_z.jpg\"},{\"@type\":\"BreadcrumbList\",\"@id\":\"https:\/\/www.noticiasradioreflejos.com.ar\/2021\/censo-nacional-agropecuario\/#breadcrumb\",\"itemListElement\":[{\"@type\":\"ListItem\",\"position\":1,\"name\":\"Portada\",\"item\":\"https:\/\/www.noticiasradioreflejos.com.ar\/2021\/\"},{\"@type\":\"ListItem\",\"position\":2,\"name\":\"Censo Nacional Agropecuario\"}]},{\"@type\":\"WebSite\",\"@id\":\"https:\/\/www.noticiasradioreflejos.com.ar\/2021\/#website\",\"url\":\"https:\/\/www.noticiasradioreflejos.com.ar\/2021\/\",\"name\":\"Noticias Radio Reflejos\",\"description\":\"Las noticias de mi comarca\",\"potentialAction\":[{\"@type\":\"SearchAction\",\"target\":{\"@type\":\"EntryPoint\",\"urlTemplate\":\"https:\/\/www.noticiasradioreflejos.com.ar\/2021\/?s={search_term_string}\"},\"query-input\":{\"@type\":\"PropertyValueSpecification\",\"valueRequired\":true,\"valueName\":\"search_term_string\"}}],\"inLanguage\":\"es\"},{\"@type\":\"Person\",\"@id\":\"https:\/\/www.noticiasradioreflejos.com.ar\/2021\/#\/schema\/person\/ad82545263dcc5ec0996818884fd5fb1\",\"name\":\"Arnaldo Botto\",\"image\":{\"@type\":\"ImageObject\",\"inLanguage\":\"es\",\"@id\":\"https:\/\/www.noticiasradioreflejos.com.ar\/2021\/#\/schema\/person\/image\/\",\"url\":\"https:\/\/secure.gravatar.com\/avatar\/55cb5e37c1efa326397366e6974cb338056df65cb50e7d64d1cf314e87504837?s=96&d=mm&r=g\",\"contentUrl\":\"https:\/\/secure.gravatar.com\/avatar\/55cb5e37c1efa326397366e6974cb338056df65cb50e7d64d1cf314e87504837?s=96&d=mm&r=g\",\"caption\":\"Arnaldo Botto\"},\"url\":\"https:\/\/www.noticiasradioreflejos.com.ar\/2021\/author\/arnaldo\/\"}]}<\/script>\n<!-- \/ Yoast SEO plugin. -->","yoast_head_json":{"title":"Censo Nacional Agropecuario - Noticias Radio Reflejos","robots":{"index":"index","follow":"follow","max-snippet":"max-snippet:-1","max-image-preview":"max-image-preview:large","max-video-preview":"max-video-preview:-1"},"canonical":"https:\/\/www.noticiasradioreflejos.com.ar\/2021\/censo-nacional-agropecuario\/","og_locale":"es_ES","og_type":"article","og_title":"Censo Nacional Agropecuario - Noticias Radio Reflejos","og_description":"SE\u00d1OR PRODUCTOR El Censo Nacional Agropecuario pasar\u00e1 por su tranquera Es de car\u00e1cter obligatorio y se desarrollar\u00e1 a lo largo de todo el territorio nacional durante los meses de septiembre y noviembre del 2018.","og_url":"https:\/\/www.noticiasradioreflejos.com.ar\/2021\/censo-nacional-agropecuario\/","og_site_name":"Noticias Radio Reflejos","article_published_time":"2018-08-07T23:51:53+00:00","og_image":[{"url":"http:\/\/farm2.staticflickr.com\/1780\/43866739982_7dfe3cefce_z.jpg","type":"","width":"","height":""}],"author":"Arnaldo Botto","twitter_card":"summary_large_image","schema":{"@context":"https:\/\/schema.org","@graph":[{"@type":"WebPage","@id":"https:\/\/www.noticiasradioreflejos.com.ar\/2021\/censo-nacional-agropecuario\/","url":"https:\/\/www.noticiasradioreflejos.com.ar\/2021\/censo-nacional-agropecuario\/","name":"Censo Nacional Agropecuario - Noticias Radio Reflejos","isPartOf":{"@id":"https:\/\/www.noticiasradioreflejos.com.ar\/2021\/#website"},"primaryImageOfPage":{"@id":"https:\/\/www.noticiasradioreflejos.com.ar\/2021\/censo-nacional-agropecuario\/#primaryimage"},"image":{"@id":"https:\/\/www.noticiasradioreflejos.com.ar\/2021\/censo-nacional-agropecuario\/#primaryimage"},"thumbnailUrl":"http:\/\/farm2.staticflickr.com\/1780\/43866739982_7dfe3cefce_z.jpg","datePublished":"2018-08-07T23:51:53+00:00","author":{"@id":"https:\/\/www.noticiasradioreflejos.com.ar\/2021\/#\/schema\/person\/ad82545263dcc5ec0996818884fd5fb1"},"breadcrumb":{"@id":"https:\/\/www.noticiasradioreflejos.com.ar\/2021\/censo-nacional-agropecuario\/#breadcrumb"},"inLanguage":"es","potentialAction":[{"@type":"ReadAction","target":["https:\/\/www.noticiasradioreflejos.com.ar\/2021\/censo-nacional-agropecuario\/"]}]},{"@type":"ImageObject","inLanguage":"es","@id":"https:\/\/www.noticiasradioreflejos.com.ar\/2021\/censo-nacional-agropecuario\/#primaryimage","url":"http:\/\/farm2.staticflickr.com\/1780\/43866739982_7dfe3cefce_z.jpg","contentUrl":"http:\/\/farm2.staticflickr.com\/1780\/43866739982_7dfe3cefce_z.jpg"},{"@type":"BreadcrumbList","@id":"https:\/\/www.noticiasradioreflejos.com.ar\/2021\/censo-nacional-agropecuario\/#breadcrumb","itemListElement":[{"@type":"ListItem","position":1,"name":"Portada","item":"https:\/\/www.noticiasradioreflejos.com.ar\/2021\/"},{"@type":"ListItem","position":2,"name":"Censo Nacional Agropecuario"}]},{"@type":"WebSite","@id":"https:\/\/www.noticiasradioreflejos.com.ar\/2021\/#website","url":"https:\/\/www.noticiasradioreflejos.com.ar\/2021\/","name":"Noticias Radio Reflejos","description":"Las noticias de mi comarca","potentialAction":[{"@type":"SearchAction","target":{"@type":"EntryPoint","urlTemplate":"https:\/\/www.noticiasradioreflejos.com.ar\/2021\/?s={search_term_string}"},"query-input":{"@type":"PropertyValueSpecification","valueRequired":true,"valueName":"search_term_string"}}],"inLanguage":"es"},{"@type":"Person","@id":"https:\/\/www.noticiasradioreflejos.com.ar\/2021\/#\/schema\/person\/ad82545263dcc5ec0996818884fd5fb1","name":"Arnaldo Botto","image":{"@type":"ImageObject","inLanguage":"es","@id":"https:\/\/www.noticiasradioreflejos.com.ar\/2021\/#\/schema\/person\/image\/","url":"https:\/\/secure.gravatar.com\/avatar\/55cb5e37c1efa326397366e6974cb338056df65cb50e7d64d1cf314e87504837?s=96&d=mm&r=g","contentUrl":"https:\/\/secure.gravatar.com\/avatar\/55cb5e37c1efa326397366e6974cb338056df65cb50e7d64d1cf314e87504837?s=96&d=mm&r=g","caption":"Arnaldo Botto"},"url":"https:\/\/www.noticiasradioreflejos.com.ar\/2021\/author\/arnaldo\/"}]}},"_links":{"self":[{"href":"https:\/\/www.noticiasradioreflejos.com.ar\/2021\/wp-json\/wp\/v2\/posts\/23908","targetHints":{"allow":["GET"]}}],"collection":[{"href":"https:\/\/www.noticiasradioreflejos.com.ar\/2021\/wp-json\/wp\/v2\/posts"}],"about":[{"href":"https:\/\/www.noticiasradioreflejos.com.ar\/2021\/wp-json\/wp\/v2\/types\/post"}],"author":[{"embeddable":true,"href":"https:\/\/www.noticiasradioreflejos.com.ar\/2021\/wp-json\/wp\/v2\/users\/3"}],"replies":[{"embeddable":true,"href":"https:\/\/www.noticiasradioreflejos.com.ar\/2021\/wp-json\/wp\/v2\/comments?post=23908"}],"version-history":[{"count":0,"href":"https:\/\/www.noticiasradioreflejos.com.ar\/2021\/wp-json\/wp\/v2\/posts\/23908\/revisions"}],"wp:attachment":[{"href":"https:\/\/www.noticiasradioreflejos.com.ar\/2021\/wp-json\/wp\/v2\/media?parent=23908"}],"wp:term":[{"taxonomy":"category","embeddable":true,"href":"https:\/\/www.noticiasradioreflejos.com.ar\/2021\/wp-json\/wp\/v2\/categories?post=23908"},{"taxonomy":"post_tag","embeddable":true,"href":"https:\/\/www.noticiasradioreflejos.com.ar\/2021\/wp-json\/wp\/v2\/tags?post=23908"}],"curies":[{"name":"wp","href":"https:\/\/api.w.org\/{rel}","templated":true}]}}