{"id":23885,"date":"2018-08-07T08:49:49","date_gmt":"2018-08-07T11:49:49","guid":{"rendered":"http:\/\/www.noticiasradioreflejos.com.ar\/noticias\/?p=23885"},"modified":"2018-08-07T08:49:49","modified_gmt":"2018-08-07T11:49:49","slug":"entre-este-mes-y-en-septiembre-arrancarian-las-obras-gonzalo-iparraguirre","status":"publish","type":"post","link":"https:\/\/www.noticiasradioreflejos.com.ar\/2021\/entre-este-mes-y-en-septiembre-arrancarian-las-obras-gonzalo-iparraguirre\/","title":{"rendered":"&quot;Entre este mes y en septiembre, arrancar\u00edan las obras\u201d &#8211; Gonzalo Iparraguirre"},"content":{"rendered":"<p>Los plazos de ejecuci\u00f3n de los parques e\u00f3licos en nuestro distrito siguen en marcha y las obras comenzar\u00edan entre este mes y septiembre, seg\u00fan inform\u00f3 el Secretario de Desarrollo de la Municipalidad de Tornquist, Dr. Gonzalo Iparraguirre,<!--more--><br \/>\n\u201cLa empresa PCR, que es la propietaria de los parques \u2018El Mataco\u2019 y \u2018San Jorge\u2019, ambos pr\u00f3ximos a Tres Picos, est\u00e1 en etapa de adjudicaci\u00f3n y, entre este mes y en septiembre, arrancar\u00edan las obras\u201d, indic\u00f3.<br \/>\n\u201cUna vez otorgadas las adjudicaciones, las empresas subcontratadas tienen que comunicarse con nosotros para agotar, en principio, la necesidad de empleados con nuestra base de empleo, en la cual est\u00e1 agendada toda la gente que est\u00e1 en la b\u00fasqueda de trabajo\u201d, explic\u00f3 respecto a c\u00f3mo se cubrir\u00e1n las vacantes que generen las obras.<br \/>\nEn ese sentido, Iparraguirre estim\u00f3 que se emplear\u00e1 a entre 200 y 250 personas. \u201cAES, la empresa a cargo del parque \u2018Energ\u00e9tica\u2019, habla de una cantidad similar, pero va a depender de la superposici\u00f3n de las obras, porque en alg\u00fan momento van a estar trabajando las dos juntas\u201d, sostuvo.<br \/>\nPor otra parte, confirm\u00f3 el funcionario que las empresas deber\u00e1n abonar impuestos municipales: \u201cAl radicarse en el obrador que estar\u00e1 sobre la Ruta 33, tienen que cumplir requisitos de habilitaci\u00f3n como cualquier otro comercio o industrial. A la empresa contratista le corresponde tributar derecho de construcci\u00f3n y la subcontratista deber\u00e1 pagar tasa de habilitaci\u00f3n y seguridad e higiene\u201d.<br \/>\nLos megaproyectos demandar\u00e1n una inversi\u00f3n de unos 150 millones de d\u00f3lares cada uno y, una vez en funcionamiento, los parques producir\u00e1n entre 80 y 100 megas que ser\u00e1n inyectados a la red de tendido nacional.<br \/>\nAl respecto, Iparraguirre adelant\u00f3 que PCR \u201ctambi\u00e9n va a hacer una nueva subestaci\u00f3n de transformaci\u00f3n, porque la energ\u00eda que produzcan no puede ser transportada por la l\u00ednea actual, entonces construir\u00e1n una l\u00ednea nueva que va a ir directo a la termoel\u00e9ctrica de Ingeniero White\u201d. Dicha obra comenzar\u00eda en 2019.<br \/>\n<iframe loading=\"lazy\" width=\"100%\" height=\"166\" scrolling=\"no\" frameborder=\"no\" allow=\"autoplay\" src=\"https:\/\/w.soundcloud.com\/player\/?url=https%3A\/\/api.soundcloud.com\/tracks\/482270655&#038;color=%23ff5500&#038;auto_play=false&#038;hide_related=false&#038;show_comments=true&#038;show_user=true&#038;show_reposts=false&#038;show_teaser=true\"><\/iframe><\/p>\n","protected":false},"excerpt":{"rendered":"<p>Los plazos de ejecuci\u00f3n de los parques e\u00f3licos en nuestro distrito siguen en marcha y las obras comenzar\u00edan entre este mes y septiembre, seg\u00fan inform\u00f3 el Secretario de Desarrollo de la Municipalidad de Tornquist, Dr. Gonzalo Iparraguirre,<\/p>\n","protected":false},"author":3,"featured_media":0,"comment_status":"closed","ping_status":"open","sticky":false,"template":"","format":"standard","meta":{"footnotes":""},"categories":[28],"tags":[],"class_list":["post-23885","post","type-post","status-publish","format-standard","hentry","category-municipales"],"yoast_head":"<!-- This site is optimized with the Yoast SEO plugin v25.9 - https:\/\/yoast.com\/wordpress\/plugins\/seo\/ -->\n<title>&quot;Entre este mes y en septiembre, arrancar\u00edan las obras\u201d - Gonzalo Iparraguirre - Noticias Radio Reflejos<\/title>\n<meta name=\"robots\" content=\"index, follow, max-snippet:-1, max-image-preview:large, max-video-preview:-1\" \/>\n<link rel=\"canonical\" href=\"https:\/\/www.noticiasradioreflejos.com.ar\/2021\/entre-este-mes-y-en-septiembre-arrancarian-las-obras-gonzalo-iparraguirre\/\" \/>\n<meta property=\"og:locale\" content=\"es_ES\" \/>\n<meta property=\"og:type\" content=\"article\" \/>\n<meta property=\"og:title\" content=\"&quot;Entre este mes y en septiembre, arrancar\u00edan las obras\u201d - Gonzalo Iparraguirre - Noticias Radio Reflejos\" \/>\n<meta property=\"og:description\" content=\"Los plazos de ejecuci\u00f3n de los parques e\u00f3licos en nuestro distrito siguen en marcha y las obras comenzar\u00edan entre este mes y septiembre, seg\u00fan inform\u00f3 el Secretario de Desarrollo de la Municipalidad de Tornquist, Dr. Gonzalo Iparraguirre,\" \/>\n<meta property=\"og:url\" content=\"https:\/\/www.noticiasradioreflejos.com.ar\/2021\/entre-este-mes-y-en-septiembre-arrancarian-las-obras-gonzalo-iparraguirre\/\" \/>\n<meta property=\"og:site_name\" content=\"Noticias Radio Reflejos\" \/>\n<meta property=\"article:published_time\" content=\"2018-08-07T11:49:49+00:00\" \/>\n<meta property=\"og:image\" content=\"https:\/\/www.noticiasradioreflejos.com.ar\/2021\/wp-content\/uploads\/2021\/07\/logosol300x200.png\" \/>\n\t<meta property=\"og:image:width\" content=\"300\" \/>\n\t<meta property=\"og:image:height\" content=\"200\" \/>\n\t<meta property=\"og:image:type\" content=\"image\/png\" \/>\n<meta name=\"author\" content=\"Arnaldo Botto\" \/>\n<meta name=\"twitter:card\" content=\"summary_large_image\" \/>\n<script type=\"application\/ld+json\" class=\"yoast-schema-graph\">{\"@context\":\"https:\/\/schema.org\",\"@graph\":[{\"@type\":\"WebPage\",\"@id\":\"https:\/\/www.noticiasradioreflejos.com.ar\/2021\/entre-este-mes-y-en-septiembre-arrancarian-las-obras-gonzalo-iparraguirre\/\",\"url\":\"https:\/\/www.noticiasradioreflejos.com.ar\/2021\/entre-este-mes-y-en-septiembre-arrancarian-las-obras-gonzalo-iparraguirre\/\",\"name\":\"&quot;Entre este mes y en septiembre, arrancar\u00edan las obras\u201d - Gonzalo Iparraguirre - Noticias Radio Reflejos\",\"isPartOf\":{\"@id\":\"https:\/\/www.noticiasradioreflejos.com.ar\/2021\/#website\"},\"datePublished\":\"2018-08-07T11:49:49+00:00\",\"author\":{\"@id\":\"https:\/\/www.noticiasradioreflejos.com.ar\/2021\/#\/schema\/person\/ad82545263dcc5ec0996818884fd5fb1\"},\"breadcrumb\":{\"@id\":\"https:\/\/www.noticiasradioreflejos.com.ar\/2021\/entre-este-mes-y-en-septiembre-arrancarian-las-obras-gonzalo-iparraguirre\/#breadcrumb\"},\"inLanguage\":\"es\",\"potentialAction\":[{\"@type\":\"ReadAction\",\"target\":[\"https:\/\/www.noticiasradioreflejos.com.ar\/2021\/entre-este-mes-y-en-septiembre-arrancarian-las-obras-gonzalo-iparraguirre\/\"]}]},{\"@type\":\"BreadcrumbList\",\"@id\":\"https:\/\/www.noticiasradioreflejos.com.ar\/2021\/entre-este-mes-y-en-septiembre-arrancarian-las-obras-gonzalo-iparraguirre\/#breadcrumb\",\"itemListElement\":[{\"@type\":\"ListItem\",\"position\":1,\"name\":\"Portada\",\"item\":\"https:\/\/www.noticiasradioreflejos.com.ar\/2021\/\"},{\"@type\":\"ListItem\",\"position\":2,\"name\":\"&quot;Entre este mes y en septiembre, arrancar\u00edan las obras\u201d &#8211; Gonzalo Iparraguirre\"}]},{\"@type\":\"WebSite\",\"@id\":\"https:\/\/www.noticiasradioreflejos.com.ar\/2021\/#website\",\"url\":\"https:\/\/www.noticiasradioreflejos.com.ar\/2021\/\",\"name\":\"Noticias Radio Reflejos\",\"description\":\"Las noticias de mi comarca\",\"potentialAction\":[{\"@type\":\"SearchAction\",\"target\":{\"@type\":\"EntryPoint\",\"urlTemplate\":\"https:\/\/www.noticiasradioreflejos.com.ar\/2021\/?s={search_term_string}\"},\"query-input\":{\"@type\":\"PropertyValueSpecification\",\"valueRequired\":true,\"valueName\":\"search_term_string\"}}],\"inLanguage\":\"es\"},{\"@type\":\"Person\",\"@id\":\"https:\/\/www.noticiasradioreflejos.com.ar\/2021\/#\/schema\/person\/ad82545263dcc5ec0996818884fd5fb1\",\"name\":\"Arnaldo Botto\",\"image\":{\"@type\":\"ImageObject\",\"inLanguage\":\"es\",\"@id\":\"https:\/\/www.noticiasradioreflejos.com.ar\/2021\/#\/schema\/person\/image\/\",\"url\":\"https:\/\/secure.gravatar.com\/avatar\/55cb5e37c1efa326397366e6974cb338056df65cb50e7d64d1cf314e87504837?s=96&d=mm&r=g\",\"contentUrl\":\"https:\/\/secure.gravatar.com\/avatar\/55cb5e37c1efa326397366e6974cb338056df65cb50e7d64d1cf314e87504837?s=96&d=mm&r=g\",\"caption\":\"Arnaldo Botto\"},\"url\":\"https:\/\/www.noticiasradioreflejos.com.ar\/2021\/author\/arnaldo\/\"}]}<\/script>\n<!-- \/ Yoast SEO plugin. -->","yoast_head_json":{"title":"&quot;Entre este mes y en septiembre, arrancar\u00edan las obras\u201d - Gonzalo Iparraguirre - Noticias Radio Reflejos","robots":{"index":"index","follow":"follow","max-snippet":"max-snippet:-1","max-image-preview":"max-image-preview:large","max-video-preview":"max-video-preview:-1"},"canonical":"https:\/\/www.noticiasradioreflejos.com.ar\/2021\/entre-este-mes-y-en-septiembre-arrancarian-las-obras-gonzalo-iparraguirre\/","og_locale":"es_ES","og_type":"article","og_title":"&quot;Entre este mes y en septiembre, arrancar\u00edan las obras\u201d - Gonzalo Iparraguirre - Noticias Radio Reflejos","og_description":"Los plazos de ejecuci\u00f3n de los parques e\u00f3licos en nuestro distrito siguen en marcha y las obras comenzar\u00edan entre este mes y septiembre, seg\u00fan inform\u00f3 el Secretario de Desarrollo de la Municipalidad de Tornquist, Dr. Gonzalo Iparraguirre,","og_url":"https:\/\/www.noticiasradioreflejos.com.ar\/2021\/entre-este-mes-y-en-septiembre-arrancarian-las-obras-gonzalo-iparraguirre\/","og_site_name":"Noticias Radio Reflejos","article_published_time":"2018-08-07T11:49:49+00:00","og_image":[{"width":300,"height":200,"url":"https:\/\/www.noticiasradioreflejos.com.ar\/2021\/wp-content\/uploads\/2021\/07\/logosol300x200.png","type":"image\/png"}],"author":"Arnaldo Botto","twitter_card":"summary_large_image","schema":{"@context":"https:\/\/schema.org","@graph":[{"@type":"WebPage","@id":"https:\/\/www.noticiasradioreflejos.com.ar\/2021\/entre-este-mes-y-en-septiembre-arrancarian-las-obras-gonzalo-iparraguirre\/","url":"https:\/\/www.noticiasradioreflejos.com.ar\/2021\/entre-este-mes-y-en-septiembre-arrancarian-las-obras-gonzalo-iparraguirre\/","name":"&quot;Entre este mes y en septiembre, arrancar\u00edan las obras\u201d - Gonzalo Iparraguirre - Noticias Radio Reflejos","isPartOf":{"@id":"https:\/\/www.noticiasradioreflejos.com.ar\/2021\/#website"},"datePublished":"2018-08-07T11:49:49+00:00","author":{"@id":"https:\/\/www.noticiasradioreflejos.com.ar\/2021\/#\/schema\/person\/ad82545263dcc5ec0996818884fd5fb1"},"breadcrumb":{"@id":"https:\/\/www.noticiasradioreflejos.com.ar\/2021\/entre-este-mes-y-en-septiembre-arrancarian-las-obras-gonzalo-iparraguirre\/#breadcrumb"},"inLanguage":"es","potentialAction":[{"@type":"ReadAction","target":["https:\/\/www.noticiasradioreflejos.com.ar\/2021\/entre-este-mes-y-en-septiembre-arrancarian-las-obras-gonzalo-iparraguirre\/"]}]},{"@type":"BreadcrumbList","@id":"https:\/\/www.noticiasradioreflejos.com.ar\/2021\/entre-este-mes-y-en-septiembre-arrancarian-las-obras-gonzalo-iparraguirre\/#breadcrumb","itemListElement":[{"@type":"ListItem","position":1,"name":"Portada","item":"https:\/\/www.noticiasradioreflejos.com.ar\/2021\/"},{"@type":"ListItem","position":2,"name":"&quot;Entre este mes y en septiembre, arrancar\u00edan las obras\u201d &#8211; Gonzalo Iparraguirre"}]},{"@type":"WebSite","@id":"https:\/\/www.noticiasradioreflejos.com.ar\/2021\/#website","url":"https:\/\/www.noticiasradioreflejos.com.ar\/2021\/","name":"Noticias Radio Reflejos","description":"Las noticias de mi comarca","potentialAction":[{"@type":"SearchAction","target":{"@type":"EntryPoint","urlTemplate":"https:\/\/www.noticiasradioreflejos.com.ar\/2021\/?s={search_term_string}"},"query-input":{"@type":"PropertyValueSpecification","valueRequired":true,"valueName":"search_term_string"}}],"inLanguage":"es"},{"@type":"Person","@id":"https:\/\/www.noticiasradioreflejos.com.ar\/2021\/#\/schema\/person\/ad82545263dcc5ec0996818884fd5fb1","name":"Arnaldo Botto","image":{"@type":"ImageObject","inLanguage":"es","@id":"https:\/\/www.noticiasradioreflejos.com.ar\/2021\/#\/schema\/person\/image\/","url":"https:\/\/secure.gravatar.com\/avatar\/55cb5e37c1efa326397366e6974cb338056df65cb50e7d64d1cf314e87504837?s=96&d=mm&r=g","contentUrl":"https:\/\/secure.gravatar.com\/avatar\/55cb5e37c1efa326397366e6974cb338056df65cb50e7d64d1cf314e87504837?s=96&d=mm&r=g","caption":"Arnaldo Botto"},"url":"https:\/\/www.noticiasradioreflejos.com.ar\/2021\/author\/arnaldo\/"}]}},"_links":{"self":[{"href":"https:\/\/www.noticiasradioreflejos.com.ar\/2021\/wp-json\/wp\/v2\/posts\/23885","targetHints":{"allow":["GET"]}}],"collection":[{"href":"https:\/\/www.noticiasradioreflejos.com.ar\/2021\/wp-json\/wp\/v2\/posts"}],"about":[{"href":"https:\/\/www.noticiasradioreflejos.com.ar\/2021\/wp-json\/wp\/v2\/types\/post"}],"author":[{"embeddable":true,"href":"https:\/\/www.noticiasradioreflejos.com.ar\/2021\/wp-json\/wp\/v2\/users\/3"}],"replies":[{"embeddable":true,"href":"https:\/\/www.noticiasradioreflejos.com.ar\/2021\/wp-json\/wp\/v2\/comments?post=23885"}],"version-history":[{"count":0,"href":"https:\/\/www.noticiasradioreflejos.com.ar\/2021\/wp-json\/wp\/v2\/posts\/23885\/revisions"}],"wp:attachment":[{"href":"https:\/\/www.noticiasradioreflejos.com.ar\/2021\/wp-json\/wp\/v2\/media?parent=23885"}],"wp:term":[{"taxonomy":"category","embeddable":true,"href":"https:\/\/www.noticiasradioreflejos.com.ar\/2021\/wp-json\/wp\/v2\/categories?post=23885"},{"taxonomy":"post_tag","embeddable":true,"href":"https:\/\/www.noticiasradioreflejos.com.ar\/2021\/wp-json\/wp\/v2\/tags?post=23885"}],"curies":[{"name":"wp","href":"https:\/\/api.w.org\/{rel}","templated":true}]}}