{"id":23882,"date":"2018-08-07T08:41:22","date_gmt":"2018-08-07T11:41:22","guid":{"rendered":"http:\/\/www.noticiasradioreflejos.com.ar\/noticias\/?p=23882"},"modified":"2018-08-07T08:41:22","modified_gmt":"2018-08-07T11:41:22","slug":"resultados-de-las-finales-del-hockey-femenino","status":"publish","type":"post","link":"https:\/\/www.noticiasradioreflejos.com.ar\/2021\/resultados-de-las-finales-del-hockey-femenino\/","title":{"rendered":"Resultados de las finales del Hockey femenino."},"content":{"rendered":"<p>Con podio para el Club Atl\u00e9tico Ventana que se impuso\u00a0 a Club de Pelota obteniendo el 3\u00b0 lugar en el campeonato.<br \/>\nResumen del fin de semana con los resultados de\u00a0 las finales de los play off del Torneo Apertura de Damas y el Resumen de las fechas 7 y 8 del Torneo Anual de Mamis.\u00a0<!--more--><br \/>\n&nbsp;<br \/>\n<strong>TORNEO APERTURA DE DAMAS<\/strong><br \/>\n<strong>FINALES<\/strong><br \/>\n<strong>S\u00c1BADO 4\/8<\/strong><br \/>\n<strong><em>Primera Divisi\u00f3n<\/em><\/strong><br \/>\n<strong>COPA DE ORO (1\u00ba al 4\u00ba)<\/strong><br \/>\n<strong>1\u00ba y 2\u00ba<\/strong><\/p>\n<table width=\"516\">\n<tbody>\n<tr>\n<td width=\"188\"><strong>CEF N\u00ba 83<\/strong><\/td>\n<td width=\"47\"><strong>2<\/strong><\/td>\n<td width=\"47\"><strong>vs<\/strong><\/td>\n<td width=\"47\"><strong>2<\/strong><\/td>\n<td width=\"188\"><strong>Sarmiento P<\/strong><\/td>\n<td width=\"0\"><\/td>\n<\/tr>\n<tr>\n<td colspan=\"2\" width=\"235\">Aitana Ringelmann<\/td>\n<td rowspan=\"3\" width=\"47\">Goles<\/td>\n<td colspan=\"2\" width=\"235\">Manuela Asprea<\/td>\n<td width=\"0\"><\/td>\n<\/tr>\n<tr>\n<td colspan=\"2\" width=\"235\">Camila Monterrubianessi<\/td>\n<td colspan=\"2\" width=\"235\">Agustina Cimino<\/td>\n<td width=\"0\"><\/td>\n<\/tr>\n<tr>\n<td colspan=\"2\" width=\"235\">&nbsp;<\/td>\n<td colspan=\"2\" width=\"235\">&nbsp;<\/td>\n<td width=\"0\"><\/td>\n<\/tr>\n<tr>\n<td rowspan=\"3\" width=\"188\">Aitana Ringelmann -3-<\/td>\n<td rowspan=\"3\" width=\"47\"><strong>3<\/strong><\/td>\n<td rowspan=\"3\" width=\"47\">Shoot out<\/td>\n<td rowspan=\"3\" width=\"47\"><strong>2<\/strong><\/td>\n<td rowspan=\"3\" width=\"188\">Agustina Cimino, Lucrecia Orrego<\/td>\n<td width=\"0\"><\/td>\n<\/tr>\n<tr>\n<td width=\"0\"><\/td>\n<\/tr>\n<tr>\n<td width=\"0\"><\/td>\n<\/tr>\n<tr>\n<td colspan=\"2\" width=\"235\">&nbsp;<\/td>\n<td width=\"47\">TV<\/td>\n<td colspan=\"2\" width=\"235\">Martina S\u00e1nchez<\/td>\n<td width=\"0\"><\/td>\n<\/tr>\n<\/tbody>\n<\/table>\n<p><strong>CEF N\u00ba 83 gan\u00f3 los play off y, como tambi\u00e9n obtuvo la etapa regular, se consagr\u00f3 campe\u00f3n del Torneo Apertura y clasific\u00f3 a la final anual<\/strong><br \/>\n<strong>\u00a0<\/strong><br \/>\n<strong>\u00a0<\/strong><br \/>\n<strong>3\u00ba y 4\u00ba<\/strong><br \/>\n<strong>\u00a0<\/strong><\/p>\n<table width=\"516\">\n<tbody>\n<tr>\n<td width=\"188\"><strong>Club de Pelota<\/strong><\/td>\n<td width=\"47\"><strong>1<\/strong><\/td>\n<td width=\"47\"><strong>vs<\/strong><\/td>\n<td width=\"47\"><strong>2<\/strong><\/td>\n<td width=\"188\"><strong>Atl. Ventana<\/strong><\/td>\n<\/tr>\n<tr>\n<td colspan=\"2\" width=\"235\">Ana Clara Vargas<\/td>\n<td rowspan=\"3\" width=\"47\">Goles<\/td>\n<td colspan=\"2\" width=\"235\">Melany Moreira -2-<\/td>\n<\/tr>\n<tr>\n<td colspan=\"2\" width=\"235\">&nbsp;<\/td>\n<td colspan=\"2\" width=\"235\">&nbsp;<\/td>\n<\/tr>\n<tr>\n<td colspan=\"2\" width=\"235\">&nbsp;<\/td>\n<td colspan=\"2\" width=\"235\">&nbsp;<\/td>\n<\/tr>\n<tr>\n<td colspan=\"2\" width=\"235\">Wanda Moris<\/td>\n<td width=\"47\">TV<\/td>\n<td colspan=\"2\" width=\"235\">&nbsp;<\/td>\n<\/tr>\n<\/tbody>\n<\/table>\n<p><strong>\u00a0<\/strong><br \/>\n<strong>\u00a0<\/strong><br \/>\n<strong>COPA DE PLATA<\/strong><br \/>\n<strong>5\u00ba y 6\u00ba<\/strong><br \/>\n<strong>\u00a0<\/strong><\/p>\n<table width=\"516\">\n<tbody>\n<tr>\n<td width=\"188\"><strong>Hockey Carhu\u00e9<\/strong><\/td>\n<td width=\"47\"><strong>3<\/strong><\/td>\n<td width=\"47\"><strong>vs<\/strong><\/td>\n<td width=\"47\"><strong>2<\/strong><\/td>\n<td width=\"188\"><strong>Independiente<\/strong><\/td>\n<\/tr>\n<tr>\n<td colspan=\"2\" width=\"235\">Daiana Castro<\/td>\n<td rowspan=\"3\" width=\"47\">Goles<\/td>\n<td colspan=\"2\" width=\"235\">Micaela Ebertz<\/td>\n<\/tr>\n<tr>\n<td colspan=\"2\" width=\"235\">Valentina Ermandraut<\/td>\n<td colspan=\"2\" width=\"235\">Jazm\u00edn Jaime<\/td>\n<\/tr>\n<tr>\n<td colspan=\"2\" width=\"235\">Arianna S\u00e1nchez<\/td>\n<td colspan=\"2\" width=\"235\">&nbsp;<\/td>\n<\/tr>\n<tr>\n<td colspan=\"2\" width=\"235\">Sol Mayer<\/td>\n<td width=\"47\">TV<\/td>\n<td colspan=\"2\" width=\"235\">Marina Gayral<\/td>\n<\/tr>\n<\/tbody>\n<\/table>\n<p><strong>\u00a0<\/strong><br \/>\n<strong>\u00a0<\/strong><br \/>\n<strong>7\u00ba y 8\u00ba<\/strong><\/p>\n<table width=\"516\">\n<tbody>\n<tr>\n<td width=\"188\"><strong>Dep. Sarmiento<\/strong><\/td>\n<td width=\"47\"><strong>3<\/strong><\/td>\n<td width=\"47\"><strong>vs<\/strong><\/td>\n<td width=\"47\"><strong>0<\/strong><\/td>\n<td width=\"188\"><strong>Alumni<\/strong><\/td>\n<td width=\"0\"><\/td>\n<\/tr>\n<tr>\n<td colspan=\"5\" rowspan=\"3\" width=\"516\">Walkover para Dep. Sarmiento<\/td>\n<td width=\"0\"><\/td>\n<\/tr>\n<tr>\n<td width=\"0\"><\/td>\n<\/tr>\n<tr>\n<td width=\"0\"><\/td>\n<\/tr>\n<\/tbody>\n<\/table>\n<p><strong>\u00a0<\/strong><br \/>\n<strong>\u00a0<\/strong><br \/>\n<strong><em>S\u00e9ptima Divisi\u00f3n<\/em><\/strong><br \/>\n<strong>COPA DE ORO (1\u00ba al 4\u00ba)<\/strong><br \/>\n<strong>1\u00ba y 2\u00ba<\/strong><\/p>\n<table width=\"516\">\n<tbody>\n<tr>\n<td width=\"188\"><strong>Atl. Ventana<\/strong><\/td>\n<td width=\"47\"><strong>1<\/strong><\/td>\n<td width=\"47\"><strong>vs<\/strong><\/td>\n<td width=\"47\"><strong>2<\/strong><\/td>\n<td width=\"188\"><strong>CEF N\u00ba 83<\/strong><\/td>\n<\/tr>\n<tr>\n<td colspan=\"2\" width=\"235\">Ana Luz Streitenberger<\/td>\n<td rowspan=\"3\" width=\"47\">Goles<\/td>\n<td colspan=\"2\" width=\"235\">Mercedes Gonz\u00e1lez<\/td>\n<\/tr>\n<tr>\n<td colspan=\"2\" width=\"235\">&nbsp;<\/td>\n<td colspan=\"2\" width=\"235\">Celina Scoponi<\/td>\n<\/tr>\n<tr>\n<td colspan=\"2\" width=\"235\">&nbsp;<\/td>\n<td colspan=\"2\" width=\"235\">&nbsp;<\/td>\n<\/tr>\n<tr>\n<td colspan=\"2\" width=\"235\">&nbsp;<\/td>\n<td width=\"47\">TV<\/td>\n<td colspan=\"2\" width=\"235\">Lourdes Graff, Jazmin Lares<\/td>\n<\/tr>\n<\/tbody>\n<\/table>\n<p><strong>CEF N\u00ba 83 gan\u00f3 los play off y jugar\u00e1 la final extra nuevamente ante Atl. Ventana, ganador de la etapa regular.<\/strong><br \/>\n<strong>\u00a0<\/strong><br \/>\n<strong>3\u00ba y 4\u00ba<\/strong><\/p>\n<table width=\"516\">\n<tbody>\n<tr>\n<td width=\"188\"><strong>Sarmiento P<\/strong><\/td>\n<td width=\"47\"><strong>5<\/strong><\/td>\n<td width=\"47\"><strong>vs<\/strong><\/td>\n<td width=\"47\"><strong>0<\/strong><\/td>\n<td width=\"188\"><strong>Independiente<\/strong><\/td>\n<\/tr>\n<tr>\n<td colspan=\"2\" width=\"235\">Joaquina Llull -2-<\/td>\n<td rowspan=\"3\" width=\"47\">Goles<\/td>\n<td colspan=\"2\" width=\"235\">&nbsp;<\/td>\n<\/tr>\n<tr>\n<td colspan=\"2\" width=\"235\">Mail\u00e9n Marti -2-<\/td>\n<td colspan=\"2\" width=\"235\">&nbsp;<\/td>\n<\/tr>\n<tr>\n<td colspan=\"2\" width=\"235\">Azul Arcos<\/td>\n<td colspan=\"2\" width=\"235\">&nbsp;<\/td>\n<\/tr>\n<tr>\n<td colspan=\"2\" width=\"235\">Joaquina Llull<\/td>\n<td width=\"47\">TV<\/td>\n<td colspan=\"2\" width=\"235\">Danna Garc\u00eda<\/td>\n<\/tr>\n<\/tbody>\n<\/table>\n<p><strong>\u00a0<\/strong><br \/>\n<strong>\u00a0<\/strong><br \/>\n<strong>COPA DE PLATA (5\u00ba al 7\u00ba)<\/strong><br \/>\n<strong>5\u00ba y 6\u00ba<\/strong><\/p>\n<table width=\"516\">\n<tbody>\n<tr>\n<td width=\"188\"><strong>Hockey Carhu\u00e9<\/strong><\/td>\n<td width=\"47\"><strong>1<\/strong><\/td>\n<td width=\"47\"><strong>vs<\/strong><\/td>\n<td width=\"47\"><strong>2<\/strong><\/td>\n<td width=\"188\"><strong>Alumni<\/strong><\/td>\n<\/tr>\n<tr>\n<td colspan=\"2\" width=\"235\">Shadira Conti<\/td>\n<td rowspan=\"3\" width=\"47\">Goles<\/td>\n<td colspan=\"2\" width=\"235\">Valentina Mazini<\/td>\n<\/tr>\n<tr>\n<td colspan=\"2\" width=\"235\">&nbsp;<\/td>\n<td colspan=\"2\" width=\"235\">Emilia Queti<\/td>\n<\/tr>\n<tr>\n<td colspan=\"2\" width=\"235\">&nbsp;<\/td>\n<td colspan=\"2\" width=\"235\">&nbsp;<\/td>\n<\/tr>\n<tr>\n<td colspan=\"2\" width=\"235\">Moira Diaz, Josefina Nace<\/td>\n<td width=\"47\">TV<\/td>\n<td colspan=\"2\" width=\"235\">&nbsp;<\/td>\n<\/tr>\n<\/tbody>\n<\/table>\n<p>&nbsp;<br \/>\n<strong>7\u00ba: Dep. Sarmiento de Carhu\u00e9<\/strong><br \/>\n<strong><em><br \/>\n<\/em><\/strong><br \/>\n<strong><em>\u00a0<\/em><\/strong><br \/>\n<strong>DOMINGO 5\/8<\/strong><br \/>\n<strong><em>Sexta Divisi\u00f3n<\/em><\/strong><br \/>\n<strong>COPA DE ORO (1\u00ba al 4\u00ba)<\/strong><br \/>\n<strong>1\u00ba y 2\u00ba<\/strong><\/p>\n<table width=\"516\">\n<tbody>\n<tr>\n<td width=\"188\"><strong>Sarmiento P<\/strong><\/td>\n<td width=\"47\"><strong>0<\/strong><\/td>\n<td width=\"47\"><strong>vs<\/strong><\/td>\n<td width=\"47\"><strong>1<\/strong><\/td>\n<td width=\"188\"><strong>CEF N\u00ba 83<\/strong><\/td>\n<\/tr>\n<tr>\n<td colspan=\"2\" width=\"235\">&nbsp;<\/td>\n<td rowspan=\"3\" width=\"47\">Goles<\/td>\n<td colspan=\"2\" width=\"235\">Jimena Sevenants<\/td>\n<\/tr>\n<tr>\n<td colspan=\"2\" width=\"235\">&nbsp;<\/td>\n<td colspan=\"2\" width=\"235\">&nbsp;<\/td>\n<\/tr>\n<tr>\n<td colspan=\"2\" width=\"235\">&nbsp;<\/td>\n<td colspan=\"2\" width=\"235\">&nbsp;<\/td>\n<\/tr>\n<tr>\n<td colspan=\"2\" width=\"235\">Martina S\u00e1nchez, Joaquina Llull, Mailen Marti<\/td>\n<td width=\"47\">TV<\/td>\n<td colspan=\"2\" width=\"235\">&nbsp;<\/td>\n<\/tr>\n<tr>\n<td colspan=\"2\" width=\"235\">&nbsp;<\/td>\n<td width=\"47\">TA<\/td>\n<td colspan=\"2\" width=\"235\">Angelina Mochi<\/td>\n<\/tr>\n<\/tbody>\n<\/table>\n<p><strong>CEF N\u00ba 83 gan\u00f3 los play off y jugar\u00e1 la final extra nuevamente ante Sarmiento P, ganador de la etapa regular.<\/strong><br \/>\n<strong>\u00a0<\/strong><br \/>\n<strong>3\u00ba y 4\u00ba<\/strong><\/p>\n<table width=\"516\">\n<tbody>\n<tr>\n<td width=\"188\"><strong>Hockey Carhu\u00e9<\/strong><\/td>\n<td width=\"47\"><strong>1<\/strong><\/td>\n<td width=\"47\"><strong>vs<\/strong><\/td>\n<td width=\"47\"><strong>2<\/strong><\/td>\n<td width=\"188\"><strong>Atl. Ventana<\/strong><\/td>\n<\/tr>\n<tr>\n<td colspan=\"2\" width=\"235\">Camila Iriarte<\/td>\n<td rowspan=\"3\" width=\"47\">Goles<\/td>\n<td colspan=\"2\" width=\"235\">Brisa Ruckert<\/td>\n<\/tr>\n<tr>\n<td colspan=\"2\" width=\"235\">&nbsp;<\/td>\n<td colspan=\"2\" width=\"235\">Ana Luz Streitenberger<\/td>\n<\/tr>\n<tr>\n<td colspan=\"2\" width=\"235\">&nbsp;<\/td>\n<td colspan=\"2\" width=\"235\">&nbsp;<\/td>\n<\/tr>\n<tr>\n<td colspan=\"2\" width=\"235\">Arianna S\u00e1nchez, Nayla Penna<\/td>\n<td width=\"47\">TV<\/td>\n<td colspan=\"2\" width=\"235\">Brisa Ruckert, Agustina<\/td>\n<\/tr>\n<tr>\n<td colspan=\"2\" width=\"235\">&nbsp;<\/td>\n<td width=\"47\">TA<\/td>\n<td colspan=\"2\" width=\"235\">Emilia Ladirat<\/td>\n<\/tr>\n<\/tbody>\n<\/table>\n<p>&nbsp;<br \/>\n<strong>\u00a0<\/strong><br \/>\n<strong>COPA DE PLATA (5\u00ba al 7\u00ba)<\/strong><br \/>\n<strong>5\u00ba y 6\u00ba<\/strong><\/p>\n<table width=\"516\">\n<tbody>\n<tr>\n<td width=\"188\"><strong>Club de Pelota<\/strong><\/td>\n<td width=\"47\"><strong>1<\/strong><\/td>\n<td width=\"47\"><strong>vs<\/strong><\/td>\n<td width=\"47\"><strong>2<\/strong><\/td>\n<td width=\"188\"><strong>San Mart\u00edn<\/strong><\/td>\n<\/tr>\n<tr>\n<td colspan=\"2\" width=\"235\">Coral Astaburuaga<\/td>\n<td rowspan=\"4\" width=\"47\">Goles<\/td>\n<td colspan=\"2\" width=\"235\">Oriana Mart\u00edn<\/td>\n<\/tr>\n<tr>\n<td colspan=\"2\" width=\"235\">&nbsp;<\/td>\n<td colspan=\"2\" width=\"235\">Lara Arcidi\u00e1cono<\/td>\n<\/tr>\n<tr>\n<td colspan=\"2\" width=\"235\">&nbsp;<\/td>\n<td colspan=\"2\" width=\"235\">&nbsp;<\/td>\n<\/tr>\n<tr>\n<td colspan=\"2\" width=\"235\">&nbsp;<\/td>\n<td colspan=\"2\" width=\"235\">&nbsp;<\/td>\n<\/tr>\n<tr>\n<td colspan=\"2\" width=\"235\">Agustina Ovejero<\/td>\n<td width=\"47\">TV<\/td>\n<td colspan=\"2\" width=\"235\">Candela Barraza<\/td>\n<\/tr>\n<\/tbody>\n<\/table>\n<p>&nbsp;<br \/>\n<strong>7\u00ba y 8\u00ba<\/strong><\/p>\n<table width=\"516\">\n<tbody>\n<tr>\n<td width=\"188\"><strong>Independiente<\/strong><\/td>\n<td width=\"47\"><strong>7<\/strong><\/td>\n<td width=\"47\"><strong>vs<\/strong><\/td>\n<td width=\"47\"><strong>0<\/strong><\/td>\n<td width=\"188\"><strong>Pe\u00f1arol<\/strong><\/td>\n<\/tr>\n<tr>\n<td colspan=\"2\" width=\"235\">Danna Garc\u00eda -3-<\/td>\n<td rowspan=\"4\" width=\"47\">Goles<\/td>\n<td colspan=\"2\" width=\"235\">&nbsp;<\/td>\n<\/tr>\n<tr>\n<td colspan=\"2\" width=\"235\">Tiziana Tour -2-<\/td>\n<td colspan=\"2\" width=\"235\">&nbsp;<\/td>\n<\/tr>\n<tr>\n<td colspan=\"2\" width=\"235\">Agustina Bravo<\/td>\n<td colspan=\"2\" width=\"235\">&nbsp;<\/td>\n<\/tr>\n<tr>\n<td colspan=\"2\" width=\"235\">Luc\u00eda Stork<\/td>\n<td colspan=\"2\" width=\"235\">&nbsp;<\/td>\n<\/tr>\n<tr>\n<td colspan=\"2\" width=\"235\">&nbsp;<\/td>\n<td width=\"47\">TV<\/td>\n<td colspan=\"2\" width=\"235\">Candela Lopez<\/td>\n<\/tr>\n<tr>\n<td width=\"188\">&nbsp;<\/td>\n<td width=\"47\">&nbsp;<\/td>\n<td width=\"47\">TA<\/td>\n<td colspan=\"2\" width=\"235\">Naiara Ferreyra<\/td>\n<\/tr>\n<\/tbody>\n<\/table>\n<p>&nbsp;<br \/>\n&nbsp;<br \/>\n&nbsp;<br \/>\n<strong>FINALES EXTRAS<\/strong><br \/>\nS\u00e1bado 25 y domingo 26 de agosto<br \/>\n&nbsp;<br \/>\n<strong><em>Sexta Divisi\u00f3n<\/em><\/strong><\/p>\n<table width=\"516\">\n<tbody>\n<tr>\n<td width=\"188\"><strong>Sarmiento P<\/strong><\/td>\n<td width=\"47\"><strong>0<\/strong><\/td>\n<td width=\"47\"><strong>vs<\/strong><\/td>\n<td width=\"47\"><strong>1<\/strong><\/td>\n<td width=\"188\"><strong>CEF N\u00ba 83<\/strong><\/td>\n<\/tr>\n<\/tbody>\n<\/table>\n<p>&nbsp;<br \/>\n<strong><em>S\u00e9ptima Divisi\u00f3n<\/em><\/strong><\/p>\n<table width=\"516\">\n<tbody>\n<tr>\n<td width=\"188\"><strong>Atl. Ventana<\/strong><\/td>\n<td width=\"47\"><strong>1<\/strong><\/td>\n<td width=\"47\"><strong>vs<\/strong><\/td>\n<td width=\"47\"><strong>2<\/strong><\/td>\n<td width=\"188\"><strong>CEF N\u00ba 83<\/strong><\/td>\n<\/tr>\n<\/tbody>\n<\/table>\n<p>&nbsp;<br \/>\n<strong>\u00a0<\/strong><br \/>\n<strong>TORNEO ANUAL DE MAMIS<\/strong><br \/>\nDOMINGO 5-8 | PIG\u00dc\u00c9<br \/>\n<strong>\u00a0<\/strong><br \/>\n<strong><em>Fecha 7<\/em><\/strong><\/p>\n<table width=\"509\">\n<tbody>\n<tr>\n<td width=\"195\"><strong>CEF N\u00ba 83 Rojo<\/strong><\/td>\n<td width=\"40\"><strong>2<\/strong><\/td>\n<td width=\"40\"><strong>vs<\/strong><\/td>\n<td width=\"40\"><strong>0<\/strong><\/td>\n<td width=\"195\"><strong>Sarmiento P<\/strong><\/td>\n<\/tr>\n<tr>\n<td colspan=\"2\" width=\"235\">Micaela Iba\u00f1ez<\/td>\n<td rowspan=\"4\" width=\"40\">Goles<\/td>\n<td colspan=\"2\" width=\"235\">&nbsp;<\/td>\n<\/tr>\n<tr>\n<td colspan=\"2\" width=\"235\">Magdalena Simoncini<\/td>\n<td colspan=\"2\" width=\"235\">&nbsp;<\/td>\n<\/tr>\n<tr>\n<td colspan=\"2\" width=\"235\">&nbsp;<\/td>\n<td colspan=\"2\" width=\"235\">&nbsp;<\/td>\n<\/tr>\n<tr>\n<td colspan=\"2\" width=\"235\">&nbsp;<\/td>\n<td colspan=\"2\" width=\"235\">&nbsp;<\/td>\n<\/tr>\n<\/tbody>\n<\/table>\n<p>&nbsp;<\/p>\n<table width=\"509\">\n<tbody>\n<tr>\n<td width=\"195\"><strong>Dep. Sarmiento<\/strong><\/td>\n<td width=\"40\"><strong>0<\/strong><\/td>\n<td width=\"40\"><strong>vs<\/strong><\/td>\n<td width=\"40\"><strong>2<\/strong><\/td>\n<td width=\"195\"><strong>Municipalidad Pig\u00fc\u00e9<\/strong><\/td>\n<\/tr>\n<tr>\n<td colspan=\"2\" width=\"235\">&nbsp;<\/td>\n<td rowspan=\"3\" width=\"40\">Goles<\/td>\n<td colspan=\"2\" width=\"235\">Carolina Konrad<\/td>\n<\/tr>\n<tr>\n<td colspan=\"2\" width=\"235\">&nbsp;<\/td>\n<td colspan=\"2\" width=\"235\">Soledad Candia<\/td>\n<\/tr>\n<tr>\n<td colspan=\"2\" width=\"235\">&nbsp;<\/td>\n<td colspan=\"2\" width=\"235\">&nbsp;<\/td>\n<\/tr>\n<\/tbody>\n<\/table>\n<p>&nbsp;<\/p>\n<table width=\"509\">\n<tbody>\n<tr>\n<td width=\"195\"><strong>San Mart\u00edn<\/strong><\/td>\n<td width=\"40\"><strong>0<\/strong><\/td>\n<td width=\"40\"><strong>vs<\/strong><\/td>\n<td width=\"40\"><strong>3<\/strong><\/td>\n<td width=\"195\"><strong>Independiente<\/strong><\/td>\n<\/tr>\n<tr>\n<td colspan=\"2\" width=\"235\">&nbsp;<\/td>\n<td rowspan=\"3\" width=\"40\">Goles<\/td>\n<td colspan=\"2\" width=\"235\">Vanesa Rodr\u00edguez -3-<\/td>\n<\/tr>\n<tr>\n<td colspan=\"2\" width=\"235\">&nbsp;<\/td>\n<td colspan=\"2\" width=\"235\">&nbsp;<\/td>\n<\/tr>\n<tr>\n<td colspan=\"2\" width=\"235\">&nbsp;<\/td>\n<td colspan=\"2\" width=\"235\">&nbsp;<\/td>\n<\/tr>\n<\/tbody>\n<\/table>\n<p>&nbsp;<br \/>\n&nbsp;<br \/>\n<strong><em>Fecha 8<\/em><\/strong><br \/>\n&nbsp;<\/p>\n<table width=\"509\">\n<tbody>\n<tr>\n<td width=\"195\"><strong>Municipalidad Pig\u00fc\u00e9<\/strong><\/td>\n<td width=\"40\"><strong>8<\/strong><\/td>\n<td width=\"40\"><strong>vs<\/strong><\/td>\n<td width=\"40\"><strong>0<\/strong><\/td>\n<td width=\"195\"><strong>San Mart\u00edn<\/strong><\/td>\n<\/tr>\n<tr>\n<td colspan=\"2\" width=\"235\">Carolina Konrad -6-<\/td>\n<td rowspan=\"3\" width=\"40\">Goles<\/td>\n<td colspan=\"2\" width=\"235\">&nbsp;<\/td>\n<\/tr>\n<tr>\n<td colspan=\"2\" width=\"235\">Andrea Apolinaro<\/td>\n<td colspan=\"2\" width=\"235\">&nbsp;<\/td>\n<\/tr>\n<tr>\n<td colspan=\"2\" width=\"235\">Yesica Kessler<\/td>\n<td colspan=\"2\" width=\"235\">&nbsp;<\/td>\n<\/tr>\n<\/tbody>\n<\/table>\n<p>&nbsp;<\/p>\n<table width=\"509\">\n<tbody>\n<tr>\n<td width=\"195\"><strong>Sarmiento P<\/strong><\/td>\n<td width=\"40\"><strong>4<\/strong><\/td>\n<td width=\"40\"><strong>vs<\/strong><\/td>\n<td width=\"40\"><strong>1<\/strong><\/td>\n<td width=\"195\"><strong>Dep. Sarmiento<\/strong><\/td>\n<\/tr>\n<tr>\n<td colspan=\"2\" width=\"235\">Cecilia Reser -2-<\/td>\n<td rowspan=\"3\" width=\"40\">Goles<\/td>\n<td colspan=\"2\" width=\"235\">Mar\u00eda Fern\u00e1ndez<\/td>\n<\/tr>\n<tr>\n<td colspan=\"2\" width=\"235\">Claudia Ferrero -2-<\/td>\n<td colspan=\"2\" width=\"235\">&nbsp;<\/td>\n<\/tr>\n<tr>\n<td colspan=\"2\" width=\"235\">&nbsp;<\/td>\n<td colspan=\"2\" width=\"235\">&nbsp;<\/td>\n<\/tr>\n<\/tbody>\n<\/table>\n<p>&nbsp;<\/p>\n<table width=\"509\">\n<tbody>\n<tr>\n<td width=\"195\"><strong>CEF N\u00ba 83 Azul<\/strong><\/td>\n<td width=\"40\"><strong>0<\/strong><\/td>\n<td width=\"40\"><strong>vs<\/strong><\/td>\n<td width=\"40\"><strong>2<\/strong><\/td>\n<td width=\"195\"><strong>CEF N\u00ba 83 Rojo<\/strong><\/td>\n<\/tr>\n<tr>\n<td colspan=\"2\" width=\"235\">&nbsp;<\/td>\n<td rowspan=\"3\" width=\"40\">Goles<\/td>\n<td colspan=\"2\" width=\"235\">Elisabeth Arriaga<\/td>\n<\/tr>\n<tr>\n<td colspan=\"2\" width=\"235\">&nbsp;<\/td>\n<td colspan=\"2\" width=\"235\">Eliana Disdel<\/td>\n<\/tr>\n<tr>\n<td colspan=\"2\" width=\"235\">&nbsp;<\/td>\n<td colspan=\"2\" width=\"235\">&nbsp;<\/td>\n<\/tr>\n<\/tbody>\n<\/table>\n<p>&nbsp;<br \/>\n&nbsp;<br \/>\n<strong><u>POSICIONES<\/u><\/strong><br \/>\n<strong><u>\u00a0<\/u><\/strong><\/p>\n<table width=\"592\">\n<tbody>\n<tr>\n<td width=\"219\"><strong>EQUIPO<\/strong><\/td>\n<td width=\"47\"><strong>PTS<\/strong><\/td>\n<td width=\"47\"><strong>PJ<\/strong><\/td>\n<td width=\"47\"><strong>PG<\/strong><\/td>\n<td width=\"47\"><strong>PE<\/strong><\/td>\n<td width=\"47\"><strong>PP<\/strong><\/td>\n<td width=\"47\"><strong>GF<\/strong><\/td>\n<td width=\"47\"><strong>GC<\/strong><\/td>\n<td width=\"47\"><strong>DG<\/strong><\/td>\n<\/tr>\n<tr>\n<td width=\"219\"><strong>CEF N\u00ba 83 ROJO<\/strong><\/td>\n<td width=\"47\"><strong>19<\/strong><\/td>\n<td width=\"47\">7<\/td>\n<td width=\"47\">6<\/td>\n<td width=\"47\">1<\/td>\n<td width=\"47\">0<\/td>\n<td width=\"47\">30<\/td>\n<td width=\"47\">2<\/td>\n<td width=\"47\">28<\/td>\n<\/tr>\n<tr>\n<td width=\"219\"><strong>CEF N\u00ba 83 AZUL<\/strong><\/td>\n<td width=\"47\"><strong>16<\/strong><\/td>\n<td width=\"47\">7<\/td>\n<td width=\"47\">5<\/td>\n<td width=\"47\">1<\/td>\n<td width=\"47\">1<\/td>\n<td width=\"47\">37<\/td>\n<td width=\"47\">7<\/td>\n<td width=\"47\">30<\/td>\n<\/tr>\n<tr>\n<td width=\"219\"><strong>MUNICIPALIDAD DE PIG\u00dc\u00c9<\/strong><\/td>\n<td width=\"47\"><strong>15<\/strong><\/td>\n<td width=\"47\">7<\/td>\n<td width=\"47\">5<\/td>\n<td width=\"47\">0<\/td>\n<td width=\"47\">2<\/td>\n<td width=\"47\">29<\/td>\n<td width=\"47\">9<\/td>\n<td width=\"47\">20<\/td>\n<\/tr>\n<tr>\n<td width=\"219\"><strong>SARMIENTO PIG\u00dc\u00c9<\/strong><\/td>\n<td width=\"47\"><strong>12<\/strong><\/td>\n<td width=\"47\">7<\/td>\n<td width=\"47\">4<\/td>\n<td width=\"47\">0<\/td>\n<td width=\"47\">3<\/td>\n<td width=\"47\">21<\/td>\n<td width=\"47\">9<\/td>\n<td width=\"47\">12<\/td>\n<\/tr>\n<tr>\n<td width=\"219\"><strong>DEP. SARMIENTO C<\/strong><\/td>\n<td width=\"47\"><strong>6<\/strong><\/td>\n<td width=\"47\">7<\/td>\n<td width=\"47\">2<\/td>\n<td width=\"47\">0<\/td>\n<td width=\"47\">5<\/td>\n<td width=\"47\">10<\/td>\n<td width=\"47\">24<\/td>\n<td width=\"47\">-14<\/td>\n<\/tr>\n<tr>\n<td width=\"219\"><strong>INDEPENDIENTE<\/strong><\/td>\n<td width=\"47\"><strong>3<\/strong><\/td>\n<td width=\"47\">6<\/td>\n<td width=\"47\">1<\/td>\n<td width=\"47\">0<\/td>\n<td width=\"47\">5<\/td>\n<td width=\"47\">3<\/td>\n<td width=\"47\">21<\/td>\n<td width=\"47\">-18<\/td>\n<\/tr>\n<tr>\n<td width=\"219\"><strong>SAN MARTIN<\/strong><\/td>\n<td width=\"47\"><strong>0<\/strong><\/td>\n<td width=\"47\">7<\/td>\n<td width=\"47\">0<\/td>\n<td width=\"47\">0<\/td>\n<td width=\"47\">7<\/td>\n<td width=\"47\">0<\/td>\n<td width=\"47\">58<\/td>\n<td width=\"47\">-58<\/td>\n<\/tr>\n<\/tbody>\n<\/table>\n<p>&nbsp;<br \/>\n&nbsp;<br \/>\n&nbsp;<br \/>\n<strong><u>GOLEADORAS<\/u><\/strong><br \/>\n<strong><u>\u00a0<\/u><\/strong><\/p>\n<table width=\"368\">\n<tbody>\n<tr>\n<td width=\"159\"><strong>JUGADORA<\/strong><\/td>\n<td width=\"159\"><strong>EQUIPO<\/strong><\/td>\n<td width=\"51\"><strong>GOLES<\/strong><\/td>\n<\/tr>\n<tr>\n<td width=\"159\"><strong>Carolina Konrad<\/strong><\/td>\n<td width=\"159\">Municipalidad<\/td>\n<td width=\"51\">17<\/td>\n<\/tr>\n<tr>\n<td width=\"159\"><strong>Eliana Disdel<\/strong><\/td>\n<td width=\"159\">CEF N\u00ba 83 Azul<\/td>\n<td width=\"51\">12<\/td>\n<\/tr>\n<tr>\n<td width=\"159\"><strong>Andrea Ochoa<\/strong><\/td>\n<td width=\"159\">CEF N\u00ba 83 Rojo<\/td>\n<td width=\"51\">10<\/td>\n<\/tr>\n<tr>\n<td width=\"159\"><strong>Cecilia Reser<\/strong><\/td>\n<td width=\"159\">Sarmiento Pig\u00fc\u00e9<\/td>\n<td width=\"51\">10<\/td>\n<\/tr>\n<tr>\n<td width=\"159\"><strong>Oriana Vincent<\/strong><\/td>\n<td width=\"159\">CEF N\u00ba 83 Azul<\/td>\n<td width=\"51\">9<\/td>\n<\/tr>\n<tr>\n<td width=\"159\"><strong>Soledad Fil\u00f3como<\/strong><\/td>\n<td width=\"159\">CEF N\u00ba 83 Azul<\/td>\n<td width=\"51\">8<\/td>\n<\/tr>\n<tr>\n<td width=\"159\"><strong>Bel\u00e9n Guercio<\/strong><\/td>\n<td width=\"159\">CEF N\u00ba 83 Azul<\/td>\n<td width=\"51\">6<\/td>\n<\/tr>\n<tr>\n<td width=\"159\"><strong>Elisabet Arriaga<\/strong><\/td>\n<td width=\"159\">CEF N\u00ba 83 Rojo<\/td>\n<td width=\"51\">6<\/td>\n<\/tr>\n<\/tbody>\n<\/table>\n<p>&nbsp;<\/p>\n","protected":false},"excerpt":{"rendered":"<p>Con podio para el Club Atl\u00e9tico Ventana que se impuso\u00a0 a Club de Pelota obteniendo el 3\u00b0 lugar en el campeonato. Resumen del fin de semana con los resultados de\u00a0 las finales de los play off del Torneo Apertura de Damas y el Resumen de las fechas 7 y 8 del Torneo Anual de Mamis.\u00a0<\/p>\n","protected":false},"author":3,"featured_media":0,"comment_status":"closed","ping_status":"open","sticky":false,"template":"","format":"standard","meta":{"footnotes":""},"categories":[27],"tags":[],"class_list":["post-23882","post","type-post","status-publish","format-standard","hentry","category-deportes"],"yoast_head":"<!-- This site is optimized with the Yoast SEO plugin v25.9 - https:\/\/yoast.com\/wordpress\/plugins\/seo\/ -->\n<title>Resultados de las finales del Hockey femenino. - Noticias Radio Reflejos<\/title>\n<meta name=\"robots\" content=\"index, follow, max-snippet:-1, max-image-preview:large, max-video-preview:-1\" \/>\n<link rel=\"canonical\" href=\"https:\/\/www.noticiasradioreflejos.com.ar\/2021\/resultados-de-las-finales-del-hockey-femenino\/\" \/>\n<meta property=\"og:locale\" content=\"es_ES\" \/>\n<meta property=\"og:type\" content=\"article\" \/>\n<meta property=\"og:title\" content=\"Resultados de las finales del Hockey femenino. - Noticias Radio Reflejos\" \/>\n<meta property=\"og:description\" content=\"Con podio para el Club Atl\u00e9tico Ventana que se impuso\u00a0 a Club de Pelota obteniendo el 3\u00b0 lugar en el campeonato. Resumen del fin de semana con los resultados de\u00a0 las finales de los play off del Torneo Apertura de Damas y el Resumen de las fechas 7 y 8 del Torneo Anual de Mamis.\u00a0\" \/>\n<meta property=\"og:url\" content=\"https:\/\/www.noticiasradioreflejos.com.ar\/2021\/resultados-de-las-finales-del-hockey-femenino\/\" \/>\n<meta property=\"og:site_name\" content=\"Noticias Radio Reflejos\" \/>\n<meta property=\"article:published_time\" content=\"2018-08-07T11:41:22+00:00\" \/>\n<meta property=\"og:image\" content=\"https:\/\/www.noticiasradioreflejos.com.ar\/2021\/wp-content\/uploads\/2021\/07\/logosol300x200.png\" \/>\n\t<meta property=\"og:image:width\" content=\"300\" \/>\n\t<meta property=\"og:image:height\" content=\"200\" \/>\n\t<meta property=\"og:image:type\" content=\"image\/png\" \/>\n<meta name=\"author\" content=\"Arnaldo Botto\" \/>\n<meta name=\"twitter:card\" content=\"summary_large_image\" \/>\n<script type=\"application\/ld+json\" class=\"yoast-schema-graph\">{\"@context\":\"https:\/\/schema.org\",\"@graph\":[{\"@type\":\"WebPage\",\"@id\":\"https:\/\/www.noticiasradioreflejos.com.ar\/2021\/resultados-de-las-finales-del-hockey-femenino\/\",\"url\":\"https:\/\/www.noticiasradioreflejos.com.ar\/2021\/resultados-de-las-finales-del-hockey-femenino\/\",\"name\":\"Resultados de las finales del Hockey femenino. - Noticias Radio Reflejos\",\"isPartOf\":{\"@id\":\"https:\/\/www.noticiasradioreflejos.com.ar\/2021\/#website\"},\"datePublished\":\"2018-08-07T11:41:22+00:00\",\"author\":{\"@id\":\"https:\/\/www.noticiasradioreflejos.com.ar\/2021\/#\/schema\/person\/ad82545263dcc5ec0996818884fd5fb1\"},\"breadcrumb\":{\"@id\":\"https:\/\/www.noticiasradioreflejos.com.ar\/2021\/resultados-de-las-finales-del-hockey-femenino\/#breadcrumb\"},\"inLanguage\":\"es\",\"potentialAction\":[{\"@type\":\"ReadAction\",\"target\":[\"https:\/\/www.noticiasradioreflejos.com.ar\/2021\/resultados-de-las-finales-del-hockey-femenino\/\"]}]},{\"@type\":\"BreadcrumbList\",\"@id\":\"https:\/\/www.noticiasradioreflejos.com.ar\/2021\/resultados-de-las-finales-del-hockey-femenino\/#breadcrumb\",\"itemListElement\":[{\"@type\":\"ListItem\",\"position\":1,\"name\":\"Portada\",\"item\":\"https:\/\/www.noticiasradioreflejos.com.ar\/2021\/\"},{\"@type\":\"ListItem\",\"position\":2,\"name\":\"Resultados de las finales del Hockey femenino.\"}]},{\"@type\":\"WebSite\",\"@id\":\"https:\/\/www.noticiasradioreflejos.com.ar\/2021\/#website\",\"url\":\"https:\/\/www.noticiasradioreflejos.com.ar\/2021\/\",\"name\":\"Noticias Radio Reflejos\",\"description\":\"Las noticias de mi comarca\",\"potentialAction\":[{\"@type\":\"SearchAction\",\"target\":{\"@type\":\"EntryPoint\",\"urlTemplate\":\"https:\/\/www.noticiasradioreflejos.com.ar\/2021\/?s={search_term_string}\"},\"query-input\":{\"@type\":\"PropertyValueSpecification\",\"valueRequired\":true,\"valueName\":\"search_term_string\"}}],\"inLanguage\":\"es\"},{\"@type\":\"Person\",\"@id\":\"https:\/\/www.noticiasradioreflejos.com.ar\/2021\/#\/schema\/person\/ad82545263dcc5ec0996818884fd5fb1\",\"name\":\"Arnaldo Botto\",\"image\":{\"@type\":\"ImageObject\",\"inLanguage\":\"es\",\"@id\":\"https:\/\/www.noticiasradioreflejos.com.ar\/2021\/#\/schema\/person\/image\/\",\"url\":\"https:\/\/secure.gravatar.com\/avatar\/55cb5e37c1efa326397366e6974cb338056df65cb50e7d64d1cf314e87504837?s=96&d=mm&r=g\",\"contentUrl\":\"https:\/\/secure.gravatar.com\/avatar\/55cb5e37c1efa326397366e6974cb338056df65cb50e7d64d1cf314e87504837?s=96&d=mm&r=g\",\"caption\":\"Arnaldo Botto\"},\"url\":\"https:\/\/www.noticiasradioreflejos.com.ar\/2021\/author\/arnaldo\/\"}]}<\/script>\n<!-- \/ Yoast SEO plugin. -->","yoast_head_json":{"title":"Resultados de las finales del Hockey femenino. - Noticias Radio Reflejos","robots":{"index":"index","follow":"follow","max-snippet":"max-snippet:-1","max-image-preview":"max-image-preview:large","max-video-preview":"max-video-preview:-1"},"canonical":"https:\/\/www.noticiasradioreflejos.com.ar\/2021\/resultados-de-las-finales-del-hockey-femenino\/","og_locale":"es_ES","og_type":"article","og_title":"Resultados de las finales del Hockey femenino. - Noticias Radio Reflejos","og_description":"Con podio para el Club Atl\u00e9tico Ventana que se impuso\u00a0 a Club de Pelota obteniendo el 3\u00b0 lugar en el campeonato. Resumen del fin de semana con los resultados de\u00a0 las finales de los play off del Torneo Apertura de Damas y el Resumen de las fechas 7 y 8 del Torneo Anual de Mamis.\u00a0","og_url":"https:\/\/www.noticiasradioreflejos.com.ar\/2021\/resultados-de-las-finales-del-hockey-femenino\/","og_site_name":"Noticias Radio Reflejos","article_published_time":"2018-08-07T11:41:22+00:00","og_image":[{"width":300,"height":200,"url":"https:\/\/www.noticiasradioreflejos.com.ar\/2021\/wp-content\/uploads\/2021\/07\/logosol300x200.png","type":"image\/png"}],"author":"Arnaldo Botto","twitter_card":"summary_large_image","schema":{"@context":"https:\/\/schema.org","@graph":[{"@type":"WebPage","@id":"https:\/\/www.noticiasradioreflejos.com.ar\/2021\/resultados-de-las-finales-del-hockey-femenino\/","url":"https:\/\/www.noticiasradioreflejos.com.ar\/2021\/resultados-de-las-finales-del-hockey-femenino\/","name":"Resultados de las finales del Hockey femenino. - Noticias Radio Reflejos","isPartOf":{"@id":"https:\/\/www.noticiasradioreflejos.com.ar\/2021\/#website"},"datePublished":"2018-08-07T11:41:22+00:00","author":{"@id":"https:\/\/www.noticiasradioreflejos.com.ar\/2021\/#\/schema\/person\/ad82545263dcc5ec0996818884fd5fb1"},"breadcrumb":{"@id":"https:\/\/www.noticiasradioreflejos.com.ar\/2021\/resultados-de-las-finales-del-hockey-femenino\/#breadcrumb"},"inLanguage":"es","potentialAction":[{"@type":"ReadAction","target":["https:\/\/www.noticiasradioreflejos.com.ar\/2021\/resultados-de-las-finales-del-hockey-femenino\/"]}]},{"@type":"BreadcrumbList","@id":"https:\/\/www.noticiasradioreflejos.com.ar\/2021\/resultados-de-las-finales-del-hockey-femenino\/#breadcrumb","itemListElement":[{"@type":"ListItem","position":1,"name":"Portada","item":"https:\/\/www.noticiasradioreflejos.com.ar\/2021\/"},{"@type":"ListItem","position":2,"name":"Resultados de las finales del Hockey femenino."}]},{"@type":"WebSite","@id":"https:\/\/www.noticiasradioreflejos.com.ar\/2021\/#website","url":"https:\/\/www.noticiasradioreflejos.com.ar\/2021\/","name":"Noticias Radio Reflejos","description":"Las noticias de mi comarca","potentialAction":[{"@type":"SearchAction","target":{"@type":"EntryPoint","urlTemplate":"https:\/\/www.noticiasradioreflejos.com.ar\/2021\/?s={search_term_string}"},"query-input":{"@type":"PropertyValueSpecification","valueRequired":true,"valueName":"search_term_string"}}],"inLanguage":"es"},{"@type":"Person","@id":"https:\/\/www.noticiasradioreflejos.com.ar\/2021\/#\/schema\/person\/ad82545263dcc5ec0996818884fd5fb1","name":"Arnaldo Botto","image":{"@type":"ImageObject","inLanguage":"es","@id":"https:\/\/www.noticiasradioreflejos.com.ar\/2021\/#\/schema\/person\/image\/","url":"https:\/\/secure.gravatar.com\/avatar\/55cb5e37c1efa326397366e6974cb338056df65cb50e7d64d1cf314e87504837?s=96&d=mm&r=g","contentUrl":"https:\/\/secure.gravatar.com\/avatar\/55cb5e37c1efa326397366e6974cb338056df65cb50e7d64d1cf314e87504837?s=96&d=mm&r=g","caption":"Arnaldo Botto"},"url":"https:\/\/www.noticiasradioreflejos.com.ar\/2021\/author\/arnaldo\/"}]}},"_links":{"self":[{"href":"https:\/\/www.noticiasradioreflejos.com.ar\/2021\/wp-json\/wp\/v2\/posts\/23882","targetHints":{"allow":["GET"]}}],"collection":[{"href":"https:\/\/www.noticiasradioreflejos.com.ar\/2021\/wp-json\/wp\/v2\/posts"}],"about":[{"href":"https:\/\/www.noticiasradioreflejos.com.ar\/2021\/wp-json\/wp\/v2\/types\/post"}],"author":[{"embeddable":true,"href":"https:\/\/www.noticiasradioreflejos.com.ar\/2021\/wp-json\/wp\/v2\/users\/3"}],"replies":[{"embeddable":true,"href":"https:\/\/www.noticiasradioreflejos.com.ar\/2021\/wp-json\/wp\/v2\/comments?post=23882"}],"version-history":[{"count":0,"href":"https:\/\/www.noticiasradioreflejos.com.ar\/2021\/wp-json\/wp\/v2\/posts\/23882\/revisions"}],"wp:attachment":[{"href":"https:\/\/www.noticiasradioreflejos.com.ar\/2021\/wp-json\/wp\/v2\/media?parent=23882"}],"wp:term":[{"taxonomy":"category","embeddable":true,"href":"https:\/\/www.noticiasradioreflejos.com.ar\/2021\/wp-json\/wp\/v2\/categories?post=23882"},{"taxonomy":"post_tag","embeddable":true,"href":"https:\/\/www.noticiasradioreflejos.com.ar\/2021\/wp-json\/wp\/v2\/tags?post=23882"}],"curies":[{"name":"wp","href":"https:\/\/api.w.org\/{rel}","templated":true}]}}