{"id":23865,"date":"2018-08-06T18:25:28","date_gmt":"2018-08-06T21:25:28","guid":{"rendered":"http:\/\/www.noticiasradioreflejos.com.ar\/noticias\/?p=23865"},"modified":"2018-08-06T18:25:28","modified_gmt":"2018-08-06T21:25:28","slug":"nuevo-aumento-del-precio-de-los-combustibles-siguen-vaciando-el-bolsillo-de-los-argentinos","status":"publish","type":"post","link":"https:\/\/www.noticiasradioreflejos.com.ar\/2021\/nuevo-aumento-del-precio-de-los-combustibles-siguen-vaciando-el-bolsillo-de-los-argentinos\/","title":{"rendered":"Nuevo aumento del precio de los combustibles  \u201cSiguen vaciando el bolsillo de los argentinos\u201d"},"content":{"rendered":"<p>El Comit\u00e9 Nacional de Defensa del Usuario Vial (CONADUV) expresa hoy su rechazo al nuevo incremento en el precio de los combustibles, ya que esta medida, inapropiada e irresponsable, s\u00f3lo contribuye a distorsionar las actividades productivas del Pa\u00eds.<!--more--><br \/>\nRicardo Lasca, del Centro Argentino de Ingenieros Agr\u00f3nomos (CADIA) y Coordinador del Comit\u00e9 Nacional de Defensa del Usuario Vial (CONADUV), lament\u00f3 que la poblaci\u00f3n haya perdido la capacidad de asombro ante los constantes e injustificados aumentos de los precios de los combustibles que se ordenan e forma constante, generando serios perjuicios sociales y econ\u00f3micos. \u201cEl incremento desmedido de peajes y combustibles sigue provocando m\u00e1s subas en el costo de transporte y por ende m\u00e1s inflaci\u00f3n\u201d.<br \/>\nEl CONADUV manifiesta que es necesaria una profunda modificaci\u00f3n a la ley de hidrocarburos, para que los precios de los combustibles sean establecidos de una manera m\u00e1s justa y objetiva.<br \/>\nEs imposible que se genere una real competencia de valores, cuando hay un mercado claramente oligop\u00f3lico, fundamentalmente manejado por dos empresas dominantes.<br \/>\nBs. As., agosto de 2018<br \/>\nCONADUV<\/p>\n","protected":false},"excerpt":{"rendered":"<p>El Comit\u00e9 Nacional de Defensa del Usuario Vial (CONADUV) expresa hoy su rechazo al nuevo incremento en el precio de los combustibles, ya que esta medida, inapropiada e irresponsable, s\u00f3lo contribuye a distorsionar las actividades productivas del Pa\u00eds.<\/p>\n","protected":false},"author":3,"featured_media":0,"comment_status":"closed","ping_status":"open","sticky":false,"template":"","format":"standard","meta":{"footnotes":""},"categories":[36],"tags":[],"class_list":["post-23865","post","type-post","status-publish","format-standard","hentry","category-economia"],"yoast_head":"<!-- This site is optimized with the Yoast SEO plugin v25.9 - https:\/\/yoast.com\/wordpress\/plugins\/seo\/ -->\n<title>Nuevo aumento del precio de los combustibles \u201cSiguen vaciando el bolsillo de los argentinos\u201d - Noticias Radio Reflejos<\/title>\n<meta name=\"robots\" content=\"index, follow, max-snippet:-1, max-image-preview:large, max-video-preview:-1\" \/>\n<link rel=\"canonical\" href=\"https:\/\/www.noticiasradioreflejos.com.ar\/2021\/nuevo-aumento-del-precio-de-los-combustibles-siguen-vaciando-el-bolsillo-de-los-argentinos\/\" \/>\n<meta property=\"og:locale\" content=\"es_ES\" \/>\n<meta property=\"og:type\" content=\"article\" \/>\n<meta property=\"og:title\" content=\"Nuevo aumento del precio de los combustibles \u201cSiguen vaciando el bolsillo de los argentinos\u201d - Noticias Radio Reflejos\" \/>\n<meta property=\"og:description\" content=\"El Comit\u00e9 Nacional de Defensa del Usuario Vial (CONADUV) expresa hoy su rechazo al nuevo incremento en el precio de los combustibles, ya que esta medida, inapropiada e irresponsable, s\u00f3lo contribuye a distorsionar las actividades productivas del Pa\u00eds.\" \/>\n<meta property=\"og:url\" content=\"https:\/\/www.noticiasradioreflejos.com.ar\/2021\/nuevo-aumento-del-precio-de-los-combustibles-siguen-vaciando-el-bolsillo-de-los-argentinos\/\" \/>\n<meta property=\"og:site_name\" content=\"Noticias Radio Reflejos\" \/>\n<meta property=\"article:published_time\" content=\"2018-08-06T21:25:28+00:00\" \/>\n<meta property=\"og:image\" content=\"https:\/\/www.noticiasradioreflejos.com.ar\/2021\/wp-content\/uploads\/2021\/07\/logosol300x200.png\" \/>\n\t<meta property=\"og:image:width\" content=\"300\" \/>\n\t<meta property=\"og:image:height\" content=\"200\" \/>\n\t<meta property=\"og:image:type\" content=\"image\/png\" \/>\n<meta name=\"author\" content=\"Arnaldo Botto\" \/>\n<meta name=\"twitter:card\" content=\"summary_large_image\" \/>\n<script type=\"application\/ld+json\" class=\"yoast-schema-graph\">{\"@context\":\"https:\/\/schema.org\",\"@graph\":[{\"@type\":\"WebPage\",\"@id\":\"https:\/\/www.noticiasradioreflejos.com.ar\/2021\/nuevo-aumento-del-precio-de-los-combustibles-siguen-vaciando-el-bolsillo-de-los-argentinos\/\",\"url\":\"https:\/\/www.noticiasradioreflejos.com.ar\/2021\/nuevo-aumento-del-precio-de-los-combustibles-siguen-vaciando-el-bolsillo-de-los-argentinos\/\",\"name\":\"Nuevo aumento del precio de los combustibles \u201cSiguen vaciando el bolsillo de los argentinos\u201d - Noticias Radio Reflejos\",\"isPartOf\":{\"@id\":\"https:\/\/www.noticiasradioreflejos.com.ar\/2021\/#website\"},\"datePublished\":\"2018-08-06T21:25:28+00:00\",\"author\":{\"@id\":\"https:\/\/www.noticiasradioreflejos.com.ar\/2021\/#\/schema\/person\/ad82545263dcc5ec0996818884fd5fb1\"},\"breadcrumb\":{\"@id\":\"https:\/\/www.noticiasradioreflejos.com.ar\/2021\/nuevo-aumento-del-precio-de-los-combustibles-siguen-vaciando-el-bolsillo-de-los-argentinos\/#breadcrumb\"},\"inLanguage\":\"es\",\"potentialAction\":[{\"@type\":\"ReadAction\",\"target\":[\"https:\/\/www.noticiasradioreflejos.com.ar\/2021\/nuevo-aumento-del-precio-de-los-combustibles-siguen-vaciando-el-bolsillo-de-los-argentinos\/\"]}]},{\"@type\":\"BreadcrumbList\",\"@id\":\"https:\/\/www.noticiasradioreflejos.com.ar\/2021\/nuevo-aumento-del-precio-de-los-combustibles-siguen-vaciando-el-bolsillo-de-los-argentinos\/#breadcrumb\",\"itemListElement\":[{\"@type\":\"ListItem\",\"position\":1,\"name\":\"Portada\",\"item\":\"https:\/\/www.noticiasradioreflejos.com.ar\/2021\/\"},{\"@type\":\"ListItem\",\"position\":2,\"name\":\"Nuevo aumento del precio de los combustibles \u201cSiguen vaciando el bolsillo de los argentinos\u201d\"}]},{\"@type\":\"WebSite\",\"@id\":\"https:\/\/www.noticiasradioreflejos.com.ar\/2021\/#website\",\"url\":\"https:\/\/www.noticiasradioreflejos.com.ar\/2021\/\",\"name\":\"Noticias Radio Reflejos\",\"description\":\"Las noticias de mi comarca\",\"potentialAction\":[{\"@type\":\"SearchAction\",\"target\":{\"@type\":\"EntryPoint\",\"urlTemplate\":\"https:\/\/www.noticiasradioreflejos.com.ar\/2021\/?s={search_term_string}\"},\"query-input\":{\"@type\":\"PropertyValueSpecification\",\"valueRequired\":true,\"valueName\":\"search_term_string\"}}],\"inLanguage\":\"es\"},{\"@type\":\"Person\",\"@id\":\"https:\/\/www.noticiasradioreflejos.com.ar\/2021\/#\/schema\/person\/ad82545263dcc5ec0996818884fd5fb1\",\"name\":\"Arnaldo Botto\",\"image\":{\"@type\":\"ImageObject\",\"inLanguage\":\"es\",\"@id\":\"https:\/\/www.noticiasradioreflejos.com.ar\/2021\/#\/schema\/person\/image\/\",\"url\":\"https:\/\/secure.gravatar.com\/avatar\/55cb5e37c1efa326397366e6974cb338056df65cb50e7d64d1cf314e87504837?s=96&d=mm&r=g\",\"contentUrl\":\"https:\/\/secure.gravatar.com\/avatar\/55cb5e37c1efa326397366e6974cb338056df65cb50e7d64d1cf314e87504837?s=96&d=mm&r=g\",\"caption\":\"Arnaldo Botto\"},\"url\":\"https:\/\/www.noticiasradioreflejos.com.ar\/2021\/author\/arnaldo\/\"}]}<\/script>\n<!-- \/ Yoast SEO plugin. -->","yoast_head_json":{"title":"Nuevo aumento del precio de los combustibles \u201cSiguen vaciando el bolsillo de los argentinos\u201d - Noticias Radio Reflejos","robots":{"index":"index","follow":"follow","max-snippet":"max-snippet:-1","max-image-preview":"max-image-preview:large","max-video-preview":"max-video-preview:-1"},"canonical":"https:\/\/www.noticiasradioreflejos.com.ar\/2021\/nuevo-aumento-del-precio-de-los-combustibles-siguen-vaciando-el-bolsillo-de-los-argentinos\/","og_locale":"es_ES","og_type":"article","og_title":"Nuevo aumento del precio de los combustibles \u201cSiguen vaciando el bolsillo de los argentinos\u201d - Noticias Radio Reflejos","og_description":"El Comit\u00e9 Nacional de Defensa del Usuario Vial (CONADUV) expresa hoy su rechazo al nuevo incremento en el precio de los combustibles, ya que esta medida, inapropiada e irresponsable, s\u00f3lo contribuye a distorsionar las actividades productivas del Pa\u00eds.","og_url":"https:\/\/www.noticiasradioreflejos.com.ar\/2021\/nuevo-aumento-del-precio-de-los-combustibles-siguen-vaciando-el-bolsillo-de-los-argentinos\/","og_site_name":"Noticias Radio Reflejos","article_published_time":"2018-08-06T21:25:28+00:00","og_image":[{"width":300,"height":200,"url":"https:\/\/www.noticiasradioreflejos.com.ar\/2021\/wp-content\/uploads\/2021\/07\/logosol300x200.png","type":"image\/png"}],"author":"Arnaldo Botto","twitter_card":"summary_large_image","schema":{"@context":"https:\/\/schema.org","@graph":[{"@type":"WebPage","@id":"https:\/\/www.noticiasradioreflejos.com.ar\/2021\/nuevo-aumento-del-precio-de-los-combustibles-siguen-vaciando-el-bolsillo-de-los-argentinos\/","url":"https:\/\/www.noticiasradioreflejos.com.ar\/2021\/nuevo-aumento-del-precio-de-los-combustibles-siguen-vaciando-el-bolsillo-de-los-argentinos\/","name":"Nuevo aumento del precio de los combustibles \u201cSiguen vaciando el bolsillo de los argentinos\u201d - Noticias Radio Reflejos","isPartOf":{"@id":"https:\/\/www.noticiasradioreflejos.com.ar\/2021\/#website"},"datePublished":"2018-08-06T21:25:28+00:00","author":{"@id":"https:\/\/www.noticiasradioreflejos.com.ar\/2021\/#\/schema\/person\/ad82545263dcc5ec0996818884fd5fb1"},"breadcrumb":{"@id":"https:\/\/www.noticiasradioreflejos.com.ar\/2021\/nuevo-aumento-del-precio-de-los-combustibles-siguen-vaciando-el-bolsillo-de-los-argentinos\/#breadcrumb"},"inLanguage":"es","potentialAction":[{"@type":"ReadAction","target":["https:\/\/www.noticiasradioreflejos.com.ar\/2021\/nuevo-aumento-del-precio-de-los-combustibles-siguen-vaciando-el-bolsillo-de-los-argentinos\/"]}]},{"@type":"BreadcrumbList","@id":"https:\/\/www.noticiasradioreflejos.com.ar\/2021\/nuevo-aumento-del-precio-de-los-combustibles-siguen-vaciando-el-bolsillo-de-los-argentinos\/#breadcrumb","itemListElement":[{"@type":"ListItem","position":1,"name":"Portada","item":"https:\/\/www.noticiasradioreflejos.com.ar\/2021\/"},{"@type":"ListItem","position":2,"name":"Nuevo aumento del precio de los combustibles \u201cSiguen vaciando el bolsillo de los argentinos\u201d"}]},{"@type":"WebSite","@id":"https:\/\/www.noticiasradioreflejos.com.ar\/2021\/#website","url":"https:\/\/www.noticiasradioreflejos.com.ar\/2021\/","name":"Noticias Radio Reflejos","description":"Las noticias de mi comarca","potentialAction":[{"@type":"SearchAction","target":{"@type":"EntryPoint","urlTemplate":"https:\/\/www.noticiasradioreflejos.com.ar\/2021\/?s={search_term_string}"},"query-input":{"@type":"PropertyValueSpecification","valueRequired":true,"valueName":"search_term_string"}}],"inLanguage":"es"},{"@type":"Person","@id":"https:\/\/www.noticiasradioreflejos.com.ar\/2021\/#\/schema\/person\/ad82545263dcc5ec0996818884fd5fb1","name":"Arnaldo Botto","image":{"@type":"ImageObject","inLanguage":"es","@id":"https:\/\/www.noticiasradioreflejos.com.ar\/2021\/#\/schema\/person\/image\/","url":"https:\/\/secure.gravatar.com\/avatar\/55cb5e37c1efa326397366e6974cb338056df65cb50e7d64d1cf314e87504837?s=96&d=mm&r=g","contentUrl":"https:\/\/secure.gravatar.com\/avatar\/55cb5e37c1efa326397366e6974cb338056df65cb50e7d64d1cf314e87504837?s=96&d=mm&r=g","caption":"Arnaldo Botto"},"url":"https:\/\/www.noticiasradioreflejos.com.ar\/2021\/author\/arnaldo\/"}]}},"_links":{"self":[{"href":"https:\/\/www.noticiasradioreflejos.com.ar\/2021\/wp-json\/wp\/v2\/posts\/23865","targetHints":{"allow":["GET"]}}],"collection":[{"href":"https:\/\/www.noticiasradioreflejos.com.ar\/2021\/wp-json\/wp\/v2\/posts"}],"about":[{"href":"https:\/\/www.noticiasradioreflejos.com.ar\/2021\/wp-json\/wp\/v2\/types\/post"}],"author":[{"embeddable":true,"href":"https:\/\/www.noticiasradioreflejos.com.ar\/2021\/wp-json\/wp\/v2\/users\/3"}],"replies":[{"embeddable":true,"href":"https:\/\/www.noticiasradioreflejos.com.ar\/2021\/wp-json\/wp\/v2\/comments?post=23865"}],"version-history":[{"count":0,"href":"https:\/\/www.noticiasradioreflejos.com.ar\/2021\/wp-json\/wp\/v2\/posts\/23865\/revisions"}],"wp:attachment":[{"href":"https:\/\/www.noticiasradioreflejos.com.ar\/2021\/wp-json\/wp\/v2\/media?parent=23865"}],"wp:term":[{"taxonomy":"category","embeddable":true,"href":"https:\/\/www.noticiasradioreflejos.com.ar\/2021\/wp-json\/wp\/v2\/categories?post=23865"},{"taxonomy":"post_tag","embeddable":true,"href":"https:\/\/www.noticiasradioreflejos.com.ar\/2021\/wp-json\/wp\/v2\/tags?post=23865"}],"curies":[{"name":"wp","href":"https:\/\/api.w.org\/{rel}","templated":true}]}}