{"id":23862,"date":"2018-08-06T18:18:47","date_gmt":"2018-08-06T21:18:47","guid":{"rendered":"http:\/\/www.noticiasradioreflejos.com.ar\/noticias\/?p=23862"},"modified":"2018-08-06T18:18:47","modified_gmt":"2018-08-06T21:18:47","slug":"maestros-en-el-cielo-la-carta-conmovedora-de-una-maestra-jubilada","status":"publish","type":"post","link":"https:\/\/www.noticiasradioreflejos.com.ar\/2021\/maestros-en-el-cielo-la-carta-conmovedora-de-una-maestra-jubilada\/","title":{"rendered":"&quot;Maestros en el cielo&quot;: la carta conmovedora de una maestra jubilada"},"content":{"rendered":"<p>Una maestra jubilada bahiense llamada Sonia Barrenechea Arriola, redact\u00f3 una carta donde cuenta una experiencia personal relacionada a la problem\u00e1tica y agradeci\u00f3 a todos los involucrados.<!--more--><br \/>\n\u00abUna ma\u00f1ana llego a mi escuela de educaci\u00f3n especial que funcionaba en una casa familiar adaptada a las circunstancias y me encuentro que sale un compa\u00f1ero m\u00edo de otra escuela de profesiones, lo saludo y me cuenta que vino a ver la caja de luz y que se encontr\u00f3 que eso estaba en serio riesgo, me dijo que ya le hab\u00eda dicho a la directora y lo informar\u00eda en su servicio, \u201cpero viste como es esto, capaz no hacen nada, tengan cuidado\u201d me termin\u00f3 comentando. Le pregunt\u00e9 qu\u00e9 pod\u00eda pasar y me dijo que pod\u00eda explotar o pod\u00eda incendiarse el edificio.<br \/>\nEntr\u00e9, habl\u00e9 con la directora y me dijo que ya hab\u00eda hecho infinitos reclamos y no le solucionaban nada, que obviamente volver\u00eda a reclamar junto con el informe t\u00e9cnico.<br \/>\nPor esos d\u00edas ven\u00eda a la ciudad el gobernador de nuestra provincia, yo fui al acto y lo esper\u00e9 a la salida del evento y no me atendi\u00f3 pero vino alguien de protocolo y ceremonial y me dijo que \u00e9l lo hab\u00eda mandado a atenderme. Le expliqu\u00e9 la situaci\u00f3n y le entregu\u00e9 una carta con la solicitud firmada por m\u00ed con todos mis datos y mi total responsabilidad. Solo quedaba esperar que algo llegara para solucionar el tema.<br \/>\nClaro que lleg\u00f3 algo, a unos pocos d\u00edas vuelvo a entrar a la escuela y la directora me llama para decirme que la inspectora le llam\u00f3 la atenci\u00f3n por lo que yo hab\u00eda hecho y me dieron un apercibimiento, a modo de \u201cno sigas meti\u00e9ndote\u201d, por haber saltado la v\u00eda jer\u00e1rquica.<br \/>\nEso sucedi\u00f3 hace muchos a\u00f1os, me jubil\u00e9 y no se hab\u00eda solucionado el tema, reci\u00e9n ahora y despu\u00e9s de miles de peripecias la escuela funciona en un lugar un poco mejor aunque han tenido discriminaci\u00f3n barrial por ser una \u201csupuesta escuela para locos\u201d, seg\u00fan su propia vecina.<br \/>\nHoy estaba en el banco y escuch\u00e9 la noticia de que una directora y un portero murieron en una explosi\u00f3n de una garrafa, que se pudo prever, como siempre, como tantas veces.<br \/>\nMe entristec\u00ed, por los maestros, por los alumnos, y por toda una sociedad ciega que sigue criticando la labor docente por unos pocos que hacen mal las cosas como en todas las profesiones. No es necesario cruzar un r\u00edo, ir a caballo, o patinar en la nieve para ser un maestro de riesgo, tantas veces la periferia nos lleva al abandono, la desidia y el riesgo total en diversas situaciones cotidianas nunca atendidas.<br \/>\nGracias maestros de mi vida por haber estado, por haber enfrentado las circunstancias y siempre esperarnos dispuestos a nuestro constante y avasallante deseo de superarnos, gracias a mis alumnos por haber podido, a pesar de todo, superarse\u00bb.<\/p>\n","protected":false},"excerpt":{"rendered":"<p>Una maestra jubilada bahiense llamada Sonia Barrenechea Arriola, redact\u00f3 una carta donde cuenta una experiencia personal relacionada a la problem\u00e1tica y agradeci\u00f3 a todos los involucrados.<\/p>\n","protected":false},"author":3,"featured_media":0,"comment_status":"closed","ping_status":"open","sticky":false,"template":"","format":"standard","meta":{"footnotes":""},"categories":[34],"tags":[],"class_list":["post-23862","post","type-post","status-publish","format-standard","hentry","category-educacion"],"yoast_head":"<!-- This site is optimized with the Yoast SEO plugin v25.9 - https:\/\/yoast.com\/wordpress\/plugins\/seo\/ -->\n<title>&quot;Maestros en el cielo&quot;: la carta conmovedora de una maestra jubilada - Noticias Radio Reflejos<\/title>\n<meta name=\"robots\" content=\"index, follow, max-snippet:-1, max-image-preview:large, max-video-preview:-1\" \/>\n<link rel=\"canonical\" href=\"https:\/\/www.noticiasradioreflejos.com.ar\/2021\/maestros-en-el-cielo-la-carta-conmovedora-de-una-maestra-jubilada\/\" \/>\n<meta property=\"og:locale\" content=\"es_ES\" \/>\n<meta property=\"og:type\" content=\"article\" \/>\n<meta property=\"og:title\" content=\"&quot;Maestros en el cielo&quot;: la carta conmovedora de una maestra jubilada - Noticias Radio Reflejos\" \/>\n<meta property=\"og:description\" content=\"Una maestra jubilada bahiense llamada Sonia Barrenechea Arriola, redact\u00f3 una carta donde cuenta una experiencia personal relacionada a la problem\u00e1tica y agradeci\u00f3 a todos los involucrados.\" \/>\n<meta property=\"og:url\" content=\"https:\/\/www.noticiasradioreflejos.com.ar\/2021\/maestros-en-el-cielo-la-carta-conmovedora-de-una-maestra-jubilada\/\" \/>\n<meta property=\"og:site_name\" content=\"Noticias Radio Reflejos\" \/>\n<meta property=\"article:published_time\" content=\"2018-08-06T21:18:47+00:00\" \/>\n<meta property=\"og:image\" content=\"https:\/\/www.noticiasradioreflejos.com.ar\/2021\/wp-content\/uploads\/2021\/07\/logosol300x200.png\" \/>\n\t<meta property=\"og:image:width\" content=\"300\" \/>\n\t<meta property=\"og:image:height\" content=\"200\" \/>\n\t<meta property=\"og:image:type\" content=\"image\/png\" \/>\n<meta name=\"author\" content=\"Arnaldo Botto\" \/>\n<meta name=\"twitter:card\" content=\"summary_large_image\" \/>\n<script type=\"application\/ld+json\" class=\"yoast-schema-graph\">{\"@context\":\"https:\/\/schema.org\",\"@graph\":[{\"@type\":\"WebPage\",\"@id\":\"https:\/\/www.noticiasradioreflejos.com.ar\/2021\/maestros-en-el-cielo-la-carta-conmovedora-de-una-maestra-jubilada\/\",\"url\":\"https:\/\/www.noticiasradioreflejos.com.ar\/2021\/maestros-en-el-cielo-la-carta-conmovedora-de-una-maestra-jubilada\/\",\"name\":\"&quot;Maestros en el cielo&quot;: la carta conmovedora de una maestra jubilada - Noticias Radio Reflejos\",\"isPartOf\":{\"@id\":\"https:\/\/www.noticiasradioreflejos.com.ar\/2021\/#website\"},\"datePublished\":\"2018-08-06T21:18:47+00:00\",\"author\":{\"@id\":\"https:\/\/www.noticiasradioreflejos.com.ar\/2021\/#\/schema\/person\/ad82545263dcc5ec0996818884fd5fb1\"},\"breadcrumb\":{\"@id\":\"https:\/\/www.noticiasradioreflejos.com.ar\/2021\/maestros-en-el-cielo-la-carta-conmovedora-de-una-maestra-jubilada\/#breadcrumb\"},\"inLanguage\":\"es\",\"potentialAction\":[{\"@type\":\"ReadAction\",\"target\":[\"https:\/\/www.noticiasradioreflejos.com.ar\/2021\/maestros-en-el-cielo-la-carta-conmovedora-de-una-maestra-jubilada\/\"]}]},{\"@type\":\"BreadcrumbList\",\"@id\":\"https:\/\/www.noticiasradioreflejos.com.ar\/2021\/maestros-en-el-cielo-la-carta-conmovedora-de-una-maestra-jubilada\/#breadcrumb\",\"itemListElement\":[{\"@type\":\"ListItem\",\"position\":1,\"name\":\"Portada\",\"item\":\"https:\/\/www.noticiasradioreflejos.com.ar\/2021\/\"},{\"@type\":\"ListItem\",\"position\":2,\"name\":\"&quot;Maestros en el cielo&quot;: la carta conmovedora de una maestra jubilada\"}]},{\"@type\":\"WebSite\",\"@id\":\"https:\/\/www.noticiasradioreflejos.com.ar\/2021\/#website\",\"url\":\"https:\/\/www.noticiasradioreflejos.com.ar\/2021\/\",\"name\":\"Noticias Radio Reflejos\",\"description\":\"Las noticias de mi comarca\",\"potentialAction\":[{\"@type\":\"SearchAction\",\"target\":{\"@type\":\"EntryPoint\",\"urlTemplate\":\"https:\/\/www.noticiasradioreflejos.com.ar\/2021\/?s={search_term_string}\"},\"query-input\":{\"@type\":\"PropertyValueSpecification\",\"valueRequired\":true,\"valueName\":\"search_term_string\"}}],\"inLanguage\":\"es\"},{\"@type\":\"Person\",\"@id\":\"https:\/\/www.noticiasradioreflejos.com.ar\/2021\/#\/schema\/person\/ad82545263dcc5ec0996818884fd5fb1\",\"name\":\"Arnaldo Botto\",\"image\":{\"@type\":\"ImageObject\",\"inLanguage\":\"es\",\"@id\":\"https:\/\/www.noticiasradioreflejos.com.ar\/2021\/#\/schema\/person\/image\/\",\"url\":\"https:\/\/secure.gravatar.com\/avatar\/55cb5e37c1efa326397366e6974cb338056df65cb50e7d64d1cf314e87504837?s=96&d=mm&r=g\",\"contentUrl\":\"https:\/\/secure.gravatar.com\/avatar\/55cb5e37c1efa326397366e6974cb338056df65cb50e7d64d1cf314e87504837?s=96&d=mm&r=g\",\"caption\":\"Arnaldo Botto\"},\"url\":\"https:\/\/www.noticiasradioreflejos.com.ar\/2021\/author\/arnaldo\/\"}]}<\/script>\n<!-- \/ Yoast SEO plugin. -->","yoast_head_json":{"title":"&quot;Maestros en el cielo&quot;: la carta conmovedora de una maestra jubilada - Noticias Radio Reflejos","robots":{"index":"index","follow":"follow","max-snippet":"max-snippet:-1","max-image-preview":"max-image-preview:large","max-video-preview":"max-video-preview:-1"},"canonical":"https:\/\/www.noticiasradioreflejos.com.ar\/2021\/maestros-en-el-cielo-la-carta-conmovedora-de-una-maestra-jubilada\/","og_locale":"es_ES","og_type":"article","og_title":"&quot;Maestros en el cielo&quot;: la carta conmovedora de una maestra jubilada - Noticias Radio Reflejos","og_description":"Una maestra jubilada bahiense llamada Sonia Barrenechea Arriola, redact\u00f3 una carta donde cuenta una experiencia personal relacionada a la problem\u00e1tica y agradeci\u00f3 a todos los involucrados.","og_url":"https:\/\/www.noticiasradioreflejos.com.ar\/2021\/maestros-en-el-cielo-la-carta-conmovedora-de-una-maestra-jubilada\/","og_site_name":"Noticias Radio Reflejos","article_published_time":"2018-08-06T21:18:47+00:00","og_image":[{"width":300,"height":200,"url":"https:\/\/www.noticiasradioreflejos.com.ar\/2021\/wp-content\/uploads\/2021\/07\/logosol300x200.png","type":"image\/png"}],"author":"Arnaldo Botto","twitter_card":"summary_large_image","schema":{"@context":"https:\/\/schema.org","@graph":[{"@type":"WebPage","@id":"https:\/\/www.noticiasradioreflejos.com.ar\/2021\/maestros-en-el-cielo-la-carta-conmovedora-de-una-maestra-jubilada\/","url":"https:\/\/www.noticiasradioreflejos.com.ar\/2021\/maestros-en-el-cielo-la-carta-conmovedora-de-una-maestra-jubilada\/","name":"&quot;Maestros en el cielo&quot;: la carta conmovedora de una maestra jubilada - Noticias Radio Reflejos","isPartOf":{"@id":"https:\/\/www.noticiasradioreflejos.com.ar\/2021\/#website"},"datePublished":"2018-08-06T21:18:47+00:00","author":{"@id":"https:\/\/www.noticiasradioreflejos.com.ar\/2021\/#\/schema\/person\/ad82545263dcc5ec0996818884fd5fb1"},"breadcrumb":{"@id":"https:\/\/www.noticiasradioreflejos.com.ar\/2021\/maestros-en-el-cielo-la-carta-conmovedora-de-una-maestra-jubilada\/#breadcrumb"},"inLanguage":"es","potentialAction":[{"@type":"ReadAction","target":["https:\/\/www.noticiasradioreflejos.com.ar\/2021\/maestros-en-el-cielo-la-carta-conmovedora-de-una-maestra-jubilada\/"]}]},{"@type":"BreadcrumbList","@id":"https:\/\/www.noticiasradioreflejos.com.ar\/2021\/maestros-en-el-cielo-la-carta-conmovedora-de-una-maestra-jubilada\/#breadcrumb","itemListElement":[{"@type":"ListItem","position":1,"name":"Portada","item":"https:\/\/www.noticiasradioreflejos.com.ar\/2021\/"},{"@type":"ListItem","position":2,"name":"&quot;Maestros en el cielo&quot;: la carta conmovedora de una maestra jubilada"}]},{"@type":"WebSite","@id":"https:\/\/www.noticiasradioreflejos.com.ar\/2021\/#website","url":"https:\/\/www.noticiasradioreflejos.com.ar\/2021\/","name":"Noticias Radio Reflejos","description":"Las noticias de mi comarca","potentialAction":[{"@type":"SearchAction","target":{"@type":"EntryPoint","urlTemplate":"https:\/\/www.noticiasradioreflejos.com.ar\/2021\/?s={search_term_string}"},"query-input":{"@type":"PropertyValueSpecification","valueRequired":true,"valueName":"search_term_string"}}],"inLanguage":"es"},{"@type":"Person","@id":"https:\/\/www.noticiasradioreflejos.com.ar\/2021\/#\/schema\/person\/ad82545263dcc5ec0996818884fd5fb1","name":"Arnaldo Botto","image":{"@type":"ImageObject","inLanguage":"es","@id":"https:\/\/www.noticiasradioreflejos.com.ar\/2021\/#\/schema\/person\/image\/","url":"https:\/\/secure.gravatar.com\/avatar\/55cb5e37c1efa326397366e6974cb338056df65cb50e7d64d1cf314e87504837?s=96&d=mm&r=g","contentUrl":"https:\/\/secure.gravatar.com\/avatar\/55cb5e37c1efa326397366e6974cb338056df65cb50e7d64d1cf314e87504837?s=96&d=mm&r=g","caption":"Arnaldo Botto"},"url":"https:\/\/www.noticiasradioreflejos.com.ar\/2021\/author\/arnaldo\/"}]}},"_links":{"self":[{"href":"https:\/\/www.noticiasradioreflejos.com.ar\/2021\/wp-json\/wp\/v2\/posts\/23862","targetHints":{"allow":["GET"]}}],"collection":[{"href":"https:\/\/www.noticiasradioreflejos.com.ar\/2021\/wp-json\/wp\/v2\/posts"}],"about":[{"href":"https:\/\/www.noticiasradioreflejos.com.ar\/2021\/wp-json\/wp\/v2\/types\/post"}],"author":[{"embeddable":true,"href":"https:\/\/www.noticiasradioreflejos.com.ar\/2021\/wp-json\/wp\/v2\/users\/3"}],"replies":[{"embeddable":true,"href":"https:\/\/www.noticiasradioreflejos.com.ar\/2021\/wp-json\/wp\/v2\/comments?post=23862"}],"version-history":[{"count":0,"href":"https:\/\/www.noticiasradioreflejos.com.ar\/2021\/wp-json\/wp\/v2\/posts\/23862\/revisions"}],"wp:attachment":[{"href":"https:\/\/www.noticiasradioreflejos.com.ar\/2021\/wp-json\/wp\/v2\/media?parent=23862"}],"wp:term":[{"taxonomy":"category","embeddable":true,"href":"https:\/\/www.noticiasradioreflejos.com.ar\/2021\/wp-json\/wp\/v2\/categories?post=23862"},{"taxonomy":"post_tag","embeddable":true,"href":"https:\/\/www.noticiasradioreflejos.com.ar\/2021\/wp-json\/wp\/v2\/tags?post=23862"}],"curies":[{"name":"wp","href":"https:\/\/api.w.org\/{rel}","templated":true}]}}