{"id":23846,"date":"2018-08-06T08:04:44","date_gmt":"2018-08-06T11:04:44","guid":{"rendered":"http:\/\/www.noticiasradioreflejos.com.ar\/noticias\/?p=23846"},"modified":"2018-08-06T08:04:44","modified_gmt":"2018-08-06T11:04:44","slug":"automoto-voley-festejo-su-campeonato","status":"publish","type":"post","link":"https:\/\/www.noticiasradioreflejos.com.ar\/2021\/automoto-voley-festejo-su-campeonato\/","title":{"rendered":"Automoto v\u00f3ley festej\u00f3 su campeonato"},"content":{"rendered":"<p><a title=\"DSCN6549\" href=\"http:\/\/farm2.staticflickr.com\/1793\/43833040242_83fc0b21e4.jpg\" rel=\"\"><img loading=\"lazy\" decoding=\"async\" class=\"alignleft\" style=\"float: left;\" title=\"DSCN6549\" src=\"http:\/\/farm2.staticflickr.com\/1793\/43833040242_83fc0b21e4.jpg\" alt=\"DSCN6549\" width=\"500\" height=\"375\" \/><\/a>Con una cena desarrollada en el fog\u00f3n de la instituci\u00f3n, que cont\u00f3 con la presencia de jugadoras, dirigentes y familiares, el Automoto Club Deportivo festej\u00f3 la obtenci\u00f3n del t\u00edtulo obtenido en el torneo Apertura B Sub 16 de la Asociaci\u00f3n Bahiense de V\u00f3leibol.<!--more--><br \/>\nDurante el transcurso de la noche, se entreg\u00f3 un reconocimiento al plantel campe\u00f3n del certamen, consistente en un portarretratos con la foto del equipo para cada una de las integrantes, mientras que la comisi\u00f3n directiva hizo lo propio con un cuadro para ser exhibido en la instituci\u00f3n.<br \/>\nAdem\u00e1s de la entrenadora Sof\u00eda Urriaga, recibieron su presente las jugadoras que obtuvieron el certamen: Agostina Pollio, Agustina Poblet, Julieta Schwab, Gianella Lambichi, Camila Meriggi, Milagros Botto, Lucila Naab, Solange Rodr\u00edguez, Maite M\u00e9ndez y Celina Heine, a quienes se les sumaron las Sub 13 Victoria Rusconi, Clara Rinc\u00f3n y Josefina Candal.<br \/>\nTambi\u00e9n hubo varios sorteos y se escucharon las palabras de la DT campeona y el presidente de la entidad, Marcelo Rusconi, quienes se refirieron al logro obtenido, valoraron el apoyo que se recibe de los padres para poder competir en Bah\u00eda Blanca y resaltaron el crecimiento que viene evidenciando el deporte dentro del club.<br \/>\nEn definitiva, result\u00f3 una hermosa noche para disfrutar en familia y certificar que la actividad tiene presente y futuro en la instituci\u00f3n.<br \/>\n<a title=\"DSCN6558\" href=\"http:\/\/farm2.staticflickr.com\/1839\/42072487310_a75d69614d_z.jpg\" rel=\"\"><img loading=\"lazy\" decoding=\"async\" class=\"aligncenter\" title=\"DSCN6558\" src=\"http:\/\/farm2.staticflickr.com\/1839\/42072487310_a75d69614d_z.jpg\" alt=\"DSCN6558\" width=\"640\" height=\"480\" \/><\/a><br \/>\n<a title=\"DSCN6569\" href=\"http:\/\/farm2.staticflickr.com\/1795\/43833035862_99b52f521a_z.jpg\" rel=\"\"><img loading=\"lazy\" decoding=\"async\" class=\"aligncenter\" title=\"DSCN6569\" src=\"http:\/\/farm2.staticflickr.com\/1795\/43833035862_99b52f521a_z.jpg\" alt=\"DSCN6569\" width=\"640\" height=\"480\" \/><\/a><br \/>\n&nbsp;<br \/>\n<a href=\"https:\/\/www.facebook.com\/automototornquist\/photos\/pcb.1990720587614604\/1990715640948432\/?type=3&amp;theater\">M\u00e1s fotos:<\/a><br \/>\nDepartamento de Prensa \u2013 Automoto Club Deportivo<br \/>\n<a href=\"http:\/\/www.clubautomotopasion.com.ar\">www.clubautomotopasion.com.ar<\/a><br \/>\nFacebook: \/automototornquist<br \/>\nTwitter: @ClubAutomoto<\/p>\n","protected":false},"excerpt":{"rendered":"<p>Con una cena desarrollada en el fog\u00f3n de la instituci\u00f3n, que cont\u00f3 con la presencia de jugadoras, dirigentes y familiares, el Automoto Club Deportivo festej\u00f3 la obtenci\u00f3n del t\u00edtulo obtenido en el torneo Apertura B Sub 16 de la Asociaci\u00f3n Bahiense de V\u00f3leibol.<\/p>\n","protected":false},"author":3,"featured_media":0,"comment_status":"closed","ping_status":"open","sticky":false,"template":"","format":"standard","meta":{"footnotes":""},"categories":[27],"tags":[],"class_list":["post-23846","post","type-post","status-publish","format-standard","hentry","category-deportes"],"yoast_head":"<!-- This site is optimized with the Yoast SEO plugin v25.9 - https:\/\/yoast.com\/wordpress\/plugins\/seo\/ -->\n<title>Automoto v\u00f3ley festej\u00f3 su campeonato - Noticias Radio Reflejos<\/title>\n<meta name=\"robots\" content=\"index, follow, max-snippet:-1, max-image-preview:large, max-video-preview:-1\" \/>\n<link rel=\"canonical\" href=\"https:\/\/www.noticiasradioreflejos.com.ar\/2021\/automoto-voley-festejo-su-campeonato\/\" \/>\n<meta property=\"og:locale\" content=\"es_ES\" \/>\n<meta property=\"og:type\" content=\"article\" \/>\n<meta property=\"og:title\" content=\"Automoto v\u00f3ley festej\u00f3 su campeonato - Noticias Radio Reflejos\" \/>\n<meta property=\"og:description\" content=\"Con una cena desarrollada en el fog\u00f3n de la instituci\u00f3n, que cont\u00f3 con la presencia de jugadoras, dirigentes y familiares, el Automoto Club Deportivo festej\u00f3 la obtenci\u00f3n del t\u00edtulo obtenido en el torneo Apertura B Sub 16 de la Asociaci\u00f3n Bahiense de V\u00f3leibol.\" \/>\n<meta property=\"og:url\" content=\"https:\/\/www.noticiasradioreflejos.com.ar\/2021\/automoto-voley-festejo-su-campeonato\/\" \/>\n<meta property=\"og:site_name\" content=\"Noticias Radio Reflejos\" \/>\n<meta property=\"article:published_time\" content=\"2018-08-06T11:04:44+00:00\" \/>\n<meta property=\"og:image\" content=\"http:\/\/farm2.staticflickr.com\/1793\/43833040242_83fc0b21e4.jpg\" \/>\n<meta name=\"author\" content=\"Arnaldo Botto\" \/>\n<meta name=\"twitter:card\" content=\"summary_large_image\" \/>\n<script type=\"application\/ld+json\" class=\"yoast-schema-graph\">{\"@context\":\"https:\/\/schema.org\",\"@graph\":[{\"@type\":\"WebPage\",\"@id\":\"https:\/\/www.noticiasradioreflejos.com.ar\/2021\/automoto-voley-festejo-su-campeonato\/\",\"url\":\"https:\/\/www.noticiasradioreflejos.com.ar\/2021\/automoto-voley-festejo-su-campeonato\/\",\"name\":\"Automoto v\u00f3ley festej\u00f3 su campeonato - Noticias Radio Reflejos\",\"isPartOf\":{\"@id\":\"https:\/\/www.noticiasradioreflejos.com.ar\/2021\/#website\"},\"primaryImageOfPage\":{\"@id\":\"https:\/\/www.noticiasradioreflejos.com.ar\/2021\/automoto-voley-festejo-su-campeonato\/#primaryimage\"},\"image\":{\"@id\":\"https:\/\/www.noticiasradioreflejos.com.ar\/2021\/automoto-voley-festejo-su-campeonato\/#primaryimage\"},\"thumbnailUrl\":\"http:\/\/farm2.staticflickr.com\/1793\/43833040242_83fc0b21e4.jpg\",\"datePublished\":\"2018-08-06T11:04:44+00:00\",\"author\":{\"@id\":\"https:\/\/www.noticiasradioreflejos.com.ar\/2021\/#\/schema\/person\/ad82545263dcc5ec0996818884fd5fb1\"},\"breadcrumb\":{\"@id\":\"https:\/\/www.noticiasradioreflejos.com.ar\/2021\/automoto-voley-festejo-su-campeonato\/#breadcrumb\"},\"inLanguage\":\"es\",\"potentialAction\":[{\"@type\":\"ReadAction\",\"target\":[\"https:\/\/www.noticiasradioreflejos.com.ar\/2021\/automoto-voley-festejo-su-campeonato\/\"]}]},{\"@type\":\"ImageObject\",\"inLanguage\":\"es\",\"@id\":\"https:\/\/www.noticiasradioreflejos.com.ar\/2021\/automoto-voley-festejo-su-campeonato\/#primaryimage\",\"url\":\"http:\/\/farm2.staticflickr.com\/1793\/43833040242_83fc0b21e4.jpg\",\"contentUrl\":\"http:\/\/farm2.staticflickr.com\/1793\/43833040242_83fc0b21e4.jpg\"},{\"@type\":\"BreadcrumbList\",\"@id\":\"https:\/\/www.noticiasradioreflejos.com.ar\/2021\/automoto-voley-festejo-su-campeonato\/#breadcrumb\",\"itemListElement\":[{\"@type\":\"ListItem\",\"position\":1,\"name\":\"Portada\",\"item\":\"https:\/\/www.noticiasradioreflejos.com.ar\/2021\/\"},{\"@type\":\"ListItem\",\"position\":2,\"name\":\"Automoto v\u00f3ley festej\u00f3 su campeonato\"}]},{\"@type\":\"WebSite\",\"@id\":\"https:\/\/www.noticiasradioreflejos.com.ar\/2021\/#website\",\"url\":\"https:\/\/www.noticiasradioreflejos.com.ar\/2021\/\",\"name\":\"Noticias Radio Reflejos\",\"description\":\"Las noticias de mi comarca\",\"potentialAction\":[{\"@type\":\"SearchAction\",\"target\":{\"@type\":\"EntryPoint\",\"urlTemplate\":\"https:\/\/www.noticiasradioreflejos.com.ar\/2021\/?s={search_term_string}\"},\"query-input\":{\"@type\":\"PropertyValueSpecification\",\"valueRequired\":true,\"valueName\":\"search_term_string\"}}],\"inLanguage\":\"es\"},{\"@type\":\"Person\",\"@id\":\"https:\/\/www.noticiasradioreflejos.com.ar\/2021\/#\/schema\/person\/ad82545263dcc5ec0996818884fd5fb1\",\"name\":\"Arnaldo Botto\",\"image\":{\"@type\":\"ImageObject\",\"inLanguage\":\"es\",\"@id\":\"https:\/\/www.noticiasradioreflejos.com.ar\/2021\/#\/schema\/person\/image\/\",\"url\":\"https:\/\/secure.gravatar.com\/avatar\/55cb5e37c1efa326397366e6974cb338056df65cb50e7d64d1cf314e87504837?s=96&d=mm&r=g\",\"contentUrl\":\"https:\/\/secure.gravatar.com\/avatar\/55cb5e37c1efa326397366e6974cb338056df65cb50e7d64d1cf314e87504837?s=96&d=mm&r=g\",\"caption\":\"Arnaldo Botto\"},\"url\":\"https:\/\/www.noticiasradioreflejos.com.ar\/2021\/author\/arnaldo\/\"}]}<\/script>\n<!-- \/ Yoast SEO plugin. -->","yoast_head_json":{"title":"Automoto v\u00f3ley festej\u00f3 su campeonato - Noticias Radio Reflejos","robots":{"index":"index","follow":"follow","max-snippet":"max-snippet:-1","max-image-preview":"max-image-preview:large","max-video-preview":"max-video-preview:-1"},"canonical":"https:\/\/www.noticiasradioreflejos.com.ar\/2021\/automoto-voley-festejo-su-campeonato\/","og_locale":"es_ES","og_type":"article","og_title":"Automoto v\u00f3ley festej\u00f3 su campeonato - Noticias Radio Reflejos","og_description":"Con una cena desarrollada en el fog\u00f3n de la instituci\u00f3n, que cont\u00f3 con la presencia de jugadoras, dirigentes y familiares, el Automoto Club Deportivo festej\u00f3 la obtenci\u00f3n del t\u00edtulo obtenido en el torneo Apertura B Sub 16 de la Asociaci\u00f3n Bahiense de V\u00f3leibol.","og_url":"https:\/\/www.noticiasradioreflejos.com.ar\/2021\/automoto-voley-festejo-su-campeonato\/","og_site_name":"Noticias Radio Reflejos","article_published_time":"2018-08-06T11:04:44+00:00","og_image":[{"url":"http:\/\/farm2.staticflickr.com\/1793\/43833040242_83fc0b21e4.jpg","type":"","width":"","height":""}],"author":"Arnaldo Botto","twitter_card":"summary_large_image","schema":{"@context":"https:\/\/schema.org","@graph":[{"@type":"WebPage","@id":"https:\/\/www.noticiasradioreflejos.com.ar\/2021\/automoto-voley-festejo-su-campeonato\/","url":"https:\/\/www.noticiasradioreflejos.com.ar\/2021\/automoto-voley-festejo-su-campeonato\/","name":"Automoto v\u00f3ley festej\u00f3 su campeonato - Noticias Radio Reflejos","isPartOf":{"@id":"https:\/\/www.noticiasradioreflejos.com.ar\/2021\/#website"},"primaryImageOfPage":{"@id":"https:\/\/www.noticiasradioreflejos.com.ar\/2021\/automoto-voley-festejo-su-campeonato\/#primaryimage"},"image":{"@id":"https:\/\/www.noticiasradioreflejos.com.ar\/2021\/automoto-voley-festejo-su-campeonato\/#primaryimage"},"thumbnailUrl":"http:\/\/farm2.staticflickr.com\/1793\/43833040242_83fc0b21e4.jpg","datePublished":"2018-08-06T11:04:44+00:00","author":{"@id":"https:\/\/www.noticiasradioreflejos.com.ar\/2021\/#\/schema\/person\/ad82545263dcc5ec0996818884fd5fb1"},"breadcrumb":{"@id":"https:\/\/www.noticiasradioreflejos.com.ar\/2021\/automoto-voley-festejo-su-campeonato\/#breadcrumb"},"inLanguage":"es","potentialAction":[{"@type":"ReadAction","target":["https:\/\/www.noticiasradioreflejos.com.ar\/2021\/automoto-voley-festejo-su-campeonato\/"]}]},{"@type":"ImageObject","inLanguage":"es","@id":"https:\/\/www.noticiasradioreflejos.com.ar\/2021\/automoto-voley-festejo-su-campeonato\/#primaryimage","url":"http:\/\/farm2.staticflickr.com\/1793\/43833040242_83fc0b21e4.jpg","contentUrl":"http:\/\/farm2.staticflickr.com\/1793\/43833040242_83fc0b21e4.jpg"},{"@type":"BreadcrumbList","@id":"https:\/\/www.noticiasradioreflejos.com.ar\/2021\/automoto-voley-festejo-su-campeonato\/#breadcrumb","itemListElement":[{"@type":"ListItem","position":1,"name":"Portada","item":"https:\/\/www.noticiasradioreflejos.com.ar\/2021\/"},{"@type":"ListItem","position":2,"name":"Automoto v\u00f3ley festej\u00f3 su campeonato"}]},{"@type":"WebSite","@id":"https:\/\/www.noticiasradioreflejos.com.ar\/2021\/#website","url":"https:\/\/www.noticiasradioreflejos.com.ar\/2021\/","name":"Noticias Radio Reflejos","description":"Las noticias de mi comarca","potentialAction":[{"@type":"SearchAction","target":{"@type":"EntryPoint","urlTemplate":"https:\/\/www.noticiasradioreflejos.com.ar\/2021\/?s={search_term_string}"},"query-input":{"@type":"PropertyValueSpecification","valueRequired":true,"valueName":"search_term_string"}}],"inLanguage":"es"},{"@type":"Person","@id":"https:\/\/www.noticiasradioreflejos.com.ar\/2021\/#\/schema\/person\/ad82545263dcc5ec0996818884fd5fb1","name":"Arnaldo Botto","image":{"@type":"ImageObject","inLanguage":"es","@id":"https:\/\/www.noticiasradioreflejos.com.ar\/2021\/#\/schema\/person\/image\/","url":"https:\/\/secure.gravatar.com\/avatar\/55cb5e37c1efa326397366e6974cb338056df65cb50e7d64d1cf314e87504837?s=96&d=mm&r=g","contentUrl":"https:\/\/secure.gravatar.com\/avatar\/55cb5e37c1efa326397366e6974cb338056df65cb50e7d64d1cf314e87504837?s=96&d=mm&r=g","caption":"Arnaldo Botto"},"url":"https:\/\/www.noticiasradioreflejos.com.ar\/2021\/author\/arnaldo\/"}]}},"_links":{"self":[{"href":"https:\/\/www.noticiasradioreflejos.com.ar\/2021\/wp-json\/wp\/v2\/posts\/23846","targetHints":{"allow":["GET"]}}],"collection":[{"href":"https:\/\/www.noticiasradioreflejos.com.ar\/2021\/wp-json\/wp\/v2\/posts"}],"about":[{"href":"https:\/\/www.noticiasradioreflejos.com.ar\/2021\/wp-json\/wp\/v2\/types\/post"}],"author":[{"embeddable":true,"href":"https:\/\/www.noticiasradioreflejos.com.ar\/2021\/wp-json\/wp\/v2\/users\/3"}],"replies":[{"embeddable":true,"href":"https:\/\/www.noticiasradioreflejos.com.ar\/2021\/wp-json\/wp\/v2\/comments?post=23846"}],"version-history":[{"count":0,"href":"https:\/\/www.noticiasradioreflejos.com.ar\/2021\/wp-json\/wp\/v2\/posts\/23846\/revisions"}],"wp:attachment":[{"href":"https:\/\/www.noticiasradioreflejos.com.ar\/2021\/wp-json\/wp\/v2\/media?parent=23846"}],"wp:term":[{"taxonomy":"category","embeddable":true,"href":"https:\/\/www.noticiasradioreflejos.com.ar\/2021\/wp-json\/wp\/v2\/categories?post=23846"},{"taxonomy":"post_tag","embeddable":true,"href":"https:\/\/www.noticiasradioreflejos.com.ar\/2021\/wp-json\/wp\/v2\/tags?post=23846"}],"curies":[{"name":"wp","href":"https:\/\/api.w.org\/{rel}","templated":true}]}}