{"id":23841,"date":"2018-08-05T23:14:58","date_gmt":"2018-08-06T02:14:58","guid":{"rendered":"http:\/\/www.noticiasradioreflejos.com.ar\/noticias\/?p=23841"},"modified":"2018-08-05T23:14:58","modified_gmt":"2018-08-06T02:14:58","slug":"marcha-provida","status":"publish","type":"post","link":"https:\/\/www.noticiasradioreflejos.com.ar\/2021\/marcha-provida\/","title":{"rendered":"Marcha Provida"},"content":{"rendered":"<p>Este s\u00e1bado por la tarde iglesias evang\u00e9licas de la ciudad y la iglesia cat\u00f3lico se moviliz\u00f3 frente a la Parroquia Santa Rosa de Lima y luego marcharon al Monumento a la madre para macrhar y en defensa de la legalizaci\u00f3n del aborto.<!--more--><br \/>\nEn la semana tanto Eduardo Bruni de Iglesia \u201cAguilas Guerreras\u201d como Santiago Muller de la iglesia cat\u00f3lica lanzaron una f\u00e9rrea defensa por las \u201cDos Vidas\u201d.<br \/>\n\u201cQueremos demostrar que hay m\u00e1s gente en contra que a favor del aborto\u201d, sostuvo Bruni y se\u00f1al\u00f3 que la marcha fue para \u201cdecir no a la muerte y s\u00ed a la vida\u201d.<br \/>\n\u201cEl grupo pr\u00f3vida usa una bandera celeste que es el color de la Argentina, y el grupo de los abortistas el verde, que es el color de los d\u00f3lares; o sea es que es un negociado pol\u00edtico lo que quieren\u201d, manifest\u00f3.<br \/>\nM\u00fcller agreg\u00f3 que la marcha se realiz\u00f3 en todo el pa\u00eds y que \u201cla \u00faltima super\u00f3 los tres millones de personas, lo que da cuentas claras que Argentina es provida\u201d. \u201cEl jueves se declar\u00f3 a Tucum\u00e1n como provincia provida\u201d, subray\u00f3.<br \/>\n\u201cLa legalizaci\u00f3n del aborto en los pa\u00edses en v\u00eda de desarrollo es un plan organizado por Henry Kissinger en la d\u00e9cada de 1960 para controlar a la poblaci\u00f3n y que nosotros no le quitemos los recursos a Estados Unidos y Europa cuando ellos se queden sin los suyos\u201d, afirm\u00f3.<br \/>\nEn la marcha estuvo presente el padre Norberto Lopez y el Intendente Municipal Sergio Bordoni.<br \/>\n<a href=\"http:\/\/farm1.staticflickr.com\/851\/43826147072_457509a29d_z.jpg\" title=\"marcha provida3\" rel=\"\"><img loading=\"lazy\" decoding=\"async\" src=\"http:\/\/farm1.staticflickr.com\/851\/43826147072_457509a29d_z.jpg\" width=\"480\" height=\"640\" alt=\"marcha provida3\" title=\"marcha provida3\" class=\"aligncenter\"><\/a><br \/>\n<a href=\"http:\/\/farm1.staticflickr.com\/858\/28938312777_0fa6060631_z.jpg\" title=\"marcha provida2\" rel=\"\"><img loading=\"lazy\" decoding=\"async\" src=\"http:\/\/farm1.staticflickr.com\/858\/28938312777_0fa6060631_z.jpg\" width=\"640\" height=\"480\" alt=\"marcha provida2\" title=\"marcha provida2\" class=\"aligncenter\"><\/a><\/p>\n","protected":false},"excerpt":{"rendered":"<p>Este s\u00e1bado por la tarde iglesias evang\u00e9licas de la ciudad y la iglesia cat\u00f3lico se moviliz\u00f3 frente a la Parroquia Santa Rosa de Lima y luego marcharon al Monumento a la madre para macrhar y en defensa de la legalizaci\u00f3n del aborto.<\/p>\n","protected":false},"author":3,"featured_media":0,"comment_status":"closed","ping_status":"open","sticky":false,"template":"","format":"standard","meta":{"footnotes":""},"categories":[26],"tags":[],"class_list":["post-23841","post","type-post","status-publish","format-standard","hentry","category-sociedad"],"yoast_head":"<!-- This site is optimized with the Yoast SEO plugin v25.9 - https:\/\/yoast.com\/wordpress\/plugins\/seo\/ -->\n<title>Marcha Provida - Noticias Radio Reflejos<\/title>\n<meta name=\"robots\" content=\"index, follow, max-snippet:-1, max-image-preview:large, max-video-preview:-1\" \/>\n<link rel=\"canonical\" href=\"https:\/\/www.noticiasradioreflejos.com.ar\/2021\/marcha-provida\/\" \/>\n<meta property=\"og:locale\" content=\"es_ES\" \/>\n<meta property=\"og:type\" content=\"article\" \/>\n<meta property=\"og:title\" content=\"Marcha Provida - Noticias Radio Reflejos\" \/>\n<meta property=\"og:description\" content=\"Este s\u00e1bado por la tarde iglesias evang\u00e9licas de la ciudad y la iglesia cat\u00f3lico se moviliz\u00f3 frente a la Parroquia Santa Rosa de Lima y luego marcharon al Monumento a la madre para macrhar y en defensa de la legalizaci\u00f3n del aborto.\" \/>\n<meta property=\"og:url\" content=\"https:\/\/www.noticiasradioreflejos.com.ar\/2021\/marcha-provida\/\" \/>\n<meta property=\"og:site_name\" content=\"Noticias Radio Reflejos\" \/>\n<meta property=\"article:published_time\" content=\"2018-08-06T02:14:58+00:00\" \/>\n<meta property=\"og:image\" content=\"http:\/\/farm1.staticflickr.com\/851\/43826147072_457509a29d_z.jpg\" \/>\n<meta name=\"author\" content=\"Arnaldo Botto\" \/>\n<meta name=\"twitter:card\" content=\"summary_large_image\" \/>\n<script type=\"application\/ld+json\" class=\"yoast-schema-graph\">{\"@context\":\"https:\/\/schema.org\",\"@graph\":[{\"@type\":\"WebPage\",\"@id\":\"https:\/\/www.noticiasradioreflejos.com.ar\/2021\/marcha-provida\/\",\"url\":\"https:\/\/www.noticiasradioreflejos.com.ar\/2021\/marcha-provida\/\",\"name\":\"Marcha Provida - Noticias Radio Reflejos\",\"isPartOf\":{\"@id\":\"https:\/\/www.noticiasradioreflejos.com.ar\/2021\/#website\"},\"primaryImageOfPage\":{\"@id\":\"https:\/\/www.noticiasradioreflejos.com.ar\/2021\/marcha-provida\/#primaryimage\"},\"image\":{\"@id\":\"https:\/\/www.noticiasradioreflejos.com.ar\/2021\/marcha-provida\/#primaryimage\"},\"thumbnailUrl\":\"http:\/\/farm1.staticflickr.com\/851\/43826147072_457509a29d_z.jpg\",\"datePublished\":\"2018-08-06T02:14:58+00:00\",\"author\":{\"@id\":\"https:\/\/www.noticiasradioreflejos.com.ar\/2021\/#\/schema\/person\/ad82545263dcc5ec0996818884fd5fb1\"},\"breadcrumb\":{\"@id\":\"https:\/\/www.noticiasradioreflejos.com.ar\/2021\/marcha-provida\/#breadcrumb\"},\"inLanguage\":\"es\",\"potentialAction\":[{\"@type\":\"ReadAction\",\"target\":[\"https:\/\/www.noticiasradioreflejos.com.ar\/2021\/marcha-provida\/\"]}]},{\"@type\":\"ImageObject\",\"inLanguage\":\"es\",\"@id\":\"https:\/\/www.noticiasradioreflejos.com.ar\/2021\/marcha-provida\/#primaryimage\",\"url\":\"http:\/\/farm1.staticflickr.com\/851\/43826147072_457509a29d_z.jpg\",\"contentUrl\":\"http:\/\/farm1.staticflickr.com\/851\/43826147072_457509a29d_z.jpg\"},{\"@type\":\"BreadcrumbList\",\"@id\":\"https:\/\/www.noticiasradioreflejos.com.ar\/2021\/marcha-provida\/#breadcrumb\",\"itemListElement\":[{\"@type\":\"ListItem\",\"position\":1,\"name\":\"Portada\",\"item\":\"https:\/\/www.noticiasradioreflejos.com.ar\/2021\/\"},{\"@type\":\"ListItem\",\"position\":2,\"name\":\"Marcha Provida\"}]},{\"@type\":\"WebSite\",\"@id\":\"https:\/\/www.noticiasradioreflejos.com.ar\/2021\/#website\",\"url\":\"https:\/\/www.noticiasradioreflejos.com.ar\/2021\/\",\"name\":\"Noticias Radio Reflejos\",\"description\":\"Las noticias de mi comarca\",\"potentialAction\":[{\"@type\":\"SearchAction\",\"target\":{\"@type\":\"EntryPoint\",\"urlTemplate\":\"https:\/\/www.noticiasradioreflejos.com.ar\/2021\/?s={search_term_string}\"},\"query-input\":{\"@type\":\"PropertyValueSpecification\",\"valueRequired\":true,\"valueName\":\"search_term_string\"}}],\"inLanguage\":\"es\"},{\"@type\":\"Person\",\"@id\":\"https:\/\/www.noticiasradioreflejos.com.ar\/2021\/#\/schema\/person\/ad82545263dcc5ec0996818884fd5fb1\",\"name\":\"Arnaldo Botto\",\"image\":{\"@type\":\"ImageObject\",\"inLanguage\":\"es\",\"@id\":\"https:\/\/www.noticiasradioreflejos.com.ar\/2021\/#\/schema\/person\/image\/\",\"url\":\"https:\/\/secure.gravatar.com\/avatar\/55cb5e37c1efa326397366e6974cb338056df65cb50e7d64d1cf314e87504837?s=96&d=mm&r=g\",\"contentUrl\":\"https:\/\/secure.gravatar.com\/avatar\/55cb5e37c1efa326397366e6974cb338056df65cb50e7d64d1cf314e87504837?s=96&d=mm&r=g\",\"caption\":\"Arnaldo Botto\"},\"url\":\"https:\/\/www.noticiasradioreflejos.com.ar\/2021\/author\/arnaldo\/\"}]}<\/script>\n<!-- \/ Yoast SEO plugin. -->","yoast_head_json":{"title":"Marcha Provida - Noticias Radio Reflejos","robots":{"index":"index","follow":"follow","max-snippet":"max-snippet:-1","max-image-preview":"max-image-preview:large","max-video-preview":"max-video-preview:-1"},"canonical":"https:\/\/www.noticiasradioreflejos.com.ar\/2021\/marcha-provida\/","og_locale":"es_ES","og_type":"article","og_title":"Marcha Provida - Noticias Radio Reflejos","og_description":"Este s\u00e1bado por la tarde iglesias evang\u00e9licas de la ciudad y la iglesia cat\u00f3lico se moviliz\u00f3 frente a la Parroquia Santa Rosa de Lima y luego marcharon al Monumento a la madre para macrhar y en defensa de la legalizaci\u00f3n del aborto.","og_url":"https:\/\/www.noticiasradioreflejos.com.ar\/2021\/marcha-provida\/","og_site_name":"Noticias Radio Reflejos","article_published_time":"2018-08-06T02:14:58+00:00","og_image":[{"url":"http:\/\/farm1.staticflickr.com\/851\/43826147072_457509a29d_z.jpg","type":"","width":"","height":""}],"author":"Arnaldo Botto","twitter_card":"summary_large_image","schema":{"@context":"https:\/\/schema.org","@graph":[{"@type":"WebPage","@id":"https:\/\/www.noticiasradioreflejos.com.ar\/2021\/marcha-provida\/","url":"https:\/\/www.noticiasradioreflejos.com.ar\/2021\/marcha-provida\/","name":"Marcha Provida - Noticias Radio Reflejos","isPartOf":{"@id":"https:\/\/www.noticiasradioreflejos.com.ar\/2021\/#website"},"primaryImageOfPage":{"@id":"https:\/\/www.noticiasradioreflejos.com.ar\/2021\/marcha-provida\/#primaryimage"},"image":{"@id":"https:\/\/www.noticiasradioreflejos.com.ar\/2021\/marcha-provida\/#primaryimage"},"thumbnailUrl":"http:\/\/farm1.staticflickr.com\/851\/43826147072_457509a29d_z.jpg","datePublished":"2018-08-06T02:14:58+00:00","author":{"@id":"https:\/\/www.noticiasradioreflejos.com.ar\/2021\/#\/schema\/person\/ad82545263dcc5ec0996818884fd5fb1"},"breadcrumb":{"@id":"https:\/\/www.noticiasradioreflejos.com.ar\/2021\/marcha-provida\/#breadcrumb"},"inLanguage":"es","potentialAction":[{"@type":"ReadAction","target":["https:\/\/www.noticiasradioreflejos.com.ar\/2021\/marcha-provida\/"]}]},{"@type":"ImageObject","inLanguage":"es","@id":"https:\/\/www.noticiasradioreflejos.com.ar\/2021\/marcha-provida\/#primaryimage","url":"http:\/\/farm1.staticflickr.com\/851\/43826147072_457509a29d_z.jpg","contentUrl":"http:\/\/farm1.staticflickr.com\/851\/43826147072_457509a29d_z.jpg"},{"@type":"BreadcrumbList","@id":"https:\/\/www.noticiasradioreflejos.com.ar\/2021\/marcha-provida\/#breadcrumb","itemListElement":[{"@type":"ListItem","position":1,"name":"Portada","item":"https:\/\/www.noticiasradioreflejos.com.ar\/2021\/"},{"@type":"ListItem","position":2,"name":"Marcha Provida"}]},{"@type":"WebSite","@id":"https:\/\/www.noticiasradioreflejos.com.ar\/2021\/#website","url":"https:\/\/www.noticiasradioreflejos.com.ar\/2021\/","name":"Noticias Radio Reflejos","description":"Las noticias de mi comarca","potentialAction":[{"@type":"SearchAction","target":{"@type":"EntryPoint","urlTemplate":"https:\/\/www.noticiasradioreflejos.com.ar\/2021\/?s={search_term_string}"},"query-input":{"@type":"PropertyValueSpecification","valueRequired":true,"valueName":"search_term_string"}}],"inLanguage":"es"},{"@type":"Person","@id":"https:\/\/www.noticiasradioreflejos.com.ar\/2021\/#\/schema\/person\/ad82545263dcc5ec0996818884fd5fb1","name":"Arnaldo Botto","image":{"@type":"ImageObject","inLanguage":"es","@id":"https:\/\/www.noticiasradioreflejos.com.ar\/2021\/#\/schema\/person\/image\/","url":"https:\/\/secure.gravatar.com\/avatar\/55cb5e37c1efa326397366e6974cb338056df65cb50e7d64d1cf314e87504837?s=96&d=mm&r=g","contentUrl":"https:\/\/secure.gravatar.com\/avatar\/55cb5e37c1efa326397366e6974cb338056df65cb50e7d64d1cf314e87504837?s=96&d=mm&r=g","caption":"Arnaldo Botto"},"url":"https:\/\/www.noticiasradioreflejos.com.ar\/2021\/author\/arnaldo\/"}]}},"_links":{"self":[{"href":"https:\/\/www.noticiasradioreflejos.com.ar\/2021\/wp-json\/wp\/v2\/posts\/23841","targetHints":{"allow":["GET"]}}],"collection":[{"href":"https:\/\/www.noticiasradioreflejos.com.ar\/2021\/wp-json\/wp\/v2\/posts"}],"about":[{"href":"https:\/\/www.noticiasradioreflejos.com.ar\/2021\/wp-json\/wp\/v2\/types\/post"}],"author":[{"embeddable":true,"href":"https:\/\/www.noticiasradioreflejos.com.ar\/2021\/wp-json\/wp\/v2\/users\/3"}],"replies":[{"embeddable":true,"href":"https:\/\/www.noticiasradioreflejos.com.ar\/2021\/wp-json\/wp\/v2\/comments?post=23841"}],"version-history":[{"count":0,"href":"https:\/\/www.noticiasradioreflejos.com.ar\/2021\/wp-json\/wp\/v2\/posts\/23841\/revisions"}],"wp:attachment":[{"href":"https:\/\/www.noticiasradioreflejos.com.ar\/2021\/wp-json\/wp\/v2\/media?parent=23841"}],"wp:term":[{"taxonomy":"category","embeddable":true,"href":"https:\/\/www.noticiasradioreflejos.com.ar\/2021\/wp-json\/wp\/v2\/categories?post=23841"},{"taxonomy":"post_tag","embeddable":true,"href":"https:\/\/www.noticiasradioreflejos.com.ar\/2021\/wp-json\/wp\/v2\/tags?post=23841"}],"curies":[{"name":"wp","href":"https:\/\/api.w.org\/{rel}","templated":true}]}}