{"id":23834,"date":"2018-08-04T12:46:46","date_gmt":"2018-08-04T15:46:46","guid":{"rendered":"http:\/\/www.noticiasradioreflejos.com.ar\/noticias\/?p=23834"},"modified":"2018-08-04T12:46:46","modified_gmt":"2018-08-04T15:46:46","slug":"presencia-del-pj-tornquist-en-la-primer-reunion-del-pj-sexta-seccion","status":"publish","type":"post","link":"https:\/\/www.noticiasradioreflejos.com.ar\/2021\/presencia-del-pj-tornquist-en-la-primer-reunion-del-pj-sexta-seccion\/","title":{"rendered":"Presencia del PJ Tornquist en la primer reuni\u00f3n del PJ Sexta secci\u00f3n"},"content":{"rendered":"<p>Con la presencia del vicepresidente del PJ bonaerense, Fernando Gray, intendentes de la Sexta secci\u00f3n electoral, legisladores, presidentes de los PJ distritales, concejales y consejeros , se llev\u00f3 a cabo la primer reuni\u00f3n seccional de este a\u00f1o en la localidad de Coronel Dorrego, <!--more--><br \/>\ndonde cada uno de los representantes expuso las situaciones de su distrito a nivel partidario, llegando a la conclusi\u00f3n que debemos abrirnos al di\u00e1logo con todos los compa\u00f1eros asumiendo cada uno el mayor compromiso, dejando de lado mezquindades individuales , teniendo bien en claro que somos la VERDADERA OPOSICI\u00d3N A ESTE ACTUAL GOBIERNO.<br \/>\nEn el encuentro junto a Gray (vicepresidente del PJ bonaerense) y el Presidente del Pj de Tornquist acompa\u00f1ado de algunos militantes<\/p>\n","protected":false},"excerpt":{"rendered":"<p>Con la presencia del vicepresidente del PJ bonaerense, Fernando Gray, intendentes de la Sexta secci\u00f3n electoral, legisladores, presidentes de los PJ distritales, concejales y consejeros , se llev\u00f3 a cabo la primer reuni\u00f3n seccional de este a\u00f1o en la localidad de Coronel Dorrego,<\/p>\n","protected":false},"author":3,"featured_media":0,"comment_status":"closed","ping_status":"open","sticky":false,"template":"","format":"standard","meta":{"footnotes":""},"categories":[24],"tags":[],"class_list":["post-23834","post","type-post","status-publish","format-standard","hentry","category-politica"],"yoast_head":"<!-- This site is optimized with the Yoast SEO plugin v25.9 - https:\/\/yoast.com\/wordpress\/plugins\/seo\/ -->\n<title>Presencia del PJ Tornquist en la primer reuni\u00f3n del PJ Sexta secci\u00f3n - Noticias Radio Reflejos<\/title>\n<meta name=\"robots\" content=\"index, follow, max-snippet:-1, max-image-preview:large, max-video-preview:-1\" \/>\n<link rel=\"canonical\" href=\"https:\/\/www.noticiasradioreflejos.com.ar\/2021\/presencia-del-pj-tornquist-en-la-primer-reunion-del-pj-sexta-seccion\/\" \/>\n<meta property=\"og:locale\" content=\"es_ES\" \/>\n<meta property=\"og:type\" content=\"article\" \/>\n<meta property=\"og:title\" content=\"Presencia del PJ Tornquist en la primer reuni\u00f3n del PJ Sexta secci\u00f3n - Noticias Radio Reflejos\" \/>\n<meta property=\"og:description\" content=\"Con la presencia del vicepresidente del PJ bonaerense, Fernando Gray, intendentes de la Sexta secci\u00f3n electoral, legisladores, presidentes de los PJ distritales, concejales y consejeros , se llev\u00f3 a cabo la primer reuni\u00f3n seccional de este a\u00f1o en la localidad de Coronel Dorrego,\" \/>\n<meta property=\"og:url\" content=\"https:\/\/www.noticiasradioreflejos.com.ar\/2021\/presencia-del-pj-tornquist-en-la-primer-reunion-del-pj-sexta-seccion\/\" \/>\n<meta property=\"og:site_name\" content=\"Noticias Radio Reflejos\" \/>\n<meta property=\"article:published_time\" content=\"2018-08-04T15:46:46+00:00\" \/>\n<meta property=\"og:image\" content=\"https:\/\/www.noticiasradioreflejos.com.ar\/2021\/wp-content\/uploads\/2021\/07\/logosol300x200.png\" \/>\n\t<meta property=\"og:image:width\" content=\"300\" \/>\n\t<meta property=\"og:image:height\" content=\"200\" \/>\n\t<meta property=\"og:image:type\" content=\"image\/png\" \/>\n<meta name=\"author\" content=\"Arnaldo Botto\" \/>\n<meta name=\"twitter:card\" content=\"summary_large_image\" \/>\n<script type=\"application\/ld+json\" class=\"yoast-schema-graph\">{\"@context\":\"https:\/\/schema.org\",\"@graph\":[{\"@type\":\"WebPage\",\"@id\":\"https:\/\/www.noticiasradioreflejos.com.ar\/2021\/presencia-del-pj-tornquist-en-la-primer-reunion-del-pj-sexta-seccion\/\",\"url\":\"https:\/\/www.noticiasradioreflejos.com.ar\/2021\/presencia-del-pj-tornquist-en-la-primer-reunion-del-pj-sexta-seccion\/\",\"name\":\"Presencia del PJ Tornquist en la primer reuni\u00f3n del PJ Sexta secci\u00f3n - Noticias Radio Reflejos\",\"isPartOf\":{\"@id\":\"https:\/\/www.noticiasradioreflejos.com.ar\/2021\/#website\"},\"datePublished\":\"2018-08-04T15:46:46+00:00\",\"author\":{\"@id\":\"https:\/\/www.noticiasradioreflejos.com.ar\/2021\/#\/schema\/person\/ad82545263dcc5ec0996818884fd5fb1\"},\"breadcrumb\":{\"@id\":\"https:\/\/www.noticiasradioreflejos.com.ar\/2021\/presencia-del-pj-tornquist-en-la-primer-reunion-del-pj-sexta-seccion\/#breadcrumb\"},\"inLanguage\":\"es\",\"potentialAction\":[{\"@type\":\"ReadAction\",\"target\":[\"https:\/\/www.noticiasradioreflejos.com.ar\/2021\/presencia-del-pj-tornquist-en-la-primer-reunion-del-pj-sexta-seccion\/\"]}]},{\"@type\":\"BreadcrumbList\",\"@id\":\"https:\/\/www.noticiasradioreflejos.com.ar\/2021\/presencia-del-pj-tornquist-en-la-primer-reunion-del-pj-sexta-seccion\/#breadcrumb\",\"itemListElement\":[{\"@type\":\"ListItem\",\"position\":1,\"name\":\"Portada\",\"item\":\"https:\/\/www.noticiasradioreflejos.com.ar\/2021\/\"},{\"@type\":\"ListItem\",\"position\":2,\"name\":\"Presencia del PJ Tornquist en la primer reuni\u00f3n del PJ Sexta secci\u00f3n\"}]},{\"@type\":\"WebSite\",\"@id\":\"https:\/\/www.noticiasradioreflejos.com.ar\/2021\/#website\",\"url\":\"https:\/\/www.noticiasradioreflejos.com.ar\/2021\/\",\"name\":\"Noticias Radio Reflejos\",\"description\":\"Las noticias de mi comarca\",\"potentialAction\":[{\"@type\":\"SearchAction\",\"target\":{\"@type\":\"EntryPoint\",\"urlTemplate\":\"https:\/\/www.noticiasradioreflejos.com.ar\/2021\/?s={search_term_string}\"},\"query-input\":{\"@type\":\"PropertyValueSpecification\",\"valueRequired\":true,\"valueName\":\"search_term_string\"}}],\"inLanguage\":\"es\"},{\"@type\":\"Person\",\"@id\":\"https:\/\/www.noticiasradioreflejos.com.ar\/2021\/#\/schema\/person\/ad82545263dcc5ec0996818884fd5fb1\",\"name\":\"Arnaldo Botto\",\"image\":{\"@type\":\"ImageObject\",\"inLanguage\":\"es\",\"@id\":\"https:\/\/www.noticiasradioreflejos.com.ar\/2021\/#\/schema\/person\/image\/\",\"url\":\"https:\/\/secure.gravatar.com\/avatar\/55cb5e37c1efa326397366e6974cb338056df65cb50e7d64d1cf314e87504837?s=96&d=mm&r=g\",\"contentUrl\":\"https:\/\/secure.gravatar.com\/avatar\/55cb5e37c1efa326397366e6974cb338056df65cb50e7d64d1cf314e87504837?s=96&d=mm&r=g\",\"caption\":\"Arnaldo Botto\"},\"url\":\"https:\/\/www.noticiasradioreflejos.com.ar\/2021\/author\/arnaldo\/\"}]}<\/script>\n<!-- \/ Yoast SEO plugin. -->","yoast_head_json":{"title":"Presencia del PJ Tornquist en la primer reuni\u00f3n del PJ Sexta secci\u00f3n - Noticias Radio Reflejos","robots":{"index":"index","follow":"follow","max-snippet":"max-snippet:-1","max-image-preview":"max-image-preview:large","max-video-preview":"max-video-preview:-1"},"canonical":"https:\/\/www.noticiasradioreflejos.com.ar\/2021\/presencia-del-pj-tornquist-en-la-primer-reunion-del-pj-sexta-seccion\/","og_locale":"es_ES","og_type":"article","og_title":"Presencia del PJ Tornquist en la primer reuni\u00f3n del PJ Sexta secci\u00f3n - Noticias Radio Reflejos","og_description":"Con la presencia del vicepresidente del PJ bonaerense, Fernando Gray, intendentes de la Sexta secci\u00f3n electoral, legisladores, presidentes de los PJ distritales, concejales y consejeros , se llev\u00f3 a cabo la primer reuni\u00f3n seccional de este a\u00f1o en la localidad de Coronel Dorrego,","og_url":"https:\/\/www.noticiasradioreflejos.com.ar\/2021\/presencia-del-pj-tornquist-en-la-primer-reunion-del-pj-sexta-seccion\/","og_site_name":"Noticias Radio Reflejos","article_published_time":"2018-08-04T15:46:46+00:00","og_image":[{"width":300,"height":200,"url":"https:\/\/www.noticiasradioreflejos.com.ar\/2021\/wp-content\/uploads\/2021\/07\/logosol300x200.png","type":"image\/png"}],"author":"Arnaldo Botto","twitter_card":"summary_large_image","schema":{"@context":"https:\/\/schema.org","@graph":[{"@type":"WebPage","@id":"https:\/\/www.noticiasradioreflejos.com.ar\/2021\/presencia-del-pj-tornquist-en-la-primer-reunion-del-pj-sexta-seccion\/","url":"https:\/\/www.noticiasradioreflejos.com.ar\/2021\/presencia-del-pj-tornquist-en-la-primer-reunion-del-pj-sexta-seccion\/","name":"Presencia del PJ Tornquist en la primer reuni\u00f3n del PJ Sexta secci\u00f3n - Noticias Radio Reflejos","isPartOf":{"@id":"https:\/\/www.noticiasradioreflejos.com.ar\/2021\/#website"},"datePublished":"2018-08-04T15:46:46+00:00","author":{"@id":"https:\/\/www.noticiasradioreflejos.com.ar\/2021\/#\/schema\/person\/ad82545263dcc5ec0996818884fd5fb1"},"breadcrumb":{"@id":"https:\/\/www.noticiasradioreflejos.com.ar\/2021\/presencia-del-pj-tornquist-en-la-primer-reunion-del-pj-sexta-seccion\/#breadcrumb"},"inLanguage":"es","potentialAction":[{"@type":"ReadAction","target":["https:\/\/www.noticiasradioreflejos.com.ar\/2021\/presencia-del-pj-tornquist-en-la-primer-reunion-del-pj-sexta-seccion\/"]}]},{"@type":"BreadcrumbList","@id":"https:\/\/www.noticiasradioreflejos.com.ar\/2021\/presencia-del-pj-tornquist-en-la-primer-reunion-del-pj-sexta-seccion\/#breadcrumb","itemListElement":[{"@type":"ListItem","position":1,"name":"Portada","item":"https:\/\/www.noticiasradioreflejos.com.ar\/2021\/"},{"@type":"ListItem","position":2,"name":"Presencia del PJ Tornquist en la primer reuni\u00f3n del PJ Sexta secci\u00f3n"}]},{"@type":"WebSite","@id":"https:\/\/www.noticiasradioreflejos.com.ar\/2021\/#website","url":"https:\/\/www.noticiasradioreflejos.com.ar\/2021\/","name":"Noticias Radio Reflejos","description":"Las noticias de mi comarca","potentialAction":[{"@type":"SearchAction","target":{"@type":"EntryPoint","urlTemplate":"https:\/\/www.noticiasradioreflejos.com.ar\/2021\/?s={search_term_string}"},"query-input":{"@type":"PropertyValueSpecification","valueRequired":true,"valueName":"search_term_string"}}],"inLanguage":"es"},{"@type":"Person","@id":"https:\/\/www.noticiasradioreflejos.com.ar\/2021\/#\/schema\/person\/ad82545263dcc5ec0996818884fd5fb1","name":"Arnaldo Botto","image":{"@type":"ImageObject","inLanguage":"es","@id":"https:\/\/www.noticiasradioreflejos.com.ar\/2021\/#\/schema\/person\/image\/","url":"https:\/\/secure.gravatar.com\/avatar\/55cb5e37c1efa326397366e6974cb338056df65cb50e7d64d1cf314e87504837?s=96&d=mm&r=g","contentUrl":"https:\/\/secure.gravatar.com\/avatar\/55cb5e37c1efa326397366e6974cb338056df65cb50e7d64d1cf314e87504837?s=96&d=mm&r=g","caption":"Arnaldo Botto"},"url":"https:\/\/www.noticiasradioreflejos.com.ar\/2021\/author\/arnaldo\/"}]}},"_links":{"self":[{"href":"https:\/\/www.noticiasradioreflejos.com.ar\/2021\/wp-json\/wp\/v2\/posts\/23834","targetHints":{"allow":["GET"]}}],"collection":[{"href":"https:\/\/www.noticiasradioreflejos.com.ar\/2021\/wp-json\/wp\/v2\/posts"}],"about":[{"href":"https:\/\/www.noticiasradioreflejos.com.ar\/2021\/wp-json\/wp\/v2\/types\/post"}],"author":[{"embeddable":true,"href":"https:\/\/www.noticiasradioreflejos.com.ar\/2021\/wp-json\/wp\/v2\/users\/3"}],"replies":[{"embeddable":true,"href":"https:\/\/www.noticiasradioreflejos.com.ar\/2021\/wp-json\/wp\/v2\/comments?post=23834"}],"version-history":[{"count":0,"href":"https:\/\/www.noticiasradioreflejos.com.ar\/2021\/wp-json\/wp\/v2\/posts\/23834\/revisions"}],"wp:attachment":[{"href":"https:\/\/www.noticiasradioreflejos.com.ar\/2021\/wp-json\/wp\/v2\/media?parent=23834"}],"wp:term":[{"taxonomy":"category","embeddable":true,"href":"https:\/\/www.noticiasradioreflejos.com.ar\/2021\/wp-json\/wp\/v2\/categories?post=23834"},{"taxonomy":"post_tag","embeddable":true,"href":"https:\/\/www.noticiasradioreflejos.com.ar\/2021\/wp-json\/wp\/v2\/tags?post=23834"}],"curies":[{"name":"wp","href":"https:\/\/api.w.org\/{rel}","templated":true}]}}