{"id":23828,"date":"2018-08-03T18:40:13","date_gmt":"2018-08-03T21:40:13","guid":{"rendered":"http:\/\/www.noticiasradioreflejos.com.ar\/noticias\/?p=23828"},"modified":"2018-08-03T18:40:13","modified_gmt":"2018-08-03T21:40:13","slug":"recordatorio-dias-y-horarios-de-recoleccion-de-bolsa-verde-en-sierra-de-la-ventana","status":"publish","type":"post","link":"https:\/\/www.noticiasradioreflejos.com.ar\/2021\/recordatorio-dias-y-horarios-de-recoleccion-de-bolsa-verde-en-sierra-de-la-ventana\/","title":{"rendered":"Recordatorio: d\u00edas y horarios de recolecci\u00f3n de bolsa verde en Sierra de la Ventana"},"content":{"rendered":"<p>La Direcci\u00f3n de Medio Ambiente junto a la Delegaci\u00f3n Municipal de Sierra de la Ventana, recuerda que los d\u00edas y horarios de recolecci\u00f3n de bolsa verde son: martes de 14hs a 18hs y s\u00e1bados de 08 hs a 12:00 hs para los sectores de: Villa Tivoli, Barrio Golf, La Cumbre, Valle Hermoso y zona Centro y los d\u00edas jueves de 14 a 18hs para el Barrio San Bernardo.<!--more--><br \/>\nLa bolsa verde se utiliza solo para material reciclable (papel y cart\u00f3n limpio, pl\u00e1sticos y vidrio).<br \/>\nSolicitamos la colaboraci\u00f3n de todos en la separaci\u00f3n de residuos reciclables y org\u00e1nicos, ya que se ha encontrado bolsas verdes contaminadas con material sucio. Cabe aclarar que en el caso de existir bolsas verdes con materiales no reciclables, las mismas ser\u00e1n recolectadas por el cami\u00f3n compactador de bolsas negras.<\/p>\n","protected":false},"excerpt":{"rendered":"<p>La Direcci\u00f3n de Medio Ambiente junto a la Delegaci\u00f3n Municipal de Sierra de la Ventana, recuerda que los d\u00edas y horarios de recolecci\u00f3n de bolsa verde son: martes de 14hs a 18hs y s\u00e1bados de 08 hs a 12:00 hs para los sectores de: Villa Tivoli, Barrio Golf, La Cumbre, Valle Hermoso y zona Centro [&hellip;]<\/p>\n","protected":false},"author":3,"featured_media":0,"comment_status":"closed","ping_status":"open","sticky":false,"template":"","format":"standard","meta":{"footnotes":""},"categories":[26],"tags":[],"class_list":["post-23828","post","type-post","status-publish","format-standard","hentry","category-sociedad"],"yoast_head":"<!-- This site is optimized with the Yoast SEO plugin v25.9 - https:\/\/yoast.com\/wordpress\/plugins\/seo\/ -->\n<title>Recordatorio: d\u00edas y horarios de recolecci\u00f3n de bolsa verde en Sierra de la Ventana - Noticias Radio Reflejos<\/title>\n<meta name=\"robots\" content=\"index, follow, max-snippet:-1, max-image-preview:large, max-video-preview:-1\" \/>\n<link rel=\"canonical\" href=\"https:\/\/www.noticiasradioreflejos.com.ar\/2021\/recordatorio-dias-y-horarios-de-recoleccion-de-bolsa-verde-en-sierra-de-la-ventana\/\" \/>\n<meta property=\"og:locale\" content=\"es_ES\" \/>\n<meta property=\"og:type\" content=\"article\" \/>\n<meta property=\"og:title\" content=\"Recordatorio: d\u00edas y horarios de recolecci\u00f3n de bolsa verde en Sierra de la Ventana - Noticias Radio Reflejos\" \/>\n<meta property=\"og:description\" content=\"La Direcci\u00f3n de Medio Ambiente junto a la Delegaci\u00f3n Municipal de Sierra de la Ventana, recuerda que los d\u00edas y horarios de recolecci\u00f3n de bolsa verde son: martes de 14hs a 18hs y s\u00e1bados de 08 hs a 12:00 hs para los sectores de: Villa Tivoli, Barrio Golf, La Cumbre, Valle Hermoso y zona Centro [&hellip;]\" \/>\n<meta property=\"og:url\" content=\"https:\/\/www.noticiasradioreflejos.com.ar\/2021\/recordatorio-dias-y-horarios-de-recoleccion-de-bolsa-verde-en-sierra-de-la-ventana\/\" \/>\n<meta property=\"og:site_name\" content=\"Noticias Radio Reflejos\" \/>\n<meta property=\"article:published_time\" content=\"2018-08-03T21:40:13+00:00\" \/>\n<meta property=\"og:image\" content=\"https:\/\/www.noticiasradioreflejos.com.ar\/2021\/wp-content\/uploads\/2021\/07\/logosol300x200.png\" \/>\n\t<meta property=\"og:image:width\" content=\"300\" \/>\n\t<meta property=\"og:image:height\" content=\"200\" \/>\n\t<meta property=\"og:image:type\" content=\"image\/png\" \/>\n<meta name=\"author\" content=\"Arnaldo Botto\" \/>\n<meta name=\"twitter:card\" content=\"summary_large_image\" \/>\n<script type=\"application\/ld+json\" class=\"yoast-schema-graph\">{\"@context\":\"https:\/\/schema.org\",\"@graph\":[{\"@type\":\"WebPage\",\"@id\":\"https:\/\/www.noticiasradioreflejos.com.ar\/2021\/recordatorio-dias-y-horarios-de-recoleccion-de-bolsa-verde-en-sierra-de-la-ventana\/\",\"url\":\"https:\/\/www.noticiasradioreflejos.com.ar\/2021\/recordatorio-dias-y-horarios-de-recoleccion-de-bolsa-verde-en-sierra-de-la-ventana\/\",\"name\":\"Recordatorio: d\u00edas y horarios de recolecci\u00f3n de bolsa verde en Sierra de la Ventana - Noticias Radio Reflejos\",\"isPartOf\":{\"@id\":\"https:\/\/www.noticiasradioreflejos.com.ar\/2021\/#website\"},\"datePublished\":\"2018-08-03T21:40:13+00:00\",\"author\":{\"@id\":\"https:\/\/www.noticiasradioreflejos.com.ar\/2021\/#\/schema\/person\/ad82545263dcc5ec0996818884fd5fb1\"},\"breadcrumb\":{\"@id\":\"https:\/\/www.noticiasradioreflejos.com.ar\/2021\/recordatorio-dias-y-horarios-de-recoleccion-de-bolsa-verde-en-sierra-de-la-ventana\/#breadcrumb\"},\"inLanguage\":\"es\",\"potentialAction\":[{\"@type\":\"ReadAction\",\"target\":[\"https:\/\/www.noticiasradioreflejos.com.ar\/2021\/recordatorio-dias-y-horarios-de-recoleccion-de-bolsa-verde-en-sierra-de-la-ventana\/\"]}]},{\"@type\":\"BreadcrumbList\",\"@id\":\"https:\/\/www.noticiasradioreflejos.com.ar\/2021\/recordatorio-dias-y-horarios-de-recoleccion-de-bolsa-verde-en-sierra-de-la-ventana\/#breadcrumb\",\"itemListElement\":[{\"@type\":\"ListItem\",\"position\":1,\"name\":\"Portada\",\"item\":\"https:\/\/www.noticiasradioreflejos.com.ar\/2021\/\"},{\"@type\":\"ListItem\",\"position\":2,\"name\":\"Recordatorio: d\u00edas y horarios de recolecci\u00f3n de bolsa verde en Sierra de la Ventana\"}]},{\"@type\":\"WebSite\",\"@id\":\"https:\/\/www.noticiasradioreflejos.com.ar\/2021\/#website\",\"url\":\"https:\/\/www.noticiasradioreflejos.com.ar\/2021\/\",\"name\":\"Noticias Radio Reflejos\",\"description\":\"Las noticias de mi comarca\",\"potentialAction\":[{\"@type\":\"SearchAction\",\"target\":{\"@type\":\"EntryPoint\",\"urlTemplate\":\"https:\/\/www.noticiasradioreflejos.com.ar\/2021\/?s={search_term_string}\"},\"query-input\":{\"@type\":\"PropertyValueSpecification\",\"valueRequired\":true,\"valueName\":\"search_term_string\"}}],\"inLanguage\":\"es\"},{\"@type\":\"Person\",\"@id\":\"https:\/\/www.noticiasradioreflejos.com.ar\/2021\/#\/schema\/person\/ad82545263dcc5ec0996818884fd5fb1\",\"name\":\"Arnaldo Botto\",\"image\":{\"@type\":\"ImageObject\",\"inLanguage\":\"es\",\"@id\":\"https:\/\/www.noticiasradioreflejos.com.ar\/2021\/#\/schema\/person\/image\/\",\"url\":\"https:\/\/secure.gravatar.com\/avatar\/55cb5e37c1efa326397366e6974cb338056df65cb50e7d64d1cf314e87504837?s=96&d=mm&r=g\",\"contentUrl\":\"https:\/\/secure.gravatar.com\/avatar\/55cb5e37c1efa326397366e6974cb338056df65cb50e7d64d1cf314e87504837?s=96&d=mm&r=g\",\"caption\":\"Arnaldo Botto\"},\"url\":\"https:\/\/www.noticiasradioreflejos.com.ar\/2021\/author\/arnaldo\/\"}]}<\/script>\n<!-- \/ Yoast SEO plugin. -->","yoast_head_json":{"title":"Recordatorio: d\u00edas y horarios de recolecci\u00f3n de bolsa verde en Sierra de la Ventana - Noticias Radio Reflejos","robots":{"index":"index","follow":"follow","max-snippet":"max-snippet:-1","max-image-preview":"max-image-preview:large","max-video-preview":"max-video-preview:-1"},"canonical":"https:\/\/www.noticiasradioreflejos.com.ar\/2021\/recordatorio-dias-y-horarios-de-recoleccion-de-bolsa-verde-en-sierra-de-la-ventana\/","og_locale":"es_ES","og_type":"article","og_title":"Recordatorio: d\u00edas y horarios de recolecci\u00f3n de bolsa verde en Sierra de la Ventana - Noticias Radio Reflejos","og_description":"La Direcci\u00f3n de Medio Ambiente junto a la Delegaci\u00f3n Municipal de Sierra de la Ventana, recuerda que los d\u00edas y horarios de recolecci\u00f3n de bolsa verde son: martes de 14hs a 18hs y s\u00e1bados de 08 hs a 12:00 hs para los sectores de: Villa Tivoli, Barrio Golf, La Cumbre, Valle Hermoso y zona Centro [&hellip;]","og_url":"https:\/\/www.noticiasradioreflejos.com.ar\/2021\/recordatorio-dias-y-horarios-de-recoleccion-de-bolsa-verde-en-sierra-de-la-ventana\/","og_site_name":"Noticias Radio Reflejos","article_published_time":"2018-08-03T21:40:13+00:00","og_image":[{"width":300,"height":200,"url":"https:\/\/www.noticiasradioreflejos.com.ar\/2021\/wp-content\/uploads\/2021\/07\/logosol300x200.png","type":"image\/png"}],"author":"Arnaldo Botto","twitter_card":"summary_large_image","schema":{"@context":"https:\/\/schema.org","@graph":[{"@type":"WebPage","@id":"https:\/\/www.noticiasradioreflejos.com.ar\/2021\/recordatorio-dias-y-horarios-de-recoleccion-de-bolsa-verde-en-sierra-de-la-ventana\/","url":"https:\/\/www.noticiasradioreflejos.com.ar\/2021\/recordatorio-dias-y-horarios-de-recoleccion-de-bolsa-verde-en-sierra-de-la-ventana\/","name":"Recordatorio: d\u00edas y horarios de recolecci\u00f3n de bolsa verde en Sierra de la Ventana - Noticias Radio Reflejos","isPartOf":{"@id":"https:\/\/www.noticiasradioreflejos.com.ar\/2021\/#website"},"datePublished":"2018-08-03T21:40:13+00:00","author":{"@id":"https:\/\/www.noticiasradioreflejos.com.ar\/2021\/#\/schema\/person\/ad82545263dcc5ec0996818884fd5fb1"},"breadcrumb":{"@id":"https:\/\/www.noticiasradioreflejos.com.ar\/2021\/recordatorio-dias-y-horarios-de-recoleccion-de-bolsa-verde-en-sierra-de-la-ventana\/#breadcrumb"},"inLanguage":"es","potentialAction":[{"@type":"ReadAction","target":["https:\/\/www.noticiasradioreflejos.com.ar\/2021\/recordatorio-dias-y-horarios-de-recoleccion-de-bolsa-verde-en-sierra-de-la-ventana\/"]}]},{"@type":"BreadcrumbList","@id":"https:\/\/www.noticiasradioreflejos.com.ar\/2021\/recordatorio-dias-y-horarios-de-recoleccion-de-bolsa-verde-en-sierra-de-la-ventana\/#breadcrumb","itemListElement":[{"@type":"ListItem","position":1,"name":"Portada","item":"https:\/\/www.noticiasradioreflejos.com.ar\/2021\/"},{"@type":"ListItem","position":2,"name":"Recordatorio: d\u00edas y horarios de recolecci\u00f3n de bolsa verde en Sierra de la Ventana"}]},{"@type":"WebSite","@id":"https:\/\/www.noticiasradioreflejos.com.ar\/2021\/#website","url":"https:\/\/www.noticiasradioreflejos.com.ar\/2021\/","name":"Noticias Radio Reflejos","description":"Las noticias de mi comarca","potentialAction":[{"@type":"SearchAction","target":{"@type":"EntryPoint","urlTemplate":"https:\/\/www.noticiasradioreflejos.com.ar\/2021\/?s={search_term_string}"},"query-input":{"@type":"PropertyValueSpecification","valueRequired":true,"valueName":"search_term_string"}}],"inLanguage":"es"},{"@type":"Person","@id":"https:\/\/www.noticiasradioreflejos.com.ar\/2021\/#\/schema\/person\/ad82545263dcc5ec0996818884fd5fb1","name":"Arnaldo Botto","image":{"@type":"ImageObject","inLanguage":"es","@id":"https:\/\/www.noticiasradioreflejos.com.ar\/2021\/#\/schema\/person\/image\/","url":"https:\/\/secure.gravatar.com\/avatar\/55cb5e37c1efa326397366e6974cb338056df65cb50e7d64d1cf314e87504837?s=96&d=mm&r=g","contentUrl":"https:\/\/secure.gravatar.com\/avatar\/55cb5e37c1efa326397366e6974cb338056df65cb50e7d64d1cf314e87504837?s=96&d=mm&r=g","caption":"Arnaldo Botto"},"url":"https:\/\/www.noticiasradioreflejos.com.ar\/2021\/author\/arnaldo\/"}]}},"_links":{"self":[{"href":"https:\/\/www.noticiasradioreflejos.com.ar\/2021\/wp-json\/wp\/v2\/posts\/23828","targetHints":{"allow":["GET"]}}],"collection":[{"href":"https:\/\/www.noticiasradioreflejos.com.ar\/2021\/wp-json\/wp\/v2\/posts"}],"about":[{"href":"https:\/\/www.noticiasradioreflejos.com.ar\/2021\/wp-json\/wp\/v2\/types\/post"}],"author":[{"embeddable":true,"href":"https:\/\/www.noticiasradioreflejos.com.ar\/2021\/wp-json\/wp\/v2\/users\/3"}],"replies":[{"embeddable":true,"href":"https:\/\/www.noticiasradioreflejos.com.ar\/2021\/wp-json\/wp\/v2\/comments?post=23828"}],"version-history":[{"count":0,"href":"https:\/\/www.noticiasradioreflejos.com.ar\/2021\/wp-json\/wp\/v2\/posts\/23828\/revisions"}],"wp:attachment":[{"href":"https:\/\/www.noticiasradioreflejos.com.ar\/2021\/wp-json\/wp\/v2\/media?parent=23828"}],"wp:term":[{"taxonomy":"category","embeddable":true,"href":"https:\/\/www.noticiasradioreflejos.com.ar\/2021\/wp-json\/wp\/v2\/categories?post=23828"},{"taxonomy":"post_tag","embeddable":true,"href":"https:\/\/www.noticiasradioreflejos.com.ar\/2021\/wp-json\/wp\/v2\/tags?post=23828"}],"curies":[{"name":"wp","href":"https:\/\/api.w.org\/{rel}","templated":true}]}}