{"id":23821,"date":"2018-08-03T20:17:35","date_gmt":"2018-08-03T23:17:35","guid":{"rendered":"http:\/\/www.noticiasradioreflejos.com.ar\/noticias\/?p=23821"},"modified":"2018-08-03T20:17:35","modified_gmt":"2018-08-03T23:17:35","slug":"me-parecia-o-nos-parece-a-todos-que-el-recorte-en-el-cuartel-de-bomberos-no-tiene-que-existir","status":"publish","type":"post","link":"https:\/\/www.noticiasradioreflejos.com.ar\/2021\/me-parecia-o-nos-parece-a-todos-que-el-recorte-en-el-cuartel-de-bomberos-no-tiene-que-existir\/","title":{"rendered":"&quot;Me parec\u00eda o nos parece a todos, que el recorte en el cuartel de bomberos no tiene que existir&quot;"},"content":{"rendered":"<p>Esta ma\u00f1ana hablamos con el Presidente de la Asociaci\u00f3n de Bomberos Voluntarios de Sierra de la Ventana Sergio Teko Dominguez sobre el reclamo que todos los bomberos del pa\u00eds realizaron ayer con un abrazo al congreso de la naci\u00f3n, en reclamo por la quita de subsidios a esas instituciones por parte del gobierno nacional.<!--more--><br \/>\nAdemas destac\u00f3 que se encuentran diagramando lo que ser\u00e1 la fiesta de la primavera de este a\u00f1o, y que se encontraba viendo en las condiciones que estaba el predio, para ultimar detalles. \u00abEstamos a un mes y medio, ya tenemos casi todo cerrado, bandas musicales, sonido, ya venia trabajando desde hace mas de 4 meses que estamos en este proyecto, que es uno de los mas importantes que tenemos en nuestra zona, y con el orgullo de que haya nacido de la mano de bomberos voluntarios. La denominaci\u00f3n siempre surgi\u00f3 como (\u00abExpo Fierro\u00bb) en Sierra de la Ventana, pero como hacia mas de 20 a\u00f1os que se hab\u00eda perdido esa costumbre que ten\u00edamos de venir a disfrutar de la primavera en Sierra, decidimos pasarla para el 21 de Septiembre, ya es el cuarto a\u00f1o que paso por un decreto municipal a ser de inter\u00e9s municipal, y la fiesta de bomberos de Sierra de la Ventana, como primavera y Expo Fierro\u00bb.<br \/>\n\u00abNosotros no pudimos por una cuesti\u00f3n de tiempo y de costos, la capacidad de la federaci\u00f3n nuestra era para 8 personas solamente, y bueno sinceramente a veces es repetitivo lo que digo, pero despu\u00e9s del gran incendio de enero y febrero, econ\u00f3micamente no estamos en condiciones de solventar un viaje a Buenos Aires para hacer algo simb\u00f3lico, realmente pensamos que y tenemos que trabajar desde nuestro cuartel para generar la plata que necesitamos para poder recuperarnos. El abrazo simb\u00f3lico yo creo que tiene un significado muy importante para nosotros, porque hay una ley que es la 25.054, que se gener\u00f3 hace 4\/5 a\u00f1os atr\u00e1s, desde el concejo federal, donde esa ley lo que dice y se gestion\u00f3 se present\u00f3 en su momento en el congreso de la naci\u00f3n y se aprob\u00f3 por unanimidad, en el cual todas las compa\u00f1ias de seguros que aporta la naci\u00f3n, el 5% es destinado a cada uno de los cuarteles de bomberos que son aproximadamente 1000 en todo el pa\u00eds\u00bb.<br \/>\n\u00abLo que pas\u00f3, este reclamo que es totalmente justo porque sinceramente nos afecta de manera directa, a cada uno de los cuarteles, es en el subsidio que recibimos una vez al a\u00f1o desde naci\u00f3n, que con ese subsidio nosotros es la manera que nos equipamos, mejoramos los m\u00f3viles, mantenemos tambi\u00e9n el cuartel de bomberos y destinamos para gastos como, gas, luz, am\u00e9n del subsidio que viene de provincia que sabemos que es muy chico para nosotros, el subsidio importante es el de naci\u00f3n. Que este a\u00f1o tendr\u00eda que haber sido de un mill\u00f3n setecientos mil pesos, en el cual el gobierno a esa ley la quiere reformar, y bajar del 5%, a un 3,5%, lo que eso significa directamente en el bolsillo de los cuarteles de cobrar un mill\u00f3n setecientos, a cobrar un mill\u00f3n sesenta mil pesos, entonces hay un reclamo generalizado, en el cual estamos todos totalmente de acuerdo, porque hay un remanente del a\u00f1o 2017, de aproximadamente unos 150 millones de pesos, de los cuales no llegaron nunca a los cuarteles\u00bb.<br \/>\n\u00abYo creo que hay recortes que se tienen que hacer, entiendo la situaci\u00f3n del pa\u00eds, pero me parec\u00eda o nos parece a todos, que el recorte en el cuartel de bomberos no tiene que existir, ese es el primero y fundamental reclamo. Una cosa es reclamar por lo que nos quieren recortar, y lo que merecen los cuarteles cobrar por una ley, no por un capricho de los cuarteles, y otra cosa es que todav\u00eda no hayamos cobrado los cuarteles\u00bb.<br \/>\n\u00abLos reclamos son justos, creo que es la manera mas correcta de pedir las cosas, pero hay maneras y maneras de hacer los reclamos, entonces pierde fuerza el reclamo\u00bb.<br \/>\n\u00abQuiero agradecer para despedirme, a la comunidad de Sierra de la Ventana, y que sepa que siempre contamos con la ayuda de ellos, porque sino la situaci\u00f3n econ\u00f3mica en la que vivimos, esto se levanta el cuartel entre los vecinos mismos, porque saben que estamos trabajando para la comunidad en conjunto\u00bb.<br \/>\nNOTA COMPLETA:<br \/>\n<iframe loading=\"lazy\" src=\"https:\/\/w.soundcloud.com\/player\/?url=https%3A\/\/api.soundcloud.com\/tracks\/480648495&amp;color=%23ff5500&amp;auto_play=false&amp;hide_related=false&amp;show_comments=true&amp;show_user=true&amp;show_reposts=false&amp;show_teaser=true\" width=\"100%\" height=\"166\" frameborder=\"no\" scrolling=\"no\"><\/iframe><\/p>\n","protected":false},"excerpt":{"rendered":"<p>Esta ma\u00f1ana hablamos con el Presidente de la Asociaci\u00f3n de Bomberos Voluntarios de Sierra de la Ventana Sergio Teko Dominguez sobre el reclamo que todos los bomberos del pa\u00eds realizaron ayer con un abrazo al congreso de la naci\u00f3n, en reclamo por la quita de subsidios a esas instituciones por parte del gobierno nacional.<\/p>\n","protected":false},"author":3,"featured_media":0,"comment_status":"closed","ping_status":"open","sticky":false,"template":"","format":"standard","meta":{"footnotes":""},"categories":[26],"tags":[],"class_list":["post-23821","post","type-post","status-publish","format-standard","hentry","category-sociedad"],"yoast_head":"<!-- This site is optimized with the Yoast SEO plugin v25.9 - https:\/\/yoast.com\/wordpress\/plugins\/seo\/ -->\n<title>&quot;Me parec\u00eda o nos parece a todos, que el recorte en el cuartel de bomberos no tiene que existir&quot; - Noticias Radio Reflejos<\/title>\n<meta name=\"robots\" content=\"index, follow, max-snippet:-1, max-image-preview:large, max-video-preview:-1\" \/>\n<link rel=\"canonical\" href=\"https:\/\/www.noticiasradioreflejos.com.ar\/2021\/me-parecia-o-nos-parece-a-todos-que-el-recorte-en-el-cuartel-de-bomberos-no-tiene-que-existir\/\" \/>\n<meta property=\"og:locale\" content=\"es_ES\" \/>\n<meta property=\"og:type\" content=\"article\" \/>\n<meta property=\"og:title\" content=\"&quot;Me parec\u00eda o nos parece a todos, que el recorte en el cuartel de bomberos no tiene que existir&quot; - Noticias Radio Reflejos\" \/>\n<meta property=\"og:description\" content=\"Esta ma\u00f1ana hablamos con el Presidente de la Asociaci\u00f3n de Bomberos Voluntarios de Sierra de la Ventana Sergio Teko Dominguez sobre el reclamo que todos los bomberos del pa\u00eds realizaron ayer con un abrazo al congreso de la naci\u00f3n, en reclamo por la quita de subsidios a esas instituciones por parte del gobierno nacional.\" \/>\n<meta property=\"og:url\" content=\"https:\/\/www.noticiasradioreflejos.com.ar\/2021\/me-parecia-o-nos-parece-a-todos-que-el-recorte-en-el-cuartel-de-bomberos-no-tiene-que-existir\/\" \/>\n<meta property=\"og:site_name\" content=\"Noticias Radio Reflejos\" \/>\n<meta property=\"article:published_time\" content=\"2018-08-03T23:17:35+00:00\" \/>\n<meta property=\"og:image\" content=\"https:\/\/www.noticiasradioreflejos.com.ar\/2021\/wp-content\/uploads\/2021\/07\/logosol300x200.png\" \/>\n\t<meta property=\"og:image:width\" content=\"300\" \/>\n\t<meta property=\"og:image:height\" content=\"200\" \/>\n\t<meta property=\"og:image:type\" content=\"image\/png\" \/>\n<meta name=\"author\" content=\"Arnaldo Botto\" \/>\n<meta name=\"twitter:card\" content=\"summary_large_image\" \/>\n<script type=\"application\/ld+json\" class=\"yoast-schema-graph\">{\"@context\":\"https:\/\/schema.org\",\"@graph\":[{\"@type\":\"WebPage\",\"@id\":\"https:\/\/www.noticiasradioreflejos.com.ar\/2021\/me-parecia-o-nos-parece-a-todos-que-el-recorte-en-el-cuartel-de-bomberos-no-tiene-que-existir\/\",\"url\":\"https:\/\/www.noticiasradioreflejos.com.ar\/2021\/me-parecia-o-nos-parece-a-todos-que-el-recorte-en-el-cuartel-de-bomberos-no-tiene-que-existir\/\",\"name\":\"&quot;Me parec\u00eda o nos parece a todos, que el recorte en el cuartel de bomberos no tiene que existir&quot; - Noticias Radio Reflejos\",\"isPartOf\":{\"@id\":\"https:\/\/www.noticiasradioreflejos.com.ar\/2021\/#website\"},\"datePublished\":\"2018-08-03T23:17:35+00:00\",\"author\":{\"@id\":\"https:\/\/www.noticiasradioreflejos.com.ar\/2021\/#\/schema\/person\/ad82545263dcc5ec0996818884fd5fb1\"},\"breadcrumb\":{\"@id\":\"https:\/\/www.noticiasradioreflejos.com.ar\/2021\/me-parecia-o-nos-parece-a-todos-que-el-recorte-en-el-cuartel-de-bomberos-no-tiene-que-existir\/#breadcrumb\"},\"inLanguage\":\"es\",\"potentialAction\":[{\"@type\":\"ReadAction\",\"target\":[\"https:\/\/www.noticiasradioreflejos.com.ar\/2021\/me-parecia-o-nos-parece-a-todos-que-el-recorte-en-el-cuartel-de-bomberos-no-tiene-que-existir\/\"]}]},{\"@type\":\"BreadcrumbList\",\"@id\":\"https:\/\/www.noticiasradioreflejos.com.ar\/2021\/me-parecia-o-nos-parece-a-todos-que-el-recorte-en-el-cuartel-de-bomberos-no-tiene-que-existir\/#breadcrumb\",\"itemListElement\":[{\"@type\":\"ListItem\",\"position\":1,\"name\":\"Portada\",\"item\":\"https:\/\/www.noticiasradioreflejos.com.ar\/2021\/\"},{\"@type\":\"ListItem\",\"position\":2,\"name\":\"&quot;Me parec\u00eda o nos parece a todos, que el recorte en el cuartel de bomberos no tiene que existir&quot;\"}]},{\"@type\":\"WebSite\",\"@id\":\"https:\/\/www.noticiasradioreflejos.com.ar\/2021\/#website\",\"url\":\"https:\/\/www.noticiasradioreflejos.com.ar\/2021\/\",\"name\":\"Noticias Radio Reflejos\",\"description\":\"Las noticias de mi comarca\",\"potentialAction\":[{\"@type\":\"SearchAction\",\"target\":{\"@type\":\"EntryPoint\",\"urlTemplate\":\"https:\/\/www.noticiasradioreflejos.com.ar\/2021\/?s={search_term_string}\"},\"query-input\":{\"@type\":\"PropertyValueSpecification\",\"valueRequired\":true,\"valueName\":\"search_term_string\"}}],\"inLanguage\":\"es\"},{\"@type\":\"Person\",\"@id\":\"https:\/\/www.noticiasradioreflejos.com.ar\/2021\/#\/schema\/person\/ad82545263dcc5ec0996818884fd5fb1\",\"name\":\"Arnaldo Botto\",\"image\":{\"@type\":\"ImageObject\",\"inLanguage\":\"es\",\"@id\":\"https:\/\/www.noticiasradioreflejos.com.ar\/2021\/#\/schema\/person\/image\/\",\"url\":\"https:\/\/secure.gravatar.com\/avatar\/55cb5e37c1efa326397366e6974cb338056df65cb50e7d64d1cf314e87504837?s=96&d=mm&r=g\",\"contentUrl\":\"https:\/\/secure.gravatar.com\/avatar\/55cb5e37c1efa326397366e6974cb338056df65cb50e7d64d1cf314e87504837?s=96&d=mm&r=g\",\"caption\":\"Arnaldo Botto\"},\"url\":\"https:\/\/www.noticiasradioreflejos.com.ar\/2021\/author\/arnaldo\/\"}]}<\/script>\n<!-- \/ Yoast SEO plugin. -->","yoast_head_json":{"title":"&quot;Me parec\u00eda o nos parece a todos, que el recorte en el cuartel de bomberos no tiene que existir&quot; - Noticias Radio Reflejos","robots":{"index":"index","follow":"follow","max-snippet":"max-snippet:-1","max-image-preview":"max-image-preview:large","max-video-preview":"max-video-preview:-1"},"canonical":"https:\/\/www.noticiasradioreflejos.com.ar\/2021\/me-parecia-o-nos-parece-a-todos-que-el-recorte-en-el-cuartel-de-bomberos-no-tiene-que-existir\/","og_locale":"es_ES","og_type":"article","og_title":"&quot;Me parec\u00eda o nos parece a todos, que el recorte en el cuartel de bomberos no tiene que existir&quot; - Noticias Radio Reflejos","og_description":"Esta ma\u00f1ana hablamos con el Presidente de la Asociaci\u00f3n de Bomberos Voluntarios de Sierra de la Ventana Sergio Teko Dominguez sobre el reclamo que todos los bomberos del pa\u00eds realizaron ayer con un abrazo al congreso de la naci\u00f3n, en reclamo por la quita de subsidios a esas instituciones por parte del gobierno nacional.","og_url":"https:\/\/www.noticiasradioreflejos.com.ar\/2021\/me-parecia-o-nos-parece-a-todos-que-el-recorte-en-el-cuartel-de-bomberos-no-tiene-que-existir\/","og_site_name":"Noticias Radio Reflejos","article_published_time":"2018-08-03T23:17:35+00:00","og_image":[{"width":300,"height":200,"url":"https:\/\/www.noticiasradioreflejos.com.ar\/2021\/wp-content\/uploads\/2021\/07\/logosol300x200.png","type":"image\/png"}],"author":"Arnaldo Botto","twitter_card":"summary_large_image","schema":{"@context":"https:\/\/schema.org","@graph":[{"@type":"WebPage","@id":"https:\/\/www.noticiasradioreflejos.com.ar\/2021\/me-parecia-o-nos-parece-a-todos-que-el-recorte-en-el-cuartel-de-bomberos-no-tiene-que-existir\/","url":"https:\/\/www.noticiasradioreflejos.com.ar\/2021\/me-parecia-o-nos-parece-a-todos-que-el-recorte-en-el-cuartel-de-bomberos-no-tiene-que-existir\/","name":"&quot;Me parec\u00eda o nos parece a todos, que el recorte en el cuartel de bomberos no tiene que existir&quot; - Noticias Radio Reflejos","isPartOf":{"@id":"https:\/\/www.noticiasradioreflejos.com.ar\/2021\/#website"},"datePublished":"2018-08-03T23:17:35+00:00","author":{"@id":"https:\/\/www.noticiasradioreflejos.com.ar\/2021\/#\/schema\/person\/ad82545263dcc5ec0996818884fd5fb1"},"breadcrumb":{"@id":"https:\/\/www.noticiasradioreflejos.com.ar\/2021\/me-parecia-o-nos-parece-a-todos-que-el-recorte-en-el-cuartel-de-bomberos-no-tiene-que-existir\/#breadcrumb"},"inLanguage":"es","potentialAction":[{"@type":"ReadAction","target":["https:\/\/www.noticiasradioreflejos.com.ar\/2021\/me-parecia-o-nos-parece-a-todos-que-el-recorte-en-el-cuartel-de-bomberos-no-tiene-que-existir\/"]}]},{"@type":"BreadcrumbList","@id":"https:\/\/www.noticiasradioreflejos.com.ar\/2021\/me-parecia-o-nos-parece-a-todos-que-el-recorte-en-el-cuartel-de-bomberos-no-tiene-que-existir\/#breadcrumb","itemListElement":[{"@type":"ListItem","position":1,"name":"Portada","item":"https:\/\/www.noticiasradioreflejos.com.ar\/2021\/"},{"@type":"ListItem","position":2,"name":"&quot;Me parec\u00eda o nos parece a todos, que el recorte en el cuartel de bomberos no tiene que existir&quot;"}]},{"@type":"WebSite","@id":"https:\/\/www.noticiasradioreflejos.com.ar\/2021\/#website","url":"https:\/\/www.noticiasradioreflejos.com.ar\/2021\/","name":"Noticias Radio Reflejos","description":"Las noticias de mi comarca","potentialAction":[{"@type":"SearchAction","target":{"@type":"EntryPoint","urlTemplate":"https:\/\/www.noticiasradioreflejos.com.ar\/2021\/?s={search_term_string}"},"query-input":{"@type":"PropertyValueSpecification","valueRequired":true,"valueName":"search_term_string"}}],"inLanguage":"es"},{"@type":"Person","@id":"https:\/\/www.noticiasradioreflejos.com.ar\/2021\/#\/schema\/person\/ad82545263dcc5ec0996818884fd5fb1","name":"Arnaldo Botto","image":{"@type":"ImageObject","inLanguage":"es","@id":"https:\/\/www.noticiasradioreflejos.com.ar\/2021\/#\/schema\/person\/image\/","url":"https:\/\/secure.gravatar.com\/avatar\/55cb5e37c1efa326397366e6974cb338056df65cb50e7d64d1cf314e87504837?s=96&d=mm&r=g","contentUrl":"https:\/\/secure.gravatar.com\/avatar\/55cb5e37c1efa326397366e6974cb338056df65cb50e7d64d1cf314e87504837?s=96&d=mm&r=g","caption":"Arnaldo Botto"},"url":"https:\/\/www.noticiasradioreflejos.com.ar\/2021\/author\/arnaldo\/"}]}},"_links":{"self":[{"href":"https:\/\/www.noticiasradioreflejos.com.ar\/2021\/wp-json\/wp\/v2\/posts\/23821","targetHints":{"allow":["GET"]}}],"collection":[{"href":"https:\/\/www.noticiasradioreflejos.com.ar\/2021\/wp-json\/wp\/v2\/posts"}],"about":[{"href":"https:\/\/www.noticiasradioreflejos.com.ar\/2021\/wp-json\/wp\/v2\/types\/post"}],"author":[{"embeddable":true,"href":"https:\/\/www.noticiasradioreflejos.com.ar\/2021\/wp-json\/wp\/v2\/users\/3"}],"replies":[{"embeddable":true,"href":"https:\/\/www.noticiasradioreflejos.com.ar\/2021\/wp-json\/wp\/v2\/comments?post=23821"}],"version-history":[{"count":0,"href":"https:\/\/www.noticiasradioreflejos.com.ar\/2021\/wp-json\/wp\/v2\/posts\/23821\/revisions"}],"wp:attachment":[{"href":"https:\/\/www.noticiasradioreflejos.com.ar\/2021\/wp-json\/wp\/v2\/media?parent=23821"}],"wp:term":[{"taxonomy":"category","embeddable":true,"href":"https:\/\/www.noticiasradioreflejos.com.ar\/2021\/wp-json\/wp\/v2\/categories?post=23821"},{"taxonomy":"post_tag","embeddable":true,"href":"https:\/\/www.noticiasradioreflejos.com.ar\/2021\/wp-json\/wp\/v2\/tags?post=23821"}],"curies":[{"name":"wp","href":"https:\/\/api.w.org\/{rel}","templated":true}]}}