{"id":23818,"date":"2018-08-03T19:33:33","date_gmt":"2018-08-03T22:33:33","guid":{"rendered":"http:\/\/www.noticiasradioreflejos.com.ar\/noticias\/?p=23818"},"modified":"2018-08-03T19:33:33","modified_gmt":"2018-08-03T22:33:33","slug":"si-la-perdida-estaba-bajo-piso-lo-van-a-determinar-las-pericias-no-tengas-ninguna-duda-hay-elementos-para-eso","status":"publish","type":"post","link":"https:\/\/www.noticiasradioreflejos.com.ar\/2021\/si-la-perdida-estaba-bajo-piso-lo-van-a-determinar-las-pericias-no-tengas-ninguna-duda-hay-elementos-para-eso\/","title":{"rendered":"&quot;Si la perdida estaba bajo piso, lo van a determinar las pericias, no tengas ninguna duda, hay elementos para eso&quot;"},"content":{"rendered":"<p>Tras la tragedia de la explosi\u00f3n en una escuela de Moreno hablamos con Claudio Fabi\u00e1n Manzano, gasista matriculado de Olavarr\u00eda que trabaja desde hace m\u00e1s de 20 a\u00f1os en establecimientos educativos de su ciudad.<br \/>\nDestacada opini\u00f3n sobre c\u00f3mo se trabaja profesionalmente en las instalaciones de gas en las escuelas y lo que pudo haber pasado, se podr\u00eda haber evitado&#8230;???.<!--more--><br \/>\n\u00abPrimero poner en primer plano la tragedia que enluta, que son cosas evitables, que es el punto donde es un antes y un despu\u00e9s, de si se pudo haber evitado o no. El punto ac\u00e1 es, cualquier matriculado sabe que esta firmando el trabajo que realiza, que no en todas las profesiones pasa, vos te estas haciendo cargo de lo que estas haciendo, entonces pasa mas all\u00e1 del profesionalismo, sino ah\u00ed ya creo que intercede lo que es la persona, vos sabes que si te reclaman de un establecimiento, todas las cosas son importantes, pero cuando tenes a tu cargo una escuela, donde sabes que transitan cantidad de chicos, padres que entran y salen, el volumen de gente es otro, la responsabilidad tiene que ser otra, vos siempre tenes que ocuparte de trabajar cuando no haya chicos en las aulas, una cantidad de por menores que vos lo haces a diario, pero en este caso particularmente, mas haya de lo pol\u00edtico, de lo que se quiera hacer ver, que te dicen que una cosa tapa a la otra, no se como es la historia, no me interesa demasiado, pero si que hay una cadena de responsabilidades obviamente que esto depende de la provincia, no hay duda, depende de un consejo escolar, en este caso de Moreno, depende de partidas que se autorizan para tal o cual gasto, hay partidas directamente determinadas para infraestructura, gas, se operan con las partidas, se ponen donde van o no, no se si es el caso este, ac\u00e1 si que hay una responsabilidad\u00bb.<br \/>\n\u00abSon partidas que las manejan directamente a los consejos escolares, los consejos obviamente son los que van definiendo el ahorro, las obras, las prioridades. Mas all\u00e1 de eso, el orden las prioridades tiene que arrancar en los establecimientos, mas all\u00e1 de lo que paso particularmente en este caso, estoy haciendo un relato de la l\u00f3gica, los directivos mismos tienen la posibilidad de organizarse en cuanto a las prioridades, el hecho de tener una fuga de gas, mas en un lugar donde no hab\u00eda gas natural, convengamos que todo lo que es el gas envasado, es de una alta peligrosidad mayor al gas natural, esto se debe a que el gas envasado es mas pesado que el aire, y si vos tenes una fuga en gas, tenes una determinada cantidad de rejillas de ventilaci\u00f3n, de las cosas que tienen que ir, el gas se va a evaporar, se va a ir, en el caso del gas envasado, se estaciona, es mas dif\u00edcil que evacue, el gas se va amontonando, en este caso particular que la vicedirectora llam\u00f3, habl\u00f3 con el gasista, y entiendo que el gasista no lleg\u00f3 a tiempo, que ya no hab\u00edan encontrado una fuga, y hab\u00edan dejado cerrada alguna llave de alg\u00fan artefacto determinado. El orden de responsabilidades o de prioridades, arranca en los directivos, en decir, paremos las clases, cerremos la escuela, pero bueno no podemos hacer le\u00f1a del \u00e1rbol ca\u00eddo en este momento\u00bb.<br \/>\n\u00abSeguramente el instalador verific\u00f3 que no tuviera fuga el artefacto, cerr\u00f3 la llave, quit\u00f3 la llave, a mi entender desde muy lejos, no puedo hablar demasiado, porque te imaginas que en esto hay peritaje de bomberos, cantidad de cosas que te van a ir llevando, a medida que pasen las horas. Pero para que pase algo as\u00ed, si la llave estaba cerrada, la llave te corta desde la llave hasta el artefacto, pero si ha habido una perdida en un troncal, donde eso alimenta muchas llaves, si la perdida estaba bajo piso, lo van a determinar las pericias, no tengas ninguna duda, hay elementos para eso\u00bb.<br \/>\nNOTA COMPLETA:<br \/>\n<iframe loading=\"lazy\" width=\"100%\" height=\"166\" scrolling=\"no\" frameborder=\"no\" allow=\"autoplay\" src=\"https:\/\/w.soundcloud.com\/player\/?url=https%3A\/\/api.soundcloud.com\/tracks\/480629691&#038;color=%23ff5500&#038;auto_play=false&#038;hide_related=false&#038;show_comments=true&#038;show_user=true&#038;show_reposts=false&#038;show_teaser=true\"><\/iframe><\/p>\n","protected":false},"excerpt":{"rendered":"<p>Tras la tragedia de la explosi\u00f3n en una escuela de Moreno hablamos con Claudio Fabi\u00e1n Manzano, gasista matriculado de Olavarr\u00eda que trabaja desde hace m\u00e1s de 20 a\u00f1os en establecimientos educativos de su ciudad. Destacada opini\u00f3n sobre c\u00f3mo se trabaja profesionalmente en las instalaciones de gas en las escuelas y lo que pudo haber pasado, [&hellip;]<\/p>\n","protected":false},"author":3,"featured_media":0,"comment_status":"closed","ping_status":"open","sticky":false,"template":"","format":"standard","meta":{"footnotes":""},"categories":[26],"tags":[],"class_list":["post-23818","post","type-post","status-publish","format-standard","hentry","category-sociedad"],"yoast_head":"<!-- This site is optimized with the Yoast SEO plugin v25.9 - https:\/\/yoast.com\/wordpress\/plugins\/seo\/ -->\n<title>&quot;Si la perdida estaba bajo piso, lo van a determinar las pericias, no tengas ninguna duda, hay elementos para eso&quot; - Noticias Radio Reflejos<\/title>\n<meta name=\"robots\" content=\"index, follow, max-snippet:-1, max-image-preview:large, max-video-preview:-1\" \/>\n<link rel=\"canonical\" href=\"https:\/\/www.noticiasradioreflejos.com.ar\/2021\/si-la-perdida-estaba-bajo-piso-lo-van-a-determinar-las-pericias-no-tengas-ninguna-duda-hay-elementos-para-eso\/\" \/>\n<meta property=\"og:locale\" content=\"es_ES\" \/>\n<meta property=\"og:type\" content=\"article\" \/>\n<meta property=\"og:title\" content=\"&quot;Si la perdida estaba bajo piso, lo van a determinar las pericias, no tengas ninguna duda, hay elementos para eso&quot; - Noticias Radio Reflejos\" \/>\n<meta property=\"og:description\" content=\"Tras la tragedia de la explosi\u00f3n en una escuela de Moreno hablamos con Claudio Fabi\u00e1n Manzano, gasista matriculado de Olavarr\u00eda que trabaja desde hace m\u00e1s de 20 a\u00f1os en establecimientos educativos de su ciudad. Destacada opini\u00f3n sobre c\u00f3mo se trabaja profesionalmente en las instalaciones de gas en las escuelas y lo que pudo haber pasado, [&hellip;]\" \/>\n<meta property=\"og:url\" content=\"https:\/\/www.noticiasradioreflejos.com.ar\/2021\/si-la-perdida-estaba-bajo-piso-lo-van-a-determinar-las-pericias-no-tengas-ninguna-duda-hay-elementos-para-eso\/\" \/>\n<meta property=\"og:site_name\" content=\"Noticias Radio Reflejos\" \/>\n<meta property=\"article:published_time\" content=\"2018-08-03T22:33:33+00:00\" \/>\n<meta property=\"og:image\" content=\"https:\/\/www.noticiasradioreflejos.com.ar\/2021\/wp-content\/uploads\/2021\/07\/logosol300x200.png\" \/>\n\t<meta property=\"og:image:width\" content=\"300\" \/>\n\t<meta property=\"og:image:height\" content=\"200\" \/>\n\t<meta property=\"og:image:type\" content=\"image\/png\" \/>\n<meta name=\"author\" content=\"Arnaldo Botto\" \/>\n<meta name=\"twitter:card\" content=\"summary_large_image\" \/>\n<script type=\"application\/ld+json\" class=\"yoast-schema-graph\">{\"@context\":\"https:\/\/schema.org\",\"@graph\":[{\"@type\":\"WebPage\",\"@id\":\"https:\/\/www.noticiasradioreflejos.com.ar\/2021\/si-la-perdida-estaba-bajo-piso-lo-van-a-determinar-las-pericias-no-tengas-ninguna-duda-hay-elementos-para-eso\/\",\"url\":\"https:\/\/www.noticiasradioreflejos.com.ar\/2021\/si-la-perdida-estaba-bajo-piso-lo-van-a-determinar-las-pericias-no-tengas-ninguna-duda-hay-elementos-para-eso\/\",\"name\":\"&quot;Si la perdida estaba bajo piso, lo van a determinar las pericias, no tengas ninguna duda, hay elementos para eso&quot; - Noticias Radio Reflejos\",\"isPartOf\":{\"@id\":\"https:\/\/www.noticiasradioreflejos.com.ar\/2021\/#website\"},\"datePublished\":\"2018-08-03T22:33:33+00:00\",\"author\":{\"@id\":\"https:\/\/www.noticiasradioreflejos.com.ar\/2021\/#\/schema\/person\/ad82545263dcc5ec0996818884fd5fb1\"},\"breadcrumb\":{\"@id\":\"https:\/\/www.noticiasradioreflejos.com.ar\/2021\/si-la-perdida-estaba-bajo-piso-lo-van-a-determinar-las-pericias-no-tengas-ninguna-duda-hay-elementos-para-eso\/#breadcrumb\"},\"inLanguage\":\"es\",\"potentialAction\":[{\"@type\":\"ReadAction\",\"target\":[\"https:\/\/www.noticiasradioreflejos.com.ar\/2021\/si-la-perdida-estaba-bajo-piso-lo-van-a-determinar-las-pericias-no-tengas-ninguna-duda-hay-elementos-para-eso\/\"]}]},{\"@type\":\"BreadcrumbList\",\"@id\":\"https:\/\/www.noticiasradioreflejos.com.ar\/2021\/si-la-perdida-estaba-bajo-piso-lo-van-a-determinar-las-pericias-no-tengas-ninguna-duda-hay-elementos-para-eso\/#breadcrumb\",\"itemListElement\":[{\"@type\":\"ListItem\",\"position\":1,\"name\":\"Portada\",\"item\":\"https:\/\/www.noticiasradioreflejos.com.ar\/2021\/\"},{\"@type\":\"ListItem\",\"position\":2,\"name\":\"&quot;Si la perdida estaba bajo piso, lo van a determinar las pericias, no tengas ninguna duda, hay elementos para eso&quot;\"}]},{\"@type\":\"WebSite\",\"@id\":\"https:\/\/www.noticiasradioreflejos.com.ar\/2021\/#website\",\"url\":\"https:\/\/www.noticiasradioreflejos.com.ar\/2021\/\",\"name\":\"Noticias Radio Reflejos\",\"description\":\"Las noticias de mi comarca\",\"potentialAction\":[{\"@type\":\"SearchAction\",\"target\":{\"@type\":\"EntryPoint\",\"urlTemplate\":\"https:\/\/www.noticiasradioreflejos.com.ar\/2021\/?s={search_term_string}\"},\"query-input\":{\"@type\":\"PropertyValueSpecification\",\"valueRequired\":true,\"valueName\":\"search_term_string\"}}],\"inLanguage\":\"es\"},{\"@type\":\"Person\",\"@id\":\"https:\/\/www.noticiasradioreflejos.com.ar\/2021\/#\/schema\/person\/ad82545263dcc5ec0996818884fd5fb1\",\"name\":\"Arnaldo Botto\",\"image\":{\"@type\":\"ImageObject\",\"inLanguage\":\"es\",\"@id\":\"https:\/\/www.noticiasradioreflejos.com.ar\/2021\/#\/schema\/person\/image\/\",\"url\":\"https:\/\/secure.gravatar.com\/avatar\/55cb5e37c1efa326397366e6974cb338056df65cb50e7d64d1cf314e87504837?s=96&d=mm&r=g\",\"contentUrl\":\"https:\/\/secure.gravatar.com\/avatar\/55cb5e37c1efa326397366e6974cb338056df65cb50e7d64d1cf314e87504837?s=96&d=mm&r=g\",\"caption\":\"Arnaldo Botto\"},\"url\":\"https:\/\/www.noticiasradioreflejos.com.ar\/2021\/author\/arnaldo\/\"}]}<\/script>\n<!-- \/ Yoast SEO plugin. -->","yoast_head_json":{"title":"&quot;Si la perdida estaba bajo piso, lo van a determinar las pericias, no tengas ninguna duda, hay elementos para eso&quot; - Noticias Radio Reflejos","robots":{"index":"index","follow":"follow","max-snippet":"max-snippet:-1","max-image-preview":"max-image-preview:large","max-video-preview":"max-video-preview:-1"},"canonical":"https:\/\/www.noticiasradioreflejos.com.ar\/2021\/si-la-perdida-estaba-bajo-piso-lo-van-a-determinar-las-pericias-no-tengas-ninguna-duda-hay-elementos-para-eso\/","og_locale":"es_ES","og_type":"article","og_title":"&quot;Si la perdida estaba bajo piso, lo van a determinar las pericias, no tengas ninguna duda, hay elementos para eso&quot; - Noticias Radio Reflejos","og_description":"Tras la tragedia de la explosi\u00f3n en una escuela de Moreno hablamos con Claudio Fabi\u00e1n Manzano, gasista matriculado de Olavarr\u00eda que trabaja desde hace m\u00e1s de 20 a\u00f1os en establecimientos educativos de su ciudad. Destacada opini\u00f3n sobre c\u00f3mo se trabaja profesionalmente en las instalaciones de gas en las escuelas y lo que pudo haber pasado, [&hellip;]","og_url":"https:\/\/www.noticiasradioreflejos.com.ar\/2021\/si-la-perdida-estaba-bajo-piso-lo-van-a-determinar-las-pericias-no-tengas-ninguna-duda-hay-elementos-para-eso\/","og_site_name":"Noticias Radio Reflejos","article_published_time":"2018-08-03T22:33:33+00:00","og_image":[{"width":300,"height":200,"url":"https:\/\/www.noticiasradioreflejos.com.ar\/2021\/wp-content\/uploads\/2021\/07\/logosol300x200.png","type":"image\/png"}],"author":"Arnaldo Botto","twitter_card":"summary_large_image","schema":{"@context":"https:\/\/schema.org","@graph":[{"@type":"WebPage","@id":"https:\/\/www.noticiasradioreflejos.com.ar\/2021\/si-la-perdida-estaba-bajo-piso-lo-van-a-determinar-las-pericias-no-tengas-ninguna-duda-hay-elementos-para-eso\/","url":"https:\/\/www.noticiasradioreflejos.com.ar\/2021\/si-la-perdida-estaba-bajo-piso-lo-van-a-determinar-las-pericias-no-tengas-ninguna-duda-hay-elementos-para-eso\/","name":"&quot;Si la perdida estaba bajo piso, lo van a determinar las pericias, no tengas ninguna duda, hay elementos para eso&quot; - Noticias Radio Reflejos","isPartOf":{"@id":"https:\/\/www.noticiasradioreflejos.com.ar\/2021\/#website"},"datePublished":"2018-08-03T22:33:33+00:00","author":{"@id":"https:\/\/www.noticiasradioreflejos.com.ar\/2021\/#\/schema\/person\/ad82545263dcc5ec0996818884fd5fb1"},"breadcrumb":{"@id":"https:\/\/www.noticiasradioreflejos.com.ar\/2021\/si-la-perdida-estaba-bajo-piso-lo-van-a-determinar-las-pericias-no-tengas-ninguna-duda-hay-elementos-para-eso\/#breadcrumb"},"inLanguage":"es","potentialAction":[{"@type":"ReadAction","target":["https:\/\/www.noticiasradioreflejos.com.ar\/2021\/si-la-perdida-estaba-bajo-piso-lo-van-a-determinar-las-pericias-no-tengas-ninguna-duda-hay-elementos-para-eso\/"]}]},{"@type":"BreadcrumbList","@id":"https:\/\/www.noticiasradioreflejos.com.ar\/2021\/si-la-perdida-estaba-bajo-piso-lo-van-a-determinar-las-pericias-no-tengas-ninguna-duda-hay-elementos-para-eso\/#breadcrumb","itemListElement":[{"@type":"ListItem","position":1,"name":"Portada","item":"https:\/\/www.noticiasradioreflejos.com.ar\/2021\/"},{"@type":"ListItem","position":2,"name":"&quot;Si la perdida estaba bajo piso, lo van a determinar las pericias, no tengas ninguna duda, hay elementos para eso&quot;"}]},{"@type":"WebSite","@id":"https:\/\/www.noticiasradioreflejos.com.ar\/2021\/#website","url":"https:\/\/www.noticiasradioreflejos.com.ar\/2021\/","name":"Noticias Radio Reflejos","description":"Las noticias de mi comarca","potentialAction":[{"@type":"SearchAction","target":{"@type":"EntryPoint","urlTemplate":"https:\/\/www.noticiasradioreflejos.com.ar\/2021\/?s={search_term_string}"},"query-input":{"@type":"PropertyValueSpecification","valueRequired":true,"valueName":"search_term_string"}}],"inLanguage":"es"},{"@type":"Person","@id":"https:\/\/www.noticiasradioreflejos.com.ar\/2021\/#\/schema\/person\/ad82545263dcc5ec0996818884fd5fb1","name":"Arnaldo Botto","image":{"@type":"ImageObject","inLanguage":"es","@id":"https:\/\/www.noticiasradioreflejos.com.ar\/2021\/#\/schema\/person\/image\/","url":"https:\/\/secure.gravatar.com\/avatar\/55cb5e37c1efa326397366e6974cb338056df65cb50e7d64d1cf314e87504837?s=96&d=mm&r=g","contentUrl":"https:\/\/secure.gravatar.com\/avatar\/55cb5e37c1efa326397366e6974cb338056df65cb50e7d64d1cf314e87504837?s=96&d=mm&r=g","caption":"Arnaldo Botto"},"url":"https:\/\/www.noticiasradioreflejos.com.ar\/2021\/author\/arnaldo\/"}]}},"_links":{"self":[{"href":"https:\/\/www.noticiasradioreflejos.com.ar\/2021\/wp-json\/wp\/v2\/posts\/23818","targetHints":{"allow":["GET"]}}],"collection":[{"href":"https:\/\/www.noticiasradioreflejos.com.ar\/2021\/wp-json\/wp\/v2\/posts"}],"about":[{"href":"https:\/\/www.noticiasradioreflejos.com.ar\/2021\/wp-json\/wp\/v2\/types\/post"}],"author":[{"embeddable":true,"href":"https:\/\/www.noticiasradioreflejos.com.ar\/2021\/wp-json\/wp\/v2\/users\/3"}],"replies":[{"embeddable":true,"href":"https:\/\/www.noticiasradioreflejos.com.ar\/2021\/wp-json\/wp\/v2\/comments?post=23818"}],"version-history":[{"count":0,"href":"https:\/\/www.noticiasradioreflejos.com.ar\/2021\/wp-json\/wp\/v2\/posts\/23818\/revisions"}],"wp:attachment":[{"href":"https:\/\/www.noticiasradioreflejos.com.ar\/2021\/wp-json\/wp\/v2\/media?parent=23818"}],"wp:term":[{"taxonomy":"category","embeddable":true,"href":"https:\/\/www.noticiasradioreflejos.com.ar\/2021\/wp-json\/wp\/v2\/categories?post=23818"},{"taxonomy":"post_tag","embeddable":true,"href":"https:\/\/www.noticiasradioreflejos.com.ar\/2021\/wp-json\/wp\/v2\/tags?post=23818"}],"curies":[{"name":"wp","href":"https:\/\/api.w.org\/{rel}","templated":true}]}}