{"id":23810,"date":"2018-08-03T09:11:29","date_gmt":"2018-08-03T12:11:29","guid":{"rendered":"http:\/\/www.noticiasradioreflejos.com.ar\/noticias\/?p=23810"},"modified":"2018-08-03T09:11:29","modified_gmt":"2018-08-03T12:11:29","slug":"choque-entre-una-motoniveladora-municipal-y-un-automovil","status":"publish","type":"post","link":"https:\/\/www.noticiasradioreflejos.com.ar\/2021\/choque-entre-una-motoniveladora-municipal-y-un-automovil\/","title":{"rendered":"Choque entre una motoniveladora municipal y un autom\u00f3vil"},"content":{"rendered":"<p><a title=\"choque moton (1)\" href=\"http:\/\/farm1.staticflickr.com\/938\/29952221728_82ccdee552.jpg\" rel=\"\"><img loading=\"lazy\" decoding=\"async\" class=\"alignleft\" style=\"float: left;\" title=\"choque moton (1)\" src=\"http:\/\/farm1.staticflickr.com\/938\/29952221728_82ccdee552.jpg\" alt=\"choque moton (1)\" width=\"500\" height=\"375\" \/><\/a>Este viernes alrededor de las 8 de la ma\u00f1ana se produjo un accidente en la intersecci\u00f3n de Avenida 9 de Julio y Espa\u00f1a de la ciudad de Tornquist.<!--more--><br \/>\nEl mismo fue protagonizado por una motoniveladora propiedad del municipio al mando de Carlos Montes de Oca que circulaba por 9 de Julio y un Renault 12 que conduc\u00eda Mario Diocares acompa\u00f1ado de su hijo por sentido, Espa\u00f1a.<br \/>\nA ra\u00edz del impacto de la maquina en la parte delantera y puerta del conductor , los ocupantes del mismo resultaron con golpes varios y fueron trasladados al hospital municipal.<br \/>\nMontes de Oca narr\u00f3 lo ocurrido\u201d Yo ven\u00eda a echar combustible a lo de Schaffnner y lo poquito que habl\u00f3 \u00e9l es que no vi\u00f3 la m\u00e1quina y se cruz\u00f3 adelante. El nene estaba golpeado y asustado e iba a la escuela y por precauci\u00f3n lo llevaron a un control\u201d<br \/>\n\u201cYo ando al l\u00edmite en el pueblo porque circulo todo el d\u00eda. En esta se ve\u00eda clarito pero dice que no me vi\u00f3 y sigui\u00f3. Es un viernes mal arrancado\u201d relat\u00f3.<br \/>\nTrabajaron en el lugar inspectores de tr\u00e1nsito y la polic\u00eda comunal.<br \/>\n<a title=\"choque moton (4)\" href=\"http:\/\/farm2.staticflickr.com\/1815\/42013352020_5f91f968a7_z.jpg\" rel=\"\"><img loading=\"lazy\" decoding=\"async\" class=\"aligncenter\" title=\"choque moton (4)\" src=\"http:\/\/farm2.staticflickr.com\/1815\/42013352020_5f91f968a7_z.jpg\" alt=\"choque moton (4)\" width=\"627\" height=\"470\" \/><\/a><br \/>\n<iframe loading=\"lazy\" width=\"100%\" height=\"166\" scrolling=\"no\" frameborder=\"no\" allow=\"autoplay\" src=\"https:\/\/w.soundcloud.com\/player\/?url=https%3A\/\/api.soundcloud.com\/tracks\/480604539&#038;color=%23ff5500&#038;auto_play=false&#038;hide_related=false&#038;show_comments=true&#038;show_user=true&#038;show_reposts=false&#038;show_teaser=true\"><\/iframe><\/p>\n","protected":false},"excerpt":{"rendered":"<p>Este viernes alrededor de las 8 de la ma\u00f1ana se produjo un accidente en la intersecci\u00f3n de Avenida 9 de Julio y Espa\u00f1a de la ciudad de Tornquist.<\/p>\n","protected":false},"author":3,"featured_media":0,"comment_status":"closed","ping_status":"open","sticky":false,"template":"","format":"standard","meta":{"footnotes":""},"categories":[29],"tags":[],"class_list":["post-23810","post","type-post","status-publish","format-standard","hentry","category-policiales"],"yoast_head":"<!-- This site is optimized with the Yoast SEO plugin v25.9 - https:\/\/yoast.com\/wordpress\/plugins\/seo\/ -->\n<title>Choque entre una motoniveladora municipal y un autom\u00f3vil - Noticias Radio Reflejos<\/title>\n<meta name=\"robots\" content=\"index, follow, max-snippet:-1, max-image-preview:large, max-video-preview:-1\" \/>\n<link rel=\"canonical\" href=\"https:\/\/www.noticiasradioreflejos.com.ar\/2021\/choque-entre-una-motoniveladora-municipal-y-un-automovil\/\" \/>\n<meta property=\"og:locale\" content=\"es_ES\" \/>\n<meta property=\"og:type\" content=\"article\" \/>\n<meta property=\"og:title\" content=\"Choque entre una motoniveladora municipal y un autom\u00f3vil - Noticias Radio Reflejos\" \/>\n<meta property=\"og:description\" content=\"Este viernes alrededor de las 8 de la ma\u00f1ana se produjo un accidente en la intersecci\u00f3n de Avenida 9 de Julio y Espa\u00f1a de la ciudad de Tornquist.\" \/>\n<meta property=\"og:url\" content=\"https:\/\/www.noticiasradioreflejos.com.ar\/2021\/choque-entre-una-motoniveladora-municipal-y-un-automovil\/\" \/>\n<meta property=\"og:site_name\" content=\"Noticias Radio Reflejos\" \/>\n<meta property=\"article:published_time\" content=\"2018-08-03T12:11:29+00:00\" \/>\n<meta property=\"og:image\" content=\"http:\/\/farm1.staticflickr.com\/938\/29952221728_82ccdee552.jpg\" \/>\n<meta name=\"author\" content=\"Arnaldo Botto\" \/>\n<meta name=\"twitter:card\" content=\"summary_large_image\" \/>\n<script type=\"application\/ld+json\" class=\"yoast-schema-graph\">{\"@context\":\"https:\/\/schema.org\",\"@graph\":[{\"@type\":\"WebPage\",\"@id\":\"https:\/\/www.noticiasradioreflejos.com.ar\/2021\/choque-entre-una-motoniveladora-municipal-y-un-automovil\/\",\"url\":\"https:\/\/www.noticiasradioreflejos.com.ar\/2021\/choque-entre-una-motoniveladora-municipal-y-un-automovil\/\",\"name\":\"Choque entre una motoniveladora municipal y un autom\u00f3vil - Noticias Radio Reflejos\",\"isPartOf\":{\"@id\":\"https:\/\/www.noticiasradioreflejos.com.ar\/2021\/#website\"},\"primaryImageOfPage\":{\"@id\":\"https:\/\/www.noticiasradioreflejos.com.ar\/2021\/choque-entre-una-motoniveladora-municipal-y-un-automovil\/#primaryimage\"},\"image\":{\"@id\":\"https:\/\/www.noticiasradioreflejos.com.ar\/2021\/choque-entre-una-motoniveladora-municipal-y-un-automovil\/#primaryimage\"},\"thumbnailUrl\":\"http:\/\/farm1.staticflickr.com\/938\/29952221728_82ccdee552.jpg\",\"datePublished\":\"2018-08-03T12:11:29+00:00\",\"author\":{\"@id\":\"https:\/\/www.noticiasradioreflejos.com.ar\/2021\/#\/schema\/person\/ad82545263dcc5ec0996818884fd5fb1\"},\"breadcrumb\":{\"@id\":\"https:\/\/www.noticiasradioreflejos.com.ar\/2021\/choque-entre-una-motoniveladora-municipal-y-un-automovil\/#breadcrumb\"},\"inLanguage\":\"es\",\"potentialAction\":[{\"@type\":\"ReadAction\",\"target\":[\"https:\/\/www.noticiasradioreflejos.com.ar\/2021\/choque-entre-una-motoniveladora-municipal-y-un-automovil\/\"]}]},{\"@type\":\"ImageObject\",\"inLanguage\":\"es\",\"@id\":\"https:\/\/www.noticiasradioreflejos.com.ar\/2021\/choque-entre-una-motoniveladora-municipal-y-un-automovil\/#primaryimage\",\"url\":\"http:\/\/farm1.staticflickr.com\/938\/29952221728_82ccdee552.jpg\",\"contentUrl\":\"http:\/\/farm1.staticflickr.com\/938\/29952221728_82ccdee552.jpg\"},{\"@type\":\"BreadcrumbList\",\"@id\":\"https:\/\/www.noticiasradioreflejos.com.ar\/2021\/choque-entre-una-motoniveladora-municipal-y-un-automovil\/#breadcrumb\",\"itemListElement\":[{\"@type\":\"ListItem\",\"position\":1,\"name\":\"Portada\",\"item\":\"https:\/\/www.noticiasradioreflejos.com.ar\/2021\/\"},{\"@type\":\"ListItem\",\"position\":2,\"name\":\"Choque entre una motoniveladora municipal y un autom\u00f3vil\"}]},{\"@type\":\"WebSite\",\"@id\":\"https:\/\/www.noticiasradioreflejos.com.ar\/2021\/#website\",\"url\":\"https:\/\/www.noticiasradioreflejos.com.ar\/2021\/\",\"name\":\"Noticias Radio Reflejos\",\"description\":\"Las noticias de mi comarca\",\"potentialAction\":[{\"@type\":\"SearchAction\",\"target\":{\"@type\":\"EntryPoint\",\"urlTemplate\":\"https:\/\/www.noticiasradioreflejos.com.ar\/2021\/?s={search_term_string}\"},\"query-input\":{\"@type\":\"PropertyValueSpecification\",\"valueRequired\":true,\"valueName\":\"search_term_string\"}}],\"inLanguage\":\"es\"},{\"@type\":\"Person\",\"@id\":\"https:\/\/www.noticiasradioreflejos.com.ar\/2021\/#\/schema\/person\/ad82545263dcc5ec0996818884fd5fb1\",\"name\":\"Arnaldo Botto\",\"image\":{\"@type\":\"ImageObject\",\"inLanguage\":\"es\",\"@id\":\"https:\/\/www.noticiasradioreflejos.com.ar\/2021\/#\/schema\/person\/image\/\",\"url\":\"https:\/\/secure.gravatar.com\/avatar\/55cb5e37c1efa326397366e6974cb338056df65cb50e7d64d1cf314e87504837?s=96&d=mm&r=g\",\"contentUrl\":\"https:\/\/secure.gravatar.com\/avatar\/55cb5e37c1efa326397366e6974cb338056df65cb50e7d64d1cf314e87504837?s=96&d=mm&r=g\",\"caption\":\"Arnaldo Botto\"},\"url\":\"https:\/\/www.noticiasradioreflejos.com.ar\/2021\/author\/arnaldo\/\"}]}<\/script>\n<!-- \/ Yoast SEO plugin. -->","yoast_head_json":{"title":"Choque entre una motoniveladora municipal y un autom\u00f3vil - Noticias Radio Reflejos","robots":{"index":"index","follow":"follow","max-snippet":"max-snippet:-1","max-image-preview":"max-image-preview:large","max-video-preview":"max-video-preview:-1"},"canonical":"https:\/\/www.noticiasradioreflejos.com.ar\/2021\/choque-entre-una-motoniveladora-municipal-y-un-automovil\/","og_locale":"es_ES","og_type":"article","og_title":"Choque entre una motoniveladora municipal y un autom\u00f3vil - Noticias Radio Reflejos","og_description":"Este viernes alrededor de las 8 de la ma\u00f1ana se produjo un accidente en la intersecci\u00f3n de Avenida 9 de Julio y Espa\u00f1a de la ciudad de Tornquist.","og_url":"https:\/\/www.noticiasradioreflejos.com.ar\/2021\/choque-entre-una-motoniveladora-municipal-y-un-automovil\/","og_site_name":"Noticias Radio Reflejos","article_published_time":"2018-08-03T12:11:29+00:00","og_image":[{"url":"http:\/\/farm1.staticflickr.com\/938\/29952221728_82ccdee552.jpg","type":"","width":"","height":""}],"author":"Arnaldo Botto","twitter_card":"summary_large_image","schema":{"@context":"https:\/\/schema.org","@graph":[{"@type":"WebPage","@id":"https:\/\/www.noticiasradioreflejos.com.ar\/2021\/choque-entre-una-motoniveladora-municipal-y-un-automovil\/","url":"https:\/\/www.noticiasradioreflejos.com.ar\/2021\/choque-entre-una-motoniveladora-municipal-y-un-automovil\/","name":"Choque entre una motoniveladora municipal y un autom\u00f3vil - Noticias Radio Reflejos","isPartOf":{"@id":"https:\/\/www.noticiasradioreflejos.com.ar\/2021\/#website"},"primaryImageOfPage":{"@id":"https:\/\/www.noticiasradioreflejos.com.ar\/2021\/choque-entre-una-motoniveladora-municipal-y-un-automovil\/#primaryimage"},"image":{"@id":"https:\/\/www.noticiasradioreflejos.com.ar\/2021\/choque-entre-una-motoniveladora-municipal-y-un-automovil\/#primaryimage"},"thumbnailUrl":"http:\/\/farm1.staticflickr.com\/938\/29952221728_82ccdee552.jpg","datePublished":"2018-08-03T12:11:29+00:00","author":{"@id":"https:\/\/www.noticiasradioreflejos.com.ar\/2021\/#\/schema\/person\/ad82545263dcc5ec0996818884fd5fb1"},"breadcrumb":{"@id":"https:\/\/www.noticiasradioreflejos.com.ar\/2021\/choque-entre-una-motoniveladora-municipal-y-un-automovil\/#breadcrumb"},"inLanguage":"es","potentialAction":[{"@type":"ReadAction","target":["https:\/\/www.noticiasradioreflejos.com.ar\/2021\/choque-entre-una-motoniveladora-municipal-y-un-automovil\/"]}]},{"@type":"ImageObject","inLanguage":"es","@id":"https:\/\/www.noticiasradioreflejos.com.ar\/2021\/choque-entre-una-motoniveladora-municipal-y-un-automovil\/#primaryimage","url":"http:\/\/farm1.staticflickr.com\/938\/29952221728_82ccdee552.jpg","contentUrl":"http:\/\/farm1.staticflickr.com\/938\/29952221728_82ccdee552.jpg"},{"@type":"BreadcrumbList","@id":"https:\/\/www.noticiasradioreflejos.com.ar\/2021\/choque-entre-una-motoniveladora-municipal-y-un-automovil\/#breadcrumb","itemListElement":[{"@type":"ListItem","position":1,"name":"Portada","item":"https:\/\/www.noticiasradioreflejos.com.ar\/2021\/"},{"@type":"ListItem","position":2,"name":"Choque entre una motoniveladora municipal y un autom\u00f3vil"}]},{"@type":"WebSite","@id":"https:\/\/www.noticiasradioreflejos.com.ar\/2021\/#website","url":"https:\/\/www.noticiasradioreflejos.com.ar\/2021\/","name":"Noticias Radio Reflejos","description":"Las noticias de mi comarca","potentialAction":[{"@type":"SearchAction","target":{"@type":"EntryPoint","urlTemplate":"https:\/\/www.noticiasradioreflejos.com.ar\/2021\/?s={search_term_string}"},"query-input":{"@type":"PropertyValueSpecification","valueRequired":true,"valueName":"search_term_string"}}],"inLanguage":"es"},{"@type":"Person","@id":"https:\/\/www.noticiasradioreflejos.com.ar\/2021\/#\/schema\/person\/ad82545263dcc5ec0996818884fd5fb1","name":"Arnaldo Botto","image":{"@type":"ImageObject","inLanguage":"es","@id":"https:\/\/www.noticiasradioreflejos.com.ar\/2021\/#\/schema\/person\/image\/","url":"https:\/\/secure.gravatar.com\/avatar\/55cb5e37c1efa326397366e6974cb338056df65cb50e7d64d1cf314e87504837?s=96&d=mm&r=g","contentUrl":"https:\/\/secure.gravatar.com\/avatar\/55cb5e37c1efa326397366e6974cb338056df65cb50e7d64d1cf314e87504837?s=96&d=mm&r=g","caption":"Arnaldo Botto"},"url":"https:\/\/www.noticiasradioreflejos.com.ar\/2021\/author\/arnaldo\/"}]}},"_links":{"self":[{"href":"https:\/\/www.noticiasradioreflejos.com.ar\/2021\/wp-json\/wp\/v2\/posts\/23810","targetHints":{"allow":["GET"]}}],"collection":[{"href":"https:\/\/www.noticiasradioreflejos.com.ar\/2021\/wp-json\/wp\/v2\/posts"}],"about":[{"href":"https:\/\/www.noticiasradioreflejos.com.ar\/2021\/wp-json\/wp\/v2\/types\/post"}],"author":[{"embeddable":true,"href":"https:\/\/www.noticiasradioreflejos.com.ar\/2021\/wp-json\/wp\/v2\/users\/3"}],"replies":[{"embeddable":true,"href":"https:\/\/www.noticiasradioreflejos.com.ar\/2021\/wp-json\/wp\/v2\/comments?post=23810"}],"version-history":[{"count":0,"href":"https:\/\/www.noticiasradioreflejos.com.ar\/2021\/wp-json\/wp\/v2\/posts\/23810\/revisions"}],"wp:attachment":[{"href":"https:\/\/www.noticiasradioreflejos.com.ar\/2021\/wp-json\/wp\/v2\/media?parent=23810"}],"wp:term":[{"taxonomy":"category","embeddable":true,"href":"https:\/\/www.noticiasradioreflejos.com.ar\/2021\/wp-json\/wp\/v2\/categories?post=23810"},{"taxonomy":"post_tag","embeddable":true,"href":"https:\/\/www.noticiasradioreflejos.com.ar\/2021\/wp-json\/wp\/v2\/tags?post=23810"}],"curies":[{"name":"wp","href":"https:\/\/api.w.org\/{rel}","templated":true}]}}