{"id":23799,"date":"2018-08-02T23:53:08","date_gmt":"2018-08-03T02:53:08","guid":{"rendered":"http:\/\/www.noticiasradioreflejos.com.ar\/noticias\/?p=23799"},"modified":"2018-08-02T23:53:08","modified_gmt":"2018-08-03T02:53:08","slug":"andres-de-leo-estoy-convencido-de-que-el-barco-tomo-la-direccion-correcta","status":"publish","type":"post","link":"https:\/\/www.noticiasradioreflejos.com.ar\/2021\/andres-de-leo-estoy-convencido-de-que-el-barco-tomo-la-direccion-correcta\/","title":{"rendered":"Andr\u00e9s De Leo: \u201cEstoy convencido de que el barco tom\u00f3 la direcci\u00f3n correcta\u201d"},"content":{"rendered":"<p>El pasado martes, en el marco de la entrega de escrituras para vecinos de Tornquist y Saldungaray, estuvo en nuestra ciudad el Senador Provincial de Cambiemos Andr\u00e9s De Leo, de la Sexta Secci\u00f3n Electoral.<!--more--><br \/>\nEn di\u00e1logo con Miguel Herrado, el legislador se refiri\u00f3 a la actual situaci\u00f3n econ\u00f3mica que atraviesa el pa\u00eds, sobre la que elogi\u00f3 al Gobierno de Mauricio Macri y asegur\u00f3 que estamos atravesando \u201cel camino correcto\u201d.<br \/>\n\u201cTenemos que asumir que hay que gobernar con la verdad, lo que desnuda realidades que son dif\u00edciles. La Argentina ten\u00eda un plan econ\u00f3mico aun cuando los argentinos decidieron cambiar de gobierno, porque intu\u00edan que hab\u00eda algo que no estaba bien, pero no ten\u00edamos la dimensi\u00f3n de la crisis profunda que hab\u00eda\u201d, asegur\u00f3.<br \/>\n\u201cEl pa\u00eds ten\u00eda d\u00e9ficit fiscal, d\u00e9ficit comercial, atrasos tarifarios, inflaci\u00f3n y todos los indicadores nos estaban llevando a una situaci\u00f3n que era insostenible en el tiempo -continu\u00f3-. El gobierno pretendi\u00f3 tratar de que esto no genere un impacto duro en la sociedad, pero la crisis es muy grande, pero que se va a revertir\u201d.<br \/>\nDe Leo afirm\u00f3 estar \u201cconvencido\u201d de con el actual Gobierno Nacional \u201cel barco tom\u00f3 la direcci\u00f3n correcta\u201d, aunque admiti\u00f3 que \u201cvamos a agarrar meses de turbulencia\u201d. Para afrontar los momentos dif\u00edciles, \u201cel gobierno increment\u00f3 la ayuda social y duplic\u00f3 la tarifa social para los sectores m\u00e1s golpeados\u201d.<br \/>\n\u201cEste gobierno tiene clara consciencia de que hay sectores que tienen que atravesar momentos muy complejos, pero lo estamos tratando de sobrellevar\u201d, sostuvo.<br \/>\n\u201cNecesitamos tener un Estado que no gaste m\u00e1s de lo que debe y que la Argentina empieza a invertir. Si en estos meses se corrige la situaci\u00f3n macroecon\u00f3mica, la econom\u00eda va a empezar a crecer\u201d, confi\u00f3 adem\u00e1s el legislador.<br \/>\nM\u00e1s adelante, respecto al escenario electoral del a\u00f1o que viene, el senador del oficialismo asegur\u00f3 que \u201cen 2019 la sociedad va a acompa\u00f1ar el cambio\u201d. \u201cEst\u00e1 claro que mucha gente cre\u00eda que no iba a ser tan complicado, pero todav\u00eda tiene expectativas en el cambio\u201d.<br \/>\nAdem\u00e1s, manifest\u00f3 que \u201clos gobernadores hoy reciben un trato como corresponde y tienen la certeza de que los fondos coparticipables los reciben, al igual que la obra p\u00fablica\u201d.<br \/>\n\u201cLo mismo sucede en la Provincia de Buenos Aires, donde los intendentes de los 135 municipios reciben obra p\u00fablica como nunca la recibieron, sin discriminaci\u00f3n pol\u00edtica. Y eso que estamos \u00e9poca de dificultad, no de bonanza\u201d, se\u00f1al\u00f3.<br \/>\nPor \u00faltimo, sobre el acuerdo con el Fondo Monetario Internacional, De Leo indic\u00f3 que \u201chay un FMI distinto al de antes y un pa\u00eds distinto al de antes\u201d.<br \/>\n\u201cSi nosotros le vamos a pedir al mundo inversi\u00f3n, d\u00f3lares y que nos den una oportunidad, a cambio le tenemos que dar seriedad y previsibilidad; si no hacemos eso el ajuste es mucho m\u00e1s brutal, y ya lo vivimos en Argentina\u201d, concluy\u00f3.<\/p>\n","protected":false},"excerpt":{"rendered":"<p>El pasado martes, en el marco de la entrega de escrituras para vecinos de Tornquist y Saldungaray, estuvo en nuestra ciudad el Senador Provincial de Cambiemos Andr\u00e9s De Leo, de la Sexta Secci\u00f3n Electoral.<\/p>\n","protected":false},"author":3,"featured_media":0,"comment_status":"closed","ping_status":"open","sticky":false,"template":"","format":"standard","meta":{"footnotes":""},"categories":[24],"tags":[],"class_list":["post-23799","post","type-post","status-publish","format-standard","hentry","category-politica"],"yoast_head":"<!-- This site is optimized with the Yoast SEO plugin v25.9 - https:\/\/yoast.com\/wordpress\/plugins\/seo\/ -->\n<title>Andr\u00e9s De Leo: \u201cEstoy convencido de que el barco tom\u00f3 la direcci\u00f3n correcta\u201d - Noticias Radio Reflejos<\/title>\n<meta name=\"robots\" content=\"index, follow, max-snippet:-1, max-image-preview:large, max-video-preview:-1\" \/>\n<link rel=\"canonical\" href=\"https:\/\/www.noticiasradioreflejos.com.ar\/2021\/andres-de-leo-estoy-convencido-de-que-el-barco-tomo-la-direccion-correcta\/\" \/>\n<meta property=\"og:locale\" content=\"es_ES\" \/>\n<meta property=\"og:type\" content=\"article\" \/>\n<meta property=\"og:title\" content=\"Andr\u00e9s De Leo: \u201cEstoy convencido de que el barco tom\u00f3 la direcci\u00f3n correcta\u201d - Noticias Radio Reflejos\" \/>\n<meta property=\"og:description\" content=\"El pasado martes, en el marco de la entrega de escrituras para vecinos de Tornquist y Saldungaray, estuvo en nuestra ciudad el Senador Provincial de Cambiemos Andr\u00e9s De Leo, de la Sexta Secci\u00f3n Electoral.\" \/>\n<meta property=\"og:url\" content=\"https:\/\/www.noticiasradioreflejos.com.ar\/2021\/andres-de-leo-estoy-convencido-de-que-el-barco-tomo-la-direccion-correcta\/\" \/>\n<meta property=\"og:site_name\" content=\"Noticias Radio Reflejos\" \/>\n<meta property=\"article:published_time\" content=\"2018-08-03T02:53:08+00:00\" \/>\n<meta property=\"og:image\" content=\"https:\/\/www.noticiasradioreflejos.com.ar\/2021\/wp-content\/uploads\/2021\/07\/logosol300x200.png\" \/>\n\t<meta property=\"og:image:width\" content=\"300\" \/>\n\t<meta property=\"og:image:height\" content=\"200\" \/>\n\t<meta property=\"og:image:type\" content=\"image\/png\" \/>\n<meta name=\"author\" content=\"Arnaldo Botto\" \/>\n<meta name=\"twitter:card\" content=\"summary_large_image\" \/>\n<script type=\"application\/ld+json\" class=\"yoast-schema-graph\">{\"@context\":\"https:\/\/schema.org\",\"@graph\":[{\"@type\":\"WebPage\",\"@id\":\"https:\/\/www.noticiasradioreflejos.com.ar\/2021\/andres-de-leo-estoy-convencido-de-que-el-barco-tomo-la-direccion-correcta\/\",\"url\":\"https:\/\/www.noticiasradioreflejos.com.ar\/2021\/andres-de-leo-estoy-convencido-de-que-el-barco-tomo-la-direccion-correcta\/\",\"name\":\"Andr\u00e9s De Leo: \u201cEstoy convencido de que el barco tom\u00f3 la direcci\u00f3n correcta\u201d - Noticias Radio Reflejos\",\"isPartOf\":{\"@id\":\"https:\/\/www.noticiasradioreflejos.com.ar\/2021\/#website\"},\"datePublished\":\"2018-08-03T02:53:08+00:00\",\"author\":{\"@id\":\"https:\/\/www.noticiasradioreflejos.com.ar\/2021\/#\/schema\/person\/ad82545263dcc5ec0996818884fd5fb1\"},\"breadcrumb\":{\"@id\":\"https:\/\/www.noticiasradioreflejos.com.ar\/2021\/andres-de-leo-estoy-convencido-de-que-el-barco-tomo-la-direccion-correcta\/#breadcrumb\"},\"inLanguage\":\"es\",\"potentialAction\":[{\"@type\":\"ReadAction\",\"target\":[\"https:\/\/www.noticiasradioreflejos.com.ar\/2021\/andres-de-leo-estoy-convencido-de-que-el-barco-tomo-la-direccion-correcta\/\"]}]},{\"@type\":\"BreadcrumbList\",\"@id\":\"https:\/\/www.noticiasradioreflejos.com.ar\/2021\/andres-de-leo-estoy-convencido-de-que-el-barco-tomo-la-direccion-correcta\/#breadcrumb\",\"itemListElement\":[{\"@type\":\"ListItem\",\"position\":1,\"name\":\"Portada\",\"item\":\"https:\/\/www.noticiasradioreflejos.com.ar\/2021\/\"},{\"@type\":\"ListItem\",\"position\":2,\"name\":\"Andr\u00e9s De Leo: \u201cEstoy convencido de que el barco tom\u00f3 la direcci\u00f3n correcta\u201d\"}]},{\"@type\":\"WebSite\",\"@id\":\"https:\/\/www.noticiasradioreflejos.com.ar\/2021\/#website\",\"url\":\"https:\/\/www.noticiasradioreflejos.com.ar\/2021\/\",\"name\":\"Noticias Radio Reflejos\",\"description\":\"Las noticias de mi comarca\",\"potentialAction\":[{\"@type\":\"SearchAction\",\"target\":{\"@type\":\"EntryPoint\",\"urlTemplate\":\"https:\/\/www.noticiasradioreflejos.com.ar\/2021\/?s={search_term_string}\"},\"query-input\":{\"@type\":\"PropertyValueSpecification\",\"valueRequired\":true,\"valueName\":\"search_term_string\"}}],\"inLanguage\":\"es\"},{\"@type\":\"Person\",\"@id\":\"https:\/\/www.noticiasradioreflejos.com.ar\/2021\/#\/schema\/person\/ad82545263dcc5ec0996818884fd5fb1\",\"name\":\"Arnaldo Botto\",\"image\":{\"@type\":\"ImageObject\",\"inLanguage\":\"es\",\"@id\":\"https:\/\/www.noticiasradioreflejos.com.ar\/2021\/#\/schema\/person\/image\/\",\"url\":\"https:\/\/secure.gravatar.com\/avatar\/55cb5e37c1efa326397366e6974cb338056df65cb50e7d64d1cf314e87504837?s=96&d=mm&r=g\",\"contentUrl\":\"https:\/\/secure.gravatar.com\/avatar\/55cb5e37c1efa326397366e6974cb338056df65cb50e7d64d1cf314e87504837?s=96&d=mm&r=g\",\"caption\":\"Arnaldo Botto\"},\"url\":\"https:\/\/www.noticiasradioreflejos.com.ar\/2021\/author\/arnaldo\/\"}]}<\/script>\n<!-- \/ Yoast SEO plugin. -->","yoast_head_json":{"title":"Andr\u00e9s De Leo: \u201cEstoy convencido de que el barco tom\u00f3 la direcci\u00f3n correcta\u201d - Noticias Radio Reflejos","robots":{"index":"index","follow":"follow","max-snippet":"max-snippet:-1","max-image-preview":"max-image-preview:large","max-video-preview":"max-video-preview:-1"},"canonical":"https:\/\/www.noticiasradioreflejos.com.ar\/2021\/andres-de-leo-estoy-convencido-de-que-el-barco-tomo-la-direccion-correcta\/","og_locale":"es_ES","og_type":"article","og_title":"Andr\u00e9s De Leo: \u201cEstoy convencido de que el barco tom\u00f3 la direcci\u00f3n correcta\u201d - Noticias Radio Reflejos","og_description":"El pasado martes, en el marco de la entrega de escrituras para vecinos de Tornquist y Saldungaray, estuvo en nuestra ciudad el Senador Provincial de Cambiemos Andr\u00e9s De Leo, de la Sexta Secci\u00f3n Electoral.","og_url":"https:\/\/www.noticiasradioreflejos.com.ar\/2021\/andres-de-leo-estoy-convencido-de-que-el-barco-tomo-la-direccion-correcta\/","og_site_name":"Noticias Radio Reflejos","article_published_time":"2018-08-03T02:53:08+00:00","og_image":[{"width":300,"height":200,"url":"https:\/\/www.noticiasradioreflejos.com.ar\/2021\/wp-content\/uploads\/2021\/07\/logosol300x200.png","type":"image\/png"}],"author":"Arnaldo Botto","twitter_card":"summary_large_image","schema":{"@context":"https:\/\/schema.org","@graph":[{"@type":"WebPage","@id":"https:\/\/www.noticiasradioreflejos.com.ar\/2021\/andres-de-leo-estoy-convencido-de-que-el-barco-tomo-la-direccion-correcta\/","url":"https:\/\/www.noticiasradioreflejos.com.ar\/2021\/andres-de-leo-estoy-convencido-de-que-el-barco-tomo-la-direccion-correcta\/","name":"Andr\u00e9s De Leo: \u201cEstoy convencido de que el barco tom\u00f3 la direcci\u00f3n correcta\u201d - Noticias Radio Reflejos","isPartOf":{"@id":"https:\/\/www.noticiasradioreflejos.com.ar\/2021\/#website"},"datePublished":"2018-08-03T02:53:08+00:00","author":{"@id":"https:\/\/www.noticiasradioreflejos.com.ar\/2021\/#\/schema\/person\/ad82545263dcc5ec0996818884fd5fb1"},"breadcrumb":{"@id":"https:\/\/www.noticiasradioreflejos.com.ar\/2021\/andres-de-leo-estoy-convencido-de-que-el-barco-tomo-la-direccion-correcta\/#breadcrumb"},"inLanguage":"es","potentialAction":[{"@type":"ReadAction","target":["https:\/\/www.noticiasradioreflejos.com.ar\/2021\/andres-de-leo-estoy-convencido-de-que-el-barco-tomo-la-direccion-correcta\/"]}]},{"@type":"BreadcrumbList","@id":"https:\/\/www.noticiasradioreflejos.com.ar\/2021\/andres-de-leo-estoy-convencido-de-que-el-barco-tomo-la-direccion-correcta\/#breadcrumb","itemListElement":[{"@type":"ListItem","position":1,"name":"Portada","item":"https:\/\/www.noticiasradioreflejos.com.ar\/2021\/"},{"@type":"ListItem","position":2,"name":"Andr\u00e9s De Leo: \u201cEstoy convencido de que el barco tom\u00f3 la direcci\u00f3n correcta\u201d"}]},{"@type":"WebSite","@id":"https:\/\/www.noticiasradioreflejos.com.ar\/2021\/#website","url":"https:\/\/www.noticiasradioreflejos.com.ar\/2021\/","name":"Noticias Radio Reflejos","description":"Las noticias de mi comarca","potentialAction":[{"@type":"SearchAction","target":{"@type":"EntryPoint","urlTemplate":"https:\/\/www.noticiasradioreflejos.com.ar\/2021\/?s={search_term_string}"},"query-input":{"@type":"PropertyValueSpecification","valueRequired":true,"valueName":"search_term_string"}}],"inLanguage":"es"},{"@type":"Person","@id":"https:\/\/www.noticiasradioreflejos.com.ar\/2021\/#\/schema\/person\/ad82545263dcc5ec0996818884fd5fb1","name":"Arnaldo Botto","image":{"@type":"ImageObject","inLanguage":"es","@id":"https:\/\/www.noticiasradioreflejos.com.ar\/2021\/#\/schema\/person\/image\/","url":"https:\/\/secure.gravatar.com\/avatar\/55cb5e37c1efa326397366e6974cb338056df65cb50e7d64d1cf314e87504837?s=96&d=mm&r=g","contentUrl":"https:\/\/secure.gravatar.com\/avatar\/55cb5e37c1efa326397366e6974cb338056df65cb50e7d64d1cf314e87504837?s=96&d=mm&r=g","caption":"Arnaldo Botto"},"url":"https:\/\/www.noticiasradioreflejos.com.ar\/2021\/author\/arnaldo\/"}]}},"_links":{"self":[{"href":"https:\/\/www.noticiasradioreflejos.com.ar\/2021\/wp-json\/wp\/v2\/posts\/23799","targetHints":{"allow":["GET"]}}],"collection":[{"href":"https:\/\/www.noticiasradioreflejos.com.ar\/2021\/wp-json\/wp\/v2\/posts"}],"about":[{"href":"https:\/\/www.noticiasradioreflejos.com.ar\/2021\/wp-json\/wp\/v2\/types\/post"}],"author":[{"embeddable":true,"href":"https:\/\/www.noticiasradioreflejos.com.ar\/2021\/wp-json\/wp\/v2\/users\/3"}],"replies":[{"embeddable":true,"href":"https:\/\/www.noticiasradioreflejos.com.ar\/2021\/wp-json\/wp\/v2\/comments?post=23799"}],"version-history":[{"count":0,"href":"https:\/\/www.noticiasradioreflejos.com.ar\/2021\/wp-json\/wp\/v2\/posts\/23799\/revisions"}],"wp:attachment":[{"href":"https:\/\/www.noticiasradioreflejos.com.ar\/2021\/wp-json\/wp\/v2\/media?parent=23799"}],"wp:term":[{"taxonomy":"category","embeddable":true,"href":"https:\/\/www.noticiasradioreflejos.com.ar\/2021\/wp-json\/wp\/v2\/categories?post=23799"},{"taxonomy":"post_tag","embeddable":true,"href":"https:\/\/www.noticiasradioreflejos.com.ar\/2021\/wp-json\/wp\/v2\/tags?post=23799"}],"curies":[{"name":"wp","href":"https:\/\/api.w.org\/{rel}","templated":true}]}}