{"id":23797,"date":"2018-08-02T23:32:54","date_gmt":"2018-08-03T02:32:54","guid":{"rendered":"http:\/\/www.noticiasradioreflejos.com.ar\/noticias\/?p=23797"},"modified":"2018-08-02T23:32:54","modified_gmt":"2018-08-03T02:32:54","slug":"en-repudio-a-la-desidia-del-gobierno-3-de-agosto-el-fudb-convoca-a-paro","status":"publish","type":"post","link":"https:\/\/www.noticiasradioreflejos.com.ar\/2021\/en-repudio-a-la-desidia-del-gobierno-3-de-agosto-el-fudb-convoca-a-paro\/","title":{"rendered":"En repudio a la desidia del gobierno: 3 de Agosto el FUDB convoca a paro"},"content":{"rendered":"<p><strong>COMUNICADO DE PRENSA<\/strong><br \/>\n<strong>TRAGEDIA EN LA ESCUELA 49 DE MORENO. NO FUE UN ACCIDENTE, FUE AUSENCIA DEL ESTADO PROVINCIAL<\/strong><br \/>\nLa Seccional Provincia de Buenos Aires del SADOP manifiesta su solidaridad y acompa\u00f1amiento a la comunicad educativa de la escuela 49 de Moreno ante la tragedia que la enluta.<!--more--><\/p>\n<div class=\"x_m_3107397919438412586text_exposed_show\">\nRepudiamos la falta de responsabilidad del Gobierno provincial ante el mantenimiento y sostenimiento de las escuelas bonaerenses.<br \/>\nEn reiteradas oportunidades se le hizo saber sobre el deterioro un las instalaciones de las escuelas.<br \/>\nEL abandono y desentendimiento del gobierno hacia la educaci\u00f3n trae como resultado este tipo de situaciones, quedando de manifiesto la insensibilidad del gobierno de la Provincia de Buenos Aires.<br \/>\nLa Plata, 02 de agosto de 2018<br \/>\nJuan Carlos Cuy\u00e1s<br \/>\nSecretario General<br \/>\nHoracio Rodr\u00edguez<br \/>\nSec de Comunicaci\u00f3n y Prensa<br \/>\nSeccional Pcia. de Bs. As.<br \/>\n&nbsp;<br \/>\n<b><span style=\"font-size: medium;\">EN REPUDIO A LA DESIDIA DEL GOBIERNO: 3 DE AGOSTO EL FUDB CONVOCA A PARO<u><\/u><u><\/u><\/span><\/b><br \/>\n<b><span style=\"font-size: medium;\">EL L\u00cdMITE ES LA MUERTE: LA DESIDIA DE VIDAL SE COBR\u00d3 DOS VIDAS<u><\/u><u><\/u><\/span><\/b><br \/>\n<b><span style=\"font-size: medium;\">02\/08\/2018<u><\/u><u><\/u><\/span><\/b><br \/>\n<span style=\"font-size: medium;\">*Hoy la Escuela Publica est\u00e1 de luto.*<u><\/u><u><\/u><\/span><br \/>\n<span style=\"font-size: medium;\">El cruel abandono en que el Gobierno Provincial ha decidido dejar a las Escuelas Bonaerenses lleg\u00f3 a su l\u00edmite m\u00e1s tr\u00e1gico: la muerte de dos Trabajadores de la Educaci\u00f3n.<u><\/u><u><\/u><\/span><br \/>\n<span style=\"font-size: medium;\">La desidia e ineficacia de funcionarios inescrupulosos que tienen en sus manos una de las m\u00e1s altas responsabilidades del Estado que es garantizar el acceso a la Educaci\u00f3n en condiciones dignas, hoy viola un Derecho Humano: el Derecho a la VIDA.<u><\/u><u><\/u><\/span><br \/>\n<span style=\"font-size: medium;\">Reiteradamente, hemos desde el FUDB denunciado la situaci\u00f3n de abandono en que est\u00e1n nuestras Escuelas, hoy ese reclamo se transforma en un grito de dolor de toda una comunidad.<u><\/u><u><\/u><\/span><br \/>\n<span style=\"font-size: medium;\">Por todo lo expuesto, hacemos absoluta responsable a la Gobernadora Vidal y a todo su equipo de funcionarios de esto que no es una tragedia, sino que es producto del abandono y es la desidia a la que someten a la Escuela P\u00fablica.<u><\/u><u><\/u><\/span><br \/>\n<span style=\"font-size: medium;\">ACOMPA\u00d1AMOS FUERTEMENTE A LA FAMILIAS DE SANDRA Y RUB\u00c9N Y A TODA LA COMUNIDAD EDUCATIVA DE LA ESCUELA Nro. 49 DE MORENO.<u><\/u><u><\/u><\/span><br \/>\n<span style=\"font-size: medium;\">ESTE ES EL L\u00cdMITE, NO VAMOS A PERMITIR QUE LA DESIDIA SE SIGA COBRANDO VIDAS.<u><\/u><u><\/u><\/span><br \/>\n<span style=\"font-size: medium;\">Y convocamos hoy, jornada de dolor y denuncia, con actividades en todas las Escuelas culminando con marchas de silencio en todos los distritos.<u><\/u><u><\/u><\/span><br \/>\n<span style=\"font-size: medium;\">Ma\u00f1ana 3 de agosto CONVOCAMOS A REALIZAR UN PARO PROVINCIAL DE ACTIVIDADES.<u><\/u><u><\/u><\/span><br \/>\n&nbsp;\n<\/div>\n","protected":false},"excerpt":{"rendered":"<p>COMUNICADO DE PRENSA TRAGEDIA EN LA ESCUELA 49 DE MORENO. NO FUE UN ACCIDENTE, FUE AUSENCIA DEL ESTADO PROVINCIAL La Seccional Provincia de Buenos Aires del SADOP manifiesta su solidaridad y acompa\u00f1amiento a la comunicad educativa de la escuela 49 de Moreno ante la tragedia que la enluta.<\/p>\n","protected":false},"author":3,"featured_media":0,"comment_status":"closed","ping_status":"open","sticky":false,"template":"","format":"standard","meta":{"footnotes":""},"categories":[34],"tags":[],"class_list":["post-23797","post","type-post","status-publish","format-standard","hentry","category-educacion"],"yoast_head":"<!-- This site is optimized with the Yoast SEO plugin v25.9 - https:\/\/yoast.com\/wordpress\/plugins\/seo\/ -->\n<title>En repudio a la desidia del gobierno: 3 de Agosto el FUDB convoca a paro - Noticias Radio Reflejos<\/title>\n<meta name=\"robots\" content=\"index, follow, max-snippet:-1, max-image-preview:large, max-video-preview:-1\" \/>\n<link rel=\"canonical\" href=\"https:\/\/www.noticiasradioreflejos.com.ar\/2021\/en-repudio-a-la-desidia-del-gobierno-3-de-agosto-el-fudb-convoca-a-paro\/\" \/>\n<meta property=\"og:locale\" content=\"es_ES\" \/>\n<meta property=\"og:type\" content=\"article\" \/>\n<meta property=\"og:title\" content=\"En repudio a la desidia del gobierno: 3 de Agosto el FUDB convoca a paro - Noticias Radio Reflejos\" \/>\n<meta property=\"og:description\" content=\"COMUNICADO DE PRENSA TRAGEDIA EN LA ESCUELA 49 DE MORENO. NO FUE UN ACCIDENTE, FUE AUSENCIA DEL ESTADO PROVINCIAL La Seccional Provincia de Buenos Aires del SADOP manifiesta su solidaridad y acompa\u00f1amiento a la comunicad educativa de la escuela 49 de Moreno ante la tragedia que la enluta.\" \/>\n<meta property=\"og:url\" content=\"https:\/\/www.noticiasradioreflejos.com.ar\/2021\/en-repudio-a-la-desidia-del-gobierno-3-de-agosto-el-fudb-convoca-a-paro\/\" \/>\n<meta property=\"og:site_name\" content=\"Noticias Radio Reflejos\" \/>\n<meta property=\"article:published_time\" content=\"2018-08-03T02:32:54+00:00\" \/>\n<meta property=\"og:image\" content=\"https:\/\/www.noticiasradioreflejos.com.ar\/2021\/wp-content\/uploads\/2021\/07\/logosol300x200.png\" \/>\n\t<meta property=\"og:image:width\" content=\"300\" \/>\n\t<meta property=\"og:image:height\" content=\"200\" \/>\n\t<meta property=\"og:image:type\" content=\"image\/png\" \/>\n<meta name=\"author\" content=\"Arnaldo Botto\" \/>\n<meta name=\"twitter:card\" content=\"summary_large_image\" \/>\n<script type=\"application\/ld+json\" class=\"yoast-schema-graph\">{\"@context\":\"https:\/\/schema.org\",\"@graph\":[{\"@type\":\"WebPage\",\"@id\":\"https:\/\/www.noticiasradioreflejos.com.ar\/2021\/en-repudio-a-la-desidia-del-gobierno-3-de-agosto-el-fudb-convoca-a-paro\/\",\"url\":\"https:\/\/www.noticiasradioreflejos.com.ar\/2021\/en-repudio-a-la-desidia-del-gobierno-3-de-agosto-el-fudb-convoca-a-paro\/\",\"name\":\"En repudio a la desidia del gobierno: 3 de Agosto el FUDB convoca a paro - Noticias Radio Reflejos\",\"isPartOf\":{\"@id\":\"https:\/\/www.noticiasradioreflejos.com.ar\/2021\/#website\"},\"datePublished\":\"2018-08-03T02:32:54+00:00\",\"author\":{\"@id\":\"https:\/\/www.noticiasradioreflejos.com.ar\/2021\/#\/schema\/person\/ad82545263dcc5ec0996818884fd5fb1\"},\"breadcrumb\":{\"@id\":\"https:\/\/www.noticiasradioreflejos.com.ar\/2021\/en-repudio-a-la-desidia-del-gobierno-3-de-agosto-el-fudb-convoca-a-paro\/#breadcrumb\"},\"inLanguage\":\"es\",\"potentialAction\":[{\"@type\":\"ReadAction\",\"target\":[\"https:\/\/www.noticiasradioreflejos.com.ar\/2021\/en-repudio-a-la-desidia-del-gobierno-3-de-agosto-el-fudb-convoca-a-paro\/\"]}]},{\"@type\":\"BreadcrumbList\",\"@id\":\"https:\/\/www.noticiasradioreflejos.com.ar\/2021\/en-repudio-a-la-desidia-del-gobierno-3-de-agosto-el-fudb-convoca-a-paro\/#breadcrumb\",\"itemListElement\":[{\"@type\":\"ListItem\",\"position\":1,\"name\":\"Portada\",\"item\":\"https:\/\/www.noticiasradioreflejos.com.ar\/2021\/\"},{\"@type\":\"ListItem\",\"position\":2,\"name\":\"En repudio a la desidia del gobierno: 3 de Agosto el FUDB convoca a paro\"}]},{\"@type\":\"WebSite\",\"@id\":\"https:\/\/www.noticiasradioreflejos.com.ar\/2021\/#website\",\"url\":\"https:\/\/www.noticiasradioreflejos.com.ar\/2021\/\",\"name\":\"Noticias Radio Reflejos\",\"description\":\"Las noticias de mi comarca\",\"potentialAction\":[{\"@type\":\"SearchAction\",\"target\":{\"@type\":\"EntryPoint\",\"urlTemplate\":\"https:\/\/www.noticiasradioreflejos.com.ar\/2021\/?s={search_term_string}\"},\"query-input\":{\"@type\":\"PropertyValueSpecification\",\"valueRequired\":true,\"valueName\":\"search_term_string\"}}],\"inLanguage\":\"es\"},{\"@type\":\"Person\",\"@id\":\"https:\/\/www.noticiasradioreflejos.com.ar\/2021\/#\/schema\/person\/ad82545263dcc5ec0996818884fd5fb1\",\"name\":\"Arnaldo Botto\",\"image\":{\"@type\":\"ImageObject\",\"inLanguage\":\"es\",\"@id\":\"https:\/\/www.noticiasradioreflejos.com.ar\/2021\/#\/schema\/person\/image\/\",\"url\":\"https:\/\/secure.gravatar.com\/avatar\/55cb5e37c1efa326397366e6974cb338056df65cb50e7d64d1cf314e87504837?s=96&d=mm&r=g\",\"contentUrl\":\"https:\/\/secure.gravatar.com\/avatar\/55cb5e37c1efa326397366e6974cb338056df65cb50e7d64d1cf314e87504837?s=96&d=mm&r=g\",\"caption\":\"Arnaldo Botto\"},\"url\":\"https:\/\/www.noticiasradioreflejos.com.ar\/2021\/author\/arnaldo\/\"}]}<\/script>\n<!-- \/ Yoast SEO plugin. -->","yoast_head_json":{"title":"En repudio a la desidia del gobierno: 3 de Agosto el FUDB convoca a paro - Noticias Radio Reflejos","robots":{"index":"index","follow":"follow","max-snippet":"max-snippet:-1","max-image-preview":"max-image-preview:large","max-video-preview":"max-video-preview:-1"},"canonical":"https:\/\/www.noticiasradioreflejos.com.ar\/2021\/en-repudio-a-la-desidia-del-gobierno-3-de-agosto-el-fudb-convoca-a-paro\/","og_locale":"es_ES","og_type":"article","og_title":"En repudio a la desidia del gobierno: 3 de Agosto el FUDB convoca a paro - Noticias Radio Reflejos","og_description":"COMUNICADO DE PRENSA TRAGEDIA EN LA ESCUELA 49 DE MORENO. NO FUE UN ACCIDENTE, FUE AUSENCIA DEL ESTADO PROVINCIAL La Seccional Provincia de Buenos Aires del SADOP manifiesta su solidaridad y acompa\u00f1amiento a la comunicad educativa de la escuela 49 de Moreno ante la tragedia que la enluta.","og_url":"https:\/\/www.noticiasradioreflejos.com.ar\/2021\/en-repudio-a-la-desidia-del-gobierno-3-de-agosto-el-fudb-convoca-a-paro\/","og_site_name":"Noticias Radio Reflejos","article_published_time":"2018-08-03T02:32:54+00:00","og_image":[{"width":300,"height":200,"url":"https:\/\/www.noticiasradioreflejos.com.ar\/2021\/wp-content\/uploads\/2021\/07\/logosol300x200.png","type":"image\/png"}],"author":"Arnaldo Botto","twitter_card":"summary_large_image","schema":{"@context":"https:\/\/schema.org","@graph":[{"@type":"WebPage","@id":"https:\/\/www.noticiasradioreflejos.com.ar\/2021\/en-repudio-a-la-desidia-del-gobierno-3-de-agosto-el-fudb-convoca-a-paro\/","url":"https:\/\/www.noticiasradioreflejos.com.ar\/2021\/en-repudio-a-la-desidia-del-gobierno-3-de-agosto-el-fudb-convoca-a-paro\/","name":"En repudio a la desidia del gobierno: 3 de Agosto el FUDB convoca a paro - Noticias Radio Reflejos","isPartOf":{"@id":"https:\/\/www.noticiasradioreflejos.com.ar\/2021\/#website"},"datePublished":"2018-08-03T02:32:54+00:00","author":{"@id":"https:\/\/www.noticiasradioreflejos.com.ar\/2021\/#\/schema\/person\/ad82545263dcc5ec0996818884fd5fb1"},"breadcrumb":{"@id":"https:\/\/www.noticiasradioreflejos.com.ar\/2021\/en-repudio-a-la-desidia-del-gobierno-3-de-agosto-el-fudb-convoca-a-paro\/#breadcrumb"},"inLanguage":"es","potentialAction":[{"@type":"ReadAction","target":["https:\/\/www.noticiasradioreflejos.com.ar\/2021\/en-repudio-a-la-desidia-del-gobierno-3-de-agosto-el-fudb-convoca-a-paro\/"]}]},{"@type":"BreadcrumbList","@id":"https:\/\/www.noticiasradioreflejos.com.ar\/2021\/en-repudio-a-la-desidia-del-gobierno-3-de-agosto-el-fudb-convoca-a-paro\/#breadcrumb","itemListElement":[{"@type":"ListItem","position":1,"name":"Portada","item":"https:\/\/www.noticiasradioreflejos.com.ar\/2021\/"},{"@type":"ListItem","position":2,"name":"En repudio a la desidia del gobierno: 3 de Agosto el FUDB convoca a paro"}]},{"@type":"WebSite","@id":"https:\/\/www.noticiasradioreflejos.com.ar\/2021\/#website","url":"https:\/\/www.noticiasradioreflejos.com.ar\/2021\/","name":"Noticias Radio Reflejos","description":"Las noticias de mi comarca","potentialAction":[{"@type":"SearchAction","target":{"@type":"EntryPoint","urlTemplate":"https:\/\/www.noticiasradioreflejos.com.ar\/2021\/?s={search_term_string}"},"query-input":{"@type":"PropertyValueSpecification","valueRequired":true,"valueName":"search_term_string"}}],"inLanguage":"es"},{"@type":"Person","@id":"https:\/\/www.noticiasradioreflejos.com.ar\/2021\/#\/schema\/person\/ad82545263dcc5ec0996818884fd5fb1","name":"Arnaldo Botto","image":{"@type":"ImageObject","inLanguage":"es","@id":"https:\/\/www.noticiasradioreflejos.com.ar\/2021\/#\/schema\/person\/image\/","url":"https:\/\/secure.gravatar.com\/avatar\/55cb5e37c1efa326397366e6974cb338056df65cb50e7d64d1cf314e87504837?s=96&d=mm&r=g","contentUrl":"https:\/\/secure.gravatar.com\/avatar\/55cb5e37c1efa326397366e6974cb338056df65cb50e7d64d1cf314e87504837?s=96&d=mm&r=g","caption":"Arnaldo Botto"},"url":"https:\/\/www.noticiasradioreflejos.com.ar\/2021\/author\/arnaldo\/"}]}},"_links":{"self":[{"href":"https:\/\/www.noticiasradioreflejos.com.ar\/2021\/wp-json\/wp\/v2\/posts\/23797","targetHints":{"allow":["GET"]}}],"collection":[{"href":"https:\/\/www.noticiasradioreflejos.com.ar\/2021\/wp-json\/wp\/v2\/posts"}],"about":[{"href":"https:\/\/www.noticiasradioreflejos.com.ar\/2021\/wp-json\/wp\/v2\/types\/post"}],"author":[{"embeddable":true,"href":"https:\/\/www.noticiasradioreflejos.com.ar\/2021\/wp-json\/wp\/v2\/users\/3"}],"replies":[{"embeddable":true,"href":"https:\/\/www.noticiasradioreflejos.com.ar\/2021\/wp-json\/wp\/v2\/comments?post=23797"}],"version-history":[{"count":0,"href":"https:\/\/www.noticiasradioreflejos.com.ar\/2021\/wp-json\/wp\/v2\/posts\/23797\/revisions"}],"wp:attachment":[{"href":"https:\/\/www.noticiasradioreflejos.com.ar\/2021\/wp-json\/wp\/v2\/media?parent=23797"}],"wp:term":[{"taxonomy":"category","embeddable":true,"href":"https:\/\/www.noticiasradioreflejos.com.ar\/2021\/wp-json\/wp\/v2\/categories?post=23797"},{"taxonomy":"post_tag","embeddable":true,"href":"https:\/\/www.noticiasradioreflejos.com.ar\/2021\/wp-json\/wp\/v2\/tags?post=23797"}],"curies":[{"name":"wp","href":"https:\/\/api.w.org\/{rel}","templated":true}]}}