{"id":23793,"date":"2018-08-03T01:05:37","date_gmt":"2018-08-03T04:05:37","guid":{"rendered":"http:\/\/www.noticiasradioreflejos.com.ar\/noticias\/?p=23793"},"modified":"2018-08-03T01:05:37","modified_gmt":"2018-08-03T04:05:37","slug":"sobre-el-corte-en-el-servicio-del-gnc-en-la-comarca-no-es-que-no-queremos-vender-gas-gaston-llado","status":"publish","type":"post","link":"https:\/\/www.noticiasradioreflejos.com.ar\/2021\/sobre-el-corte-en-el-servicio-del-gnc-en-la-comarca-no-es-que-no-queremos-vender-gas-gaston-llado\/","title":{"rendered":"Sobre el corte en el servicio del GNC en la comarca: &quot;No es que no queremos vender gas&quot; &#8211; Gast\u00f2n Llado"},"content":{"rendered":"<p>Hace unos d\u00edas, una resoluci\u00f3n de Camuzzi Gas Pampeana oblig\u00f3 a unas 180 estaciones de Servicio de GNC a cerrar sus puertas en plena temporada de vacaciones de invierno.<br \/>\nPara conocer los alcances de esta medida, nos comunicamos con Gast\u00f2n Llado, propietario de la <strong>GNC \u00abLos Pioneros\u00bb<\/strong>, que nos informa las razones y los perjuicios que acarrea esta medida contemplada en los contratos de concesi\u00f3n del servicio.<br \/>\nLlad\u00f2 se manifiesta optimista en que la medida se levantara pr\u00f3ximamente ante el menor consumo con el aumento de la temperatura ambiente, y explica que los 9 empleados de la GNC\u00a0de Saldungaray cobran sus salarios y reciben sus aportes como si estuvieran trabajando.<!--more--><br \/>\n\u00abTe agradezco poder salir al aire, para explicarle a la gente que tenga una noci\u00f3n de como es la realidad de la situaci\u00f3n y porque nosotros hemos tenido que cerrar el suministro y expendi\u00f3 de GNC, la realidad es as\u00ed, nosotros somos una estaci\u00f3n relativamente nueva junto con Tornquist, Carhue, y 180 estaciones mas que hay en el pa\u00eds, en el cual tenemos un contrato firmado con la empresa Camuzzi de car\u00e1cter interrumpible, la clausula de contrato dice y avala a la distribuidora a permitirles que ellos me puedan decir, (\u00abmira Gast\u00f3n, ma\u00f1ana tenes que cortar el suministro\u00bb), porque normalmente siempre ocurre que por olas de fr\u00edo se prioriza el consumo domiciliario y las grandes industrias, la GNC de car\u00e1cter interrumpible como son las nuestras, y alg\u00fan otro tipo, por ejemplo la papelera de Tornquist, que a ellos tambi\u00e9n les cortan, permiten que como el suministro no da a basto, el consumo es muy alto, priorizan a los domicilios y deciden cortar a todo este tipo de estaciones y a las industrias como te acabo de explicar, ellos nos mandan un aviso por mail y nos informan hasta nuevo aviso esta suspendido el suministro, y nosotros no podemos vender porque estamos violando las normas del contrato, es una realidad, no es que nosotros no queramos expender GNC, o la queremos cerrar a la estaci\u00f3n, yo quiero que quede bien claro eso, porque no se trata de eso, y de hecho nuestros empleados est\u00e1n yendo a trabajar igual, estamos haciendo tareas de mantenimiento en la estaci\u00f3n y nada, esperando a que nos autoricen a expender\u00bb.<br \/>\n\u00abCuando las clausulas del contrato las ponen ellos, vos las aceptas y las firmas o no, quisimos apostar a tener GNC en la comarca, y aceptamos las clausulas, por ende como las aceptamos las tenemos que cumplir, no podemos romper las normas del contrato\u00bb.<br \/>\n\u00abQue la gente entienda que ami ni bien me habilitan a expender, yo abro, nosotros abrimos enseguida\u00bb.<br \/>\n\u00abTodos los d\u00edas alrededor de las 18 hs nos llega un mail de Camuzzi en el cual nos dice, (\u00abA partir de las 6 de la ma\u00f1ana del d\u00eda siguiente, pueden abrir\u00bb) o te dicen, (\u00abpor el presente informo que sigue suspendido el suministro hasta nuevo aviso\u00bb), quiz\u00e1 hoy te estoy diciendo esto, y ma\u00f1ana me dicen (\u00ablas condiciones clim\u00e1ticas cambiaron, subi\u00f3 la temperatura, el consumo bajo, por ende abr\u00ed\u00bb)\u00bb.<br \/>\n\u00abSi sube la temperatura baja el consumo domiciliario, y probablemente tengamos la suerte de poder habilitar\u00bb.<br \/>\n\u00abTenemos 9 empleados, mantenemos la fuente de trabajo, mantenemos a los chicos, no les bajamos el sueldo, ni suspendido, ni absolutamente nada\u00bb.<br \/>\n\u00abEsperamos que se solucione cuanto antes, lo que si nuestro compromiso es avisarle a toda la gente, a trav\u00e9s tuyo, y de todos tus medios, ni bien tengamos una novedad la vamos a informar y vamos a abrir\u00bb.<br \/>\nNOTA COMPLETA:<br \/>\n<iframe loading=\"lazy\" width=\"100%\" height=\"300\" scrolling=\"no\" frameborder=\"no\" allow=\"autoplay\" src=\"https:\/\/w.soundcloud.com\/player\/?url=https%3A\/\/api.soundcloud.com\/tracks\/480352683&#038;color=%23ff5500&#038;auto_play=false&#038;hide_related=false&#038;show_comments=true&#038;show_user=true&#038;show_reposts=false&#038;show_teaser=true&#038;visual=true\"><\/iframe><\/p>\n","protected":false},"excerpt":{"rendered":"<p>Hace unos d\u00edas, una resoluci\u00f3n de Camuzzi Gas Pampeana oblig\u00f3 a unas 180 estaciones de Servicio de GNC a cerrar sus puertas en plena temporada de vacaciones de invierno. Para conocer los alcances de esta medida, nos comunicamos con Gast\u00f2n Llado, propietario de la GNC \u00abLos Pioneros\u00bb, que nos informa las razones y los perjuicios [&hellip;]<\/p>\n","protected":false},"author":3,"featured_media":11064,"comment_status":"closed","ping_status":"open","sticky":false,"template":"","format":"standard","meta":{"footnotes":""},"categories":[26],"tags":[],"class_list":["post-23793","post","type-post","status-publish","format-standard","has-post-thumbnail","hentry","category-sociedad"],"yoast_head":"<!-- This site is optimized with the Yoast SEO plugin v25.9 - https:\/\/yoast.com\/wordpress\/plugins\/seo\/ -->\n<title>Sobre el corte en el servicio del GNC en la comarca: &quot;No es que no queremos vender gas&quot; - Gast\u00f2n Llado - Noticias Radio Reflejos<\/title>\n<meta name=\"robots\" content=\"index, follow, max-snippet:-1, max-image-preview:large, max-video-preview:-1\" \/>\n<link rel=\"canonical\" href=\"https:\/\/www.noticiasradioreflejos.com.ar\/2021\/sobre-el-corte-en-el-servicio-del-gnc-en-la-comarca-no-es-que-no-queremos-vender-gas-gaston-llado\/\" \/>\n<meta property=\"og:locale\" content=\"es_ES\" \/>\n<meta property=\"og:type\" content=\"article\" \/>\n<meta property=\"og:title\" content=\"Sobre el corte en el servicio del GNC en la comarca: &quot;No es que no queremos vender gas&quot; - Gast\u00f2n Llado - Noticias Radio Reflejos\" \/>\n<meta property=\"og:description\" content=\"Hace unos d\u00edas, una resoluci\u00f3n de Camuzzi Gas Pampeana oblig\u00f3 a unas 180 estaciones de Servicio de GNC a cerrar sus puertas en plena temporada de vacaciones de invierno. Para conocer los alcances de esta medida, nos comunicamos con Gast\u00f2n Llado, propietario de la GNC \u00abLos Pioneros\u00bb, que nos informa las razones y los perjuicios [&hellip;]\" \/>\n<meta property=\"og:url\" content=\"https:\/\/www.noticiasradioreflejos.com.ar\/2021\/sobre-el-corte-en-el-servicio-del-gnc-en-la-comarca-no-es-que-no-queremos-vender-gas-gaston-llado\/\" \/>\n<meta property=\"og:site_name\" content=\"Noticias Radio Reflejos\" \/>\n<meta property=\"article:published_time\" content=\"2018-08-03T04:05:37+00:00\" \/>\n<meta property=\"og:image\" content=\"https:\/\/www.noticiasradioreflejos.com.ar\/2021\/wp-content\/uploads\/2017\/06\/Estacion-Los-Pioneros-Saldungaray.jpg\" \/>\n\t<meta property=\"og:image:width\" content=\"640\" \/>\n\t<meta property=\"og:image:height\" content=\"357\" \/>\n\t<meta property=\"og:image:type\" content=\"image\/jpeg\" \/>\n<meta name=\"author\" content=\"Arnaldo Botto\" \/>\n<meta name=\"twitter:card\" content=\"summary_large_image\" \/>\n<script type=\"application\/ld+json\" class=\"yoast-schema-graph\">{\"@context\":\"https:\/\/schema.org\",\"@graph\":[{\"@type\":\"WebPage\",\"@id\":\"https:\/\/www.noticiasradioreflejos.com.ar\/2021\/sobre-el-corte-en-el-servicio-del-gnc-en-la-comarca-no-es-que-no-queremos-vender-gas-gaston-llado\/\",\"url\":\"https:\/\/www.noticiasradioreflejos.com.ar\/2021\/sobre-el-corte-en-el-servicio-del-gnc-en-la-comarca-no-es-que-no-queremos-vender-gas-gaston-llado\/\",\"name\":\"Sobre el corte en el servicio del GNC en la comarca: &quot;No es que no queremos vender gas&quot; - Gast\u00f2n Llado - Noticias Radio Reflejos\",\"isPartOf\":{\"@id\":\"https:\/\/www.noticiasradioreflejos.com.ar\/2021\/#website\"},\"primaryImageOfPage\":{\"@id\":\"https:\/\/www.noticiasradioreflejos.com.ar\/2021\/sobre-el-corte-en-el-servicio-del-gnc-en-la-comarca-no-es-que-no-queremos-vender-gas-gaston-llado\/#primaryimage\"},\"image\":{\"@id\":\"https:\/\/www.noticiasradioreflejos.com.ar\/2021\/sobre-el-corte-en-el-servicio-del-gnc-en-la-comarca-no-es-que-no-queremos-vender-gas-gaston-llado\/#primaryimage\"},\"thumbnailUrl\":\"https:\/\/www.noticiasradioreflejos.com.ar\/2021\/wp-content\/uploads\/2017\/06\/Estacion-Los-Pioneros-Saldungaray.jpg\",\"datePublished\":\"2018-08-03T04:05:37+00:00\",\"author\":{\"@id\":\"https:\/\/www.noticiasradioreflejos.com.ar\/2021\/#\/schema\/person\/ad82545263dcc5ec0996818884fd5fb1\"},\"breadcrumb\":{\"@id\":\"https:\/\/www.noticiasradioreflejos.com.ar\/2021\/sobre-el-corte-en-el-servicio-del-gnc-en-la-comarca-no-es-que-no-queremos-vender-gas-gaston-llado\/#breadcrumb\"},\"inLanguage\":\"es\",\"potentialAction\":[{\"@type\":\"ReadAction\",\"target\":[\"https:\/\/www.noticiasradioreflejos.com.ar\/2021\/sobre-el-corte-en-el-servicio-del-gnc-en-la-comarca-no-es-que-no-queremos-vender-gas-gaston-llado\/\"]}]},{\"@type\":\"ImageObject\",\"inLanguage\":\"es\",\"@id\":\"https:\/\/www.noticiasradioreflejos.com.ar\/2021\/sobre-el-corte-en-el-servicio-del-gnc-en-la-comarca-no-es-que-no-queremos-vender-gas-gaston-llado\/#primaryimage\",\"url\":\"https:\/\/www.noticiasradioreflejos.com.ar\/2021\/wp-content\/uploads\/2017\/06\/Estacion-Los-Pioneros-Saldungaray.jpg\",\"contentUrl\":\"https:\/\/www.noticiasradioreflejos.com.ar\/2021\/wp-content\/uploads\/2017\/06\/Estacion-Los-Pioneros-Saldungaray.jpg\",\"width\":640,\"height\":357},{\"@type\":\"BreadcrumbList\",\"@id\":\"https:\/\/www.noticiasradioreflejos.com.ar\/2021\/sobre-el-corte-en-el-servicio-del-gnc-en-la-comarca-no-es-que-no-queremos-vender-gas-gaston-llado\/#breadcrumb\",\"itemListElement\":[{\"@type\":\"ListItem\",\"position\":1,\"name\":\"Portada\",\"item\":\"https:\/\/www.noticiasradioreflejos.com.ar\/2021\/\"},{\"@type\":\"ListItem\",\"position\":2,\"name\":\"Sobre el corte en el servicio del GNC en la comarca: &quot;No es que no queremos vender gas&quot; &#8211; Gast\u00f2n Llado\"}]},{\"@type\":\"WebSite\",\"@id\":\"https:\/\/www.noticiasradioreflejos.com.ar\/2021\/#website\",\"url\":\"https:\/\/www.noticiasradioreflejos.com.ar\/2021\/\",\"name\":\"Noticias Radio Reflejos\",\"description\":\"Las noticias de mi comarca\",\"potentialAction\":[{\"@type\":\"SearchAction\",\"target\":{\"@type\":\"EntryPoint\",\"urlTemplate\":\"https:\/\/www.noticiasradioreflejos.com.ar\/2021\/?s={search_term_string}\"},\"query-input\":{\"@type\":\"PropertyValueSpecification\",\"valueRequired\":true,\"valueName\":\"search_term_string\"}}],\"inLanguage\":\"es\"},{\"@type\":\"Person\",\"@id\":\"https:\/\/www.noticiasradioreflejos.com.ar\/2021\/#\/schema\/person\/ad82545263dcc5ec0996818884fd5fb1\",\"name\":\"Arnaldo Botto\",\"image\":{\"@type\":\"ImageObject\",\"inLanguage\":\"es\",\"@id\":\"https:\/\/www.noticiasradioreflejos.com.ar\/2021\/#\/schema\/person\/image\/\",\"url\":\"https:\/\/secure.gravatar.com\/avatar\/55cb5e37c1efa326397366e6974cb338056df65cb50e7d64d1cf314e87504837?s=96&d=mm&r=g\",\"contentUrl\":\"https:\/\/secure.gravatar.com\/avatar\/55cb5e37c1efa326397366e6974cb338056df65cb50e7d64d1cf314e87504837?s=96&d=mm&r=g\",\"caption\":\"Arnaldo Botto\"},\"url\":\"https:\/\/www.noticiasradioreflejos.com.ar\/2021\/author\/arnaldo\/\"}]}<\/script>\n<!-- \/ Yoast SEO plugin. -->","yoast_head_json":{"title":"Sobre el corte en el servicio del GNC en la comarca: &quot;No es que no queremos vender gas&quot; - Gast\u00f2n Llado - Noticias Radio Reflejos","robots":{"index":"index","follow":"follow","max-snippet":"max-snippet:-1","max-image-preview":"max-image-preview:large","max-video-preview":"max-video-preview:-1"},"canonical":"https:\/\/www.noticiasradioreflejos.com.ar\/2021\/sobre-el-corte-en-el-servicio-del-gnc-en-la-comarca-no-es-que-no-queremos-vender-gas-gaston-llado\/","og_locale":"es_ES","og_type":"article","og_title":"Sobre el corte en el servicio del GNC en la comarca: &quot;No es que no queremos vender gas&quot; - Gast\u00f2n Llado - Noticias Radio Reflejos","og_description":"Hace unos d\u00edas, una resoluci\u00f3n de Camuzzi Gas Pampeana oblig\u00f3 a unas 180 estaciones de Servicio de GNC a cerrar sus puertas en plena temporada de vacaciones de invierno. Para conocer los alcances de esta medida, nos comunicamos con Gast\u00f2n Llado, propietario de la GNC \u00abLos Pioneros\u00bb, que nos informa las razones y los perjuicios [&hellip;]","og_url":"https:\/\/www.noticiasradioreflejos.com.ar\/2021\/sobre-el-corte-en-el-servicio-del-gnc-en-la-comarca-no-es-que-no-queremos-vender-gas-gaston-llado\/","og_site_name":"Noticias Radio Reflejos","article_published_time":"2018-08-03T04:05:37+00:00","og_image":[{"width":640,"height":357,"url":"https:\/\/www.noticiasradioreflejos.com.ar\/2021\/wp-content\/uploads\/2017\/06\/Estacion-Los-Pioneros-Saldungaray.jpg","type":"image\/jpeg"}],"author":"Arnaldo Botto","twitter_card":"summary_large_image","schema":{"@context":"https:\/\/schema.org","@graph":[{"@type":"WebPage","@id":"https:\/\/www.noticiasradioreflejos.com.ar\/2021\/sobre-el-corte-en-el-servicio-del-gnc-en-la-comarca-no-es-que-no-queremos-vender-gas-gaston-llado\/","url":"https:\/\/www.noticiasradioreflejos.com.ar\/2021\/sobre-el-corte-en-el-servicio-del-gnc-en-la-comarca-no-es-que-no-queremos-vender-gas-gaston-llado\/","name":"Sobre el corte en el servicio del GNC en la comarca: &quot;No es que no queremos vender gas&quot; - Gast\u00f2n Llado - Noticias Radio Reflejos","isPartOf":{"@id":"https:\/\/www.noticiasradioreflejos.com.ar\/2021\/#website"},"primaryImageOfPage":{"@id":"https:\/\/www.noticiasradioreflejos.com.ar\/2021\/sobre-el-corte-en-el-servicio-del-gnc-en-la-comarca-no-es-que-no-queremos-vender-gas-gaston-llado\/#primaryimage"},"image":{"@id":"https:\/\/www.noticiasradioreflejos.com.ar\/2021\/sobre-el-corte-en-el-servicio-del-gnc-en-la-comarca-no-es-que-no-queremos-vender-gas-gaston-llado\/#primaryimage"},"thumbnailUrl":"https:\/\/www.noticiasradioreflejos.com.ar\/2021\/wp-content\/uploads\/2017\/06\/Estacion-Los-Pioneros-Saldungaray.jpg","datePublished":"2018-08-03T04:05:37+00:00","author":{"@id":"https:\/\/www.noticiasradioreflejos.com.ar\/2021\/#\/schema\/person\/ad82545263dcc5ec0996818884fd5fb1"},"breadcrumb":{"@id":"https:\/\/www.noticiasradioreflejos.com.ar\/2021\/sobre-el-corte-en-el-servicio-del-gnc-en-la-comarca-no-es-que-no-queremos-vender-gas-gaston-llado\/#breadcrumb"},"inLanguage":"es","potentialAction":[{"@type":"ReadAction","target":["https:\/\/www.noticiasradioreflejos.com.ar\/2021\/sobre-el-corte-en-el-servicio-del-gnc-en-la-comarca-no-es-que-no-queremos-vender-gas-gaston-llado\/"]}]},{"@type":"ImageObject","inLanguage":"es","@id":"https:\/\/www.noticiasradioreflejos.com.ar\/2021\/sobre-el-corte-en-el-servicio-del-gnc-en-la-comarca-no-es-que-no-queremos-vender-gas-gaston-llado\/#primaryimage","url":"https:\/\/www.noticiasradioreflejos.com.ar\/2021\/wp-content\/uploads\/2017\/06\/Estacion-Los-Pioneros-Saldungaray.jpg","contentUrl":"https:\/\/www.noticiasradioreflejos.com.ar\/2021\/wp-content\/uploads\/2017\/06\/Estacion-Los-Pioneros-Saldungaray.jpg","width":640,"height":357},{"@type":"BreadcrumbList","@id":"https:\/\/www.noticiasradioreflejos.com.ar\/2021\/sobre-el-corte-en-el-servicio-del-gnc-en-la-comarca-no-es-que-no-queremos-vender-gas-gaston-llado\/#breadcrumb","itemListElement":[{"@type":"ListItem","position":1,"name":"Portada","item":"https:\/\/www.noticiasradioreflejos.com.ar\/2021\/"},{"@type":"ListItem","position":2,"name":"Sobre el corte en el servicio del GNC en la comarca: &quot;No es que no queremos vender gas&quot; &#8211; Gast\u00f2n Llado"}]},{"@type":"WebSite","@id":"https:\/\/www.noticiasradioreflejos.com.ar\/2021\/#website","url":"https:\/\/www.noticiasradioreflejos.com.ar\/2021\/","name":"Noticias Radio Reflejos","description":"Las noticias de mi comarca","potentialAction":[{"@type":"SearchAction","target":{"@type":"EntryPoint","urlTemplate":"https:\/\/www.noticiasradioreflejos.com.ar\/2021\/?s={search_term_string}"},"query-input":{"@type":"PropertyValueSpecification","valueRequired":true,"valueName":"search_term_string"}}],"inLanguage":"es"},{"@type":"Person","@id":"https:\/\/www.noticiasradioreflejos.com.ar\/2021\/#\/schema\/person\/ad82545263dcc5ec0996818884fd5fb1","name":"Arnaldo Botto","image":{"@type":"ImageObject","inLanguage":"es","@id":"https:\/\/www.noticiasradioreflejos.com.ar\/2021\/#\/schema\/person\/image\/","url":"https:\/\/secure.gravatar.com\/avatar\/55cb5e37c1efa326397366e6974cb338056df65cb50e7d64d1cf314e87504837?s=96&d=mm&r=g","contentUrl":"https:\/\/secure.gravatar.com\/avatar\/55cb5e37c1efa326397366e6974cb338056df65cb50e7d64d1cf314e87504837?s=96&d=mm&r=g","caption":"Arnaldo Botto"},"url":"https:\/\/www.noticiasradioreflejos.com.ar\/2021\/author\/arnaldo\/"}]}},"_links":{"self":[{"href":"https:\/\/www.noticiasradioreflejos.com.ar\/2021\/wp-json\/wp\/v2\/posts\/23793","targetHints":{"allow":["GET"]}}],"collection":[{"href":"https:\/\/www.noticiasradioreflejos.com.ar\/2021\/wp-json\/wp\/v2\/posts"}],"about":[{"href":"https:\/\/www.noticiasradioreflejos.com.ar\/2021\/wp-json\/wp\/v2\/types\/post"}],"author":[{"embeddable":true,"href":"https:\/\/www.noticiasradioreflejos.com.ar\/2021\/wp-json\/wp\/v2\/users\/3"}],"replies":[{"embeddable":true,"href":"https:\/\/www.noticiasradioreflejos.com.ar\/2021\/wp-json\/wp\/v2\/comments?post=23793"}],"version-history":[{"count":0,"href":"https:\/\/www.noticiasradioreflejos.com.ar\/2021\/wp-json\/wp\/v2\/posts\/23793\/revisions"}],"wp:featuredmedia":[{"embeddable":true,"href":"https:\/\/www.noticiasradioreflejos.com.ar\/2021\/wp-json\/wp\/v2\/media\/11064"}],"wp:attachment":[{"href":"https:\/\/www.noticiasradioreflejos.com.ar\/2021\/wp-json\/wp\/v2\/media?parent=23793"}],"wp:term":[{"taxonomy":"category","embeddable":true,"href":"https:\/\/www.noticiasradioreflejos.com.ar\/2021\/wp-json\/wp\/v2\/categories?post=23793"},{"taxonomy":"post_tag","embeddable":true,"href":"https:\/\/www.noticiasradioreflejos.com.ar\/2021\/wp-json\/wp\/v2\/tags?post=23793"}],"curies":[{"name":"wp","href":"https:\/\/api.w.org\/{rel}","templated":true}]}}