{"id":23783,"date":"2018-08-02T15:01:06","date_gmt":"2018-08-02T18:01:06","guid":{"rendered":"http:\/\/www.noticiasradioreflejos.com.ar\/noticias\/?p=23783"},"modified":"2018-08-02T15:01:06","modified_gmt":"2018-08-02T18:01:06","slug":"tornquist-municipio-firmo-el-convenio-para-ser-parte-de-la-mision-comercial-argentina-chile","status":"publish","type":"post","link":"https:\/\/www.noticiasradioreflejos.com.ar\/2021\/tornquist-municipio-firmo-el-convenio-para-ser-parte-de-la-mision-comercial-argentina-chile\/","title":{"rendered":"Tornquist Municipio firm\u00f3 el convenio para ser parte de la misi\u00f3n comercial Argentina-Chile"},"content":{"rendered":"<p>La Secretar\u00eda de Turismo del Municipio de Tornquist, particip\u00f3 en el d\u00eda ayer, junto a las c\u00e1maras y asociaciones de turismo y comercio del distrito, de una reuni\u00f3n en donde la Corporaci\u00f3n de Comercio, Industria y Servicio de Bah\u00eda Blanca, present\u00f3 el Plan Misi\u00f3n Comercial y de Vinculaci\u00f3n Argentina-Chile, el cual se desarrolla por el Corredor Bioce\u00e1nico Trasandino del Sur, pasando por las localidades de R\u00edo Colorado, Choele Choel, Gral. Roca, Neuqu\u00e9n, Zapala, Victoria, Lebu y Talcahuano.<!--more--><br \/>\nEl objetivo de dicho plan, es potenciar las estrategias comerciales, de vinculaci\u00f3n, integraci\u00f3n, comunicaci\u00f3n y conectividad de la regi\u00f3n.<br \/>\nPosterior a la presentaci\u00f3n, se discutieron las distintas modalidades para la promoci\u00f3n y difusi\u00f3n de la Comarca Tur\u00edsticas Sierras de la Ventana.<br \/>\nCabe destacar que el Tornquist Municipio se adhiere a este programa, que tiene como fin propiciar pol\u00edticas para ampliar la oferta de productos exportables, apoyar el desarrollo empresarial de los productores, y sobretodo llevar a cabo acciones concretas que expresen el desarrollo de oportunidades para la regi\u00f3n.<br \/>\n<a href=\"http:\/\/farm1.staticflickr.com\/934\/41999071330_03443586b5_z.jpg\" title=\"turismo2\" rel=\"\"><img loading=\"lazy\" decoding=\"async\" src=\"http:\/\/farm1.staticflickr.com\/934\/41999071330_03443586b5_z.jpg\" width=\"640\" height=\"480\" alt=\"turismo2\" title=\"turismo2\" class=\"aligncenter\"><\/a><\/p>\n","protected":false},"excerpt":{"rendered":"<p>La Secretar\u00eda de Turismo del Municipio de Tornquist, particip\u00f3 en el d\u00eda ayer, junto a las c\u00e1maras y asociaciones de turismo y comercio del distrito, de una reuni\u00f3n en donde la Corporaci\u00f3n de Comercio, Industria y Servicio de Bah\u00eda Blanca, present\u00f3 el Plan Misi\u00f3n Comercial y de Vinculaci\u00f3n Argentina-Chile, el cual se desarrolla por el [&hellip;]<\/p>\n","protected":false},"author":3,"featured_media":0,"comment_status":"closed","ping_status":"open","sticky":false,"template":"","format":"standard","meta":{"footnotes":""},"categories":[33],"tags":[],"class_list":["post-23783","post","type-post","status-publish","format-standard","hentry","category-turismo"],"yoast_head":"<!-- This site is optimized with the Yoast SEO plugin v25.9 - https:\/\/yoast.com\/wordpress\/plugins\/seo\/ -->\n<title>Tornquist Municipio firm\u00f3 el convenio para ser parte de la misi\u00f3n comercial Argentina-Chile - Noticias Radio Reflejos<\/title>\n<meta name=\"robots\" content=\"index, follow, max-snippet:-1, max-image-preview:large, max-video-preview:-1\" \/>\n<link rel=\"canonical\" href=\"https:\/\/www.noticiasradioreflejos.com.ar\/2021\/tornquist-municipio-firmo-el-convenio-para-ser-parte-de-la-mision-comercial-argentina-chile\/\" \/>\n<meta property=\"og:locale\" content=\"es_ES\" \/>\n<meta property=\"og:type\" content=\"article\" \/>\n<meta property=\"og:title\" content=\"Tornquist Municipio firm\u00f3 el convenio para ser parte de la misi\u00f3n comercial Argentina-Chile - Noticias Radio Reflejos\" \/>\n<meta property=\"og:description\" content=\"La Secretar\u00eda de Turismo del Municipio de Tornquist, particip\u00f3 en el d\u00eda ayer, junto a las c\u00e1maras y asociaciones de turismo y comercio del distrito, de una reuni\u00f3n en donde la Corporaci\u00f3n de Comercio, Industria y Servicio de Bah\u00eda Blanca, present\u00f3 el Plan Misi\u00f3n Comercial y de Vinculaci\u00f3n Argentina-Chile, el cual se desarrolla por el [&hellip;]\" \/>\n<meta property=\"og:url\" content=\"https:\/\/www.noticiasradioreflejos.com.ar\/2021\/tornquist-municipio-firmo-el-convenio-para-ser-parte-de-la-mision-comercial-argentina-chile\/\" \/>\n<meta property=\"og:site_name\" content=\"Noticias Radio Reflejos\" \/>\n<meta property=\"article:published_time\" content=\"2018-08-02T18:01:06+00:00\" \/>\n<meta property=\"og:image\" content=\"http:\/\/farm1.staticflickr.com\/934\/41999071330_03443586b5_z.jpg\" \/>\n<meta name=\"author\" content=\"Arnaldo Botto\" \/>\n<meta name=\"twitter:card\" content=\"summary_large_image\" \/>\n<script type=\"application\/ld+json\" class=\"yoast-schema-graph\">{\"@context\":\"https:\/\/schema.org\",\"@graph\":[{\"@type\":\"WebPage\",\"@id\":\"https:\/\/www.noticiasradioreflejos.com.ar\/2021\/tornquist-municipio-firmo-el-convenio-para-ser-parte-de-la-mision-comercial-argentina-chile\/\",\"url\":\"https:\/\/www.noticiasradioreflejos.com.ar\/2021\/tornquist-municipio-firmo-el-convenio-para-ser-parte-de-la-mision-comercial-argentina-chile\/\",\"name\":\"Tornquist Municipio firm\u00f3 el convenio para ser parte de la misi\u00f3n comercial Argentina-Chile - Noticias Radio Reflejos\",\"isPartOf\":{\"@id\":\"https:\/\/www.noticiasradioreflejos.com.ar\/2021\/#website\"},\"primaryImageOfPage\":{\"@id\":\"https:\/\/www.noticiasradioreflejos.com.ar\/2021\/tornquist-municipio-firmo-el-convenio-para-ser-parte-de-la-mision-comercial-argentina-chile\/#primaryimage\"},\"image\":{\"@id\":\"https:\/\/www.noticiasradioreflejos.com.ar\/2021\/tornquist-municipio-firmo-el-convenio-para-ser-parte-de-la-mision-comercial-argentina-chile\/#primaryimage\"},\"thumbnailUrl\":\"http:\/\/farm1.staticflickr.com\/934\/41999071330_03443586b5_z.jpg\",\"datePublished\":\"2018-08-02T18:01:06+00:00\",\"author\":{\"@id\":\"https:\/\/www.noticiasradioreflejos.com.ar\/2021\/#\/schema\/person\/ad82545263dcc5ec0996818884fd5fb1\"},\"breadcrumb\":{\"@id\":\"https:\/\/www.noticiasradioreflejos.com.ar\/2021\/tornquist-municipio-firmo-el-convenio-para-ser-parte-de-la-mision-comercial-argentina-chile\/#breadcrumb\"},\"inLanguage\":\"es\",\"potentialAction\":[{\"@type\":\"ReadAction\",\"target\":[\"https:\/\/www.noticiasradioreflejos.com.ar\/2021\/tornquist-municipio-firmo-el-convenio-para-ser-parte-de-la-mision-comercial-argentina-chile\/\"]}]},{\"@type\":\"ImageObject\",\"inLanguage\":\"es\",\"@id\":\"https:\/\/www.noticiasradioreflejos.com.ar\/2021\/tornquist-municipio-firmo-el-convenio-para-ser-parte-de-la-mision-comercial-argentina-chile\/#primaryimage\",\"url\":\"http:\/\/farm1.staticflickr.com\/934\/41999071330_03443586b5_z.jpg\",\"contentUrl\":\"http:\/\/farm1.staticflickr.com\/934\/41999071330_03443586b5_z.jpg\"},{\"@type\":\"BreadcrumbList\",\"@id\":\"https:\/\/www.noticiasradioreflejos.com.ar\/2021\/tornquist-municipio-firmo-el-convenio-para-ser-parte-de-la-mision-comercial-argentina-chile\/#breadcrumb\",\"itemListElement\":[{\"@type\":\"ListItem\",\"position\":1,\"name\":\"Portada\",\"item\":\"https:\/\/www.noticiasradioreflejos.com.ar\/2021\/\"},{\"@type\":\"ListItem\",\"position\":2,\"name\":\"Tornquist Municipio firm\u00f3 el convenio para ser parte de la misi\u00f3n comercial Argentina-Chile\"}]},{\"@type\":\"WebSite\",\"@id\":\"https:\/\/www.noticiasradioreflejos.com.ar\/2021\/#website\",\"url\":\"https:\/\/www.noticiasradioreflejos.com.ar\/2021\/\",\"name\":\"Noticias Radio Reflejos\",\"description\":\"Las noticias de mi comarca\",\"potentialAction\":[{\"@type\":\"SearchAction\",\"target\":{\"@type\":\"EntryPoint\",\"urlTemplate\":\"https:\/\/www.noticiasradioreflejos.com.ar\/2021\/?s={search_term_string}\"},\"query-input\":{\"@type\":\"PropertyValueSpecification\",\"valueRequired\":true,\"valueName\":\"search_term_string\"}}],\"inLanguage\":\"es\"},{\"@type\":\"Person\",\"@id\":\"https:\/\/www.noticiasradioreflejos.com.ar\/2021\/#\/schema\/person\/ad82545263dcc5ec0996818884fd5fb1\",\"name\":\"Arnaldo Botto\",\"image\":{\"@type\":\"ImageObject\",\"inLanguage\":\"es\",\"@id\":\"https:\/\/www.noticiasradioreflejos.com.ar\/2021\/#\/schema\/person\/image\/\",\"url\":\"https:\/\/secure.gravatar.com\/avatar\/55cb5e37c1efa326397366e6974cb338056df65cb50e7d64d1cf314e87504837?s=96&d=mm&r=g\",\"contentUrl\":\"https:\/\/secure.gravatar.com\/avatar\/55cb5e37c1efa326397366e6974cb338056df65cb50e7d64d1cf314e87504837?s=96&d=mm&r=g\",\"caption\":\"Arnaldo Botto\"},\"url\":\"https:\/\/www.noticiasradioreflejos.com.ar\/2021\/author\/arnaldo\/\"}]}<\/script>\n<!-- \/ Yoast SEO plugin. -->","yoast_head_json":{"title":"Tornquist Municipio firm\u00f3 el convenio para ser parte de la misi\u00f3n comercial Argentina-Chile - Noticias Radio Reflejos","robots":{"index":"index","follow":"follow","max-snippet":"max-snippet:-1","max-image-preview":"max-image-preview:large","max-video-preview":"max-video-preview:-1"},"canonical":"https:\/\/www.noticiasradioreflejos.com.ar\/2021\/tornquist-municipio-firmo-el-convenio-para-ser-parte-de-la-mision-comercial-argentina-chile\/","og_locale":"es_ES","og_type":"article","og_title":"Tornquist Municipio firm\u00f3 el convenio para ser parte de la misi\u00f3n comercial Argentina-Chile - Noticias Radio Reflejos","og_description":"La Secretar\u00eda de Turismo del Municipio de Tornquist, particip\u00f3 en el d\u00eda ayer, junto a las c\u00e1maras y asociaciones de turismo y comercio del distrito, de una reuni\u00f3n en donde la Corporaci\u00f3n de Comercio, Industria y Servicio de Bah\u00eda Blanca, present\u00f3 el Plan Misi\u00f3n Comercial y de Vinculaci\u00f3n Argentina-Chile, el cual se desarrolla por el [&hellip;]","og_url":"https:\/\/www.noticiasradioreflejos.com.ar\/2021\/tornquist-municipio-firmo-el-convenio-para-ser-parte-de-la-mision-comercial-argentina-chile\/","og_site_name":"Noticias Radio Reflejos","article_published_time":"2018-08-02T18:01:06+00:00","og_image":[{"url":"http:\/\/farm1.staticflickr.com\/934\/41999071330_03443586b5_z.jpg","type":"","width":"","height":""}],"author":"Arnaldo Botto","twitter_card":"summary_large_image","schema":{"@context":"https:\/\/schema.org","@graph":[{"@type":"WebPage","@id":"https:\/\/www.noticiasradioreflejos.com.ar\/2021\/tornquist-municipio-firmo-el-convenio-para-ser-parte-de-la-mision-comercial-argentina-chile\/","url":"https:\/\/www.noticiasradioreflejos.com.ar\/2021\/tornquist-municipio-firmo-el-convenio-para-ser-parte-de-la-mision-comercial-argentina-chile\/","name":"Tornquist Municipio firm\u00f3 el convenio para ser parte de la misi\u00f3n comercial Argentina-Chile - Noticias Radio Reflejos","isPartOf":{"@id":"https:\/\/www.noticiasradioreflejos.com.ar\/2021\/#website"},"primaryImageOfPage":{"@id":"https:\/\/www.noticiasradioreflejos.com.ar\/2021\/tornquist-municipio-firmo-el-convenio-para-ser-parte-de-la-mision-comercial-argentina-chile\/#primaryimage"},"image":{"@id":"https:\/\/www.noticiasradioreflejos.com.ar\/2021\/tornquist-municipio-firmo-el-convenio-para-ser-parte-de-la-mision-comercial-argentina-chile\/#primaryimage"},"thumbnailUrl":"http:\/\/farm1.staticflickr.com\/934\/41999071330_03443586b5_z.jpg","datePublished":"2018-08-02T18:01:06+00:00","author":{"@id":"https:\/\/www.noticiasradioreflejos.com.ar\/2021\/#\/schema\/person\/ad82545263dcc5ec0996818884fd5fb1"},"breadcrumb":{"@id":"https:\/\/www.noticiasradioreflejos.com.ar\/2021\/tornquist-municipio-firmo-el-convenio-para-ser-parte-de-la-mision-comercial-argentina-chile\/#breadcrumb"},"inLanguage":"es","potentialAction":[{"@type":"ReadAction","target":["https:\/\/www.noticiasradioreflejos.com.ar\/2021\/tornquist-municipio-firmo-el-convenio-para-ser-parte-de-la-mision-comercial-argentina-chile\/"]}]},{"@type":"ImageObject","inLanguage":"es","@id":"https:\/\/www.noticiasradioreflejos.com.ar\/2021\/tornquist-municipio-firmo-el-convenio-para-ser-parte-de-la-mision-comercial-argentina-chile\/#primaryimage","url":"http:\/\/farm1.staticflickr.com\/934\/41999071330_03443586b5_z.jpg","contentUrl":"http:\/\/farm1.staticflickr.com\/934\/41999071330_03443586b5_z.jpg"},{"@type":"BreadcrumbList","@id":"https:\/\/www.noticiasradioreflejos.com.ar\/2021\/tornquist-municipio-firmo-el-convenio-para-ser-parte-de-la-mision-comercial-argentina-chile\/#breadcrumb","itemListElement":[{"@type":"ListItem","position":1,"name":"Portada","item":"https:\/\/www.noticiasradioreflejos.com.ar\/2021\/"},{"@type":"ListItem","position":2,"name":"Tornquist Municipio firm\u00f3 el convenio para ser parte de la misi\u00f3n comercial Argentina-Chile"}]},{"@type":"WebSite","@id":"https:\/\/www.noticiasradioreflejos.com.ar\/2021\/#website","url":"https:\/\/www.noticiasradioreflejos.com.ar\/2021\/","name":"Noticias Radio Reflejos","description":"Las noticias de mi comarca","potentialAction":[{"@type":"SearchAction","target":{"@type":"EntryPoint","urlTemplate":"https:\/\/www.noticiasradioreflejos.com.ar\/2021\/?s={search_term_string}"},"query-input":{"@type":"PropertyValueSpecification","valueRequired":true,"valueName":"search_term_string"}}],"inLanguage":"es"},{"@type":"Person","@id":"https:\/\/www.noticiasradioreflejos.com.ar\/2021\/#\/schema\/person\/ad82545263dcc5ec0996818884fd5fb1","name":"Arnaldo Botto","image":{"@type":"ImageObject","inLanguage":"es","@id":"https:\/\/www.noticiasradioreflejos.com.ar\/2021\/#\/schema\/person\/image\/","url":"https:\/\/secure.gravatar.com\/avatar\/55cb5e37c1efa326397366e6974cb338056df65cb50e7d64d1cf314e87504837?s=96&d=mm&r=g","contentUrl":"https:\/\/secure.gravatar.com\/avatar\/55cb5e37c1efa326397366e6974cb338056df65cb50e7d64d1cf314e87504837?s=96&d=mm&r=g","caption":"Arnaldo Botto"},"url":"https:\/\/www.noticiasradioreflejos.com.ar\/2021\/author\/arnaldo\/"}]}},"_links":{"self":[{"href":"https:\/\/www.noticiasradioreflejos.com.ar\/2021\/wp-json\/wp\/v2\/posts\/23783","targetHints":{"allow":["GET"]}}],"collection":[{"href":"https:\/\/www.noticiasradioreflejos.com.ar\/2021\/wp-json\/wp\/v2\/posts"}],"about":[{"href":"https:\/\/www.noticiasradioreflejos.com.ar\/2021\/wp-json\/wp\/v2\/types\/post"}],"author":[{"embeddable":true,"href":"https:\/\/www.noticiasradioreflejos.com.ar\/2021\/wp-json\/wp\/v2\/users\/3"}],"replies":[{"embeddable":true,"href":"https:\/\/www.noticiasradioreflejos.com.ar\/2021\/wp-json\/wp\/v2\/comments?post=23783"}],"version-history":[{"count":0,"href":"https:\/\/www.noticiasradioreflejos.com.ar\/2021\/wp-json\/wp\/v2\/posts\/23783\/revisions"}],"wp:attachment":[{"href":"https:\/\/www.noticiasradioreflejos.com.ar\/2021\/wp-json\/wp\/v2\/media?parent=23783"}],"wp:term":[{"taxonomy":"category","embeddable":true,"href":"https:\/\/www.noticiasradioreflejos.com.ar\/2021\/wp-json\/wp\/v2\/categories?post=23783"},{"taxonomy":"post_tag","embeddable":true,"href":"https:\/\/www.noticiasradioreflejos.com.ar\/2021\/wp-json\/wp\/v2\/tags?post=23783"}],"curies":[{"name":"wp","href":"https:\/\/api.w.org\/{rel}","templated":true}]}}