{"id":23764,"date":"2018-08-02T08:02:44","date_gmt":"2018-08-02T11:02:44","guid":{"rendered":"http:\/\/www.noticiasradioreflejos.com.ar\/noticias\/?p=23764"},"modified":"2018-08-02T08:02:44","modified_gmt":"2018-08-02T11:02:44","slug":"programacion-del-fin-de-semana-de-la-federacion-de-hockey-del-sudoeste-bonaerense","status":"publish","type":"post","link":"https:\/\/www.noticiasradioreflejos.com.ar\/2021\/programacion-del-fin-de-semana-de-la-federacion-de-hockey-del-sudoeste-bonaerense\/","title":{"rendered":"Programaci\u00f3n del fin de semana de la Federaci\u00f3n de Hockey del Sudoeste Bonaerense"},"content":{"rendered":"<p>Este fin de semana se disputaran las finales de todas las categor\u00edas del Hockey femenino, todos los partidos se juegan en Pig\u00fc\u00e9.<!--more--><br \/>\n-El s\u00e1bado se jugar\u00e1n las finales del Torneo Apertura de Sub-14 y Primera;<br \/>\n-El domingo se jugar\u00e1n las finales de Sub-16 y dos nuevas fechas del Torneo Anual de Mamis.<br \/>\n<a href=\"http:\/\/www.noticiasradioreflejos.com.ar\/noticias\/wp-content\/uploads\/2018\/08\/Finales-FHSB.jpg\"><img loading=\"lazy\" decoding=\"async\" class=\"alignleft size-large wp-image-23766\" src=\"http:\/\/www.noticiasradioreflejos.com.ar\/noticias\/wp-content\/uploads\/2018\/08\/Finales-FHSB.jpg\" alt=\"Finales FHSB\" width=\"728\" height=\"595\" \/><\/a><br \/>\n<a href=\"http:\/\/www.noticiasradioreflejos.com.ar\/noticias\/wp-content\/uploads\/2018\/08\/Fechas-7-y-8-Mamis-FHSB.jpg\"><img loading=\"lazy\" decoding=\"async\" class=\"alignleft size-large wp-image-23765\" src=\"http:\/\/www.noticiasradioreflejos.com.ar\/noticias\/wp-content\/uploads\/2018\/08\/Fechas-7-y-8-Mamis-FHSB.jpg\" alt=\"Fechas 7 y 8 - Mamis FHSB\" width=\"615\" height=\"458\" \/><\/a><\/p>\n","protected":false},"excerpt":{"rendered":"<p>Este fin de semana se disputaran las finales de todas las categor\u00edas del Hockey femenino, todos los partidos se juegan en Pig\u00fc\u00e9.<\/p>\n","protected":false},"author":3,"featured_media":21869,"comment_status":"closed","ping_status":"open","sticky":false,"template":"","format":"standard","meta":{"footnotes":""},"categories":[27],"tags":[],"class_list":["post-23764","post","type-post","status-publish","format-standard","has-post-thumbnail","hentry","category-deportes"],"yoast_head":"<!-- This site is optimized with the Yoast SEO plugin v25.9 - https:\/\/yoast.com\/wordpress\/plugins\/seo\/ -->\n<title>Programaci\u00f3n del fin de semana de la Federaci\u00f3n de Hockey del Sudoeste Bonaerense - Noticias Radio Reflejos<\/title>\n<meta name=\"robots\" content=\"index, follow, max-snippet:-1, max-image-preview:large, max-video-preview:-1\" \/>\n<link rel=\"canonical\" href=\"https:\/\/www.noticiasradioreflejos.com.ar\/2021\/programacion-del-fin-de-semana-de-la-federacion-de-hockey-del-sudoeste-bonaerense\/\" \/>\n<meta property=\"og:locale\" content=\"es_ES\" \/>\n<meta property=\"og:type\" content=\"article\" \/>\n<meta property=\"og:title\" content=\"Programaci\u00f3n del fin de semana de la Federaci\u00f3n de Hockey del Sudoeste Bonaerense - Noticias Radio Reflejos\" \/>\n<meta property=\"og:description\" content=\"Este fin de semana se disputaran las finales de todas las categor\u00edas del Hockey femenino, todos los partidos se juegan en Pig\u00fc\u00e9.\" \/>\n<meta property=\"og:url\" content=\"https:\/\/www.noticiasradioreflejos.com.ar\/2021\/programacion-del-fin-de-semana-de-la-federacion-de-hockey-del-sudoeste-bonaerense\/\" \/>\n<meta property=\"og:site_name\" content=\"Noticias Radio Reflejos\" \/>\n<meta property=\"article:published_time\" content=\"2018-08-02T11:02:44+00:00\" \/>\n<meta property=\"og:image\" content=\"https:\/\/www.noticiasradioreflejos.com.ar\/2021\/wp-content\/uploads\/2018\/05\/hockey-fbhs.png\" \/>\n\t<meta property=\"og:image:width\" content=\"512\" \/>\n\t<meta property=\"og:image:height\" content=\"512\" \/>\n\t<meta property=\"og:image:type\" content=\"image\/png\" \/>\n<meta name=\"author\" content=\"Arnaldo Botto\" \/>\n<meta name=\"twitter:card\" content=\"summary_large_image\" \/>\n<script type=\"application\/ld+json\" class=\"yoast-schema-graph\">{\"@context\":\"https:\/\/schema.org\",\"@graph\":[{\"@type\":\"WebPage\",\"@id\":\"https:\/\/www.noticiasradioreflejos.com.ar\/2021\/programacion-del-fin-de-semana-de-la-federacion-de-hockey-del-sudoeste-bonaerense\/\",\"url\":\"https:\/\/www.noticiasradioreflejos.com.ar\/2021\/programacion-del-fin-de-semana-de-la-federacion-de-hockey-del-sudoeste-bonaerense\/\",\"name\":\"Programaci\u00f3n del fin de semana de la Federaci\u00f3n de Hockey del Sudoeste Bonaerense - Noticias Radio Reflejos\",\"isPartOf\":{\"@id\":\"https:\/\/www.noticiasradioreflejos.com.ar\/2021\/#website\"},\"primaryImageOfPage\":{\"@id\":\"https:\/\/www.noticiasradioreflejos.com.ar\/2021\/programacion-del-fin-de-semana-de-la-federacion-de-hockey-del-sudoeste-bonaerense\/#primaryimage\"},\"image\":{\"@id\":\"https:\/\/www.noticiasradioreflejos.com.ar\/2021\/programacion-del-fin-de-semana-de-la-federacion-de-hockey-del-sudoeste-bonaerense\/#primaryimage\"},\"thumbnailUrl\":\"https:\/\/www.noticiasradioreflejos.com.ar\/2021\/wp-content\/uploads\/2018\/05\/hockey-fbhs.png\",\"datePublished\":\"2018-08-02T11:02:44+00:00\",\"author\":{\"@id\":\"https:\/\/www.noticiasradioreflejos.com.ar\/2021\/#\/schema\/person\/ad82545263dcc5ec0996818884fd5fb1\"},\"breadcrumb\":{\"@id\":\"https:\/\/www.noticiasradioreflejos.com.ar\/2021\/programacion-del-fin-de-semana-de-la-federacion-de-hockey-del-sudoeste-bonaerense\/#breadcrumb\"},\"inLanguage\":\"es\",\"potentialAction\":[{\"@type\":\"ReadAction\",\"target\":[\"https:\/\/www.noticiasradioreflejos.com.ar\/2021\/programacion-del-fin-de-semana-de-la-federacion-de-hockey-del-sudoeste-bonaerense\/\"]}]},{\"@type\":\"ImageObject\",\"inLanguage\":\"es\",\"@id\":\"https:\/\/www.noticiasradioreflejos.com.ar\/2021\/programacion-del-fin-de-semana-de-la-federacion-de-hockey-del-sudoeste-bonaerense\/#primaryimage\",\"url\":\"https:\/\/www.noticiasradioreflejos.com.ar\/2021\/wp-content\/uploads\/2018\/05\/hockey-fbhs.png\",\"contentUrl\":\"https:\/\/www.noticiasradioreflejos.com.ar\/2021\/wp-content\/uploads\/2018\/05\/hockey-fbhs.png\",\"width\":512,\"height\":512},{\"@type\":\"BreadcrumbList\",\"@id\":\"https:\/\/www.noticiasradioreflejos.com.ar\/2021\/programacion-del-fin-de-semana-de-la-federacion-de-hockey-del-sudoeste-bonaerense\/#breadcrumb\",\"itemListElement\":[{\"@type\":\"ListItem\",\"position\":1,\"name\":\"Portada\",\"item\":\"https:\/\/www.noticiasradioreflejos.com.ar\/2021\/\"},{\"@type\":\"ListItem\",\"position\":2,\"name\":\"Programaci\u00f3n del fin de semana de la Federaci\u00f3n de Hockey del Sudoeste Bonaerense\"}]},{\"@type\":\"WebSite\",\"@id\":\"https:\/\/www.noticiasradioreflejos.com.ar\/2021\/#website\",\"url\":\"https:\/\/www.noticiasradioreflejos.com.ar\/2021\/\",\"name\":\"Noticias Radio Reflejos\",\"description\":\"Las noticias de mi comarca\",\"potentialAction\":[{\"@type\":\"SearchAction\",\"target\":{\"@type\":\"EntryPoint\",\"urlTemplate\":\"https:\/\/www.noticiasradioreflejos.com.ar\/2021\/?s={search_term_string}\"},\"query-input\":{\"@type\":\"PropertyValueSpecification\",\"valueRequired\":true,\"valueName\":\"search_term_string\"}}],\"inLanguage\":\"es\"},{\"@type\":\"Person\",\"@id\":\"https:\/\/www.noticiasradioreflejos.com.ar\/2021\/#\/schema\/person\/ad82545263dcc5ec0996818884fd5fb1\",\"name\":\"Arnaldo Botto\",\"image\":{\"@type\":\"ImageObject\",\"inLanguage\":\"es\",\"@id\":\"https:\/\/www.noticiasradioreflejos.com.ar\/2021\/#\/schema\/person\/image\/\",\"url\":\"https:\/\/secure.gravatar.com\/avatar\/55cb5e37c1efa326397366e6974cb338056df65cb50e7d64d1cf314e87504837?s=96&d=mm&r=g\",\"contentUrl\":\"https:\/\/secure.gravatar.com\/avatar\/55cb5e37c1efa326397366e6974cb338056df65cb50e7d64d1cf314e87504837?s=96&d=mm&r=g\",\"caption\":\"Arnaldo Botto\"},\"url\":\"https:\/\/www.noticiasradioreflejos.com.ar\/2021\/author\/arnaldo\/\"}]}<\/script>\n<!-- \/ Yoast SEO plugin. -->","yoast_head_json":{"title":"Programaci\u00f3n del fin de semana de la Federaci\u00f3n de Hockey del Sudoeste Bonaerense - Noticias Radio Reflejos","robots":{"index":"index","follow":"follow","max-snippet":"max-snippet:-1","max-image-preview":"max-image-preview:large","max-video-preview":"max-video-preview:-1"},"canonical":"https:\/\/www.noticiasradioreflejos.com.ar\/2021\/programacion-del-fin-de-semana-de-la-federacion-de-hockey-del-sudoeste-bonaerense\/","og_locale":"es_ES","og_type":"article","og_title":"Programaci\u00f3n del fin de semana de la Federaci\u00f3n de Hockey del Sudoeste Bonaerense - Noticias Radio Reflejos","og_description":"Este fin de semana se disputaran las finales de todas las categor\u00edas del Hockey femenino, todos los partidos se juegan en Pig\u00fc\u00e9.","og_url":"https:\/\/www.noticiasradioreflejos.com.ar\/2021\/programacion-del-fin-de-semana-de-la-federacion-de-hockey-del-sudoeste-bonaerense\/","og_site_name":"Noticias Radio Reflejos","article_published_time":"2018-08-02T11:02:44+00:00","og_image":[{"width":512,"height":512,"url":"https:\/\/www.noticiasradioreflejos.com.ar\/2021\/wp-content\/uploads\/2018\/05\/hockey-fbhs.png","type":"image\/png"}],"author":"Arnaldo Botto","twitter_card":"summary_large_image","schema":{"@context":"https:\/\/schema.org","@graph":[{"@type":"WebPage","@id":"https:\/\/www.noticiasradioreflejos.com.ar\/2021\/programacion-del-fin-de-semana-de-la-federacion-de-hockey-del-sudoeste-bonaerense\/","url":"https:\/\/www.noticiasradioreflejos.com.ar\/2021\/programacion-del-fin-de-semana-de-la-federacion-de-hockey-del-sudoeste-bonaerense\/","name":"Programaci\u00f3n del fin de semana de la Federaci\u00f3n de Hockey del Sudoeste Bonaerense - Noticias Radio Reflejos","isPartOf":{"@id":"https:\/\/www.noticiasradioreflejos.com.ar\/2021\/#website"},"primaryImageOfPage":{"@id":"https:\/\/www.noticiasradioreflejos.com.ar\/2021\/programacion-del-fin-de-semana-de-la-federacion-de-hockey-del-sudoeste-bonaerense\/#primaryimage"},"image":{"@id":"https:\/\/www.noticiasradioreflejos.com.ar\/2021\/programacion-del-fin-de-semana-de-la-federacion-de-hockey-del-sudoeste-bonaerense\/#primaryimage"},"thumbnailUrl":"https:\/\/www.noticiasradioreflejos.com.ar\/2021\/wp-content\/uploads\/2018\/05\/hockey-fbhs.png","datePublished":"2018-08-02T11:02:44+00:00","author":{"@id":"https:\/\/www.noticiasradioreflejos.com.ar\/2021\/#\/schema\/person\/ad82545263dcc5ec0996818884fd5fb1"},"breadcrumb":{"@id":"https:\/\/www.noticiasradioreflejos.com.ar\/2021\/programacion-del-fin-de-semana-de-la-federacion-de-hockey-del-sudoeste-bonaerense\/#breadcrumb"},"inLanguage":"es","potentialAction":[{"@type":"ReadAction","target":["https:\/\/www.noticiasradioreflejos.com.ar\/2021\/programacion-del-fin-de-semana-de-la-federacion-de-hockey-del-sudoeste-bonaerense\/"]}]},{"@type":"ImageObject","inLanguage":"es","@id":"https:\/\/www.noticiasradioreflejos.com.ar\/2021\/programacion-del-fin-de-semana-de-la-federacion-de-hockey-del-sudoeste-bonaerense\/#primaryimage","url":"https:\/\/www.noticiasradioreflejos.com.ar\/2021\/wp-content\/uploads\/2018\/05\/hockey-fbhs.png","contentUrl":"https:\/\/www.noticiasradioreflejos.com.ar\/2021\/wp-content\/uploads\/2018\/05\/hockey-fbhs.png","width":512,"height":512},{"@type":"BreadcrumbList","@id":"https:\/\/www.noticiasradioreflejos.com.ar\/2021\/programacion-del-fin-de-semana-de-la-federacion-de-hockey-del-sudoeste-bonaerense\/#breadcrumb","itemListElement":[{"@type":"ListItem","position":1,"name":"Portada","item":"https:\/\/www.noticiasradioreflejos.com.ar\/2021\/"},{"@type":"ListItem","position":2,"name":"Programaci\u00f3n del fin de semana de la Federaci\u00f3n de Hockey del Sudoeste Bonaerense"}]},{"@type":"WebSite","@id":"https:\/\/www.noticiasradioreflejos.com.ar\/2021\/#website","url":"https:\/\/www.noticiasradioreflejos.com.ar\/2021\/","name":"Noticias Radio Reflejos","description":"Las noticias de mi comarca","potentialAction":[{"@type":"SearchAction","target":{"@type":"EntryPoint","urlTemplate":"https:\/\/www.noticiasradioreflejos.com.ar\/2021\/?s={search_term_string}"},"query-input":{"@type":"PropertyValueSpecification","valueRequired":true,"valueName":"search_term_string"}}],"inLanguage":"es"},{"@type":"Person","@id":"https:\/\/www.noticiasradioreflejos.com.ar\/2021\/#\/schema\/person\/ad82545263dcc5ec0996818884fd5fb1","name":"Arnaldo Botto","image":{"@type":"ImageObject","inLanguage":"es","@id":"https:\/\/www.noticiasradioreflejos.com.ar\/2021\/#\/schema\/person\/image\/","url":"https:\/\/secure.gravatar.com\/avatar\/55cb5e37c1efa326397366e6974cb338056df65cb50e7d64d1cf314e87504837?s=96&d=mm&r=g","contentUrl":"https:\/\/secure.gravatar.com\/avatar\/55cb5e37c1efa326397366e6974cb338056df65cb50e7d64d1cf314e87504837?s=96&d=mm&r=g","caption":"Arnaldo Botto"},"url":"https:\/\/www.noticiasradioreflejos.com.ar\/2021\/author\/arnaldo\/"}]}},"_links":{"self":[{"href":"https:\/\/www.noticiasradioreflejos.com.ar\/2021\/wp-json\/wp\/v2\/posts\/23764","targetHints":{"allow":["GET"]}}],"collection":[{"href":"https:\/\/www.noticiasradioreflejos.com.ar\/2021\/wp-json\/wp\/v2\/posts"}],"about":[{"href":"https:\/\/www.noticiasradioreflejos.com.ar\/2021\/wp-json\/wp\/v2\/types\/post"}],"author":[{"embeddable":true,"href":"https:\/\/www.noticiasradioreflejos.com.ar\/2021\/wp-json\/wp\/v2\/users\/3"}],"replies":[{"embeddable":true,"href":"https:\/\/www.noticiasradioreflejos.com.ar\/2021\/wp-json\/wp\/v2\/comments?post=23764"}],"version-history":[{"count":0,"href":"https:\/\/www.noticiasradioreflejos.com.ar\/2021\/wp-json\/wp\/v2\/posts\/23764\/revisions"}],"wp:featuredmedia":[{"embeddable":true,"href":"https:\/\/www.noticiasradioreflejos.com.ar\/2021\/wp-json\/wp\/v2\/media\/21869"}],"wp:attachment":[{"href":"https:\/\/www.noticiasradioreflejos.com.ar\/2021\/wp-json\/wp\/v2\/media?parent=23764"}],"wp:term":[{"taxonomy":"category","embeddable":true,"href":"https:\/\/www.noticiasradioreflejos.com.ar\/2021\/wp-json\/wp\/v2\/categories?post=23764"},{"taxonomy":"post_tag","embeddable":true,"href":"https:\/\/www.noticiasradioreflejos.com.ar\/2021\/wp-json\/wp\/v2\/tags?post=23764"}],"curies":[{"name":"wp","href":"https:\/\/api.w.org\/{rel}","templated":true}]}}