{"id":23752,"date":"2018-08-01T19:16:59","date_gmt":"2018-08-01T22:16:59","guid":{"rendered":"http:\/\/www.noticiasradioreflejos.com.ar\/noticias\/?p=23752"},"modified":"2018-08-01T19:16:59","modified_gmt":"2018-08-01T22:16:59","slug":"en-la-segunda-semana-a-partir-del-domingo-estuvimos-muy-bien-romina-petrucci","status":"publish","type":"post","link":"https:\/\/www.noticiasradioreflejos.com.ar\/2021\/en-la-segunda-semana-a-partir-del-domingo-estuvimos-muy-bien-romina-petrucci\/","title":{"rendered":"&quot;En la segunda semana a partir del domingo estuvimos muy bien&quot;, Romina Petrucci"},"content":{"rendered":"<p>A pocos d\u00edas de finalizar las de vacaciones de invierno, entrevistamos telef\u00f3nicamente a Romina L\u00eca Petrucci, propietaria de Estancia Las Vertientes, para conocer su opini\u00f3n sobre los resultados del turismo en su establecimiento durante esta temporada.<!--more--><br \/>\n\u00abSe nos complico la primer semana con el temporal, no solo el viernes que fue digamos el d\u00eda punto critico de todo lo que fue la lluvia a partir del martes, pero bueno nosotros el d\u00eda s\u00e1bado por ejemplo que sali\u00f3 el sol parec\u00eda el d\u00eda despu\u00e9s de ma\u00f1ana, nosotros nos dedicamos el s\u00e1bado para poder hacer la limpieza de los senderos y eso, asique el s\u00e1bado no hicimos la parte de actividad, arrancamos directamente el domingo\u00bb.<br \/>\n\u00abEsa semana venia bastante tranqui porque bueno nosotros por ah\u00ed no ten\u00edamos el total de ocupaci\u00f3n tampoco, tambi\u00e9n el tema del pronostico extendido, hay mucha gente que por ah\u00ed estipula el tema de las salidas tambi\u00e9n, mas la gente de ac\u00e1 de la zona, de Bah\u00eda y alrededores, Olavarria y eso tambi\u00e9n, porque nosotros tuvimos muy buena ocupaci\u00f3n al 100% a partir del fin de semana, a partir del viernes, y todo lo que fue la semana, ya mas tirando para el fin de semana ultimo ya la gente se empez\u00f3 a retirar tambi\u00e9n. En la segunda semana a partir del domingo estuvimos muy bien, trabajamos muy bien tanto en la parte actividades como en la parte de canopy por ejemplo, ten\u00edamos todos los turnos completos en todos los d\u00edas salvo el jueves, que se empez\u00f3 a tranquilizar un poco. Hay algunos que fueron gente que repiti\u00f3, y gente nueva que viene de la zona que les encanto, tanto de Viedma, como de Rio Negro, de Capital mucha gente, pero tambi\u00e9n de partes del sur de la rep\u00fablica tambi\u00e9n han venido para este lado, de Puerto Madryn tambi\u00e9n han venido, gente de La Pampa\u00bb.<br \/>\n\u00abNosotros siempre lo hemos visto como que por ah\u00ed la parte culmine de las vacaciones es de mi\u00e9rcoles a mi\u00e9rcoles, mas o menos, la concentraci\u00f3n de gente tur\u00edstica se ve desde el mi\u00e9rcoles de la primer semana al mi\u00e9rcoles de la segunda semana, como que en el fin de semana del medio se llena mucho de gente, tanto de la zona como gente que tiene casas de fin de semana, pero por ah\u00ed complico un poquito la primer semana que no se ha podido hacer el tema de las actividades, mucha gente por ah\u00ed se iba muy desconforme de poder llegar el martes, se iba el viernes y no pudo hacer nada, el tema de la lluvia tambi\u00e9n que complico mucho la primer semana, entonces uno no puede hacer un balance a otros a\u00f1os porque es el primer a\u00f1o que nos toca con tan feo temporal. Salvo el 2009 con la nieve, que fueron otras vacaciones bastante complicadas, que hemos tenido ac\u00e1 en la zona, porque despu\u00e9s las otras temporadas que yo recuerde siempre ha habido buena predisposici\u00f3n, buen clima\u00bb.<br \/>\n\u00abNosotros tenemos precios accesibles, entonces tratamos de no hacer paquetes por ese motivo, por ah\u00ed mantuvimos los precios que trabajamos en verano, como para que no haya que hacer paquetes, o que te vengan con el pichuleo a ultimo momento\u00bb.<br \/>\nNOTA COMPLETA:<br \/>\n<iframe loading=\"lazy\" width=\"100%\" height=\"166\" scrolling=\"no\" frameborder=\"no\" allow=\"autoplay\" src=\"https:\/\/w.soundcloud.com\/player\/?url=https%3A\/\/api.soundcloud.com\/tracks\/479664990&#038;color=%23ff5500&#038;auto_play=false&#038;hide_related=false&#038;show_comments=true&#038;show_user=true&#038;show_reposts=false&#038;show_teaser=true\"><\/iframe><\/p>\n","protected":false},"excerpt":{"rendered":"<p>A pocos d\u00edas de finalizar las de vacaciones de invierno, entrevistamos telef\u00f3nicamente a Romina L\u00eca Petrucci, propietaria de Estancia Las Vertientes, para conocer su opini\u00f3n sobre los resultados del turismo en su establecimiento durante esta temporada.<\/p>\n","protected":false},"author":3,"featured_media":0,"comment_status":"closed","ping_status":"open","sticky":false,"template":"","format":"standard","meta":{"footnotes":""},"categories":[33],"tags":[],"class_list":["post-23752","post","type-post","status-publish","format-standard","hentry","category-turismo"],"yoast_head":"<!-- This site is optimized with the Yoast SEO plugin v25.9 - https:\/\/yoast.com\/wordpress\/plugins\/seo\/ -->\n<title>&quot;En la segunda semana a partir del domingo estuvimos muy bien&quot;, Romina Petrucci - Noticias Radio Reflejos<\/title>\n<meta name=\"robots\" content=\"index, follow, max-snippet:-1, max-image-preview:large, max-video-preview:-1\" \/>\n<link rel=\"canonical\" href=\"https:\/\/www.noticiasradioreflejos.com.ar\/2021\/en-la-segunda-semana-a-partir-del-domingo-estuvimos-muy-bien-romina-petrucci\/\" \/>\n<meta property=\"og:locale\" content=\"es_ES\" \/>\n<meta property=\"og:type\" content=\"article\" \/>\n<meta property=\"og:title\" content=\"&quot;En la segunda semana a partir del domingo estuvimos muy bien&quot;, Romina Petrucci - Noticias Radio Reflejos\" \/>\n<meta property=\"og:description\" content=\"A pocos d\u00edas de finalizar las de vacaciones de invierno, entrevistamos telef\u00f3nicamente a Romina L\u00eca Petrucci, propietaria de Estancia Las Vertientes, para conocer su opini\u00f3n sobre los resultados del turismo en su establecimiento durante esta temporada.\" \/>\n<meta property=\"og:url\" content=\"https:\/\/www.noticiasradioreflejos.com.ar\/2021\/en-la-segunda-semana-a-partir-del-domingo-estuvimos-muy-bien-romina-petrucci\/\" \/>\n<meta property=\"og:site_name\" content=\"Noticias Radio Reflejos\" \/>\n<meta property=\"article:published_time\" content=\"2018-08-01T22:16:59+00:00\" \/>\n<meta property=\"og:image\" content=\"https:\/\/www.noticiasradioreflejos.com.ar\/2021\/wp-content\/uploads\/2021\/07\/logosol300x200.png\" \/>\n\t<meta property=\"og:image:width\" content=\"300\" \/>\n\t<meta property=\"og:image:height\" content=\"200\" \/>\n\t<meta property=\"og:image:type\" content=\"image\/png\" \/>\n<meta name=\"author\" content=\"Arnaldo Botto\" \/>\n<meta name=\"twitter:card\" content=\"summary_large_image\" \/>\n<script type=\"application\/ld+json\" class=\"yoast-schema-graph\">{\"@context\":\"https:\/\/schema.org\",\"@graph\":[{\"@type\":\"WebPage\",\"@id\":\"https:\/\/www.noticiasradioreflejos.com.ar\/2021\/en-la-segunda-semana-a-partir-del-domingo-estuvimos-muy-bien-romina-petrucci\/\",\"url\":\"https:\/\/www.noticiasradioreflejos.com.ar\/2021\/en-la-segunda-semana-a-partir-del-domingo-estuvimos-muy-bien-romina-petrucci\/\",\"name\":\"&quot;En la segunda semana a partir del domingo estuvimos muy bien&quot;, Romina Petrucci - Noticias Radio Reflejos\",\"isPartOf\":{\"@id\":\"https:\/\/www.noticiasradioreflejos.com.ar\/2021\/#website\"},\"datePublished\":\"2018-08-01T22:16:59+00:00\",\"author\":{\"@id\":\"https:\/\/www.noticiasradioreflejos.com.ar\/2021\/#\/schema\/person\/ad82545263dcc5ec0996818884fd5fb1\"},\"breadcrumb\":{\"@id\":\"https:\/\/www.noticiasradioreflejos.com.ar\/2021\/en-la-segunda-semana-a-partir-del-domingo-estuvimos-muy-bien-romina-petrucci\/#breadcrumb\"},\"inLanguage\":\"es\",\"potentialAction\":[{\"@type\":\"ReadAction\",\"target\":[\"https:\/\/www.noticiasradioreflejos.com.ar\/2021\/en-la-segunda-semana-a-partir-del-domingo-estuvimos-muy-bien-romina-petrucci\/\"]}]},{\"@type\":\"BreadcrumbList\",\"@id\":\"https:\/\/www.noticiasradioreflejos.com.ar\/2021\/en-la-segunda-semana-a-partir-del-domingo-estuvimos-muy-bien-romina-petrucci\/#breadcrumb\",\"itemListElement\":[{\"@type\":\"ListItem\",\"position\":1,\"name\":\"Portada\",\"item\":\"https:\/\/www.noticiasradioreflejos.com.ar\/2021\/\"},{\"@type\":\"ListItem\",\"position\":2,\"name\":\"&quot;En la segunda semana a partir del domingo estuvimos muy bien&quot;, Romina Petrucci\"}]},{\"@type\":\"WebSite\",\"@id\":\"https:\/\/www.noticiasradioreflejos.com.ar\/2021\/#website\",\"url\":\"https:\/\/www.noticiasradioreflejos.com.ar\/2021\/\",\"name\":\"Noticias Radio Reflejos\",\"description\":\"Las noticias de mi comarca\",\"potentialAction\":[{\"@type\":\"SearchAction\",\"target\":{\"@type\":\"EntryPoint\",\"urlTemplate\":\"https:\/\/www.noticiasradioreflejos.com.ar\/2021\/?s={search_term_string}\"},\"query-input\":{\"@type\":\"PropertyValueSpecification\",\"valueRequired\":true,\"valueName\":\"search_term_string\"}}],\"inLanguage\":\"es\"},{\"@type\":\"Person\",\"@id\":\"https:\/\/www.noticiasradioreflejos.com.ar\/2021\/#\/schema\/person\/ad82545263dcc5ec0996818884fd5fb1\",\"name\":\"Arnaldo Botto\",\"image\":{\"@type\":\"ImageObject\",\"inLanguage\":\"es\",\"@id\":\"https:\/\/www.noticiasradioreflejos.com.ar\/2021\/#\/schema\/person\/image\/\",\"url\":\"https:\/\/secure.gravatar.com\/avatar\/55cb5e37c1efa326397366e6974cb338056df65cb50e7d64d1cf314e87504837?s=96&d=mm&r=g\",\"contentUrl\":\"https:\/\/secure.gravatar.com\/avatar\/55cb5e37c1efa326397366e6974cb338056df65cb50e7d64d1cf314e87504837?s=96&d=mm&r=g\",\"caption\":\"Arnaldo Botto\"},\"url\":\"https:\/\/www.noticiasradioreflejos.com.ar\/2021\/author\/arnaldo\/\"}]}<\/script>\n<!-- \/ Yoast SEO plugin. -->","yoast_head_json":{"title":"&quot;En la segunda semana a partir del domingo estuvimos muy bien&quot;, Romina Petrucci - Noticias Radio Reflejos","robots":{"index":"index","follow":"follow","max-snippet":"max-snippet:-1","max-image-preview":"max-image-preview:large","max-video-preview":"max-video-preview:-1"},"canonical":"https:\/\/www.noticiasradioreflejos.com.ar\/2021\/en-la-segunda-semana-a-partir-del-domingo-estuvimos-muy-bien-romina-petrucci\/","og_locale":"es_ES","og_type":"article","og_title":"&quot;En la segunda semana a partir del domingo estuvimos muy bien&quot;, Romina Petrucci - Noticias Radio Reflejos","og_description":"A pocos d\u00edas de finalizar las de vacaciones de invierno, entrevistamos telef\u00f3nicamente a Romina L\u00eca Petrucci, propietaria de Estancia Las Vertientes, para conocer su opini\u00f3n sobre los resultados del turismo en su establecimiento durante esta temporada.","og_url":"https:\/\/www.noticiasradioreflejos.com.ar\/2021\/en-la-segunda-semana-a-partir-del-domingo-estuvimos-muy-bien-romina-petrucci\/","og_site_name":"Noticias Radio Reflejos","article_published_time":"2018-08-01T22:16:59+00:00","og_image":[{"width":300,"height":200,"url":"https:\/\/www.noticiasradioreflejos.com.ar\/2021\/wp-content\/uploads\/2021\/07\/logosol300x200.png","type":"image\/png"}],"author":"Arnaldo Botto","twitter_card":"summary_large_image","schema":{"@context":"https:\/\/schema.org","@graph":[{"@type":"WebPage","@id":"https:\/\/www.noticiasradioreflejos.com.ar\/2021\/en-la-segunda-semana-a-partir-del-domingo-estuvimos-muy-bien-romina-petrucci\/","url":"https:\/\/www.noticiasradioreflejos.com.ar\/2021\/en-la-segunda-semana-a-partir-del-domingo-estuvimos-muy-bien-romina-petrucci\/","name":"&quot;En la segunda semana a partir del domingo estuvimos muy bien&quot;, Romina Petrucci - Noticias Radio Reflejos","isPartOf":{"@id":"https:\/\/www.noticiasradioreflejos.com.ar\/2021\/#website"},"datePublished":"2018-08-01T22:16:59+00:00","author":{"@id":"https:\/\/www.noticiasradioreflejos.com.ar\/2021\/#\/schema\/person\/ad82545263dcc5ec0996818884fd5fb1"},"breadcrumb":{"@id":"https:\/\/www.noticiasradioreflejos.com.ar\/2021\/en-la-segunda-semana-a-partir-del-domingo-estuvimos-muy-bien-romina-petrucci\/#breadcrumb"},"inLanguage":"es","potentialAction":[{"@type":"ReadAction","target":["https:\/\/www.noticiasradioreflejos.com.ar\/2021\/en-la-segunda-semana-a-partir-del-domingo-estuvimos-muy-bien-romina-petrucci\/"]}]},{"@type":"BreadcrumbList","@id":"https:\/\/www.noticiasradioreflejos.com.ar\/2021\/en-la-segunda-semana-a-partir-del-domingo-estuvimos-muy-bien-romina-petrucci\/#breadcrumb","itemListElement":[{"@type":"ListItem","position":1,"name":"Portada","item":"https:\/\/www.noticiasradioreflejos.com.ar\/2021\/"},{"@type":"ListItem","position":2,"name":"&quot;En la segunda semana a partir del domingo estuvimos muy bien&quot;, Romina Petrucci"}]},{"@type":"WebSite","@id":"https:\/\/www.noticiasradioreflejos.com.ar\/2021\/#website","url":"https:\/\/www.noticiasradioreflejos.com.ar\/2021\/","name":"Noticias Radio Reflejos","description":"Las noticias de mi comarca","potentialAction":[{"@type":"SearchAction","target":{"@type":"EntryPoint","urlTemplate":"https:\/\/www.noticiasradioreflejos.com.ar\/2021\/?s={search_term_string}"},"query-input":{"@type":"PropertyValueSpecification","valueRequired":true,"valueName":"search_term_string"}}],"inLanguage":"es"},{"@type":"Person","@id":"https:\/\/www.noticiasradioreflejos.com.ar\/2021\/#\/schema\/person\/ad82545263dcc5ec0996818884fd5fb1","name":"Arnaldo Botto","image":{"@type":"ImageObject","inLanguage":"es","@id":"https:\/\/www.noticiasradioreflejos.com.ar\/2021\/#\/schema\/person\/image\/","url":"https:\/\/secure.gravatar.com\/avatar\/55cb5e37c1efa326397366e6974cb338056df65cb50e7d64d1cf314e87504837?s=96&d=mm&r=g","contentUrl":"https:\/\/secure.gravatar.com\/avatar\/55cb5e37c1efa326397366e6974cb338056df65cb50e7d64d1cf314e87504837?s=96&d=mm&r=g","caption":"Arnaldo Botto"},"url":"https:\/\/www.noticiasradioreflejos.com.ar\/2021\/author\/arnaldo\/"}]}},"_links":{"self":[{"href":"https:\/\/www.noticiasradioreflejos.com.ar\/2021\/wp-json\/wp\/v2\/posts\/23752","targetHints":{"allow":["GET"]}}],"collection":[{"href":"https:\/\/www.noticiasradioreflejos.com.ar\/2021\/wp-json\/wp\/v2\/posts"}],"about":[{"href":"https:\/\/www.noticiasradioreflejos.com.ar\/2021\/wp-json\/wp\/v2\/types\/post"}],"author":[{"embeddable":true,"href":"https:\/\/www.noticiasradioreflejos.com.ar\/2021\/wp-json\/wp\/v2\/users\/3"}],"replies":[{"embeddable":true,"href":"https:\/\/www.noticiasradioreflejos.com.ar\/2021\/wp-json\/wp\/v2\/comments?post=23752"}],"version-history":[{"count":0,"href":"https:\/\/www.noticiasradioreflejos.com.ar\/2021\/wp-json\/wp\/v2\/posts\/23752\/revisions"}],"wp:attachment":[{"href":"https:\/\/www.noticiasradioreflejos.com.ar\/2021\/wp-json\/wp\/v2\/media?parent=23752"}],"wp:term":[{"taxonomy":"category","embeddable":true,"href":"https:\/\/www.noticiasradioreflejos.com.ar\/2021\/wp-json\/wp\/v2\/categories?post=23752"},{"taxonomy":"post_tag","embeddable":true,"href":"https:\/\/www.noticiasradioreflejos.com.ar\/2021\/wp-json\/wp\/v2\/tags?post=23752"}],"curies":[{"name":"wp","href":"https:\/\/api.w.org\/{rel}","templated":true}]}}