{"id":23746,"date":"2018-08-01T18:28:48","date_gmt":"2018-08-01T21:28:48","guid":{"rendered":"http:\/\/www.noticiasradioreflejos.com.ar\/noticias\/?p=23746"},"modified":"2018-08-01T18:28:48","modified_gmt":"2018-08-01T21:28:48","slug":"pelicra-y-lopez-lecube-festejan-juntos-el-dia-del-nino","status":"publish","type":"post","link":"https:\/\/www.noticiasradioreflejos.com.ar\/2021\/pelicra-y-lopez-lecube-festejan-juntos-el-dia-del-nino\/","title":{"rendered":"Pelicur\u00e1 y L\u00f3pez Lecube festejan juntos el D\u00eda del Ni\u00f1o"},"content":{"rendered":"<p>Con el objetivo de agasajar a los ni\u00f1os en su d\u00eda, personal de las salas m\u00e9dicas de Pelicur\u00e1 y L\u00f3pez Lecube organizaron conjuntamente, para el pr\u00f3ximo domingo 5, diferentes actividades recreativas y l\u00fadicas.<!--more--><br \/>\nEl evento se realizar\u00e1 en las instalaciones de la iglesia Nuestra Se\u00f1ora del Carmen, y las actividades comenzar\u00e1n a las 13:00 hs.<br \/>\nDurante la jornada, los chicos junto a sus familias podr\u00e1n divertirse con distintas actividades y juegos, adem\u00e1s de compartir una merienda, recibir juguetes y disfrutar de shows en vivo.<br \/>\nLos esperamos para pasar un domingo diferente!.<\/p>\n","protected":false},"excerpt":{"rendered":"<p>Con el objetivo de agasajar a los ni\u00f1os en su d\u00eda, personal de las salas m\u00e9dicas de Pelicur\u00e1 y L\u00f3pez Lecube organizaron conjuntamente, para el pr\u00f3ximo domingo 5, diferentes actividades recreativas y l\u00fadicas.<\/p>\n","protected":false},"author":3,"featured_media":0,"comment_status":"closed","ping_status":"open","sticky":false,"template":"","format":"standard","meta":{"footnotes":""},"categories":[26],"tags":[],"class_list":["post-23746","post","type-post","status-publish","format-standard","hentry","category-sociedad"],"yoast_head":"<!-- This site is optimized with the Yoast SEO plugin v25.9 - https:\/\/yoast.com\/wordpress\/plugins\/seo\/ -->\n<title>Pelicur\u00e1 y L\u00f3pez Lecube festejan juntos el D\u00eda del Ni\u00f1o - Noticias Radio Reflejos<\/title>\n<meta name=\"robots\" content=\"index, follow, max-snippet:-1, max-image-preview:large, max-video-preview:-1\" \/>\n<link rel=\"canonical\" href=\"https:\/\/www.noticiasradioreflejos.com.ar\/2021\/pelicra-y-lopez-lecube-festejan-juntos-el-dia-del-nino\/\" \/>\n<meta property=\"og:locale\" content=\"es_ES\" \/>\n<meta property=\"og:type\" content=\"article\" \/>\n<meta property=\"og:title\" content=\"Pelicur\u00e1 y L\u00f3pez Lecube festejan juntos el D\u00eda del Ni\u00f1o - Noticias Radio Reflejos\" \/>\n<meta property=\"og:description\" content=\"Con el objetivo de agasajar a los ni\u00f1os en su d\u00eda, personal de las salas m\u00e9dicas de Pelicur\u00e1 y L\u00f3pez Lecube organizaron conjuntamente, para el pr\u00f3ximo domingo 5, diferentes actividades recreativas y l\u00fadicas.\" \/>\n<meta property=\"og:url\" content=\"https:\/\/www.noticiasradioreflejos.com.ar\/2021\/pelicra-y-lopez-lecube-festejan-juntos-el-dia-del-nino\/\" \/>\n<meta property=\"og:site_name\" content=\"Noticias Radio Reflejos\" \/>\n<meta property=\"article:published_time\" content=\"2018-08-01T21:28:48+00:00\" \/>\n<meta property=\"og:image\" content=\"https:\/\/www.noticiasradioreflejos.com.ar\/2021\/wp-content\/uploads\/2021\/07\/logosol300x200.png\" \/>\n\t<meta property=\"og:image:width\" content=\"300\" \/>\n\t<meta property=\"og:image:height\" content=\"200\" \/>\n\t<meta property=\"og:image:type\" content=\"image\/png\" \/>\n<meta name=\"author\" content=\"Arnaldo Botto\" \/>\n<meta name=\"twitter:card\" content=\"summary_large_image\" \/>\n<script type=\"application\/ld+json\" class=\"yoast-schema-graph\">{\"@context\":\"https:\/\/schema.org\",\"@graph\":[{\"@type\":\"WebPage\",\"@id\":\"https:\/\/www.noticiasradioreflejos.com.ar\/2021\/pelicra-y-lopez-lecube-festejan-juntos-el-dia-del-nino\/\",\"url\":\"https:\/\/www.noticiasradioreflejos.com.ar\/2021\/pelicra-y-lopez-lecube-festejan-juntos-el-dia-del-nino\/\",\"name\":\"Pelicur\u00e1 y L\u00f3pez Lecube festejan juntos el D\u00eda del Ni\u00f1o - Noticias Radio Reflejos\",\"isPartOf\":{\"@id\":\"https:\/\/www.noticiasradioreflejos.com.ar\/2021\/#website\"},\"datePublished\":\"2018-08-01T21:28:48+00:00\",\"author\":{\"@id\":\"https:\/\/www.noticiasradioreflejos.com.ar\/2021\/#\/schema\/person\/ad82545263dcc5ec0996818884fd5fb1\"},\"breadcrumb\":{\"@id\":\"https:\/\/www.noticiasradioreflejos.com.ar\/2021\/pelicra-y-lopez-lecube-festejan-juntos-el-dia-del-nino\/#breadcrumb\"},\"inLanguage\":\"es\",\"potentialAction\":[{\"@type\":\"ReadAction\",\"target\":[\"https:\/\/www.noticiasradioreflejos.com.ar\/2021\/pelicra-y-lopez-lecube-festejan-juntos-el-dia-del-nino\/\"]}]},{\"@type\":\"BreadcrumbList\",\"@id\":\"https:\/\/www.noticiasradioreflejos.com.ar\/2021\/pelicra-y-lopez-lecube-festejan-juntos-el-dia-del-nino\/#breadcrumb\",\"itemListElement\":[{\"@type\":\"ListItem\",\"position\":1,\"name\":\"Portada\",\"item\":\"https:\/\/www.noticiasradioreflejos.com.ar\/2021\/\"},{\"@type\":\"ListItem\",\"position\":2,\"name\":\"Pelicur\u00e1 y L\u00f3pez Lecube festejan juntos el D\u00eda del Ni\u00f1o\"}]},{\"@type\":\"WebSite\",\"@id\":\"https:\/\/www.noticiasradioreflejos.com.ar\/2021\/#website\",\"url\":\"https:\/\/www.noticiasradioreflejos.com.ar\/2021\/\",\"name\":\"Noticias Radio Reflejos\",\"description\":\"Las noticias de mi comarca\",\"potentialAction\":[{\"@type\":\"SearchAction\",\"target\":{\"@type\":\"EntryPoint\",\"urlTemplate\":\"https:\/\/www.noticiasradioreflejos.com.ar\/2021\/?s={search_term_string}\"},\"query-input\":{\"@type\":\"PropertyValueSpecification\",\"valueRequired\":true,\"valueName\":\"search_term_string\"}}],\"inLanguage\":\"es\"},{\"@type\":\"Person\",\"@id\":\"https:\/\/www.noticiasradioreflejos.com.ar\/2021\/#\/schema\/person\/ad82545263dcc5ec0996818884fd5fb1\",\"name\":\"Arnaldo Botto\",\"image\":{\"@type\":\"ImageObject\",\"inLanguage\":\"es\",\"@id\":\"https:\/\/www.noticiasradioreflejos.com.ar\/2021\/#\/schema\/person\/image\/\",\"url\":\"https:\/\/secure.gravatar.com\/avatar\/55cb5e37c1efa326397366e6974cb338056df65cb50e7d64d1cf314e87504837?s=96&d=mm&r=g\",\"contentUrl\":\"https:\/\/secure.gravatar.com\/avatar\/55cb5e37c1efa326397366e6974cb338056df65cb50e7d64d1cf314e87504837?s=96&d=mm&r=g\",\"caption\":\"Arnaldo Botto\"},\"url\":\"https:\/\/www.noticiasradioreflejos.com.ar\/2021\/author\/arnaldo\/\"}]}<\/script>\n<!-- \/ Yoast SEO plugin. -->","yoast_head_json":{"title":"Pelicur\u00e1 y L\u00f3pez Lecube festejan juntos el D\u00eda del Ni\u00f1o - Noticias Radio Reflejos","robots":{"index":"index","follow":"follow","max-snippet":"max-snippet:-1","max-image-preview":"max-image-preview:large","max-video-preview":"max-video-preview:-1"},"canonical":"https:\/\/www.noticiasradioreflejos.com.ar\/2021\/pelicra-y-lopez-lecube-festejan-juntos-el-dia-del-nino\/","og_locale":"es_ES","og_type":"article","og_title":"Pelicur\u00e1 y L\u00f3pez Lecube festejan juntos el D\u00eda del Ni\u00f1o - Noticias Radio Reflejos","og_description":"Con el objetivo de agasajar a los ni\u00f1os en su d\u00eda, personal de las salas m\u00e9dicas de Pelicur\u00e1 y L\u00f3pez Lecube organizaron conjuntamente, para el pr\u00f3ximo domingo 5, diferentes actividades recreativas y l\u00fadicas.","og_url":"https:\/\/www.noticiasradioreflejos.com.ar\/2021\/pelicra-y-lopez-lecube-festejan-juntos-el-dia-del-nino\/","og_site_name":"Noticias Radio Reflejos","article_published_time":"2018-08-01T21:28:48+00:00","og_image":[{"width":300,"height":200,"url":"https:\/\/www.noticiasradioreflejos.com.ar\/2021\/wp-content\/uploads\/2021\/07\/logosol300x200.png","type":"image\/png"}],"author":"Arnaldo Botto","twitter_card":"summary_large_image","schema":{"@context":"https:\/\/schema.org","@graph":[{"@type":"WebPage","@id":"https:\/\/www.noticiasradioreflejos.com.ar\/2021\/pelicra-y-lopez-lecube-festejan-juntos-el-dia-del-nino\/","url":"https:\/\/www.noticiasradioreflejos.com.ar\/2021\/pelicra-y-lopez-lecube-festejan-juntos-el-dia-del-nino\/","name":"Pelicur\u00e1 y L\u00f3pez Lecube festejan juntos el D\u00eda del Ni\u00f1o - Noticias Radio Reflejos","isPartOf":{"@id":"https:\/\/www.noticiasradioreflejos.com.ar\/2021\/#website"},"datePublished":"2018-08-01T21:28:48+00:00","author":{"@id":"https:\/\/www.noticiasradioreflejos.com.ar\/2021\/#\/schema\/person\/ad82545263dcc5ec0996818884fd5fb1"},"breadcrumb":{"@id":"https:\/\/www.noticiasradioreflejos.com.ar\/2021\/pelicra-y-lopez-lecube-festejan-juntos-el-dia-del-nino\/#breadcrumb"},"inLanguage":"es","potentialAction":[{"@type":"ReadAction","target":["https:\/\/www.noticiasradioreflejos.com.ar\/2021\/pelicra-y-lopez-lecube-festejan-juntos-el-dia-del-nino\/"]}]},{"@type":"BreadcrumbList","@id":"https:\/\/www.noticiasradioreflejos.com.ar\/2021\/pelicra-y-lopez-lecube-festejan-juntos-el-dia-del-nino\/#breadcrumb","itemListElement":[{"@type":"ListItem","position":1,"name":"Portada","item":"https:\/\/www.noticiasradioreflejos.com.ar\/2021\/"},{"@type":"ListItem","position":2,"name":"Pelicur\u00e1 y L\u00f3pez Lecube festejan juntos el D\u00eda del Ni\u00f1o"}]},{"@type":"WebSite","@id":"https:\/\/www.noticiasradioreflejos.com.ar\/2021\/#website","url":"https:\/\/www.noticiasradioreflejos.com.ar\/2021\/","name":"Noticias Radio Reflejos","description":"Las noticias de mi comarca","potentialAction":[{"@type":"SearchAction","target":{"@type":"EntryPoint","urlTemplate":"https:\/\/www.noticiasradioreflejos.com.ar\/2021\/?s={search_term_string}"},"query-input":{"@type":"PropertyValueSpecification","valueRequired":true,"valueName":"search_term_string"}}],"inLanguage":"es"},{"@type":"Person","@id":"https:\/\/www.noticiasradioreflejos.com.ar\/2021\/#\/schema\/person\/ad82545263dcc5ec0996818884fd5fb1","name":"Arnaldo Botto","image":{"@type":"ImageObject","inLanguage":"es","@id":"https:\/\/www.noticiasradioreflejos.com.ar\/2021\/#\/schema\/person\/image\/","url":"https:\/\/secure.gravatar.com\/avatar\/55cb5e37c1efa326397366e6974cb338056df65cb50e7d64d1cf314e87504837?s=96&d=mm&r=g","contentUrl":"https:\/\/secure.gravatar.com\/avatar\/55cb5e37c1efa326397366e6974cb338056df65cb50e7d64d1cf314e87504837?s=96&d=mm&r=g","caption":"Arnaldo Botto"},"url":"https:\/\/www.noticiasradioreflejos.com.ar\/2021\/author\/arnaldo\/"}]}},"_links":{"self":[{"href":"https:\/\/www.noticiasradioreflejos.com.ar\/2021\/wp-json\/wp\/v2\/posts\/23746","targetHints":{"allow":["GET"]}}],"collection":[{"href":"https:\/\/www.noticiasradioreflejos.com.ar\/2021\/wp-json\/wp\/v2\/posts"}],"about":[{"href":"https:\/\/www.noticiasradioreflejos.com.ar\/2021\/wp-json\/wp\/v2\/types\/post"}],"author":[{"embeddable":true,"href":"https:\/\/www.noticiasradioreflejos.com.ar\/2021\/wp-json\/wp\/v2\/users\/3"}],"replies":[{"embeddable":true,"href":"https:\/\/www.noticiasradioreflejos.com.ar\/2021\/wp-json\/wp\/v2\/comments?post=23746"}],"version-history":[{"count":0,"href":"https:\/\/www.noticiasradioreflejos.com.ar\/2021\/wp-json\/wp\/v2\/posts\/23746\/revisions"}],"wp:attachment":[{"href":"https:\/\/www.noticiasradioreflejos.com.ar\/2021\/wp-json\/wp\/v2\/media?parent=23746"}],"wp:term":[{"taxonomy":"category","embeddable":true,"href":"https:\/\/www.noticiasradioreflejos.com.ar\/2021\/wp-json\/wp\/v2\/categories?post=23746"},{"taxonomy":"post_tag","embeddable":true,"href":"https:\/\/www.noticiasradioreflejos.com.ar\/2021\/wp-json\/wp\/v2\/tags?post=23746"}],"curies":[{"name":"wp","href":"https:\/\/api.w.org\/{rel}","templated":true}]}}