{"id":23743,"date":"2018-08-01T18:24:03","date_gmt":"2018-08-01T21:24:03","guid":{"rendered":"http:\/\/www.noticiasradioreflejos.com.ar\/noticias\/?p=23743"},"modified":"2018-08-01T18:24:03","modified_gmt":"2018-08-01T21:24:03","slug":"el-gobierno-de-vidal-incumple-con-la-conciliacion-obligatoria","status":"publish","type":"post","link":"https:\/\/www.noticiasradioreflejos.com.ar\/2021\/el-gobierno-de-vidal-incumple-con-la-conciliacion-obligatoria\/","title":{"rendered":"El gobierno de Vidal incumple con la conciliaci\u00f3n obligatoria"},"content":{"rendered":"<p style=\"font-weight: 400;\">Luego de haberse dictado la conciliaci\u00f3n obligatoria, el FUDB a\u00fan no ha sido convocado. En consecuencia, exigimos que el Ministro de Trabajo deje de actuar de mala fe, incumpliendo la ley de Conciliaci\u00f3n Obligatoria y convoque urgentemente a las partes para retomar las negociaciones salariales.<\/p>\n<p><!--more--><\/p>\n<p style=\"font-weight: 400;\">Los gremios que integramos el FUDB hemos realizado las denuncias en sede administrativa y judicial, analizando\u00a0presentar una denuncia penal por el delito de incumplimiento de deberes de funcionario p\u00fablico contra el Ministro de Trabajo bonaerense Marcelo Villegas.<\/p>\n<p style=\"font-weight: 400;\">El FUDB expresa su M\u00c1S EN\u00c9RGICO RECHAZO a la multa anunciada medi\u00e1ticamente por el Ministerio de Trabajo bonaerense al gremio docente Suteba.<br \/>\nEste proceder demuestra a las claras una vez m\u00e1s, la persecuci\u00f3n que ejerce el Gobierno a las organizaciones sindicales.<\/p>\n<p style=\"font-weight: 400;\">\n<p style=\"font-weight: 400;\"><strong>FRENTE DE UNIDAD DOCENTE BONAERENSE<\/strong><\/p>\n<p style=\"font-weight: 400;\">\u00a0\u00a0\u00a0 AMET &#8211; FEB &#8211; SADOP &#8211; SUTEBA &#8211; UDOCBA<\/p>\n","protected":false},"excerpt":{"rendered":"<p>Luego de haberse dictado la conciliaci\u00f3n obligatoria, el FUDB a\u00fan no ha sido convocado. En consecuencia, exigimos que el Ministro de Trabajo deje de actuar de mala fe, incumpliendo la ley de Conciliaci\u00f3n Obligatoria y convoque urgentemente a las partes para retomar las negociaciones salariales.<\/p>\n","protected":false},"author":3,"featured_media":0,"comment_status":"closed","ping_status":"open","sticky":false,"template":"","format":"standard","meta":{"footnotes":""},"categories":[34],"tags":[],"class_list":["post-23743","post","type-post","status-publish","format-standard","hentry","category-educacion"],"yoast_head":"<!-- This site is optimized with the Yoast SEO plugin v25.9 - https:\/\/yoast.com\/wordpress\/plugins\/seo\/ -->\n<title>El gobierno de Vidal incumple con la conciliaci\u00f3n obligatoria - Noticias Radio Reflejos<\/title>\n<meta name=\"robots\" content=\"index, follow, max-snippet:-1, max-image-preview:large, max-video-preview:-1\" \/>\n<link rel=\"canonical\" href=\"https:\/\/www.noticiasradioreflejos.com.ar\/2021\/el-gobierno-de-vidal-incumple-con-la-conciliacion-obligatoria\/\" \/>\n<meta property=\"og:locale\" content=\"es_ES\" \/>\n<meta property=\"og:type\" content=\"article\" \/>\n<meta property=\"og:title\" content=\"El gobierno de Vidal incumple con la conciliaci\u00f3n obligatoria - Noticias Radio Reflejos\" \/>\n<meta property=\"og:description\" content=\"Luego de haberse dictado la conciliaci\u00f3n obligatoria, el FUDB a\u00fan no ha sido convocado. En consecuencia, exigimos que el Ministro de Trabajo deje de actuar de mala fe, incumpliendo la ley de Conciliaci\u00f3n Obligatoria y convoque urgentemente a las partes para retomar las negociaciones salariales.\" \/>\n<meta property=\"og:url\" content=\"https:\/\/www.noticiasradioreflejos.com.ar\/2021\/el-gobierno-de-vidal-incumple-con-la-conciliacion-obligatoria\/\" \/>\n<meta property=\"og:site_name\" content=\"Noticias Radio Reflejos\" \/>\n<meta property=\"article:published_time\" content=\"2018-08-01T21:24:03+00:00\" \/>\n<meta property=\"og:image\" content=\"https:\/\/www.noticiasradioreflejos.com.ar\/2021\/wp-content\/uploads\/2021\/07\/logosol300x200.png\" \/>\n\t<meta property=\"og:image:width\" content=\"300\" \/>\n\t<meta property=\"og:image:height\" content=\"200\" \/>\n\t<meta property=\"og:image:type\" content=\"image\/png\" \/>\n<meta name=\"author\" content=\"Arnaldo Botto\" \/>\n<meta name=\"twitter:card\" content=\"summary_large_image\" \/>\n<script type=\"application\/ld+json\" class=\"yoast-schema-graph\">{\"@context\":\"https:\/\/schema.org\",\"@graph\":[{\"@type\":\"WebPage\",\"@id\":\"https:\/\/www.noticiasradioreflejos.com.ar\/2021\/el-gobierno-de-vidal-incumple-con-la-conciliacion-obligatoria\/\",\"url\":\"https:\/\/www.noticiasradioreflejos.com.ar\/2021\/el-gobierno-de-vidal-incumple-con-la-conciliacion-obligatoria\/\",\"name\":\"El gobierno de Vidal incumple con la conciliaci\u00f3n obligatoria - Noticias Radio Reflejos\",\"isPartOf\":{\"@id\":\"https:\/\/www.noticiasradioreflejos.com.ar\/2021\/#website\"},\"datePublished\":\"2018-08-01T21:24:03+00:00\",\"author\":{\"@id\":\"https:\/\/www.noticiasradioreflejos.com.ar\/2021\/#\/schema\/person\/ad82545263dcc5ec0996818884fd5fb1\"},\"breadcrumb\":{\"@id\":\"https:\/\/www.noticiasradioreflejos.com.ar\/2021\/el-gobierno-de-vidal-incumple-con-la-conciliacion-obligatoria\/#breadcrumb\"},\"inLanguage\":\"es\",\"potentialAction\":[{\"@type\":\"ReadAction\",\"target\":[\"https:\/\/www.noticiasradioreflejos.com.ar\/2021\/el-gobierno-de-vidal-incumple-con-la-conciliacion-obligatoria\/\"]}]},{\"@type\":\"BreadcrumbList\",\"@id\":\"https:\/\/www.noticiasradioreflejos.com.ar\/2021\/el-gobierno-de-vidal-incumple-con-la-conciliacion-obligatoria\/#breadcrumb\",\"itemListElement\":[{\"@type\":\"ListItem\",\"position\":1,\"name\":\"Portada\",\"item\":\"https:\/\/www.noticiasradioreflejos.com.ar\/2021\/\"},{\"@type\":\"ListItem\",\"position\":2,\"name\":\"El gobierno de Vidal incumple con la conciliaci\u00f3n obligatoria\"}]},{\"@type\":\"WebSite\",\"@id\":\"https:\/\/www.noticiasradioreflejos.com.ar\/2021\/#website\",\"url\":\"https:\/\/www.noticiasradioreflejos.com.ar\/2021\/\",\"name\":\"Noticias Radio Reflejos\",\"description\":\"Las noticias de mi comarca\",\"potentialAction\":[{\"@type\":\"SearchAction\",\"target\":{\"@type\":\"EntryPoint\",\"urlTemplate\":\"https:\/\/www.noticiasradioreflejos.com.ar\/2021\/?s={search_term_string}\"},\"query-input\":{\"@type\":\"PropertyValueSpecification\",\"valueRequired\":true,\"valueName\":\"search_term_string\"}}],\"inLanguage\":\"es\"},{\"@type\":\"Person\",\"@id\":\"https:\/\/www.noticiasradioreflejos.com.ar\/2021\/#\/schema\/person\/ad82545263dcc5ec0996818884fd5fb1\",\"name\":\"Arnaldo Botto\",\"image\":{\"@type\":\"ImageObject\",\"inLanguage\":\"es\",\"@id\":\"https:\/\/www.noticiasradioreflejos.com.ar\/2021\/#\/schema\/person\/image\/\",\"url\":\"https:\/\/secure.gravatar.com\/avatar\/55cb5e37c1efa326397366e6974cb338056df65cb50e7d64d1cf314e87504837?s=96&d=mm&r=g\",\"contentUrl\":\"https:\/\/secure.gravatar.com\/avatar\/55cb5e37c1efa326397366e6974cb338056df65cb50e7d64d1cf314e87504837?s=96&d=mm&r=g\",\"caption\":\"Arnaldo Botto\"},\"url\":\"https:\/\/www.noticiasradioreflejos.com.ar\/2021\/author\/arnaldo\/\"}]}<\/script>\n<!-- \/ Yoast SEO plugin. -->","yoast_head_json":{"title":"El gobierno de Vidal incumple con la conciliaci\u00f3n obligatoria - Noticias Radio Reflejos","robots":{"index":"index","follow":"follow","max-snippet":"max-snippet:-1","max-image-preview":"max-image-preview:large","max-video-preview":"max-video-preview:-1"},"canonical":"https:\/\/www.noticiasradioreflejos.com.ar\/2021\/el-gobierno-de-vidal-incumple-con-la-conciliacion-obligatoria\/","og_locale":"es_ES","og_type":"article","og_title":"El gobierno de Vidal incumple con la conciliaci\u00f3n obligatoria - Noticias Radio Reflejos","og_description":"Luego de haberse dictado la conciliaci\u00f3n obligatoria, el FUDB a\u00fan no ha sido convocado. En consecuencia, exigimos que el Ministro de Trabajo deje de actuar de mala fe, incumpliendo la ley de Conciliaci\u00f3n Obligatoria y convoque urgentemente a las partes para retomar las negociaciones salariales.","og_url":"https:\/\/www.noticiasradioreflejos.com.ar\/2021\/el-gobierno-de-vidal-incumple-con-la-conciliacion-obligatoria\/","og_site_name":"Noticias Radio Reflejos","article_published_time":"2018-08-01T21:24:03+00:00","og_image":[{"width":300,"height":200,"url":"https:\/\/www.noticiasradioreflejos.com.ar\/2021\/wp-content\/uploads\/2021\/07\/logosol300x200.png","type":"image\/png"}],"author":"Arnaldo Botto","twitter_card":"summary_large_image","schema":{"@context":"https:\/\/schema.org","@graph":[{"@type":"WebPage","@id":"https:\/\/www.noticiasradioreflejos.com.ar\/2021\/el-gobierno-de-vidal-incumple-con-la-conciliacion-obligatoria\/","url":"https:\/\/www.noticiasradioreflejos.com.ar\/2021\/el-gobierno-de-vidal-incumple-con-la-conciliacion-obligatoria\/","name":"El gobierno de Vidal incumple con la conciliaci\u00f3n obligatoria - Noticias Radio Reflejos","isPartOf":{"@id":"https:\/\/www.noticiasradioreflejos.com.ar\/2021\/#website"},"datePublished":"2018-08-01T21:24:03+00:00","author":{"@id":"https:\/\/www.noticiasradioreflejos.com.ar\/2021\/#\/schema\/person\/ad82545263dcc5ec0996818884fd5fb1"},"breadcrumb":{"@id":"https:\/\/www.noticiasradioreflejos.com.ar\/2021\/el-gobierno-de-vidal-incumple-con-la-conciliacion-obligatoria\/#breadcrumb"},"inLanguage":"es","potentialAction":[{"@type":"ReadAction","target":["https:\/\/www.noticiasradioreflejos.com.ar\/2021\/el-gobierno-de-vidal-incumple-con-la-conciliacion-obligatoria\/"]}]},{"@type":"BreadcrumbList","@id":"https:\/\/www.noticiasradioreflejos.com.ar\/2021\/el-gobierno-de-vidal-incumple-con-la-conciliacion-obligatoria\/#breadcrumb","itemListElement":[{"@type":"ListItem","position":1,"name":"Portada","item":"https:\/\/www.noticiasradioreflejos.com.ar\/2021\/"},{"@type":"ListItem","position":2,"name":"El gobierno de Vidal incumple con la conciliaci\u00f3n obligatoria"}]},{"@type":"WebSite","@id":"https:\/\/www.noticiasradioreflejos.com.ar\/2021\/#website","url":"https:\/\/www.noticiasradioreflejos.com.ar\/2021\/","name":"Noticias Radio Reflejos","description":"Las noticias de mi comarca","potentialAction":[{"@type":"SearchAction","target":{"@type":"EntryPoint","urlTemplate":"https:\/\/www.noticiasradioreflejos.com.ar\/2021\/?s={search_term_string}"},"query-input":{"@type":"PropertyValueSpecification","valueRequired":true,"valueName":"search_term_string"}}],"inLanguage":"es"},{"@type":"Person","@id":"https:\/\/www.noticiasradioreflejos.com.ar\/2021\/#\/schema\/person\/ad82545263dcc5ec0996818884fd5fb1","name":"Arnaldo Botto","image":{"@type":"ImageObject","inLanguage":"es","@id":"https:\/\/www.noticiasradioreflejos.com.ar\/2021\/#\/schema\/person\/image\/","url":"https:\/\/secure.gravatar.com\/avatar\/55cb5e37c1efa326397366e6974cb338056df65cb50e7d64d1cf314e87504837?s=96&d=mm&r=g","contentUrl":"https:\/\/secure.gravatar.com\/avatar\/55cb5e37c1efa326397366e6974cb338056df65cb50e7d64d1cf314e87504837?s=96&d=mm&r=g","caption":"Arnaldo Botto"},"url":"https:\/\/www.noticiasradioreflejos.com.ar\/2021\/author\/arnaldo\/"}]}},"_links":{"self":[{"href":"https:\/\/www.noticiasradioreflejos.com.ar\/2021\/wp-json\/wp\/v2\/posts\/23743","targetHints":{"allow":["GET"]}}],"collection":[{"href":"https:\/\/www.noticiasradioreflejos.com.ar\/2021\/wp-json\/wp\/v2\/posts"}],"about":[{"href":"https:\/\/www.noticiasradioreflejos.com.ar\/2021\/wp-json\/wp\/v2\/types\/post"}],"author":[{"embeddable":true,"href":"https:\/\/www.noticiasradioreflejos.com.ar\/2021\/wp-json\/wp\/v2\/users\/3"}],"replies":[{"embeddable":true,"href":"https:\/\/www.noticiasradioreflejos.com.ar\/2021\/wp-json\/wp\/v2\/comments?post=23743"}],"version-history":[{"count":0,"href":"https:\/\/www.noticiasradioreflejos.com.ar\/2021\/wp-json\/wp\/v2\/posts\/23743\/revisions"}],"wp:attachment":[{"href":"https:\/\/www.noticiasradioreflejos.com.ar\/2021\/wp-json\/wp\/v2\/media?parent=23743"}],"wp:term":[{"taxonomy":"category","embeddable":true,"href":"https:\/\/www.noticiasradioreflejos.com.ar\/2021\/wp-json\/wp\/v2\/categories?post=23743"},{"taxonomy":"post_tag","embeddable":true,"href":"https:\/\/www.noticiasradioreflejos.com.ar\/2021\/wp-json\/wp\/v2\/tags?post=23743"}],"curies":[{"name":"wp","href":"https:\/\/api.w.org\/{rel}","templated":true}]}}