{"id":23725,"date":"2018-08-01T10:24:18","date_gmt":"2018-08-01T13:24:18","guid":{"rendered":"http:\/\/www.noticiasradioreflejos.com.ar\/noticias\/?p=23725"},"modified":"2018-08-01T10:24:18","modified_gmt":"2018-08-01T13:24:18","slug":"esclarecen-algunos-hechos-delictivos-de-villa-ventana","status":"publish","type":"post","link":"https:\/\/www.noticiasradioreflejos.com.ar\/2021\/esclarecen-algunos-hechos-delictivos-de-villa-ventana\/","title":{"rendered":"Esclarecen algunos hechos delictivos de Villa Ventana."},"content":{"rendered":"<p><a title=\"IMG-20180731-WA0191\" href=\"http:\/\/farm2.staticflickr.com\/1774\/42879414695_87604eafe5.jpg\" rel=\"\"><img loading=\"lazy\" decoding=\"async\" class=\"alignleft\" style=\"float: left;\" title=\"IMG-20180731-WA0191\" src=\"http:\/\/farm2.staticflickr.com\/1774\/42879414695_87604eafe5.jpg\" alt=\"IMG-20180731-WA0191\" width=\"500\" height=\"375\" \/><\/a>Mediante operativos coordinados por la polic\u00eda y allanamientos dispuestos por la justicia, se lograron esclarecer varios hechos.<br \/>\n<strong>Comunicado de prensa:<\/strong> Desde la Secretar\u00eda de Seguridad del Partido de Tornquist, se lleva a conocimiento de la poblaci\u00f3n que en el marco de los hechos delictivos acaecidos en el \u00faltimo tiempo en la localidad de<strong> Villa Ventana<\/strong> que fueren de p\u00fablico conocimiento,<!--more--><br \/>\ny tras las tareas investigativas realizadas por personal policial de la Polic\u00eda Comunal Tornquist, se lograron obtener medios de prueba suficientes para su esclarecimiento resultando as\u00ed sindicado el ciudadano <strong>Jorge Antonio Patorutti<\/strong>, oriundo de Bah\u00eda Blanca llevando a cabo en la v\u00edspera dos allanamientos emanados por el Juzgado de Paz local a cargo del<strong> Dr. Francisco Jos\u00e9 Frizza<\/strong>, para con el domicilio de calle Paloma entre Pillahuinco y Cerro de la Carpa de Villa Ventana y para con el domicilio de calle Coronel Vidal 685 de la ciudad de Bah\u00eda Blanca, cuyo operativo se efectu\u00f3 de forma simult\u00e1nea, procediendo en el primer domicilio al secuestro inmediato de un jeans color azul, un gorro de lana, una m\u00e1scara de polar, un moto-veh\u00edculo Gilera 110 cm y la cantidad de 801 semillas las que com\u00fanmente se utilizan para el cultivo de marihuana como tambi\u00e9n al secuestro de un cigarrillo armado en textura y aroma s\u00edmil marihuana, no obstante en el segundo domicilio la instrucci\u00f3n policial incauto una Tablet marca Lenovo de siete pulgadas, un cuchillo marca Seigen, un par de zapatillas marca Converse y por ultimo un pantal\u00f3n de jeans marca OP, quedando dichos efectos a disposici\u00f3n del magistrado interviniente, inici\u00e1ndose paralelamente actuaciones prevencionales caratuladas INFRACCION A LA LEY 23.737 (Ley Federal de Drogas Il\u00edcitas) con intervenci\u00f3n de la Unidad Funcional de Instrucci\u00f3n y Juicio nro. 19 del Departamento Judicial Bah\u00eda Blanca a cargo del <strong>Dr. Mauricio Del Cero<\/strong>, tomando tambi\u00e9n intervenci\u00f3n la Ayudant\u00eda Fiscal del Partido de Tornquist a cargo de Dr. Pablo Florez, se prosigue la labor afines de recabar dem\u00e1s elementos de inter\u00e9s para la presente investigaci\u00f3n.-<br \/>\nFIRMADO: SECRETARIA DE SEGURIDAD, 31 DE JULIO DE 2018.-<br \/>\nDirecci\u00f3n de Comunicaci\u00f3n<br \/>\nAgencia de Desarrollo<br \/>\nTornquist Municipio<br \/>\ncomunicacion.tornquist@gmail.com<\/p>\n","protected":false},"excerpt":{"rendered":"<p>Mediante operativos coordinados por la polic\u00eda y allanamientos dispuestos por la justicia, se lograron esclarecer varios hechos. Comunicado de prensa: Desde la Secretar\u00eda de Seguridad del Partido de Tornquist, se lleva a conocimiento de la poblaci\u00f3n que en el marco de los hechos delictivos acaecidos en el \u00faltimo tiempo en la localidad de Villa Ventana [&hellip;]<\/p>\n","protected":false},"author":3,"featured_media":0,"comment_status":"closed","ping_status":"open","sticky":false,"template":"","format":"standard","meta":{"footnotes":""},"categories":[29],"tags":[],"class_list":["post-23725","post","type-post","status-publish","format-standard","hentry","category-policiales"],"yoast_head":"<!-- This site is optimized with the Yoast SEO plugin v25.9 - https:\/\/yoast.com\/wordpress\/plugins\/seo\/ -->\n<title>Esclarecen algunos hechos delictivos de Villa Ventana. - Noticias Radio Reflejos<\/title>\n<meta name=\"robots\" content=\"index, follow, max-snippet:-1, max-image-preview:large, max-video-preview:-1\" \/>\n<link rel=\"canonical\" href=\"https:\/\/www.noticiasradioreflejos.com.ar\/2021\/esclarecen-algunos-hechos-delictivos-de-villa-ventana\/\" \/>\n<meta property=\"og:locale\" content=\"es_ES\" \/>\n<meta property=\"og:type\" content=\"article\" \/>\n<meta property=\"og:title\" content=\"Esclarecen algunos hechos delictivos de Villa Ventana. - Noticias Radio Reflejos\" \/>\n<meta property=\"og:description\" content=\"Mediante operativos coordinados por la polic\u00eda y allanamientos dispuestos por la justicia, se lograron esclarecer varios hechos. Comunicado de prensa: Desde la Secretar\u00eda de Seguridad del Partido de Tornquist, se lleva a conocimiento de la poblaci\u00f3n que en el marco de los hechos delictivos acaecidos en el \u00faltimo tiempo en la localidad de Villa Ventana [&hellip;]\" \/>\n<meta property=\"og:url\" content=\"https:\/\/www.noticiasradioreflejos.com.ar\/2021\/esclarecen-algunos-hechos-delictivos-de-villa-ventana\/\" \/>\n<meta property=\"og:site_name\" content=\"Noticias Radio Reflejos\" \/>\n<meta property=\"article:published_time\" content=\"2018-08-01T13:24:18+00:00\" \/>\n<meta property=\"og:image\" content=\"http:\/\/farm2.staticflickr.com\/1774\/42879414695_87604eafe5.jpg\" \/>\n<meta name=\"author\" content=\"Arnaldo Botto\" \/>\n<meta name=\"twitter:card\" content=\"summary_large_image\" \/>\n<script type=\"application\/ld+json\" class=\"yoast-schema-graph\">{\"@context\":\"https:\/\/schema.org\",\"@graph\":[{\"@type\":\"WebPage\",\"@id\":\"https:\/\/www.noticiasradioreflejos.com.ar\/2021\/esclarecen-algunos-hechos-delictivos-de-villa-ventana\/\",\"url\":\"https:\/\/www.noticiasradioreflejos.com.ar\/2021\/esclarecen-algunos-hechos-delictivos-de-villa-ventana\/\",\"name\":\"Esclarecen algunos hechos delictivos de Villa Ventana. - Noticias Radio Reflejos\",\"isPartOf\":{\"@id\":\"https:\/\/www.noticiasradioreflejos.com.ar\/2021\/#website\"},\"primaryImageOfPage\":{\"@id\":\"https:\/\/www.noticiasradioreflejos.com.ar\/2021\/esclarecen-algunos-hechos-delictivos-de-villa-ventana\/#primaryimage\"},\"image\":{\"@id\":\"https:\/\/www.noticiasradioreflejos.com.ar\/2021\/esclarecen-algunos-hechos-delictivos-de-villa-ventana\/#primaryimage\"},\"thumbnailUrl\":\"http:\/\/farm2.staticflickr.com\/1774\/42879414695_87604eafe5.jpg\",\"datePublished\":\"2018-08-01T13:24:18+00:00\",\"author\":{\"@id\":\"https:\/\/www.noticiasradioreflejos.com.ar\/2021\/#\/schema\/person\/ad82545263dcc5ec0996818884fd5fb1\"},\"breadcrumb\":{\"@id\":\"https:\/\/www.noticiasradioreflejos.com.ar\/2021\/esclarecen-algunos-hechos-delictivos-de-villa-ventana\/#breadcrumb\"},\"inLanguage\":\"es\",\"potentialAction\":[{\"@type\":\"ReadAction\",\"target\":[\"https:\/\/www.noticiasradioreflejos.com.ar\/2021\/esclarecen-algunos-hechos-delictivos-de-villa-ventana\/\"]}]},{\"@type\":\"ImageObject\",\"inLanguage\":\"es\",\"@id\":\"https:\/\/www.noticiasradioreflejos.com.ar\/2021\/esclarecen-algunos-hechos-delictivos-de-villa-ventana\/#primaryimage\",\"url\":\"http:\/\/farm2.staticflickr.com\/1774\/42879414695_87604eafe5.jpg\",\"contentUrl\":\"http:\/\/farm2.staticflickr.com\/1774\/42879414695_87604eafe5.jpg\"},{\"@type\":\"BreadcrumbList\",\"@id\":\"https:\/\/www.noticiasradioreflejos.com.ar\/2021\/esclarecen-algunos-hechos-delictivos-de-villa-ventana\/#breadcrumb\",\"itemListElement\":[{\"@type\":\"ListItem\",\"position\":1,\"name\":\"Portada\",\"item\":\"https:\/\/www.noticiasradioreflejos.com.ar\/2021\/\"},{\"@type\":\"ListItem\",\"position\":2,\"name\":\"Esclarecen algunos hechos delictivos de Villa Ventana.\"}]},{\"@type\":\"WebSite\",\"@id\":\"https:\/\/www.noticiasradioreflejos.com.ar\/2021\/#website\",\"url\":\"https:\/\/www.noticiasradioreflejos.com.ar\/2021\/\",\"name\":\"Noticias Radio Reflejos\",\"description\":\"Las noticias de mi comarca\",\"potentialAction\":[{\"@type\":\"SearchAction\",\"target\":{\"@type\":\"EntryPoint\",\"urlTemplate\":\"https:\/\/www.noticiasradioreflejos.com.ar\/2021\/?s={search_term_string}\"},\"query-input\":{\"@type\":\"PropertyValueSpecification\",\"valueRequired\":true,\"valueName\":\"search_term_string\"}}],\"inLanguage\":\"es\"},{\"@type\":\"Person\",\"@id\":\"https:\/\/www.noticiasradioreflejos.com.ar\/2021\/#\/schema\/person\/ad82545263dcc5ec0996818884fd5fb1\",\"name\":\"Arnaldo Botto\",\"image\":{\"@type\":\"ImageObject\",\"inLanguage\":\"es\",\"@id\":\"https:\/\/www.noticiasradioreflejos.com.ar\/2021\/#\/schema\/person\/image\/\",\"url\":\"https:\/\/secure.gravatar.com\/avatar\/55cb5e37c1efa326397366e6974cb338056df65cb50e7d64d1cf314e87504837?s=96&d=mm&r=g\",\"contentUrl\":\"https:\/\/secure.gravatar.com\/avatar\/55cb5e37c1efa326397366e6974cb338056df65cb50e7d64d1cf314e87504837?s=96&d=mm&r=g\",\"caption\":\"Arnaldo Botto\"},\"url\":\"https:\/\/www.noticiasradioreflejos.com.ar\/2021\/author\/arnaldo\/\"}]}<\/script>\n<!-- \/ Yoast SEO plugin. -->","yoast_head_json":{"title":"Esclarecen algunos hechos delictivos de Villa Ventana. - Noticias Radio Reflejos","robots":{"index":"index","follow":"follow","max-snippet":"max-snippet:-1","max-image-preview":"max-image-preview:large","max-video-preview":"max-video-preview:-1"},"canonical":"https:\/\/www.noticiasradioreflejos.com.ar\/2021\/esclarecen-algunos-hechos-delictivos-de-villa-ventana\/","og_locale":"es_ES","og_type":"article","og_title":"Esclarecen algunos hechos delictivos de Villa Ventana. - Noticias Radio Reflejos","og_description":"Mediante operativos coordinados por la polic\u00eda y allanamientos dispuestos por la justicia, se lograron esclarecer varios hechos. Comunicado de prensa: Desde la Secretar\u00eda de Seguridad del Partido de Tornquist, se lleva a conocimiento de la poblaci\u00f3n que en el marco de los hechos delictivos acaecidos en el \u00faltimo tiempo en la localidad de Villa Ventana [&hellip;]","og_url":"https:\/\/www.noticiasradioreflejos.com.ar\/2021\/esclarecen-algunos-hechos-delictivos-de-villa-ventana\/","og_site_name":"Noticias Radio Reflejos","article_published_time":"2018-08-01T13:24:18+00:00","og_image":[{"url":"http:\/\/farm2.staticflickr.com\/1774\/42879414695_87604eafe5.jpg","type":"","width":"","height":""}],"author":"Arnaldo Botto","twitter_card":"summary_large_image","schema":{"@context":"https:\/\/schema.org","@graph":[{"@type":"WebPage","@id":"https:\/\/www.noticiasradioreflejos.com.ar\/2021\/esclarecen-algunos-hechos-delictivos-de-villa-ventana\/","url":"https:\/\/www.noticiasradioreflejos.com.ar\/2021\/esclarecen-algunos-hechos-delictivos-de-villa-ventana\/","name":"Esclarecen algunos hechos delictivos de Villa Ventana. - Noticias Radio Reflejos","isPartOf":{"@id":"https:\/\/www.noticiasradioreflejos.com.ar\/2021\/#website"},"primaryImageOfPage":{"@id":"https:\/\/www.noticiasradioreflejos.com.ar\/2021\/esclarecen-algunos-hechos-delictivos-de-villa-ventana\/#primaryimage"},"image":{"@id":"https:\/\/www.noticiasradioreflejos.com.ar\/2021\/esclarecen-algunos-hechos-delictivos-de-villa-ventana\/#primaryimage"},"thumbnailUrl":"http:\/\/farm2.staticflickr.com\/1774\/42879414695_87604eafe5.jpg","datePublished":"2018-08-01T13:24:18+00:00","author":{"@id":"https:\/\/www.noticiasradioreflejos.com.ar\/2021\/#\/schema\/person\/ad82545263dcc5ec0996818884fd5fb1"},"breadcrumb":{"@id":"https:\/\/www.noticiasradioreflejos.com.ar\/2021\/esclarecen-algunos-hechos-delictivos-de-villa-ventana\/#breadcrumb"},"inLanguage":"es","potentialAction":[{"@type":"ReadAction","target":["https:\/\/www.noticiasradioreflejos.com.ar\/2021\/esclarecen-algunos-hechos-delictivos-de-villa-ventana\/"]}]},{"@type":"ImageObject","inLanguage":"es","@id":"https:\/\/www.noticiasradioreflejos.com.ar\/2021\/esclarecen-algunos-hechos-delictivos-de-villa-ventana\/#primaryimage","url":"http:\/\/farm2.staticflickr.com\/1774\/42879414695_87604eafe5.jpg","contentUrl":"http:\/\/farm2.staticflickr.com\/1774\/42879414695_87604eafe5.jpg"},{"@type":"BreadcrumbList","@id":"https:\/\/www.noticiasradioreflejos.com.ar\/2021\/esclarecen-algunos-hechos-delictivos-de-villa-ventana\/#breadcrumb","itemListElement":[{"@type":"ListItem","position":1,"name":"Portada","item":"https:\/\/www.noticiasradioreflejos.com.ar\/2021\/"},{"@type":"ListItem","position":2,"name":"Esclarecen algunos hechos delictivos de Villa Ventana."}]},{"@type":"WebSite","@id":"https:\/\/www.noticiasradioreflejos.com.ar\/2021\/#website","url":"https:\/\/www.noticiasradioreflejos.com.ar\/2021\/","name":"Noticias Radio Reflejos","description":"Las noticias de mi comarca","potentialAction":[{"@type":"SearchAction","target":{"@type":"EntryPoint","urlTemplate":"https:\/\/www.noticiasradioreflejos.com.ar\/2021\/?s={search_term_string}"},"query-input":{"@type":"PropertyValueSpecification","valueRequired":true,"valueName":"search_term_string"}}],"inLanguage":"es"},{"@type":"Person","@id":"https:\/\/www.noticiasradioreflejos.com.ar\/2021\/#\/schema\/person\/ad82545263dcc5ec0996818884fd5fb1","name":"Arnaldo Botto","image":{"@type":"ImageObject","inLanguage":"es","@id":"https:\/\/www.noticiasradioreflejos.com.ar\/2021\/#\/schema\/person\/image\/","url":"https:\/\/secure.gravatar.com\/avatar\/55cb5e37c1efa326397366e6974cb338056df65cb50e7d64d1cf314e87504837?s=96&d=mm&r=g","contentUrl":"https:\/\/secure.gravatar.com\/avatar\/55cb5e37c1efa326397366e6974cb338056df65cb50e7d64d1cf314e87504837?s=96&d=mm&r=g","caption":"Arnaldo Botto"},"url":"https:\/\/www.noticiasradioreflejos.com.ar\/2021\/author\/arnaldo\/"}]}},"_links":{"self":[{"href":"https:\/\/www.noticiasradioreflejos.com.ar\/2021\/wp-json\/wp\/v2\/posts\/23725","targetHints":{"allow":["GET"]}}],"collection":[{"href":"https:\/\/www.noticiasradioreflejos.com.ar\/2021\/wp-json\/wp\/v2\/posts"}],"about":[{"href":"https:\/\/www.noticiasradioreflejos.com.ar\/2021\/wp-json\/wp\/v2\/types\/post"}],"author":[{"embeddable":true,"href":"https:\/\/www.noticiasradioreflejos.com.ar\/2021\/wp-json\/wp\/v2\/users\/3"}],"replies":[{"embeddable":true,"href":"https:\/\/www.noticiasradioreflejos.com.ar\/2021\/wp-json\/wp\/v2\/comments?post=23725"}],"version-history":[{"count":0,"href":"https:\/\/www.noticiasradioreflejos.com.ar\/2021\/wp-json\/wp\/v2\/posts\/23725\/revisions"}],"wp:attachment":[{"href":"https:\/\/www.noticiasradioreflejos.com.ar\/2021\/wp-json\/wp\/v2\/media?parent=23725"}],"wp:term":[{"taxonomy":"category","embeddable":true,"href":"https:\/\/www.noticiasradioreflejos.com.ar\/2021\/wp-json\/wp\/v2\/categories?post=23725"},{"taxonomy":"post_tag","embeddable":true,"href":"https:\/\/www.noticiasradioreflejos.com.ar\/2021\/wp-json\/wp\/v2\/tags?post=23725"}],"curies":[{"name":"wp","href":"https:\/\/api.w.org\/{rel}","templated":true}]}}