{"id":23716,"date":"2018-08-01T09:08:28","date_gmt":"2018-08-01T12:08:28","guid":{"rendered":"http:\/\/www.noticiasradioreflejos.com.ar\/noticias\/?p=23716"},"modified":"2018-08-01T09:08:28","modified_gmt":"2018-08-01T12:08:28","slug":"docentes-en-lucha-se-expresaron","status":"publish","type":"post","link":"https:\/\/www.noticiasradioreflejos.com.ar\/2021\/docentes-en-lucha-se-expresaron\/","title":{"rendered":"Docentes en lucha se expresaron"},"content":{"rendered":"<p>Integrantes de gremios de la educaci\u00f3n, docentes y concejales se dieron cita en el palacio municipal para hacer sentir su voz en el reclamo que llevan adelante por la defensa de su salario y en contra del ajuste del gobierno.<br \/>\nDurante la alocuci\u00f3n hablaron Fernando Cafieri, Carina Pereyra y Paula Mu\u00f1oz quienes explicaron los motivos del encuentro y a pesar del fr\u00edo, su presencia estuvo en medio de mucha incertidumbre sobre una soluci\u00f3n al conflicto que lleva 90 d\u00edas sin convocatoria a paritarias.<!--more--><br \/>\nEl 6 de Julio el pago de los haberes fue con retraso y con informaci\u00f3n confusa de parte de las autoridades. Muchos de los docentes no cobraron la totalidad de su salario hasta entrada la primera semana del receso, pero en ese tiempo se los convoc\u00f3 a jornadas en las escuelas.<br \/>\nAdem\u00e1s las tres sumas depositadas en negro-explicaron-no conforman el salario y no lo perciben los jubilados.<br \/>\nReflejaron adem\u00e1s en el encuentro que le hicieron ocho veces la misma propuesta salarial del 15% cuando se conoce que la inflaci\u00f3n es de un 30%. Tambi\u00e9n hicieron un p\u00e1rrafo aparte por las 1476 horas que piensa el gobierno de recorte en la ecuaci\u00f3n t\u00e9cnica.<br \/>\n\u201cNos manifestamos en contra de la incertidumbre mes a mes con el sueldo. Este mes nos adelantaron 10 d\u00edas el sueldo y no sabemos si la Gobernadora Vidal lo hizo porque se dio cuenta que con lo que ganamos no llegamos a fin de mes o como una estrategia rompe huelga\u201d.<br \/>\n\u201cLos descuentos son medidas rompe huelgas, igual que los aprietes hacia docentes y directores y las supervisiones exhaustivas en los d\u00edas que hacemos paro\u201d, manifest\u00f3 y a\u00f1adi\u00f3: \u201cLa Gobernadora tard\u00f3 m\u00e1s de 90 d\u00edas para citarnos y lo hizo s\u00f3lo porque un juez se lo orden\u00f3; y despu\u00e9s dicen que dialogan\u201d. Manifest\u00f3 Cafieri de SUTEBA.<br \/>\nTanto como Cafieri(SUTEBA) tambi\u00e9n se expresaron Carina Pereyra(FEB) \u201cNosotros representamos como gremio las voz de los docentes y eso no lo tenemos que perder y principalmente ser\u00edan esos espacios de acuerdo en los cuales tendr\u00edan intervenci\u00f3n tanto los salarios como estas condiciones laborales de las que estaban hablando\u201d<br \/>\nHubo representaci\u00f3n del gremio UDOCBA como as\u00ed tambi\u00e9n los concejales del FPV y Cumplir. M\u00e1s tarde fueron recibidos en el recinto del Honorable Concejo Deliberante y adem\u00e1s realizaron un homenaje a Santiago Maldonado a un a\u00f1o de su desaparici\u00f3n.<br \/>\n<iframe loading=\"lazy\" src=\"https:\/\/w.soundcloud.com\/player\/?url=https%3A\/\/api.soundcloud.com\/tracks\/479646924&amp;color=%23ff5500&amp;auto_play=false&amp;hide_related=false&amp;show_comments=true&amp;show_user=true&amp;show_reposts=false&amp;show_teaser=true\" width=\"100%\" height=\"166\" frameborder=\"no\" scrolling=\"no\"><\/iframe><br \/>\n<iframe loading=\"lazy\" src=\"https:\/\/w.soundcloud.com\/player\/?url=https%3A\/\/api.soundcloud.com\/tracks\/479647077&amp;color=%23ff5500&amp;auto_play=false&amp;hide_related=false&amp;show_comments=true&amp;show_user=true&amp;show_reposts=false&amp;show_teaser=true\" width=\"100%\" height=\"166\" frameborder=\"no\" scrolling=\"no\"><\/iframe><br \/>\n<iframe loading=\"lazy\" width=\"100%\" height=\"166\" scrolling=\"no\" frameborder=\"no\" allow=\"autoplay\" src=\"https:\/\/w.soundcloud.com\/player\/?url=https%3A\/\/api.soundcloud.com\/tracks\/479647377&#038;color=%23ff5500&#038;auto_play=false&#038;hide_related=false&#038;show_comments=true&#038;show_user=true&#038;show_reposts=false&#038;show_teaser=true\"><\/iframe><\/p>\n","protected":false},"excerpt":{"rendered":"<p>Integrantes de gremios de la educaci\u00f3n, docentes y concejales se dieron cita en el palacio municipal para hacer sentir su voz en el reclamo que llevan adelante por la defensa de su salario y en contra del ajuste del gobierno. Durante la alocuci\u00f3n hablaron Fernando Cafieri, Carina Pereyra y Paula Mu\u00f1oz quienes explicaron los motivos [&hellip;]<\/p>\n","protected":false},"author":3,"featured_media":0,"comment_status":"closed","ping_status":"open","sticky":false,"template":"","format":"standard","meta":{"footnotes":""},"categories":[34],"tags":[],"class_list":["post-23716","post","type-post","status-publish","format-standard","hentry","category-educacion"],"yoast_head":"<!-- This site is optimized with the Yoast SEO plugin v25.9 - https:\/\/yoast.com\/wordpress\/plugins\/seo\/ -->\n<title>Docentes en lucha se expresaron - Noticias Radio Reflejos<\/title>\n<meta name=\"robots\" content=\"index, follow, max-snippet:-1, max-image-preview:large, max-video-preview:-1\" \/>\n<link rel=\"canonical\" href=\"https:\/\/www.noticiasradioreflejos.com.ar\/2021\/docentes-en-lucha-se-expresaron\/\" \/>\n<meta property=\"og:locale\" content=\"es_ES\" \/>\n<meta property=\"og:type\" content=\"article\" \/>\n<meta property=\"og:title\" content=\"Docentes en lucha se expresaron - Noticias Radio Reflejos\" \/>\n<meta property=\"og:description\" content=\"Integrantes de gremios de la educaci\u00f3n, docentes y concejales se dieron cita en el palacio municipal para hacer sentir su voz en el reclamo que llevan adelante por la defensa de su salario y en contra del ajuste del gobierno. Durante la alocuci\u00f3n hablaron Fernando Cafieri, Carina Pereyra y Paula Mu\u00f1oz quienes explicaron los motivos [&hellip;]\" \/>\n<meta property=\"og:url\" content=\"https:\/\/www.noticiasradioreflejos.com.ar\/2021\/docentes-en-lucha-se-expresaron\/\" \/>\n<meta property=\"og:site_name\" content=\"Noticias Radio Reflejos\" \/>\n<meta property=\"article:published_time\" content=\"2018-08-01T12:08:28+00:00\" \/>\n<meta property=\"og:image\" content=\"https:\/\/www.noticiasradioreflejos.com.ar\/2021\/wp-content\/uploads\/2021\/07\/logosol300x200.png\" \/>\n\t<meta property=\"og:image:width\" content=\"300\" \/>\n\t<meta property=\"og:image:height\" content=\"200\" \/>\n\t<meta property=\"og:image:type\" content=\"image\/png\" \/>\n<meta name=\"author\" content=\"Arnaldo Botto\" \/>\n<meta name=\"twitter:card\" content=\"summary_large_image\" \/>\n<script type=\"application\/ld+json\" class=\"yoast-schema-graph\">{\"@context\":\"https:\/\/schema.org\",\"@graph\":[{\"@type\":\"WebPage\",\"@id\":\"https:\/\/www.noticiasradioreflejos.com.ar\/2021\/docentes-en-lucha-se-expresaron\/\",\"url\":\"https:\/\/www.noticiasradioreflejos.com.ar\/2021\/docentes-en-lucha-se-expresaron\/\",\"name\":\"Docentes en lucha se expresaron - Noticias Radio Reflejos\",\"isPartOf\":{\"@id\":\"https:\/\/www.noticiasradioreflejos.com.ar\/2021\/#website\"},\"datePublished\":\"2018-08-01T12:08:28+00:00\",\"author\":{\"@id\":\"https:\/\/www.noticiasradioreflejos.com.ar\/2021\/#\/schema\/person\/ad82545263dcc5ec0996818884fd5fb1\"},\"breadcrumb\":{\"@id\":\"https:\/\/www.noticiasradioreflejos.com.ar\/2021\/docentes-en-lucha-se-expresaron\/#breadcrumb\"},\"inLanguage\":\"es\",\"potentialAction\":[{\"@type\":\"ReadAction\",\"target\":[\"https:\/\/www.noticiasradioreflejos.com.ar\/2021\/docentes-en-lucha-se-expresaron\/\"]}]},{\"@type\":\"BreadcrumbList\",\"@id\":\"https:\/\/www.noticiasradioreflejos.com.ar\/2021\/docentes-en-lucha-se-expresaron\/#breadcrumb\",\"itemListElement\":[{\"@type\":\"ListItem\",\"position\":1,\"name\":\"Portada\",\"item\":\"https:\/\/www.noticiasradioreflejos.com.ar\/2021\/\"},{\"@type\":\"ListItem\",\"position\":2,\"name\":\"Docentes en lucha se expresaron\"}]},{\"@type\":\"WebSite\",\"@id\":\"https:\/\/www.noticiasradioreflejos.com.ar\/2021\/#website\",\"url\":\"https:\/\/www.noticiasradioreflejos.com.ar\/2021\/\",\"name\":\"Noticias Radio Reflejos\",\"description\":\"Las noticias de mi comarca\",\"potentialAction\":[{\"@type\":\"SearchAction\",\"target\":{\"@type\":\"EntryPoint\",\"urlTemplate\":\"https:\/\/www.noticiasradioreflejos.com.ar\/2021\/?s={search_term_string}\"},\"query-input\":{\"@type\":\"PropertyValueSpecification\",\"valueRequired\":true,\"valueName\":\"search_term_string\"}}],\"inLanguage\":\"es\"},{\"@type\":\"Person\",\"@id\":\"https:\/\/www.noticiasradioreflejos.com.ar\/2021\/#\/schema\/person\/ad82545263dcc5ec0996818884fd5fb1\",\"name\":\"Arnaldo Botto\",\"image\":{\"@type\":\"ImageObject\",\"inLanguage\":\"es\",\"@id\":\"https:\/\/www.noticiasradioreflejos.com.ar\/2021\/#\/schema\/person\/image\/\",\"url\":\"https:\/\/secure.gravatar.com\/avatar\/55cb5e37c1efa326397366e6974cb338056df65cb50e7d64d1cf314e87504837?s=96&d=mm&r=g\",\"contentUrl\":\"https:\/\/secure.gravatar.com\/avatar\/55cb5e37c1efa326397366e6974cb338056df65cb50e7d64d1cf314e87504837?s=96&d=mm&r=g\",\"caption\":\"Arnaldo Botto\"},\"url\":\"https:\/\/www.noticiasradioreflejos.com.ar\/2021\/author\/arnaldo\/\"}]}<\/script>\n<!-- \/ Yoast SEO plugin. -->","yoast_head_json":{"title":"Docentes en lucha se expresaron - Noticias Radio Reflejos","robots":{"index":"index","follow":"follow","max-snippet":"max-snippet:-1","max-image-preview":"max-image-preview:large","max-video-preview":"max-video-preview:-1"},"canonical":"https:\/\/www.noticiasradioreflejos.com.ar\/2021\/docentes-en-lucha-se-expresaron\/","og_locale":"es_ES","og_type":"article","og_title":"Docentes en lucha se expresaron - Noticias Radio Reflejos","og_description":"Integrantes de gremios de la educaci\u00f3n, docentes y concejales se dieron cita en el palacio municipal para hacer sentir su voz en el reclamo que llevan adelante por la defensa de su salario y en contra del ajuste del gobierno. Durante la alocuci\u00f3n hablaron Fernando Cafieri, Carina Pereyra y Paula Mu\u00f1oz quienes explicaron los motivos [&hellip;]","og_url":"https:\/\/www.noticiasradioreflejos.com.ar\/2021\/docentes-en-lucha-se-expresaron\/","og_site_name":"Noticias Radio Reflejos","article_published_time":"2018-08-01T12:08:28+00:00","og_image":[{"width":300,"height":200,"url":"https:\/\/www.noticiasradioreflejos.com.ar\/2021\/wp-content\/uploads\/2021\/07\/logosol300x200.png","type":"image\/png"}],"author":"Arnaldo Botto","twitter_card":"summary_large_image","schema":{"@context":"https:\/\/schema.org","@graph":[{"@type":"WebPage","@id":"https:\/\/www.noticiasradioreflejos.com.ar\/2021\/docentes-en-lucha-se-expresaron\/","url":"https:\/\/www.noticiasradioreflejos.com.ar\/2021\/docentes-en-lucha-se-expresaron\/","name":"Docentes en lucha se expresaron - Noticias Radio Reflejos","isPartOf":{"@id":"https:\/\/www.noticiasradioreflejos.com.ar\/2021\/#website"},"datePublished":"2018-08-01T12:08:28+00:00","author":{"@id":"https:\/\/www.noticiasradioreflejos.com.ar\/2021\/#\/schema\/person\/ad82545263dcc5ec0996818884fd5fb1"},"breadcrumb":{"@id":"https:\/\/www.noticiasradioreflejos.com.ar\/2021\/docentes-en-lucha-se-expresaron\/#breadcrumb"},"inLanguage":"es","potentialAction":[{"@type":"ReadAction","target":["https:\/\/www.noticiasradioreflejos.com.ar\/2021\/docentes-en-lucha-se-expresaron\/"]}]},{"@type":"BreadcrumbList","@id":"https:\/\/www.noticiasradioreflejos.com.ar\/2021\/docentes-en-lucha-se-expresaron\/#breadcrumb","itemListElement":[{"@type":"ListItem","position":1,"name":"Portada","item":"https:\/\/www.noticiasradioreflejos.com.ar\/2021\/"},{"@type":"ListItem","position":2,"name":"Docentes en lucha se expresaron"}]},{"@type":"WebSite","@id":"https:\/\/www.noticiasradioreflejos.com.ar\/2021\/#website","url":"https:\/\/www.noticiasradioreflejos.com.ar\/2021\/","name":"Noticias Radio Reflejos","description":"Las noticias de mi comarca","potentialAction":[{"@type":"SearchAction","target":{"@type":"EntryPoint","urlTemplate":"https:\/\/www.noticiasradioreflejos.com.ar\/2021\/?s={search_term_string}"},"query-input":{"@type":"PropertyValueSpecification","valueRequired":true,"valueName":"search_term_string"}}],"inLanguage":"es"},{"@type":"Person","@id":"https:\/\/www.noticiasradioreflejos.com.ar\/2021\/#\/schema\/person\/ad82545263dcc5ec0996818884fd5fb1","name":"Arnaldo Botto","image":{"@type":"ImageObject","inLanguage":"es","@id":"https:\/\/www.noticiasradioreflejos.com.ar\/2021\/#\/schema\/person\/image\/","url":"https:\/\/secure.gravatar.com\/avatar\/55cb5e37c1efa326397366e6974cb338056df65cb50e7d64d1cf314e87504837?s=96&d=mm&r=g","contentUrl":"https:\/\/secure.gravatar.com\/avatar\/55cb5e37c1efa326397366e6974cb338056df65cb50e7d64d1cf314e87504837?s=96&d=mm&r=g","caption":"Arnaldo Botto"},"url":"https:\/\/www.noticiasradioreflejos.com.ar\/2021\/author\/arnaldo\/"}]}},"_links":{"self":[{"href":"https:\/\/www.noticiasradioreflejos.com.ar\/2021\/wp-json\/wp\/v2\/posts\/23716","targetHints":{"allow":["GET"]}}],"collection":[{"href":"https:\/\/www.noticiasradioreflejos.com.ar\/2021\/wp-json\/wp\/v2\/posts"}],"about":[{"href":"https:\/\/www.noticiasradioreflejos.com.ar\/2021\/wp-json\/wp\/v2\/types\/post"}],"author":[{"embeddable":true,"href":"https:\/\/www.noticiasradioreflejos.com.ar\/2021\/wp-json\/wp\/v2\/users\/3"}],"replies":[{"embeddable":true,"href":"https:\/\/www.noticiasradioreflejos.com.ar\/2021\/wp-json\/wp\/v2\/comments?post=23716"}],"version-history":[{"count":0,"href":"https:\/\/www.noticiasradioreflejos.com.ar\/2021\/wp-json\/wp\/v2\/posts\/23716\/revisions"}],"wp:attachment":[{"href":"https:\/\/www.noticiasradioreflejos.com.ar\/2021\/wp-json\/wp\/v2\/media?parent=23716"}],"wp:term":[{"taxonomy":"category","embeddable":true,"href":"https:\/\/www.noticiasradioreflejos.com.ar\/2021\/wp-json\/wp\/v2\/categories?post=23716"},{"taxonomy":"post_tag","embeddable":true,"href":"https:\/\/www.noticiasradioreflejos.com.ar\/2021\/wp-json\/wp\/v2\/tags?post=23716"}],"curies":[{"name":"wp","href":"https:\/\/api.w.org\/{rel}","templated":true}]}}