{"id":23713,"date":"2018-08-01T09:01:54","date_gmt":"2018-08-01T12:01:54","guid":{"rendered":"http:\/\/www.noticiasradioreflejos.com.ar\/noticias\/?p=23713"},"modified":"2018-08-01T09:01:54","modified_gmt":"2018-08-01T12:01:54","slug":"a-un-ano-de-su-desaparicion-forzada","status":"publish","type":"post","link":"https:\/\/www.noticiasradioreflejos.com.ar\/2021\/a-un-ano-de-su-desaparicion-forzada\/","title":{"rendered":"&quot;A un a\u00f1o de su desaparici\u00f3n forzada&quot;"},"content":{"rendered":"<p>Comunicado del <strong>Frente Popular 25 de Febrero<\/strong><br \/>\nSANTIAGO MALDONADO, EN LA MEMORIA DE NUESTROS CORAZONES<br \/>\n\u00bfD\u00f3nde est\u00e1 Santiago Maldonado?&#8230; su mirada como bandera agitando las calles del mundo.<br \/>\nCon vida se lo llevaron, que lo devuelvan con vida\u2026 con vida y sin miedo, con vida y sin golpes, con vida y libre\u2026 como libres fueron sus sue\u00f1os.<!--more--><br \/>\n\u201c\u00a1Qu\u00e9 nunca te roben t\u00fa esp\u00edritu de ni\u00f1o, s\u00e9 libre como los p\u00e1jaros volando&#8230;! Se libre aqu\u00ed y ahora, ma\u00f1ana puede ser tarde\u2026,\u201d dec\u00eda Santiago y \u00e9l, que quer\u00eda ser \u201cun n\u00f3made sin rastro\u201d,inscribi\u00f3 su nombre en los rincones m\u00e1s remotos para que su voz sea la voz del oprimido contra el despojo y la injusticia, para que se escuche el clamor de los eternos perdedores de la tierra, hermano de los que nada tienen,de los que nada son, de los que nada esperan. El no volvi\u00f3 con vida\u2026 se la quitaron en el sur desolado y fr\u00edo los que rapi\u00f1an empu\u00f1ando odio y desverg\u00fcenza, los que siempre fueron due\u00f1os de la vida y de la muerte.<br \/>\nAhora ya sabemos d\u00f3nde est\u00e1, ya sabemos \u201clo que hicieron, qui\u00e9nes fueron, como lo hicieron, qui\u00e9nes los encubrieron, a quienes van a culpar\u201d, ya sabemos\u2026 y no por eso duelen menos la violencia, la mentira, la crueldad.<br \/>\nHoy, cuando de nuevo la solidaridad se juzga pecado y la apropiaci\u00f3n de las tierras una virtud, la represi\u00f3n es alimento cotidiano y los derechos humanos son avasallados, con su recuerdo latiendo en la memoria de nuestros corazones \u00a1exigimos verdad y justicia para Santiago!<\/p>\n","protected":false},"excerpt":{"rendered":"<p>Comunicado del Frente Popular 25 de Febrero SANTIAGO MALDONADO, EN LA MEMORIA DE NUESTROS CORAZONES \u00bfD\u00f3nde est\u00e1 Santiago Maldonado?&#8230; su mirada como bandera agitando las calles del mundo. Con vida se lo llevaron, que lo devuelvan con vida\u2026 con vida y sin miedo, con vida y sin golpes, con vida y libre\u2026 como libres fueron [&hellip;]<\/p>\n","protected":false},"author":3,"featured_media":0,"comment_status":"closed","ping_status":"open","sticky":false,"template":"","format":"standard","meta":{"footnotes":""},"categories":[24],"tags":[],"class_list":["post-23713","post","type-post","status-publish","format-standard","hentry","category-politica"],"yoast_head":"<!-- This site is optimized with the Yoast SEO plugin v25.9 - https:\/\/yoast.com\/wordpress\/plugins\/seo\/ -->\n<title>&quot;A un a\u00f1o de su desaparici\u00f3n forzada&quot; - Noticias Radio Reflejos<\/title>\n<meta name=\"robots\" content=\"index, follow, max-snippet:-1, max-image-preview:large, max-video-preview:-1\" \/>\n<link rel=\"canonical\" href=\"https:\/\/www.noticiasradioreflejos.com.ar\/2021\/a-un-ano-de-su-desaparicion-forzada\/\" \/>\n<meta property=\"og:locale\" content=\"es_ES\" \/>\n<meta property=\"og:type\" content=\"article\" \/>\n<meta property=\"og:title\" content=\"&quot;A un a\u00f1o de su desaparici\u00f3n forzada&quot; - Noticias Radio Reflejos\" \/>\n<meta property=\"og:description\" content=\"Comunicado del Frente Popular 25 de Febrero SANTIAGO MALDONADO, EN LA MEMORIA DE NUESTROS CORAZONES \u00bfD\u00f3nde est\u00e1 Santiago Maldonado?&#8230; su mirada como bandera agitando las calles del mundo. Con vida se lo llevaron, que lo devuelvan con vida\u2026 con vida y sin miedo, con vida y sin golpes, con vida y libre\u2026 como libres fueron [&hellip;]\" \/>\n<meta property=\"og:url\" content=\"https:\/\/www.noticiasradioreflejos.com.ar\/2021\/a-un-ano-de-su-desaparicion-forzada\/\" \/>\n<meta property=\"og:site_name\" content=\"Noticias Radio Reflejos\" \/>\n<meta property=\"article:published_time\" content=\"2018-08-01T12:01:54+00:00\" \/>\n<meta property=\"og:image\" content=\"https:\/\/www.noticiasradioreflejos.com.ar\/2021\/wp-content\/uploads\/2021\/07\/logosol300x200.png\" \/>\n\t<meta property=\"og:image:width\" content=\"300\" \/>\n\t<meta property=\"og:image:height\" content=\"200\" \/>\n\t<meta property=\"og:image:type\" content=\"image\/png\" \/>\n<meta name=\"author\" content=\"Arnaldo Botto\" \/>\n<meta name=\"twitter:card\" content=\"summary_large_image\" \/>\n<script type=\"application\/ld+json\" class=\"yoast-schema-graph\">{\"@context\":\"https:\/\/schema.org\",\"@graph\":[{\"@type\":\"WebPage\",\"@id\":\"https:\/\/www.noticiasradioreflejos.com.ar\/2021\/a-un-ano-de-su-desaparicion-forzada\/\",\"url\":\"https:\/\/www.noticiasradioreflejos.com.ar\/2021\/a-un-ano-de-su-desaparicion-forzada\/\",\"name\":\"&quot;A un a\u00f1o de su desaparici\u00f3n forzada&quot; - Noticias Radio Reflejos\",\"isPartOf\":{\"@id\":\"https:\/\/www.noticiasradioreflejos.com.ar\/2021\/#website\"},\"datePublished\":\"2018-08-01T12:01:54+00:00\",\"author\":{\"@id\":\"https:\/\/www.noticiasradioreflejos.com.ar\/2021\/#\/schema\/person\/ad82545263dcc5ec0996818884fd5fb1\"},\"breadcrumb\":{\"@id\":\"https:\/\/www.noticiasradioreflejos.com.ar\/2021\/a-un-ano-de-su-desaparicion-forzada\/#breadcrumb\"},\"inLanguage\":\"es\",\"potentialAction\":[{\"@type\":\"ReadAction\",\"target\":[\"https:\/\/www.noticiasradioreflejos.com.ar\/2021\/a-un-ano-de-su-desaparicion-forzada\/\"]}]},{\"@type\":\"BreadcrumbList\",\"@id\":\"https:\/\/www.noticiasradioreflejos.com.ar\/2021\/a-un-ano-de-su-desaparicion-forzada\/#breadcrumb\",\"itemListElement\":[{\"@type\":\"ListItem\",\"position\":1,\"name\":\"Portada\",\"item\":\"https:\/\/www.noticiasradioreflejos.com.ar\/2021\/\"},{\"@type\":\"ListItem\",\"position\":2,\"name\":\"&quot;A un a\u00f1o de su desaparici\u00f3n forzada&quot;\"}]},{\"@type\":\"WebSite\",\"@id\":\"https:\/\/www.noticiasradioreflejos.com.ar\/2021\/#website\",\"url\":\"https:\/\/www.noticiasradioreflejos.com.ar\/2021\/\",\"name\":\"Noticias Radio Reflejos\",\"description\":\"Las noticias de mi comarca\",\"potentialAction\":[{\"@type\":\"SearchAction\",\"target\":{\"@type\":\"EntryPoint\",\"urlTemplate\":\"https:\/\/www.noticiasradioreflejos.com.ar\/2021\/?s={search_term_string}\"},\"query-input\":{\"@type\":\"PropertyValueSpecification\",\"valueRequired\":true,\"valueName\":\"search_term_string\"}}],\"inLanguage\":\"es\"},{\"@type\":\"Person\",\"@id\":\"https:\/\/www.noticiasradioreflejos.com.ar\/2021\/#\/schema\/person\/ad82545263dcc5ec0996818884fd5fb1\",\"name\":\"Arnaldo Botto\",\"image\":{\"@type\":\"ImageObject\",\"inLanguage\":\"es\",\"@id\":\"https:\/\/www.noticiasradioreflejos.com.ar\/2021\/#\/schema\/person\/image\/\",\"url\":\"https:\/\/secure.gravatar.com\/avatar\/55cb5e37c1efa326397366e6974cb338056df65cb50e7d64d1cf314e87504837?s=96&d=mm&r=g\",\"contentUrl\":\"https:\/\/secure.gravatar.com\/avatar\/55cb5e37c1efa326397366e6974cb338056df65cb50e7d64d1cf314e87504837?s=96&d=mm&r=g\",\"caption\":\"Arnaldo Botto\"},\"url\":\"https:\/\/www.noticiasradioreflejos.com.ar\/2021\/author\/arnaldo\/\"}]}<\/script>\n<!-- \/ Yoast SEO plugin. -->","yoast_head_json":{"title":"&quot;A un a\u00f1o de su desaparici\u00f3n forzada&quot; - Noticias Radio Reflejos","robots":{"index":"index","follow":"follow","max-snippet":"max-snippet:-1","max-image-preview":"max-image-preview:large","max-video-preview":"max-video-preview:-1"},"canonical":"https:\/\/www.noticiasradioreflejos.com.ar\/2021\/a-un-ano-de-su-desaparicion-forzada\/","og_locale":"es_ES","og_type":"article","og_title":"&quot;A un a\u00f1o de su desaparici\u00f3n forzada&quot; - Noticias Radio Reflejos","og_description":"Comunicado del Frente Popular 25 de Febrero SANTIAGO MALDONADO, EN LA MEMORIA DE NUESTROS CORAZONES \u00bfD\u00f3nde est\u00e1 Santiago Maldonado?&#8230; su mirada como bandera agitando las calles del mundo. Con vida se lo llevaron, que lo devuelvan con vida\u2026 con vida y sin miedo, con vida y sin golpes, con vida y libre\u2026 como libres fueron [&hellip;]","og_url":"https:\/\/www.noticiasradioreflejos.com.ar\/2021\/a-un-ano-de-su-desaparicion-forzada\/","og_site_name":"Noticias Radio Reflejos","article_published_time":"2018-08-01T12:01:54+00:00","og_image":[{"width":300,"height":200,"url":"https:\/\/www.noticiasradioreflejos.com.ar\/2021\/wp-content\/uploads\/2021\/07\/logosol300x200.png","type":"image\/png"}],"author":"Arnaldo Botto","twitter_card":"summary_large_image","schema":{"@context":"https:\/\/schema.org","@graph":[{"@type":"WebPage","@id":"https:\/\/www.noticiasradioreflejos.com.ar\/2021\/a-un-ano-de-su-desaparicion-forzada\/","url":"https:\/\/www.noticiasradioreflejos.com.ar\/2021\/a-un-ano-de-su-desaparicion-forzada\/","name":"&quot;A un a\u00f1o de su desaparici\u00f3n forzada&quot; - Noticias Radio Reflejos","isPartOf":{"@id":"https:\/\/www.noticiasradioreflejos.com.ar\/2021\/#website"},"datePublished":"2018-08-01T12:01:54+00:00","author":{"@id":"https:\/\/www.noticiasradioreflejos.com.ar\/2021\/#\/schema\/person\/ad82545263dcc5ec0996818884fd5fb1"},"breadcrumb":{"@id":"https:\/\/www.noticiasradioreflejos.com.ar\/2021\/a-un-ano-de-su-desaparicion-forzada\/#breadcrumb"},"inLanguage":"es","potentialAction":[{"@type":"ReadAction","target":["https:\/\/www.noticiasradioreflejos.com.ar\/2021\/a-un-ano-de-su-desaparicion-forzada\/"]}]},{"@type":"BreadcrumbList","@id":"https:\/\/www.noticiasradioreflejos.com.ar\/2021\/a-un-ano-de-su-desaparicion-forzada\/#breadcrumb","itemListElement":[{"@type":"ListItem","position":1,"name":"Portada","item":"https:\/\/www.noticiasradioreflejos.com.ar\/2021\/"},{"@type":"ListItem","position":2,"name":"&quot;A un a\u00f1o de su desaparici\u00f3n forzada&quot;"}]},{"@type":"WebSite","@id":"https:\/\/www.noticiasradioreflejos.com.ar\/2021\/#website","url":"https:\/\/www.noticiasradioreflejos.com.ar\/2021\/","name":"Noticias Radio Reflejos","description":"Las noticias de mi comarca","potentialAction":[{"@type":"SearchAction","target":{"@type":"EntryPoint","urlTemplate":"https:\/\/www.noticiasradioreflejos.com.ar\/2021\/?s={search_term_string}"},"query-input":{"@type":"PropertyValueSpecification","valueRequired":true,"valueName":"search_term_string"}}],"inLanguage":"es"},{"@type":"Person","@id":"https:\/\/www.noticiasradioreflejos.com.ar\/2021\/#\/schema\/person\/ad82545263dcc5ec0996818884fd5fb1","name":"Arnaldo Botto","image":{"@type":"ImageObject","inLanguage":"es","@id":"https:\/\/www.noticiasradioreflejos.com.ar\/2021\/#\/schema\/person\/image\/","url":"https:\/\/secure.gravatar.com\/avatar\/55cb5e37c1efa326397366e6974cb338056df65cb50e7d64d1cf314e87504837?s=96&d=mm&r=g","contentUrl":"https:\/\/secure.gravatar.com\/avatar\/55cb5e37c1efa326397366e6974cb338056df65cb50e7d64d1cf314e87504837?s=96&d=mm&r=g","caption":"Arnaldo Botto"},"url":"https:\/\/www.noticiasradioreflejos.com.ar\/2021\/author\/arnaldo\/"}]}},"_links":{"self":[{"href":"https:\/\/www.noticiasradioreflejos.com.ar\/2021\/wp-json\/wp\/v2\/posts\/23713","targetHints":{"allow":["GET"]}}],"collection":[{"href":"https:\/\/www.noticiasradioreflejos.com.ar\/2021\/wp-json\/wp\/v2\/posts"}],"about":[{"href":"https:\/\/www.noticiasradioreflejos.com.ar\/2021\/wp-json\/wp\/v2\/types\/post"}],"author":[{"embeddable":true,"href":"https:\/\/www.noticiasradioreflejos.com.ar\/2021\/wp-json\/wp\/v2\/users\/3"}],"replies":[{"embeddable":true,"href":"https:\/\/www.noticiasradioreflejos.com.ar\/2021\/wp-json\/wp\/v2\/comments?post=23713"}],"version-history":[{"count":0,"href":"https:\/\/www.noticiasradioreflejos.com.ar\/2021\/wp-json\/wp\/v2\/posts\/23713\/revisions"}],"wp:attachment":[{"href":"https:\/\/www.noticiasradioreflejos.com.ar\/2021\/wp-json\/wp\/v2\/media?parent=23713"}],"wp:term":[{"taxonomy":"category","embeddable":true,"href":"https:\/\/www.noticiasradioreflejos.com.ar\/2021\/wp-json\/wp\/v2\/categories?post=23713"},{"taxonomy":"post_tag","embeddable":true,"href":"https:\/\/www.noticiasradioreflejos.com.ar\/2021\/wp-json\/wp\/v2\/tags?post=23713"}],"curies":[{"name":"wp","href":"https:\/\/api.w.org\/{rel}","templated":true}]}}